{"id":5916,"date":"2021-08-02T16:06:45","date_gmt":"2021-08-02T13:06:45","guid":{"rendered":"http:\/\/test.floraplus.net\/?p=5916"},"modified":"2021-09-22T16:03:49","modified_gmt":"2021-09-22T13:03:49","slug":"sokak-cocuklari-ve-kopekler","status":"publish","type":"post","link":"https:\/\/floraplus.net\/en\/2021\/08\/02\/street-children-and-dogs\/","title":{"rendered":"Street children and dogs"},"content":{"rendered":"<div class=\"pgc-sgb-cb wp-block-pgcsimplygalleryblock-slider\" data-gallery-id=\"41498abe_1627909560486\"style=\"&quot;min-height:660px&quot;\"><div class=\"sgb-preloader\" id=\"pr_41498abe_1627909560486\">\n\t<div class=\"sgb-square\" style=\"background:#d4d4d4\"><\/div>\n\t<div class=\"sgb-square\" style=\"background:#d4d4d4\"><\/div>\n\t<div class=\"sgb-square\" style=\"background:#d4d4d4\"><\/div>\n\t<div class=\"sgb-square\" style=\"background:#d4d4d4\"><\/div><\/div><div class=\"simply-gallery-amp pgc_sgb_slider\" style=\"display: none;\"><div class=\"sgb-gallery\"><div class=\"sgb-item\"><a href=\"http:\/\/test.floraplus.net\/?attachment_id=5917\" target=\"_blank\"><img decoding=\"async\" alt=\"Abelia grandiflora was planted around the plane tree. \" width=\"300\" height=\"220\" loading=\"lazy\" src=\"http:\/\/test.floraplus.net\/wp-content\/uploads\/2021\/08\/1-300x220.jpg\" srcset=\"http:\/\/test.floraplus.net\/wp-content\/uploads\/2021\/08\/1-300x220.jpg 300w,http:\/\/test.floraplus.net\/wp-content\/uploads\/2021\/08\/1-1024x750.jpg 640w,http:\/\/test.floraplus.net\/wp-content\/uploads\/2021\/08\/1-scaled.jpg 2560w\" sizes=\"auto, 250px\"\/><\/a><div class=\"sgb-item-caption\"><em>Abelia grandiflora was planted around the plane tree. <\/em><\/div><\/div><div class=\"sgb-item\"><a href=\"http:\/\/test.floraplus.net\/?attachment_id=5921\" target=\"_blank\"><img decoding=\"async\" alt=\"-Peter Wohlleben, author of The Secret Life of Trees, calls the trees on urban sidewalks and roads \u201cstreet children.\u201d  \" width=\"300\" height=\"188\" loading=\"lazy\" src=\"http:\/\/test.floraplus.net\/wp-content\/uploads\/2021\/08\/aoac-ve-kopek-300x188.jpg\" srcset=\"http:\/\/test.floraplus.net\/wp-content\/uploads\/2021\/08\/aoac-ve-kopek-300x188.jpg 300w,http:\/\/test.floraplus.net\/wp-content\/uploads\/2021\/08\/aoac-ve-kopek.jpg 600w\" sizes=\"auto, 250px\"\/><\/a><\/div><div class=\"sgb-item\"><a href=\"http:\/\/test.floraplus.net\/?attachment_id=5918\" target=\"_blank\"><img decoding=\"async\" alt=\"\" width=\"225\" height=\"300\" loading=\"lazy\" src=\"http:\/\/test.floraplus.net\/wp-content\/uploads\/2021\/08\/11-1-225x300.jpg\" srcset=\"http:\/\/test.floraplus.net\/wp-content\/uploads\/2021\/08\/11-1-225x300.jpg 225w,http:\/\/test.floraplus.net\/wp-content\/uploads\/2021\/08\/11-1.jpg 650w\" sizes=\"auto, 250px\"\/><\/a><\/div><div class=\"sgb-item\"><a href=\"http:\/\/test.floraplus.net\/?attachment_id=5919\" target=\"_blank\"><img decoding=\"async\" alt=\"\" width=\"300\" height=\"185\" loading=\"lazy\" src=\"http:\/\/test.floraplus.net\/wp-content\/uploads\/2021\/08\/22-1-300x185.jpg\" srcset=\"http:\/\/test.floraplus.net\/wp-content\/uploads\/2021\/08\/22-1-300x185.jpg 300w,http:\/\/test.floraplus.net\/wp-content\/uploads\/2021\/08\/22-1.jpg 650w\" sizes=\"auto, 250px\"\/><\/a><\/div><div class=\"sgb-item\"><a href=\"http:\/\/test.floraplus.net\/?attachment_id=5920\" target=\"_blank\"><img decoding=\"async\" alt=\"\" width=\"300\" height=\"198\" loading=\"lazy\" src=\"http:\/\/test.floraplus.net\/wp-content\/uploads\/2021\/08\/111-300x198.jpg\" srcset=\"http:\/\/test.floraplus.net\/wp-content\/uploads\/2021\/08\/111-300x198.jpg 300w,http:\/\/test.floraplus.net\/wp-content\/uploads\/2021\/08\/111.jpg 1024w\" sizes=\"auto, 250px\"\/><\/a><\/div><div class=\"sgb-item\"><a href=\"http:\/\/test.floraplus.net\/2021\/08\/02\/sokak-cocuklari-ve-kopekler\/erdil-552-5\/\" target=\"_blank\"><img decoding=\"async\" alt=\"\" width=\"300\" height=\"137\" loading=\"lazy\" src=\"http:\/\/test.floraplus.net\/wp-content\/uploads\/2021\/08\/erdil-552-5-300x137.jpg\" srcset=\"http:\/\/test.floraplus.net\/wp-content\/uploads\/2021\/08\/erdil-552-5-300x137.jpg 300w,http:\/\/test.floraplus.net\/wp-content\/uploads\/2021\/08\/erdil-552-5-1024x469.jpg 640w,http:\/\/test.floraplus.net\/wp-content\/uploads\/2021\/08\/erdil-552-5-e1627910210812.jpg 1226w\" sizes=\"auto, 250px\"\/><\/a><\/div><\/div><\/div><script type=\"application\/json\" class=\"sgb-data\">{\"thumbClickAction\":\"useLightbox\",\"collectionthumbHoverTitleFontSize\":22,\"galleryType\":\"pgc_sgb_slider\",\"galleryId\":\"41498abe_1627909560486\",\"images\":[{\"id\":5917,\"title\":\"\u00d6zellikle kent i\u00e7i kald\u0131r\u0131m ve yol a\u011fa\u00e7lar\u0131na \u201csokak \u00e7ocuklar\u0131\u201d diyen A\u011fa\u00e7lar\u0131n Gizli Ya\u015fam\u0131 kitab\u0131n\u0131n yazar\u0131 Peter Wohlleben\u2019dir.  \",\"url\":\"http:\/\/test.floraplus.net\/wp-content\/uploads\/2021\/08\/1-scaled.jpg\",\"link\":\"http:\/\/test.floraplus.net\/?attachment_id=5917\",\"alt\":\"\u00c7\u0131nar\u0131n \u00e7evresine Abelia grandiflora dikilmi\u015f. \",\"description\":\"\u00c7\u0131nar\u0131n \u00e7evresine Abelia grandiflora dikilmi\u015f. \",\"caption\":\"\u00c7\u0131nar\u0131n \u00e7evresine Abelia grandiflora dikilmi\u015f. \",\"mime\":\"image\/jpeg\",\"type\":\"image\",\"width\":2560,\"height\":1875,\"sizes\":{\"thumbnail\":{\"height\":150,\"width\":150,\"url\":\"http:\/\/test.floraplus.net\/wp-content\/uploads\/2021\/08\/1-150x150.jpg\",\"orientation\":\"landscape\"},\"medium\":{\"height\":220,\"width\":300,\"url\":\"http:\/\/test.floraplus.net\/wp-content\/uploads\/2021\/08\/1-300x220.jpg\",\"orientation\":\"landscape\"},\"large\":{\"height\":469,\"width\":640,\"url\":\"http:\/\/test.floraplus.net\/wp-content\/uploads\/2021\/08\/1-1024x750.jpg\",\"orientation\":\"landscape\"},\"full\":{\"url\":\"http:\/\/test.floraplus.net\/wp-content\/uploads\/2021\/08\/1-scaled.jpg\",\"height\":1875,\"width\":2560,\"orientation\":\"landscape\"}},\"meta\":false,\"postlink\":\"http:\/\/test.floraplus.net\/?attachment_id=5917\"},{\"id\":5921,\"title\":\"\u00c7\u0131nar\u0131n -\u00d6zellikle kent i\u00e7i kald\u0131r\u0131m ve yol a\u011fa\u00e7lar\u0131na \u201csokak \u00e7ocuklar\u0131\u201d diyen A\u011fa\u00e7lar\u0131n Gizli Ya\u015fam\u0131 kitab\u0131n\u0131n yazar\u0131 Peter Wohlleben\u2019dir.  \u00e7evresine Abelia grandiflora dikilmi\u015f. \",\"url\":\"http:\/\/test.floraplus.net\/wp-content\/uploads\/2021\/08\/aoac-ve-kopek.jpg\",\"link\":\"http:\/\/test.floraplus.net\/?attachment_id=5921\",\"alt\":\"-\u00d6zellikle kent i\u00e7i kald\u0131r\u0131m ve yol a\u011fa\u00e7lar\u0131na \u201csokak \u00e7ocuklar\u0131\u201d diyen A\u011fa\u00e7lar\u0131n Gizli Ya\u015fam\u0131 kitab\u0131n\u0131n yazar\u0131 Peter Wohlleben\u2019dir.  \",\"description\":\"\u00c7\u0131nar\u0131n \u00e7evresine Abelia grandiflora dikilmi\u015f. \",\"caption\":\"\",\"mime\":\"image\/jpeg\",\"type\":\"image\",\"width\":600,\"height\":375,\"sizes\":{\"thumbnail\":{\"height\":150,\"width\":150,\"url\":\"http:\/\/test.floraplus.net\/wp-content\/uploads\/2021\/08\/aoac-ve-kopek-150x150.jpg\",\"orientation\":\"landscape\"},\"medium\":{\"height\":188,\"width\":300,\"url\":\"http:\/\/test.floraplus.net\/wp-content\/uploads\/2021\/08\/aoac-ve-kopek-300x188.jpg\",\"orientation\":\"landscape\"},\"full\":{\"url\":\"http:\/\/test.floraplus.net\/wp-content\/uploads\/2021\/08\/aoac-ve-kopek.jpg\",\"height\":375,\"width\":600,\"orientation\":\"landscape\"}},\"meta\":false,\"postlink\":\"http:\/\/test.floraplus.net\/?attachment_id=5921\"},{\"id\":5918,\"title\":\"11\",\"url\":\"http:\/\/test.floraplus.net\/wp-content\/uploads\/2021\/08\/11-1.jpg\",\"link\":\"http:\/\/test.floraplus.net\/?attachment_id=5918\",\"alt\":\"\",\"description\":\"\",\"caption\":\"\",\"mime\":\"image\/jpeg\",\"type\":\"image\",\"width\":650,\"height\":866,\"sizes\":{\"thumbnail\":{\"height\":150,\"width\":150,\"url\":\"http:\/\/test.floraplus.net\/wp-content\/uploads\/2021\/08\/11-1-150x150.jpg\",\"orientation\":\"landscape\"},\"medium\":{\"height\":300,\"width\":225,\"url\":\"http:\/\/test.floraplus.net\/wp-content\/uploads\/2021\/08\/11-1-225x300.jpg\",\"orientation\":\"portrait\"},\"full\":{\"url\":\"http:\/\/test.floraplus.net\/wp-content\/uploads\/2021\/08\/11-1.jpg\",\"height\":866,\"width\":650,\"orientation\":\"portrait\"}},\"meta\":false,\"postlink\":\"http:\/\/test.floraplus.net\/?attachment_id=5918\"},{\"id\":5919,\"title\":\"22\",\"url\":\"http:\/\/test.floraplus.net\/wp-content\/uploads\/2021\/08\/22-1.jpg\",\"link\":\"http:\/\/test.floraplus.net\/?attachment_id=5919\",\"alt\":\"\",\"description\":\"\",\"caption\":\"\",\"mime\":\"image\/jpeg\",\"type\":\"image\",\"width\":650,\"height\":400,\"sizes\":{\"thumbnail\":{\"height\":150,\"width\":150,\"url\":\"http:\/\/test.floraplus.net\/wp-content\/uploads\/2021\/08\/22-1-150x150.jpg\",\"orientation\":\"landscape\"},\"medium\":{\"height\":185,\"width\":300,\"url\":\"http:\/\/test.floraplus.net\/wp-content\/uploads\/2021\/08\/22-1-300x185.jpg\",\"orientation\":\"landscape\"},\"full\":{\"url\":\"http:\/\/test.floraplus.net\/wp-content\/uploads\/2021\/08\/22-1.jpg\",\"height\":400,\"width\":650,\"orientation\":\"landscape\"}},\"meta\":false,\"postlink\":\"http:\/\/test.floraplus.net\/?attachment_id=5919\"},{\"id\":5920,\"title\":\"111\",\"url\":\"http:\/\/test.floraplus.net\/wp-content\/uploads\/2021\/08\/111.jpg\",\"link\":\"http:\/\/test.floraplus.net\/?attachment_id=5920\",\"alt\":\"\",\"description\":\"\",\"caption\":\"\",\"mime\":\"image\/jpeg\",\"type\":\"image\",\"width\":1024,\"height\":675,\"sizes\":{\"thumbnail\":{\"height\":150,\"width\":150,\"url\":\"http:\/\/test.floraplus.net\/wp-content\/uploads\/2021\/08\/111-150x150.jpg\",\"orientation\":\"landscape\"},\"medium\":{\"height\":198,\"width\":300,\"url\":\"http:\/\/test.floraplus.net\/wp-content\/uploads\/2021\/08\/111-300x198.jpg\",\"orientation\":\"landscape\"},\"full\":{\"url\":\"http:\/\/test.floraplus.net\/wp-content\/uploads\/2021\/08\/111.jpg\",\"height\":675,\"width\":1024,\"orientation\":\"landscape\"}},\"meta\":false,\"postlink\":\"http:\/\/test.floraplus.net\/?attachment_id=5920\"},{\"id\":5922,\"title\":\"erdil-552-5\",\"url\":\"http:\/\/test.floraplus.net\/wp-content\/uploads\/2021\/08\/erdil-552-5-e1627910210812.jpg\",\"link\":\"http:\/\/test.floraplus.net\/2021\/08\/02\/sokak-cocuklari-ve-kopekler\/erdil-552-5\/\",\"alt\":\"\",\"description\":\"\",\"caption\":\"\",\"mime\":\"image\/jpeg\",\"type\":\"image\",\"width\":1226,\"height\":561,\"sizes\":{\"thumbnail\":{\"height\":150,\"width\":150,\"url\":\"http:\/\/test.floraplus.net\/wp-content\/uploads\/2021\/08\/erdil-552-5-150x150.jpg\",\"orientation\":\"landscape\"},\"medium\":{\"height\":137,\"width\":300,\"url\":\"http:\/\/test.floraplus.net\/wp-content\/uploads\/2021\/08\/erdil-552-5-300x137.jpg\",\"orientation\":\"landscape\"},\"large\":{\"height\":293,\"width\":640,\"url\":\"http:\/\/test.floraplus.net\/wp-content\/uploads\/2021\/08\/erdil-552-5-1024x469.jpg\",\"orientation\":\"landscape\"},\"full\":{\"url\":\"http:\/\/test.floraplus.net\/wp-content\/uploads\/2021\/08\/erdil-552-5-e1627910210812.jpg\",\"height\":561,\"width\":1226,\"orientation\":\"landscape\"}},\"meta\":false,\"postlink\":\"http:\/\/test.floraplus.net\/2021\/08\/02\/sokak-cocuklari-ve-kopekler\/erdil-552-5\/\"}],\"itemsMetaDataCollection\":[],\"galleryData\":\"{\\u0022copyRProtection\\u0022:true,\\u0022copyRAlert\\u0022:\\u0022Hello, this photo is mine!\\u0022,\\u0022sliderScrollNavi\\u0022:false,\\u0022sliderNextPrevAnimation\\u0022:\\u0022animation\\u0022,\\u0022galleryScrollPositionControll\\u0022:false,\\u0022sliderVideoAutoPlay\\u0022:false,\\u0022sliderItemCounterEnable\\u0022:true,\\u0022sliderCaptionSrc\\u0022:\\u0022caption\\u0022,\\u0022sliderItemTitleEnable\\u0022:false,\\u0022sliderItemTitleFontSize\\u0022:18,\\u0022sliderItemTitleTextColor\\u0022:\\u0022rgba(255,255,255,1)\\u0022,\\u0022itemCounterColor\\u0022:\\u0022rgba(255,255,255,1)\\u0022,\\u0022sliderThumbBarEnable\\u0022:true,\\u0022sliderThumbBarHoverColor\\u0022:\\u0022rgba(240,240,240,1)\\u0022,\\u0022sliderBgColor\\u0022:\\u0022rgba(0,0,0,0.8)\\u0022,\\u0022sliderPreloaderColor\\u0022:\\u0022rgba(240,240,240,1)\\u0022,\\u0022sliderHeaderFooterBgColor\\u0022:\\u0022rgba(0,0,0,0.4)\\u0022,\\u0022sliderNavigationColor\\u0022:\\u0022rgba(0,0,0,1)\\u0022,\\u0022sliderNavigationColorOver\\u0022:\\u0022rgba(255,255,255,1)\\u0022,\\u0022sliderNavigationIconColor\\u0022:\\u0022rgba(255,255,255,1)\\u0022,\\u0022sliderNavigationIconColorOver\\u0022:\\u0022rgba(0,0,0,1)\\u0022,\\u0022sliderSlideshow\\u0022:true,\\u0022sliderSlideshowDelay\\u0022:8,\\u0022slideshowIndicatorColor\\u0022:\\u0022rgba(255,255,255,1)\\u0022,\\u0022slideshowIndicatorColorBg\\u0022:\\u0022rgba(255,255,255,0.5)\\u0022,\\u0022sliderThumbSubMenuBackgroundColor\\u0022:\\u0022rgba(255,255,255,0)\\u0022,\\u0022sliderThumbSubMenuBackgroundColorOver\\u0022:\\u0022rgba(255,255,255,1)\\u0022,\\u0022sliderThumbSubMenuIconColor\\u0022:\\u0022rgba(255,255,255,1)\\u0022,\\u0022sliderThumbSubMenuIconHoverColor\\u0022:\\u0022rgba(0,0,0,1)\\u0022,\\u0022sliderSocialShareEnabled\\u0022:true,\\u0022sliderZoomEnable\\u0022:true,\\u0022sliderFullscreenEnabled\\u0022:true,\\u0022modaBgColor\\u0022:\\u0022rgba(0,0,0,0.8)\\u0022,\\u0022modalIconColor\\u0022:\\u0022rgba(255,255,255,1)\\u0022,\\u0022modalIconColorHover\\u0022:\\u0022rgba(255,255,255,0.8)\\u0022,\\u0022shareFacebook\\u0022:true,\\u0022shareTwitter\\u0022:true,\\u0022sharePinterest\\u0022:true,\\u0022sliderItemDownload\\u0022:true,\\u0022shareCopyLink\\u0022:true,\\u0022sharePost\\u0022:\\u0022sharelink\\u0022,\\u0022tagsFilter\\u0022:false,\\u0022tagCloudAll\\u0022:\\u0022All\\u0022,\\u0022tagCloudBgColor\\u0022:\\u0022rgba(153,153,153,1)\\u0022,\\u0022tagCloudBgColorOver\\u0022:\\u0022rgba(253,253,253,1)\\u0022,\\u0022tagCloudTextColor\\u0022:\\u0022rgba(253,253,253,1)\\u0022,\\u0022tagCloudTextColorOver\\u0022:\\u0022rgba(153,153,153,1)\\u0022,\\u0022tagCloudFontSize\\u0022:16,\\u0022deepLinking\\u0022:false,\\u0022useLightbox\\u0022:true,\\u0022thumbClickAction\\u0022:\\u0022useLightbox\\u0022,\\u0022numItemsDisplayed\\u0022:0,\\u0022lazyLoading\\u0022:true,\\u0022contentNoPadding\\u0022:false,\\u0022galleryPreloaderColor\\u0022:\\u0022rgba(230,230,230,1)\\u0022,\\u0022galleryBgColor\\u0022:\\u0022rgba(0,0,0,0)\\u0022,\\u0022galleryBorderRadius\\u0022:0,\\u0022customCSS\\u0022:\\u0022\\u0022,\\u0022collectionThumbRecomendedWidth\\u0022:200,\\u0022thumbSpacing\\u0022:5,\\u0022externalLink\\u0022:true,\\u0022externalLinkDefName\\u0022:\\u0022Read More\\u0022,\\u0022externalLinkTextColor\\u0022:\\u0022rgba(0,0,0,1)\\u0022,\\u0022externalLinkBgColor\\u0022:\\u0022rgba(255,255,255,1)\\u0022,\\u0022externalLinkFontSize\\u0022:18,\\u0022captions\\u0022:true,\\u0022captionSrc\\u0022:\\u0022caption\\u0022,\\u0022captionHAlign\\u0022:\\u0022top\\u0022,\\u0022collectionthumbHoverTitleFontSize\\u0022:22,\\u0022collectionthumbRoundedCorners\\u0022:0,\\u0022collectionthumbHoverTitleTextColor\\u0022:\\u0022rgba(255,255,255,1)\\u0022,\\u0022collectionthumbHoverTitleTextBgColor\\u0022:\\u0022rgba(0,0,0,0.8)\\u0022,\\u0022collectionthumbHoverBgColor\\u0022:\\u0022rgba(0,0,0,0.4)\\u0022,\\u0022collectionThumbSubMenuDownload\\u0022:true,\\u0022collectionThumbSubMenuShare\\u0022:true,\\u0022collectionThumbSubMenuBgColor\\u0022:\\u0022rgba(0,0,0,0.4)\\u0022,\\u0022collectionThumbSubMenuBgColorHover\\u0022:\\u0022rgba(255,255,255,1)\\u0022,\\u0022collectionThumbSubMenuIconColor\\u0022:\\u0022rgba(255,255,255,1)\\u0022,\\u0022collectionThumbSubMenuIconColorHover\\u0022:\\u0022rgba(0,0,0,1)\\u0022,\\u0022galleryType\\u0022:\\u0022pgc_sgb_slider\\u0022,\\u0022align\\u0022:\\u0022\\u0022,\\u0022galleryId\\u0022:\\u002241498abe_1627909560486\\u0022,\\u0022images\\u0022:[{\\u0022id\\u0022:5917,\\u0022title\\u0022:\\u0022\u00d6zellikle kent i\u00e7i kald\u0131r\u0131m ve yol a\u011fa\u00e7lar\u0131na \u201csokak \u00e7ocuklar\u0131\u201d diyen A\u011fa\u00e7lar\u0131n Gizli Ya\u015fam\u0131 kitab\u0131n\u0131n yazar\u0131 Peter Wohlleben\u2019dir.  \\u0022,\\u0022url\\u0022:\\u0022http:\/\/test.floraplus.net\/wp-content\/uploads\/2021\/08\/1-scaled.jpg\\u0022,\\u0022link\\u0022:\\u0022http:\/\/test.floraplus.net\/?attachment_id=5917\\u0022,\\u0022alt\\u0022:\\u0022\u00c7\u0131nar\u0131n \u00e7evresine Abelia grandiflora dikilmi\u015f. \\u0022,\\u0022description\\u0022:\\u0022\u00c7\u0131nar\u0131n \u00e7evresine Abelia grandiflora dikilmi\u015f. \\u0022,\\u0022caption\\u0022:\\u0022\u00c7\u0131nar\u0131n \u00e7evresine Abelia grandiflora dikilmi\u015f. \\u0022,\\u0022mime\\u0022:\\u0022image\/jpeg\\u0022,\\u0022type\\u0022:\\u0022image\\u0022,\\u0022width\\u0022:2560,\\u0022height\\u0022:1875,\\u0022sizes\\u0022:{\\u0022thumbnail\\u0022:{\\u0022height\\u0022:150,\\u0022width\\u0022:150,\\u0022url\\u0022:\\u0022http:\/\/test.floraplus.net\/wp-content\/uploads\/2021\/08\/1-150x150.jpg\\u0022,\\u0022orientation\\u0022:\\u0022landscape\\u0022},\\u0022medium\\u0022:{\\u0022height\\u0022:220,\\u0022width\\u0022:300,\\u0022url\\u0022:\\u0022http:\/\/test.floraplus.net\/wp-content\/uploads\/2021\/08\/1-300x220.jpg\\u0022,\\u0022orientation\\u0022:\\u0022landscape\\u0022},\\u0022large\\u0022:{\\u0022height\\u0022:469,\\u0022width\\u0022:640,\\u0022url\\u0022:\\u0022http:\/\/test.floraplus.net\/wp-content\/uploads\/2021\/08\/1-1024x750.jpg\\u0022,\\u0022orientation\\u0022:\\u0022landscape\\u0022},\\u0022full\\u0022:{\\u0022url\\u0022:\\u0022http:\/\/test.floraplus.net\/wp-content\/uploads\/2021\/08\/1-scaled.jpg\\u0022,\\u0022height\\u0022:1875,\\u0022width\\u0022:2560,\\u0022orientation\\u0022:\\u0022landscape\\u0022}},\\u0022meta\\u0022:false,\\u0022postlink\\u0022:\\u0022http:\/\/test.floraplus.net\/?attachment_id=5917\\u0022},{\\u0022id\\u0022:5921,\\u0022title\\u0022:\\u0022\u00c7\u0131nar\u0131n -\u00d6zellikle kent i\u00e7i kald\u0131r\u0131m ve yol a\u011fa\u00e7lar\u0131na \u201csokak \u00e7ocuklar\u0131\u201d diyen A\u011fa\u00e7lar\u0131n Gizli Ya\u015fam\u0131 kitab\u0131n\u0131n yazar\u0131 Peter Wohlleben\u2019dir.  \u00e7evresine Abelia grandiflora dikilmi\u015f. \\u0022,\\u0022url\\u0022:\\u0022http:\/\/test.floraplus.net\/wp-content\/uploads\/2021\/08\/aoac-ve-kopek.jpg\\u0022,\\u0022link\\u0022:\\u0022http:\/\/test.floraplus.net\/?attachment_id=5921\\u0022,\\u0022alt\\u0022:\\u0022-\u00d6zellikle kent i\u00e7i kald\u0131r\u0131m ve yol a\u011fa\u00e7lar\u0131na \u201csokak \u00e7ocuklar\u0131\u201d diyen A\u011fa\u00e7lar\u0131n Gizli Ya\u015fam\u0131 kitab\u0131n\u0131n yazar\u0131 Peter Wohlleben\u2019dir.  \\u0022,\\u0022description\\u0022:\\u0022\u00c7\u0131nar\u0131n \u00e7evresine Abelia grandiflora dikilmi\u015f. \\u0022,\\u0022caption\\u0022:\\u0022\\u0022,\\u0022mime\\u0022:\\u0022image\/jpeg\\u0022,\\u0022type\\u0022:\\u0022image\\u0022,\\u0022width\\u0022:600,\\u0022height\\u0022:375,\\u0022sizes\\u0022:{\\u0022thumbnail\\u0022:{\\u0022height\\u0022:150,\\u0022width\\u0022:150,\\u0022url\\u0022:\\u0022http:\/\/test.floraplus.net\/wp-content\/uploads\/2021\/08\/aoac-ve-kopek-150x150.jpg\\u0022,\\u0022orientation\\u0022:\\u0022landscape\\u0022},\\u0022medium\\u0022:{\\u0022height\\u0022:188,\\u0022width\\u0022:300,\\u0022url\\u0022:\\u0022http:\/\/test.floraplus.net\/wp-content\/uploads\/2021\/08\/aoac-ve-kopek-300x188.jpg\\u0022,\\u0022orientation\\u0022:\\u0022landscape\\u0022},\\u0022full\\u0022:{\\u0022url\\u0022:\\u0022http:\/\/test.floraplus.net\/wp-content\/uploads\/2021\/08\/aoac-ve-kopek.jpg\\u0022,\\u0022height\\u0022:375,\\u0022width\\u0022:600,\\u0022orientation\\u0022:\\u0022landscape\\u0022}},\\u0022meta\\u0022:false,\\u0022postlink\\u0022:\\u0022http:\/\/test.floraplus.net\/?attachment_id=5921\\u0022},{\\u0022id\\u0022:5918,\\u0022title\\u0022:\\u002211\\u0022,\\u0022url\\u0022:\\u0022http:\/\/test.floraplus.net\/wp-content\/uploads\/2021\/08\/11-1.jpg\\u0022,\\u0022link\\u0022:\\u0022http:\/\/test.floraplus.net\/?attachment_id=5918\\u0022,\\u0022alt\\u0022:\\u0022\\u0022,\\u0022description\\u0022:\\u0022\\u0022,\\u0022caption\\u0022:\\u0022\\u0022,\\u0022mime\\u0022:\\u0022image\/jpeg\\u0022,\\u0022type\\u0022:\\u0022image\\u0022,\\u0022width\\u0022:650,\\u0022height\\u0022:866,\\u0022sizes\\u0022:{\\u0022thumbnail\\u0022:{\\u0022height\\u0022:150,\\u0022width\\u0022:150,\\u0022url\\u0022:\\u0022http:\/\/test.floraplus.net\/wp-content\/uploads\/2021\/08\/11-1-150x150.jpg\\u0022,\\u0022orientation\\u0022:\\u0022landscape\\u0022},\\u0022medium\\u0022:{\\u0022height\\u0022:300,\\u0022width\\u0022:225,\\u0022url\\u0022:\\u0022http:\/\/test.floraplus.net\/wp-content\/uploads\/2021\/08\/11-1-225x300.jpg\\u0022,\\u0022orientation\\u0022:\\u0022portrait\\u0022},\\u0022full\\u0022:{\\u0022url\\u0022:\\u0022http:\/\/test.floraplus.net\/wp-content\/uploads\/2021\/08\/11-1.jpg\\u0022,\\u0022height\\u0022:866,\\u0022width\\u0022:650,\\u0022orientation\\u0022:\\u0022portrait\\u0022}},\\u0022meta\\u0022:false,\\u0022postlink\\u0022:\\u0022http:\/\/test.floraplus.net\/?attachment_id=5918\\u0022},{\\u0022id\\u0022:5919,\\u0022title\\u0022:\\u002222\\u0022,\\u0022url\\u0022:\\u0022http:\/\/test.floraplus.net\/wp-content\/uploads\/2021\/08\/22-1.jpg\\u0022,\\u0022link\\u0022:\\u0022http:\/\/test.floraplus.net\/?attachment_id=5919\\u0022,\\u0022alt\\u0022:\\u0022\\u0022,\\u0022description\\u0022:\\u0022\\u0022,\\u0022caption\\u0022:\\u0022\\u0022,\\u0022mime\\u0022:\\u0022image\/jpeg\\u0022,\\u0022type\\u0022:\\u0022image\\u0022,\\u0022width\\u0022:650,\\u0022height\\u0022:400,\\u0022sizes\\u0022:{\\u0022thumbnail\\u0022:{\\u0022height\\u0022:150,\\u0022width\\u0022:150,\\u0022url\\u0022:\\u0022http:\/\/test.floraplus.net\/wp-content\/uploads\/2021\/08\/22-1-150x150.jpg\\u0022,\\u0022orientation\\u0022:\\u0022landscape\\u0022},\\u0022medium\\u0022:{\\u0022height\\u0022:185,\\u0022width\\u0022:300,\\u0022url\\u0022:\\u0022http:\/\/test.floraplus.net\/wp-content\/uploads\/2021\/08\/22-1-300x185.jpg\\u0022,\\u0022orientation\\u0022:\\u0022landscape\\u0022},\\u0022full\\u0022:{\\u0022url\\u0022:\\u0022http:\/\/test.floraplus.net\/wp-content\/uploads\/2021\/08\/22-1.jpg\\u0022,\\u0022height\\u0022:400,\\u0022width\\u0022:650,\\u0022orientation\\u0022:\\u0022landscape\\u0022}},\\u0022meta\\u0022:false,\\u0022postlink\\u0022:\\u0022http:\/\/test.floraplus.net\/?attachment_id=5919\\u0022},{\\u0022id\\u0022:5920,\\u0022title\\u0022:\\u0022111\\u0022,\\u0022url\\u0022:\\u0022http:\/\/test.floraplus.net\/wp-content\/uploads\/2021\/08\/111.jpg\\u0022,\\u0022link\\u0022:\\u0022http:\/\/test.floraplus.net\/?attachment_id=5920\\u0022,\\u0022alt\\u0022:\\u0022\\u0022,\\u0022description\\u0022:\\u0022\\u0022,\\u0022caption\\u0022:\\u0022\\u0022,\\u0022mime\\u0022:\\u0022image\/jpeg\\u0022,\\u0022type\\u0022:\\u0022image\\u0022,\\u0022width\\u0022:1024,\\u0022height\\u0022:675,\\u0022sizes\\u0022:{\\u0022thumbnail\\u0022:{\\u0022height\\u0022:150,\\u0022width\\u0022:150,\\u0022url\\u0022:\\u0022http:\/\/test.floraplus.net\/wp-content\/uploads\/2021\/08\/111-150x150.jpg\\u0022,\\u0022orientation\\u0022:\\u0022landscape\\u0022},\\u0022medium\\u0022:{\\u0022height\\u0022:198,\\u0022width\\u0022:300,\\u0022url\\u0022:\\u0022http:\/\/test.floraplus.net\/wp-content\/uploads\/2021\/08\/111-300x198.jpg\\u0022,\\u0022orientation\\u0022:\\u0022landscape\\u0022},\\u0022full\\u0022:{\\u0022url\\u0022:\\u0022http:\/\/test.floraplus.net\/wp-content\/uploads\/2021\/08\/111.jpg\\u0022,\\u0022height\\u0022:675,\\u0022width\\u0022:1024,\\u0022orientation\\u0022:\\u0022landscape\\u0022}},\\u0022meta\\u0022:false,\\u0022postlink\\u0022:\\u0022http:\/\/test.floraplus.net\/?attachment_id=5920\\u0022},{\\u0022id\\u0022:5922,\\u0022title\\u0022:\\u0022erdil-552-5\\u0022,\\u0022url\\u0022:\\u0022http:\/\/test.floraplus.net\/wp-content\/uploads\/2021\/08\/erdil-552-5-e1627910210812.jpg\\u0022,\\u0022link\\u0022:\\u0022http:\/\/test.floraplus.net\/2021\/08\/02\/sokak-cocuklari-ve-kopekler\/erdil-552-5\/\\u0022,\\u0022alt\\u0022:\\u0022\\u0022,\\u0022description\\u0022:\\u0022\\u0022,\\u0022caption\\u0022:\\u0022\\u0022,\\u0022mime\\u0022:\\u0022image\/jpeg\\u0022,\\u0022type\\u0022:\\u0022image\\u0022,\\u0022width\\u0022:1226,\\u0022height\\u0022:561,\\u0022sizes\\u0022:{\\u0022thumbnail\\u0022:{\\u0022height\\u0022:150,\\u0022width\\u0022:150,\\u0022url\\u0022:\\u0022http:\/\/test.floraplus.net\/wp-content\/uploads\/2021\/08\/erdil-552-5-150x150.jpg\\u0022,\\u0022orientation\\u0022:\\u0022landscape\\u0022},\\u0022medium\\u0022:{\\u0022height\\u0022:137,\\u0022width\\u0022:300,\\u0022url\\u0022:\\u0022http:\/\/test.floraplus.net\/wp-content\/uploads\/2021\/08\/erdil-552-5-300x137.jpg\\u0022,\\u0022orientation\\u0022:\\u0022landscape\\u0022},\\u0022large\\u0022:{\\u0022height\\u0022:293,\\u0022width\\u0022:640,\\u0022url\\u0022:\\u0022http:\/\/test.floraplus.net\/wp-content\/uploads\/2021\/08\/erdil-552-5-1024x469.jpg\\u0022,\\u0022orientation\\u0022:\\u0022landscape\\u0022},\\u0022full\\u0022:{\\u0022url\\u0022:\\u0022http:\/\/test.floraplus.net\/wp-content\/uploads\/2021\/08\/erdil-552-5-e1627910210812.jpg\\u0022,\\u0022height\\u0022:561,\\u0022width\\u0022:1226,\\u0022orientation\\u0022:\\u0022landscape\\u0022}},\\u0022meta\\u0022:false,\\u0022postlink\\u0022:\\u0022http:\/\/test.floraplus.net\/2021\/08\/02\/sokak-cocuklari-ve-kopekler\/erdil-552-5\/\\u0022}],\\u0022itemsMetaDataCollection\\u0022:[],\\u0022tagsListCustomMode\\u0022:false,\\u0022galleryTagsList\\u0022:[],\\u0022useClobalSettings\\u0022:false,\\u0022orderBy\\u0022:\\u0022custom\\u0022,\\u0022sliderMaxHeight\\u0022:660,\\u0022sliderAdminWidth\\u0022:840,\\u0022responsiveHeight\\u0022:true,\\u0022collectionColumns\\u0022:1,\\u0022sliderAnimation\\u0022:\\u0022animation\\u0022,\\u0022sliderNextPrevNavigation\\u0022:true,\\u0022sliderNextPrevBgColor\\u0022:\\u0022rgba(255,255,255,1)\\u0022,\\u0022sliderNextPrevBgColorHover\\u0022:\\u0022rgba(0,0,0,1)\\u0022,\\u0022sliderNextPrevIconColor\\u0022:\\u0022rgba(0,0,0,1)\\u0022,\\u0022sliderNextPrevIconColorHover\\u0022:\\u0022rgba(255,255,255,1)\\u0022,\\u0022sliderThumbsNavi\\u0022:true,\\u0022sliderThumbsNaviColor\\u0022:\\u0022rgba(255,255,255,1)\\u0022,\\u0022sliderDotNavi\\u0022:false,\\u0022sliderDotNaviBgColor\\u0022:\\u0022rgba(0,0,0,.4)\\u0022,\\u0022sliderDotNaviBgColorHover\\u0022:\\u0022rgba(255,255,255,1)\\u0022,\\u0022autoPlay\\u0022:false,\\u0022autoPlayDelay\\u0022:4,\\u0022autoPlayMouseStoper\\u0022:true,\\u0022settingsModalIsOpen\\u0022:false,\\u0022skin\\u0022:\\u0022slider\\u0022}\",\"sliderMaxHeight\":660,\"sliderAdminWidth\":840,\"responsiveHeight\":true,\"collectionColumns\":1}<\/script><script>(function(){if(window.PGC_SGB && window.PGC_SGB.searcher){window.PGC_SGB.searcher.initBlocks()}})()<\/script><\/div>\n\n\n<h2 class=\"wp-block-heading\"><strong>Urine goes directly to the tree&#039;s capillary roots. If the salt accumulated in excessive urine becomes excessive, it can dry out the tree.<\/strong><\/h2>\n\n\n\n<p>People live with dogs, and the number of dogs living on the streets has reached a significant number. Anyone who walks their dog knows this. Your dog frequently urinates in every corner while walking. They especially prefer the bases of trees, especially on sidewalks and in parks. Male dogs lift their hind legs and hit the trunk of a tree. Other dogs, picking up a scent at the base of a tree, persistently urinate in the same spot. Dogs actually communicate with each other through urine. By urinating, they signal the dog before them, &quot;I&#039;m in this area too.&quot; Every urine urinated at the base of a tree goes directly to the capillary roots of the tree. If the salt accumulated through excessive urine builds up too much, it can dry out the tree. Furthermore, if the tree isn&#039;t watered enough, this process can accelerate.<\/p>\n\n\n\n<h2 class=\"wp-block-heading\"><strong>What is the solution, then?<\/strong><\/h2>\n\n\n\n<p>The solution is to leave enough space for irrigation and planting plants when digging the tree hole. You can then fill the space with a variety of flowering and non-flowering shrubs and other hardy perennials. Plants should also be planted closely. It&#039;s also important to be careful about pruning shrubs along with the tree. If you don&#039;t adjust the height of the plants you plant around the tree, dogs can still reach the tree roots.<\/p>","protected":false},"excerpt":{"rendered":"<p>Urine goes directly to the tree&#039;s capillary roots. If the salt accumulated in excessive urine becomes excessive, it can dry out the tree.<\/p>","protected":false},"author":1,"featured_media":5921,"comment_status":"open","ping_status":"open","sticky":false,"template":"","format":"standard","meta":{"pgc_sgb_lightbox_settings":"","cybocfi_hide_featured_image":"yes","footnotes":""},"categories":[1429,225],"tags":[],"class_list":["post-5916","post","type-post","status-publish","format-standard","has-post-thumbnail","hentry","category-guncel","category-haberler"],"yoast_head":"<!-- This site is optimized with the Yoast SEO Premium plugin v25.4 (Yoast SEO v25.4) - https:\/\/yoast.com\/wordpress\/plugins\/seo\/ -->\n<title>Sokak \u00e7ocuklar\u0131 k\u00f6pekler - Floraplus<\/title>\n<meta name=\"robots\" content=\"index, follow, max-snippet:-1, max-image-preview:large, max-video-preview:-1\" \/>\n<link rel=\"canonical\" href=\"https:\/\/floraplus.net\/en\/2021\/08\/02\/street-children-and-dogs\/\" \/>\n<meta property=\"og:locale\" content=\"en_US\" \/>\n<meta property=\"og:type\" content=\"article\" \/>\n<meta property=\"og:title\" content=\"Sokak \u00e7ocuklar\u0131 k\u00f6pekler\" \/>\n<meta property=\"og:description\" content=\"\u0130drar do\u011fruca a\u011fac\u0131n k\u0131lcal k\u00f6klerine iner. A\u015f\u0131r\u0131 idrarla biriken tuz haddinden fazla artarsa a\u011fac\u0131 kurutabilir.\" \/>\n<meta property=\"og:url\" content=\"https:\/\/floraplus.net\/en\/2021\/08\/02\/street-children-and-dogs\/\" \/>\n<meta property=\"og:site_name\" content=\"Floraplus\" \/>\n<meta property=\"article:publisher\" content=\"https:\/\/www.facebook.com\/floraplusdergisi\" \/>\n<meta property=\"article:published_time\" content=\"2021-08-02T13:06:45+00:00\" \/>\n<meta property=\"article:modified_time\" content=\"2021-09-22T13:03:49+00:00\" \/>\n<meta property=\"og:image\" content=\"https:\/\/floraplus.net\/wp-content\/uploads\/2021\/08\/aoac-ve-kopek.jpg\" \/>\n\t<meta property=\"og:image:width\" content=\"600\" \/>\n\t<meta property=\"og:image:height\" content=\"375\" \/>\n\t<meta property=\"og:image:type\" content=\"image\/jpeg\" \/>\n<meta name=\"author\" content=\"floraplus_admin\" \/>\n<meta name=\"twitter:card\" content=\"summary_large_image\" \/>\n<meta name=\"twitter:label1\" content=\"Written by\" \/>\n\t<meta name=\"twitter:data1\" content=\"floraplus_admin\" \/>\n\t<meta name=\"twitter:label2\" content=\"Est. reading time\" \/>\n\t<meta name=\"twitter:data2\" content=\"1 minute\" \/>\n<script type=\"application\/ld+json\" class=\"yoast-schema-graph\">{\"@context\":\"https:\/\/schema.org\",\"@graph\":[{\"@type\":\"Article\",\"@id\":\"https:\/\/floraplus.net\/tr_tr\/2021\/08\/02\/sokak-cocuklari-ve-kopekler\/#article\",\"isPartOf\":{\"@id\":\"https:\/\/floraplus.net\/tr_tr\/2021\/08\/02\/sokak-cocuklari-ve-kopekler\/\"},\"author\":{\"name\":\"floraplus_admin\",\"@id\":\"https:\/\/floraplus.net\/en\/#\/schema\/person\/7263fcd2e50448ecd875951558a1f277\"},\"headline\":\"Sokak \u00e7ocuklar\u0131 k\u00f6pekler\",\"datePublished\":\"2021-08-02T13:06:45+00:00\",\"dateModified\":\"2021-09-22T13:03:49+00:00\",\"mainEntityOfPage\":{\"@id\":\"https:\/\/floraplus.net\/tr_tr\/2021\/08\/02\/sokak-cocuklari-ve-kopekler\/\"},\"wordCount\":281,\"commentCount\":0,\"publisher\":{\"@id\":\"https:\/\/floraplus.net\/en\/#organization\"},\"image\":{\"@id\":\"https:\/\/floraplus.net\/tr_tr\/2021\/08\/02\/sokak-cocuklari-ve-kopekler\/#primaryimage\"},\"thumbnailUrl\":\"https:\/\/floraplus.net\/wp-content\/uploads\/2021\/08\/aoac-ve-kopek.jpg\",\"articleSection\":[\"G\u00fcncel\",\"Haberler\"],\"inLanguage\":\"en-US\",\"potentialAction\":[{\"@type\":\"CommentAction\",\"name\":\"Comment\",\"target\":[\"https:\/\/floraplus.net\/tr_tr\/2021\/08\/02\/sokak-cocuklari-ve-kopekler\/#respond\"]}]},{\"@type\":\"WebPage\",\"@id\":\"https:\/\/floraplus.net\/tr_tr\/2021\/08\/02\/sokak-cocuklari-ve-kopekler\/\",\"url\":\"https:\/\/floraplus.net\/tr_tr\/2021\/08\/02\/sokak-cocuklari-ve-kopekler\/\",\"name\":\"Sokak \u00e7ocuklar\u0131 k\u00f6pekler - Floraplus\",\"isPartOf\":{\"@id\":\"https:\/\/floraplus.net\/en\/#website\"},\"primaryImageOfPage\":{\"@id\":\"https:\/\/floraplus.net\/tr_tr\/2021\/08\/02\/sokak-cocuklari-ve-kopekler\/#primaryimage\"},\"image\":{\"@id\":\"https:\/\/floraplus.net\/tr_tr\/2021\/08\/02\/sokak-cocuklari-ve-kopekler\/#primaryimage\"},\"thumbnailUrl\":\"https:\/\/floraplus.net\/wp-content\/uploads\/2021\/08\/aoac-ve-kopek.jpg\",\"datePublished\":\"2021-08-02T13:06:45+00:00\",\"dateModified\":\"2021-09-22T13:03:49+00:00\",\"breadcrumb\":{\"@id\":\"https:\/\/floraplus.net\/tr_tr\/2021\/08\/02\/sokak-cocuklari-ve-kopekler\/#breadcrumb\"},\"inLanguage\":\"en-US\",\"potentialAction\":[{\"@type\":\"ReadAction\",\"target\":[\"https:\/\/floraplus.net\/tr_tr\/2021\/08\/02\/sokak-cocuklari-ve-kopekler\/\"]}]},{\"@type\":\"BreadcrumbList\",\"@id\":\"https:\/\/floraplus.net\/tr_tr\/2021\/08\/02\/sokak-cocuklari-ve-kopekler\/#breadcrumb\",\"itemListElement\":[{\"@type\":\"ListItem\",\"position\":1,\"name\":\"Home\",\"item\":\"https:\/\/floraplus.net\/en\/\"},{\"@type\":\"ListItem\",\"position\":2,\"name\":\"Sokak \u00e7ocuklar\u0131 k\u00f6pekler\"}]},{\"@type\":\"WebSite\",\"@id\":\"https:\/\/floraplus.net\/en\/#website\",\"url\":\"https:\/\/floraplus.net\/en\/\",\"name\":\"Floraplus\",\"description\":\"Peyzaj, peyzaj mimarl\u0131\u011f\u0131, peyzaj bitkileri, s\u00fcs ve bah\u00e7e\u00a0bitkileri\",\"publisher\":{\"@id\":\"https:\/\/floraplus.net\/en\/#organization\"},\"potentialAction\":[{\"@type\":\"SearchAction\",\"target\":{\"@type\":\"EntryPoint\",\"urlTemplate\":\"https:\/\/floraplus.net\/en\/?s={search_term_string}\"},\"query-input\":{\"@type\":\"PropertyValueSpecification\",\"valueRequired\":true,\"valueName\":\"search_term_string\"}}],\"inLanguage\":\"en-US\"},{\"@type\":\"Organization\",\"@id\":\"https:\/\/floraplus.net\/en\/#organization\",\"name\":\"Floraplus\",\"url\":\"https:\/\/floraplus.net\/en\/\",\"logo\":{\"@type\":\"ImageObject\",\"inLanguage\":\"en-US\",\"@id\":\"https:\/\/floraplus.net\/en\/#\/schema\/logo\/image\/\",\"url\":\"https:\/\/floraplus.net\/wp-content\/uploads\/2021\/08\/logo-e1627994475388.png\",\"contentUrl\":\"https:\/\/floraplus.net\/wp-content\/uploads\/2021\/08\/logo-e1627994475388.png\",\"width\":251,\"height\":81,\"caption\":\"Floraplus\"},\"image\":{\"@id\":\"https:\/\/floraplus.net\/en\/#\/schema\/logo\/image\/\"},\"sameAs\":[\"https:\/\/www.facebook.com\/floraplusdergisi\",\"https:\/\/www.instagram.com\/floraplusdergisi\/\"]},{\"@type\":\"Person\",\"@id\":\"https:\/\/floraplus.net\/en\/#\/schema\/person\/7263fcd2e50448ecd875951558a1f277\",\"name\":\"floraplus_admin\",\"sameAs\":[\"http:\/\/test.floraplus.net\"],\"url\":\"https:\/\/floraplus.net\/en\/author\/floraplus_admin\/\"}]}<\/script>\n<!-- \/ Yoast SEO Premium plugin. -->","yoast_head_json":{"title":"Sokak \u00e7ocuklar\u0131 k\u00f6pekler - Floraplus","robots":{"index":"index","follow":"follow","max-snippet":"max-snippet:-1","max-image-preview":"max-image-preview:large","max-video-preview":"max-video-preview:-1"},"canonical":"https:\/\/floraplus.net\/en\/2021\/08\/02\/street-children-and-dogs\/","og_locale":"en_US","og_type":"article","og_title":"Sokak \u00e7ocuklar\u0131 k\u00f6pekler","og_description":"\u0130drar do\u011fruca a\u011fac\u0131n k\u0131lcal k\u00f6klerine iner. A\u015f\u0131r\u0131 idrarla biriken tuz haddinden fazla artarsa a\u011fac\u0131 kurutabilir.","og_url":"https:\/\/floraplus.net\/en\/2021\/08\/02\/street-children-and-dogs\/","og_site_name":"Floraplus","article_publisher":"https:\/\/www.facebook.com\/floraplusdergisi","article_published_time":"2021-08-02T13:06:45+00:00","article_modified_time":"2021-09-22T13:03:49+00:00","og_image":[{"width":600,"height":375,"url":"https:\/\/floraplus.net\/wp-content\/uploads\/2021\/08\/aoac-ve-kopek.jpg","type":"image\/jpeg"}],"author":"floraplus_admin","twitter_card":"summary_large_image","twitter_misc":{"Written by":"floraplus_admin","Est. reading time":"1 minute"},"schema":{"@context":"https:\/\/schema.org","@graph":[{"@type":"Article","@id":"https:\/\/floraplus.net\/tr_tr\/2021\/08\/02\/sokak-cocuklari-ve-kopekler\/#article","isPartOf":{"@id":"https:\/\/floraplus.net\/tr_tr\/2021\/08\/02\/sokak-cocuklari-ve-kopekler\/"},"author":{"name":"floraplus_admin","@id":"https:\/\/floraplus.net\/en\/#\/schema\/person\/7263fcd2e50448ecd875951558a1f277"},"headline":"Sokak \u00e7ocuklar\u0131 k\u00f6pekler","datePublished":"2021-08-02T13:06:45+00:00","dateModified":"2021-09-22T13:03:49+00:00","mainEntityOfPage":{"@id":"https:\/\/floraplus.net\/tr_tr\/2021\/08\/02\/sokak-cocuklari-ve-kopekler\/"},"wordCount":281,"commentCount":0,"publisher":{"@id":"https:\/\/floraplus.net\/en\/#organization"},"image":{"@id":"https:\/\/floraplus.net\/tr_tr\/2021\/08\/02\/sokak-cocuklari-ve-kopekler\/#primaryimage"},"thumbnailUrl":"https:\/\/floraplus.net\/wp-content\/uploads\/2021\/08\/aoac-ve-kopek.jpg","articleSection":["G\u00fcncel","Haberler"],"inLanguage":"en-US","potentialAction":[{"@type":"CommentAction","name":"Comment","target":["https:\/\/floraplus.net\/tr_tr\/2021\/08\/02\/sokak-cocuklari-ve-kopekler\/#respond"]}]},{"@type":"WebPage","@id":"https:\/\/floraplus.net\/tr_tr\/2021\/08\/02\/sokak-cocuklari-ve-kopekler\/","url":"https:\/\/floraplus.net\/tr_tr\/2021\/08\/02\/sokak-cocuklari-ve-kopekler\/","name":"Sokak \u00e7ocuklar\u0131 k\u00f6pekler - Floraplus","isPartOf":{"@id":"https:\/\/floraplus.net\/en\/#website"},"primaryImageOfPage":{"@id":"https:\/\/floraplus.net\/tr_tr\/2021\/08\/02\/sokak-cocuklari-ve-kopekler\/#primaryimage"},"image":{"@id":"https:\/\/floraplus.net\/tr_tr\/2021\/08\/02\/sokak-cocuklari-ve-kopekler\/#primaryimage"},"thumbnailUrl":"https:\/\/floraplus.net\/wp-content\/uploads\/2021\/08\/aoac-ve-kopek.jpg","datePublished":"2021-08-02T13:06:45+00:00","dateModified":"2021-09-22T13:03:49+00:00","breadcrumb":{"@id":"https:\/\/floraplus.net\/tr_tr\/2021\/08\/02\/sokak-cocuklari-ve-kopekler\/#breadcrumb"},"inLanguage":"en-US","potentialAction":[{"@type":"ReadAction","target":["https:\/\/floraplus.net\/tr_tr\/2021\/08\/02\/sokak-cocuklari-ve-kopekler\/"]}]},{"@type":"BreadcrumbList","@id":"https:\/\/floraplus.net\/tr_tr\/2021\/08\/02\/sokak-cocuklari-ve-kopekler\/#breadcrumb","itemListElement":[{"@type":"ListItem","position":1,"name":"Home","item":"https:\/\/floraplus.net\/en\/"},{"@type":"ListItem","position":2,"name":"Sokak \u00e7ocuklar\u0131 k\u00f6pekler"}]},{"@type":"WebSite","@id":"https:\/\/floraplus.net\/en\/#website","url":"https:\/\/floraplus.net\/en\/","name":"Floraplus","description":"Peyzaj, peyzaj mimarl\u0131\u011f\u0131, peyzaj bitkileri, s\u00fcs ve bah\u00e7e\u00a0bitkileri","publisher":{"@id":"https:\/\/floraplus.net\/en\/#organization"},"potentialAction":[{"@type":"SearchAction","target":{"@type":"EntryPoint","urlTemplate":"https:\/\/floraplus.net\/en\/?s={search_term_string}"},"query-input":{"@type":"PropertyValueSpecification","valueRequired":true,"valueName":"search_term_string"}}],"inLanguage":"en-US"},{"@type":"Organization","@id":"https:\/\/floraplus.net\/en\/#organization","name":"Floraplus","url":"https:\/\/floraplus.net\/en\/","logo":{"@type":"ImageObject","inLanguage":"en-US","@id":"https:\/\/floraplus.net\/en\/#\/schema\/logo\/image\/","url":"https:\/\/floraplus.net\/wp-content\/uploads\/2021\/08\/logo-e1627994475388.png","contentUrl":"https:\/\/floraplus.net\/wp-content\/uploads\/2021\/08\/logo-e1627994475388.png","width":251,"height":81,"caption":"Floraplus"},"image":{"@id":"https:\/\/floraplus.net\/en\/#\/schema\/logo\/image\/"},"sameAs":["https:\/\/www.facebook.com\/floraplusdergisi","https:\/\/www.instagram.com\/floraplusdergisi\/"]},{"@type":"Person","@id":"https:\/\/floraplus.net\/en\/#\/schema\/person\/7263fcd2e50448ecd875951558a1f277","name":"floraplus_admin","sameAs":["http:\/\/test.floraplus.net"],"url":"https:\/\/floraplus.net\/en\/author\/floraplus_admin\/"}]}},"_links":{"self":[{"href":"https:\/\/floraplus.net\/en\/wp-json\/wp\/v2\/posts\/5916","targetHints":{"allow":["GET"]}}],"collection":[{"href":"https:\/\/floraplus.net\/en\/wp-json\/wp\/v2\/posts"}],"about":[{"href":"https:\/\/floraplus.net\/en\/wp-json\/wp\/v2\/types\/post"}],"author":[{"embeddable":true,"href":"https:\/\/floraplus.net\/en\/wp-json\/wp\/v2\/users\/1"}],"replies":[{"embeddable":true,"href":"https:\/\/floraplus.net\/en\/wp-json\/wp\/v2\/comments?post=5916"}],"version-history":[{"count":13,"href":"https:\/\/floraplus.net\/en\/wp-json\/wp\/v2\/posts\/5916\/revisions"}],"predecessor-version":[{"id":6215,"href":"https:\/\/floraplus.net\/en\/wp-json\/wp\/v2\/posts\/5916\/revisions\/6215"}],"wp:featuredmedia":[{"embeddable":true,"href":"https:\/\/floraplus.net\/en\/wp-json\/wp\/v2\/media\/5921"}],"wp:attachment":[{"href":"https:\/\/floraplus.net\/en\/wp-json\/wp\/v2\/media?parent=5916"}],"wp:term":[{"taxonomy":"category","embeddable":true,"href":"https:\/\/floraplus.net\/en\/wp-json\/wp\/v2\/categories?post=5916"},{"taxonomy":"post_tag","embeddable":true,"href":"https:\/\/floraplus.net\/en\/wp-json\/wp\/v2\/tags?post=5916"}],"curies":[{"name":"wp","href":"https:\/\/api.w.org\/{rel}","templated":true}]}}