{"id":6328,"date":"2021-09-09T19:00:50","date_gmt":"2021-09-09T16:00:50","guid":{"rendered":"http:\/\/test.floraplus.net\/?p=6328"},"modified":"2021-09-10T16:52:43","modified_gmt":"2021-09-10T13:52:43","slug":"sektorun-bulusma-merkezi-odemis-sergi","status":"publish","type":"post","link":"https:\/\/floraplus.net\/en\/2021\/09\/09\/odemis-exhibition-the-meeting-center-of-the-sector\/","title":{"rendered":"\u00d6demi\u015f Exhibition, the meeting point of the sector"},"content":{"rendered":"<p><strong>The \u00d6demi\u015f-Bay\u0131nd\u0131r line (K\u00fc\u00e7\u00fck Menderes Basin) is the center of T\u00fcrkiye&#039;s plant market. Prices are determined in this region and influence buying and selling figures.<\/strong><\/p>\n\n\n<div class=\"pgc-sgb-cb wp-block-pgcsimplygalleryblock-slider\" data-gallery-id=\"e1954574\"style=\"&quot;min-height:500px&quot;\"><div class=\"sgb-preloader\" id=\"pr_e1954574\">\n\t<div class=\"sgb-square\" style=\"background:#d4d4d4\"><\/div>\n\t<div class=\"sgb-square\" style=\"background:#d4d4d4\"><\/div>\n\t<div class=\"sgb-square\" style=\"background:#d4d4d4\"><\/div>\n\t<div class=\"sgb-square\" style=\"background:#d4d4d4\"><\/div><\/div><div class=\"simply-gallery-amp pgc_sgb_slider\" style=\"display: none;\"><div class=\"sgb-gallery\"><div class=\"sgb-item\"><a href=\"http:\/\/floraplus.net\/en\/2021\/09\/09\/odemis-exhibition-the-meeting-center-of-the-sector\/2-b-2\/\" target=\"_blank\"><img decoding=\"async\" alt=\"\" width=\"213\" height=\"300\" loading=\"lazy\" src=\"http:\/\/floraplus.net\/wp-content\/uploads\/2021\/09\/2-b-2-213x300.jpg\" srcset=\"http:\/\/floraplus.net\/wp-content\/uploads\/2021\/09\/2-b-2-213x300.jpg 213w,http:\/\/floraplus.net\/wp-content\/uploads\/2021\/09\/2-b-2.jpg 545w\" sizes=\"auto, 250px\"\/><\/a><\/div><div class=\"sgb-item\"><a href=\"http:\/\/floraplus.net\/en\/2021\/09\/09\/odemis-exhibition-the-meeting-center-of-the-sector\/11-4\/\" target=\"_blank\"><img decoding=\"async\" alt=\"\" width=\"300\" height=\"200\" loading=\"lazy\" src=\"http:\/\/floraplus.net\/wp-content\/uploads\/2021\/09\/11-2-300x200.jpg\" srcset=\"http:\/\/floraplus.net\/wp-content\/uploads\/2021\/09\/11-2-300x200.jpg 300w,http:\/\/floraplus.net\/wp-content\/uploads\/2021\/09\/11-2-1024x683.jpg 640w,http:\/\/floraplus.net\/wp-content\/uploads\/2021\/09\/11-2.jpg 2048w\" sizes=\"auto, 250px\"\/><\/a><\/div><div class=\"sgb-item\"><a href=\"http:\/\/floraplus.net\/en\/2021\/09\/09\/odemis-exhibition-the-meeting-center-of-the-sector\/12-2\/\" target=\"_blank\"><img decoding=\"async\" alt=\"\" width=\"225\" height=\"300\" loading=\"lazy\" src=\"http:\/\/floraplus.net\/wp-content\/uploads\/2021\/09\/12-2-225x300.jpeg\" srcset=\"http:\/\/floraplus.net\/wp-content\/uploads\/2021\/09\/12-2-225x300.jpeg 225w,http:\/\/floraplus.net\/wp-content\/uploads\/2021\/09\/12-2-768x1024.jpeg 640w,http:\/\/floraplus.net\/wp-content\/uploads\/2021\/09\/12-2.jpeg 1200w\" sizes=\"auto, 250px\"\/><\/a><\/div><div class=\"sgb-item\"><a href=\"http:\/\/floraplus.net\/en\/2021\/09\/09\/odemis-exhibition-the-meeting-center-of-the-sector\/22-3\/\" target=\"_blank\"><img decoding=\"async\" alt=\"\" width=\"300\" height=\"300\" loading=\"lazy\" src=\"http:\/\/floraplus.net\/wp-content\/uploads\/2021\/09\/22-3-300x300.jpg\" srcset=\"http:\/\/floraplus.net\/wp-content\/uploads\/2021\/09\/22-3-300x300.jpg 300w,http:\/\/floraplus.net\/wp-content\/uploads\/2021\/09\/22-3-1024x1024.jpg 640w,http:\/\/floraplus.net\/wp-content\/uploads\/2021\/09\/22-3.jpg 1080w\" sizes=\"auto, 250px\"\/><\/a><\/div><div class=\"sgb-item\"><a href=\"http:\/\/floraplus.net\/en\/2021\/09\/09\/odemis-exhibition-the-meeting-center-of-the-sector\/23-2\/\" target=\"_blank\"><img decoding=\"async\" alt=\"\" width=\"255\" height=\"300\" loading=\"lazy\" src=\"http:\/\/floraplus.net\/wp-content\/uploads\/2021\/09\/23-2-255x300.jpg\" srcset=\"http:\/\/floraplus.net\/wp-content\/uploads\/2021\/09\/23-2-255x300.jpg 255w,http:\/\/floraplus.net\/wp-content\/uploads\/2021\/09\/23-2-872x1024.jpg 640w,http:\/\/floraplus.net\/wp-content\/uploads\/2021\/09\/23-2.jpg 1276w\" sizes=\"auto, 250px\"\/><\/a><\/div><div class=\"sgb-item\"><a href=\"http:\/\/floraplus.net\/en\/2021\/09\/09\/odemis-exhibition-the-meeting-center-of-the-sector\/afis3-large-2\/\" target=\"_blank\"><img decoding=\"async\" alt=\"\" width=\"300\" height=\"214\" loading=\"lazy\" src=\"http:\/\/floraplus.net\/wp-content\/uploads\/2021\/09\/afis3-Large-2-300x214.jpg\" srcset=\"http:\/\/floraplus.net\/wp-content\/uploads\/2021\/09\/afis3-Large-2-300x214.jpg 300w,http:\/\/floraplus.net\/wp-content\/uploads\/2021\/09\/afis3-Large-2.jpg 1024w\" sizes=\"auto, 250px\"\/><\/a><\/div><div class=\"sgb-item\"><a href=\"http:\/\/floraplus.net\/en\/2021\/09\/09\/odemis-exhibition-the-meeting-center-of-the-sector\/odemis-afis-50x70-3\/\" target=\"_blank\"><img decoding=\"async\" alt=\"\" width=\"300\" height=\"214\" loading=\"lazy\" src=\"http:\/\/floraplus.net\/wp-content\/uploads\/2021\/09\/afis4-2-300x214.jpg\" srcset=\"http:\/\/floraplus.net\/wp-content\/uploads\/2021\/09\/afis4-2-300x214.jpg 300w,http:\/\/floraplus.net\/wp-content\/uploads\/2021\/09\/afis4-2.jpg 992w\" sizes=\"auto, 250px\"\/><\/a><\/div><div class=\"sgb-item\"><a href=\"http:\/\/floraplus.net\/en\/2021\/09\/09\/odemis-exhibition-the-meeting-center-of-the-sector\/img_0538-min-2\/\" target=\"_blank\"><img decoding=\"async\" alt=\"\" width=\"300\" height=\"200\" loading=\"lazy\" src=\"http:\/\/floraplus.net\/wp-content\/uploads\/2021\/09\/IMG_0538-min-2-300x200.jpg\" srcset=\"http:\/\/floraplus.net\/wp-content\/uploads\/2021\/09\/IMG_0538-min-2-300x200.jpg 300w,http:\/\/floraplus.net\/wp-content\/uploads\/2021\/09\/IMG_0538-min-2-1024x683.jpg 640w,http:\/\/floraplus.net\/wp-content\/uploads\/2021\/09\/IMG_0538-min-2-scaled.jpg 2560w\" sizes=\"auto, 250px\"\/><\/a><\/div><div class=\"sgb-item\"><a href=\"http:\/\/floraplus.net\/en\/2021\/09\/09\/odemis-exhibition-the-meeting-center-of-the-sector\/resim-175-min-1-2\/\" target=\"_blank\"><img decoding=\"async\" alt=\"\" width=\"300\" height=\"200\" loading=\"lazy\" src=\"http:\/\/floraplus.net\/wp-content\/uploads\/2021\/09\/Resim-175-min-1-2-300x200.jpg\" srcset=\"http:\/\/floraplus.net\/wp-content\/uploads\/2021\/09\/Resim-175-min-1-2-300x200.jpg 300w,http:\/\/floraplus.net\/wp-content\/uploads\/2021\/09\/Resim-175-min-1-2-1024x683.jpg 640w,http:\/\/floraplus.net\/wp-content\/uploads\/2021\/09\/Resim-175-min-1-2-scaled.jpg 2560w\" sizes=\"auto, 250px\"\/><\/a><\/div><div class=\"sgb-item\"><a href=\"http:\/\/floraplus.net\/en\/2021\/09\/09\/odemis-exhibition-the-meeting-center-of-the-sector\/resim-396-min-1-2\/\" target=\"_blank\"><img decoding=\"async\" alt=\"\" width=\"300\" height=\"200\" loading=\"lazy\" src=\"http:\/\/floraplus.net\/wp-content\/uploads\/2021\/09\/Resim-396-min-1-2-300x200.jpg\" srcset=\"http:\/\/floraplus.net\/wp-content\/uploads\/2021\/09\/Resim-396-min-1-2-300x200.jpg 300w,http:\/\/floraplus.net\/wp-content\/uploads\/2021\/09\/Resim-396-min-1-2-1024x683.jpg 640w,http:\/\/floraplus.net\/wp-content\/uploads\/2021\/09\/Resim-396-min-1-2-scaled.jpg 2560w\" sizes=\"auto, 250px\"\/><\/a><\/div><div class=\"sgb-item\"><a href=\"http:\/\/floraplus.net\/en\/2021\/09\/09\/odemis-exhibition-the-meeting-center-of-the-sector\/resim-396-min-3\/\" target=\"_blank\"><img decoding=\"async\" alt=\"\" width=\"300\" height=\"200\" loading=\"lazy\" src=\"http:\/\/floraplus.net\/wp-content\/uploads\/2021\/09\/Resim-396-min-3-300x200.jpg\" srcset=\"http:\/\/floraplus.net\/wp-content\/uploads\/2021\/09\/Resim-396-min-3-300x200.jpg 300w,http:\/\/floraplus.net\/wp-content\/uploads\/2021\/09\/Resim-396-min-3-1024x683.jpg 640w,http:\/\/floraplus.net\/wp-content\/uploads\/2021\/09\/Resim-396-min-3-scaled.jpg 2560w\" sizes=\"auto, 250px\"\/><\/a><\/div><div class=\"sgb-item\"><a href=\"http:\/\/floraplus.net\/en\/2021\/09\/09\/odemis-exhibition-the-meeting-center-of-the-sector\/susbir13-emaildavetiye-3\/\" target=\"_blank\"><img decoding=\"async\" alt=\"\" width=\"300\" height=\"212\" loading=\"lazy\" src=\"http:\/\/floraplus.net\/wp-content\/uploads\/2021\/09\/susbir13-emaildavetiye-2-300x212.jpg\" srcset=\"http:\/\/floraplus.net\/wp-content\/uploads\/2021\/09\/susbir13-emaildavetiye-2-300x212.jpg 300w,http:\/\/floraplus.net\/wp-content\/uploads\/2021\/09\/susbir13-emaildavetiye-2.jpg 842w\" sizes=\"auto, 250px\"\/><\/a><\/div><\/div><\/div><script type=\"application\/json\" class=\"sgb-data\">{\"thumbClickAction\":\"useLightbox\",\"galleryType\":\"pgc_sgb_slider\",\"galleryId\":\"e1954574\",\"images\":[{\"id\":6373,\"title\":\"2-b\",\"url\":\"http:\/\/floraplus.net\/wp-content\/uploads\/2021\/09\/2-b-2.jpg\",\"link\":\"http:\/\/floraplus.net\/2021\/09\/09\/sektorun-bulusma-merkezi-odemis-sergi\/2-b-2\/\",\"alt\":\"\",\"description\":\"\",\"caption\":\"\",\"mime\":\"image\/jpeg\",\"type\":\"image\",\"width\":545,\"height\":768,\"sizes\":{\"thumbnail\":{\"height\":150,\"width\":150,\"url\":\"http:\/\/floraplus.net\/wp-content\/uploads\/2021\/09\/2-b-2-150x150.jpg\",\"orientation\":\"landscape\"},\"medium\":{\"height\":300,\"width\":213,\"url\":\"http:\/\/floraplus.net\/wp-content\/uploads\/2021\/09\/2-b-2-213x300.jpg\",\"orientation\":\"portrait\"},\"full\":{\"url\":\"http:\/\/floraplus.net\/wp-content\/uploads\/2021\/09\/2-b-2.jpg\",\"height\":768,\"width\":545,\"orientation\":\"portrait\"}},\"meta\":false,\"postlink\":\"http:\/\/floraplus.net\/2021\/09\/09\/sektorun-bulusma-merkezi-odemis-sergi\/2-b-2\/\"},{\"id\":6374,\"title\":\"11\",\"url\":\"http:\/\/floraplus.net\/wp-content\/uploads\/2021\/09\/11-2.jpg\",\"link\":\"http:\/\/floraplus.net\/2021\/09\/09\/sektorun-bulusma-merkezi-odemis-sergi\/11-4\/\",\"alt\":\"\",\"description\":\"\",\"caption\":\"\",\"mime\":\"image\/jpeg\",\"type\":\"image\",\"width\":2048,\"height\":1365,\"sizes\":{\"thumbnail\":{\"height\":150,\"width\":150,\"url\":\"http:\/\/floraplus.net\/wp-content\/uploads\/2021\/09\/11-2-150x150.jpg\",\"orientation\":\"landscape\"},\"medium\":{\"height\":200,\"width\":300,\"url\":\"http:\/\/floraplus.net\/wp-content\/uploads\/2021\/09\/11-2-300x200.jpg\",\"orientation\":\"landscape\"},\"large\":{\"height\":427,\"width\":640,\"url\":\"http:\/\/floraplus.net\/wp-content\/uploads\/2021\/09\/11-2-1024x683.jpg\",\"orientation\":\"landscape\"},\"full\":{\"url\":\"http:\/\/floraplus.net\/wp-content\/uploads\/2021\/09\/11-2.jpg\",\"height\":1365,\"width\":2048,\"orientation\":\"landscape\"}},\"meta\":false,\"postlink\":\"http:\/\/floraplus.net\/2021\/09\/09\/sektorun-bulusma-merkezi-odemis-sergi\/11-4\/\"},{\"id\":6375,\"title\":\"12\",\"url\":\"http:\/\/floraplus.net\/wp-content\/uploads\/2021\/09\/12-2.jpeg\",\"link\":\"http:\/\/floraplus.net\/2021\/09\/09\/sektorun-bulusma-merkezi-odemis-sergi\/12-2\/\",\"alt\":\"\",\"description\":\"\",\"caption\":\"\",\"mime\":\"image\/jpeg\",\"type\":\"image\",\"width\":1200,\"height\":1600,\"sizes\":{\"thumbnail\":{\"height\":150,\"width\":150,\"url\":\"http:\/\/floraplus.net\/wp-content\/uploads\/2021\/09\/12-2-150x150.jpeg\",\"orientation\":\"landscape\"},\"medium\":{\"height\":300,\"width\":225,\"url\":\"http:\/\/floraplus.net\/wp-content\/uploads\/2021\/09\/12-2-225x300.jpeg\",\"orientation\":\"portrait\"},\"large\":{\"height\":853,\"width\":640,\"url\":\"http:\/\/floraplus.net\/wp-content\/uploads\/2021\/09\/12-2-768x1024.jpeg\",\"orientation\":\"portrait\"},\"full\":{\"url\":\"http:\/\/floraplus.net\/wp-content\/uploads\/2021\/09\/12-2.jpeg\",\"height\":1600,\"width\":1200,\"orientation\":\"portrait\"}},\"meta\":false,\"postlink\":\"http:\/\/floraplus.net\/2021\/09\/09\/sektorun-bulusma-merkezi-odemis-sergi\/12-2\/\"},{\"id\":6376,\"title\":\"22\",\"url\":\"http:\/\/floraplus.net\/wp-content\/uploads\/2021\/09\/22-3.jpg\",\"link\":\"http:\/\/floraplus.net\/2021\/09\/09\/sektorun-bulusma-merkezi-odemis-sergi\/22-3\/\",\"alt\":\"\",\"description\":\"\",\"caption\":\"\",\"mime\":\"image\/jpeg\",\"type\":\"image\",\"width\":1080,\"height\":1080,\"sizes\":{\"thumbnail\":{\"height\":150,\"width\":150,\"url\":\"http:\/\/floraplus.net\/wp-content\/uploads\/2021\/09\/22-3-150x150.jpg\",\"orientation\":\"landscape\"},\"medium\":{\"height\":300,\"width\":300,\"url\":\"http:\/\/floraplus.net\/wp-content\/uploads\/2021\/09\/22-3-300x300.jpg\",\"orientation\":\"landscape\"},\"large\":{\"height\":640,\"width\":640,\"url\":\"http:\/\/floraplus.net\/wp-content\/uploads\/2021\/09\/22-3-1024x1024.jpg\",\"orientation\":\"landscape\"},\"full\":{\"url\":\"http:\/\/floraplus.net\/wp-content\/uploads\/2021\/09\/22-3.jpg\",\"height\":1080,\"width\":1080,\"orientation\":\"landscape\"}},\"meta\":false,\"postlink\":\"http:\/\/floraplus.net\/2021\/09\/09\/sektorun-bulusma-merkezi-odemis-sergi\/22-3\/\"},{\"id\":6377,\"title\":\"23\",\"url\":\"http:\/\/floraplus.net\/wp-content\/uploads\/2021\/09\/23-2.jpg\",\"link\":\"http:\/\/floraplus.net\/2021\/09\/09\/sektorun-bulusma-merkezi-odemis-sergi\/23-2\/\",\"alt\":\"\",\"description\":\"\",\"caption\":\"\",\"mime\":\"image\/jpeg\",\"type\":\"image\",\"width\":1276,\"height\":1499,\"sizes\":{\"thumbnail\":{\"height\":150,\"width\":150,\"url\":\"http:\/\/floraplus.net\/wp-content\/uploads\/2021\/09\/23-2-150x150.jpg\",\"orientation\":\"landscape\"},\"medium\":{\"height\":300,\"width\":255,\"url\":\"http:\/\/floraplus.net\/wp-content\/uploads\/2021\/09\/23-2-255x300.jpg\",\"orientation\":\"portrait\"},\"large\":{\"height\":752,\"width\":640,\"url\":\"http:\/\/floraplus.net\/wp-content\/uploads\/2021\/09\/23-2-872x1024.jpg\",\"orientation\":\"portrait\"},\"full\":{\"url\":\"http:\/\/floraplus.net\/wp-content\/uploads\/2021\/09\/23-2.jpg\",\"height\":1499,\"width\":1276,\"orientation\":\"portrait\"}},\"meta\":false,\"postlink\":\"http:\/\/floraplus.net\/2021\/09\/09\/sektorun-bulusma-merkezi-odemis-sergi\/23-2\/\"},{\"id\":6378,\"title\":\"afis3 (Large)\",\"url\":\"http:\/\/floraplus.net\/wp-content\/uploads\/2021\/09\/afis3-Large-2.jpg\",\"link\":\"http:\/\/floraplus.net\/2021\/09\/09\/sektorun-bulusma-merkezi-odemis-sergi\/afis3-large-2\/\",\"alt\":\"\",\"description\":\"\",\"caption\":\"\",\"mime\":\"image\/jpeg\",\"type\":\"image\",\"width\":1024,\"height\":731,\"sizes\":{\"thumbnail\":{\"height\":150,\"width\":150,\"url\":\"http:\/\/floraplus.net\/wp-content\/uploads\/2021\/09\/afis3-Large-2-150x150.jpg\",\"orientation\":\"landscape\"},\"medium\":{\"height\":214,\"width\":300,\"url\":\"http:\/\/floraplus.net\/wp-content\/uploads\/2021\/09\/afis3-Large-2-300x214.jpg\",\"orientation\":\"landscape\"},\"full\":{\"url\":\"http:\/\/floraplus.net\/wp-content\/uploads\/2021\/09\/afis3-Large-2.jpg\",\"height\":731,\"width\":1024,\"orientation\":\"landscape\"}},\"meta\":false,\"postlink\":\"http:\/\/floraplus.net\/2021\/09\/09\/sektorun-bulusma-merkezi-odemis-sergi\/afis3-large-2\/\"},{\"id\":6379,\"title\":\"Odemis Afis 50x70\",\"url\":\"http:\/\/floraplus.net\/wp-content\/uploads\/2021\/09\/afis4-2.jpg\",\"link\":\"http:\/\/floraplus.net\/2021\/09\/09\/sektorun-bulusma-merkezi-odemis-sergi\/odemis-afis-50x70-3\/\",\"alt\":\"\",\"description\":\"\",\"caption\":\"\",\"mime\":\"image\/jpeg\",\"type\":\"image\",\"width\":992,\"height\":709,\"sizes\":{\"thumbnail\":{\"height\":150,\"width\":150,\"url\":\"http:\/\/floraplus.net\/wp-content\/uploads\/2021\/09\/afis4-2-150x150.jpg\",\"orientation\":\"landscape\"},\"medium\":{\"height\":214,\"width\":300,\"url\":\"http:\/\/floraplus.net\/wp-content\/uploads\/2021\/09\/afis4-2-300x214.jpg\",\"orientation\":\"landscape\"},\"full\":{\"url\":\"http:\/\/floraplus.net\/wp-content\/uploads\/2021\/09\/afis4-2.jpg\",\"height\":709,\"width\":992,\"orientation\":\"landscape\"}},\"meta\":false,\"postlink\":\"http:\/\/floraplus.net\/2021\/09\/09\/sektorun-bulusma-merkezi-odemis-sergi\/odemis-afis-50x70-3\/\"},{\"id\":6380,\"title\":\"IMG_0538-min\",\"url\":\"http:\/\/floraplus.net\/wp-content\/uploads\/2021\/09\/IMG_0538-min-2-scaled.jpg\",\"link\":\"http:\/\/floraplus.net\/2021\/09\/09\/sektorun-bulusma-merkezi-odemis-sergi\/img_0538-min-2\/\",\"alt\":\"\",\"description\":\"\",\"caption\":\"\",\"mime\":\"image\/jpeg\",\"type\":\"image\",\"width\":2560,\"height\":1707,\"sizes\":{\"thumbnail\":{\"height\":150,\"width\":150,\"url\":\"http:\/\/floraplus.net\/wp-content\/uploads\/2021\/09\/IMG_0538-min-2-150x150.jpg\",\"orientation\":\"landscape\"},\"medium\":{\"height\":200,\"width\":300,\"url\":\"http:\/\/floraplus.net\/wp-content\/uploads\/2021\/09\/IMG_0538-min-2-300x200.jpg\",\"orientation\":\"landscape\"},\"large\":{\"height\":427,\"width\":640,\"url\":\"http:\/\/floraplus.net\/wp-content\/uploads\/2021\/09\/IMG_0538-min-2-1024x683.jpg\",\"orientation\":\"landscape\"},\"full\":{\"url\":\"http:\/\/floraplus.net\/wp-content\/uploads\/2021\/09\/IMG_0538-min-2-scaled.jpg\",\"height\":1707,\"width\":2560,\"orientation\":\"landscape\"}},\"meta\":false,\"postlink\":\"http:\/\/floraplus.net\/2021\/09\/09\/sektorun-bulusma-merkezi-odemis-sergi\/img_0538-min-2\/\"},{\"id\":6381,\"title\":\"Resim 175-min (1)\",\"url\":\"http:\/\/floraplus.net\/wp-content\/uploads\/2021\/09\/Resim-175-min-1-2-scaled.jpg\",\"link\":\"http:\/\/floraplus.net\/2021\/09\/09\/sektorun-bulusma-merkezi-odemis-sergi\/resim-175-min-1-2\/\",\"alt\":\"\",\"description\":\"\",\"caption\":\"\",\"mime\":\"image\/jpeg\",\"type\":\"image\",\"width\":2560,\"height\":1707,\"sizes\":{\"thumbnail\":{\"height\":150,\"width\":150,\"url\":\"http:\/\/floraplus.net\/wp-content\/uploads\/2021\/09\/Resim-175-min-1-2-150x150.jpg\",\"orientation\":\"landscape\"},\"medium\":{\"height\":200,\"width\":300,\"url\":\"http:\/\/floraplus.net\/wp-content\/uploads\/2021\/09\/Resim-175-min-1-2-300x200.jpg\",\"orientation\":\"landscape\"},\"large\":{\"height\":427,\"width\":640,\"url\":\"http:\/\/floraplus.net\/wp-content\/uploads\/2021\/09\/Resim-175-min-1-2-1024x683.jpg\",\"orientation\":\"landscape\"},\"full\":{\"url\":\"http:\/\/floraplus.net\/wp-content\/uploads\/2021\/09\/Resim-175-min-1-2-scaled.jpg\",\"height\":1707,\"width\":2560,\"orientation\":\"landscape\"}},\"meta\":false,\"postlink\":\"http:\/\/floraplus.net\/2021\/09\/09\/sektorun-bulusma-merkezi-odemis-sergi\/resim-175-min-1-2\/\"},{\"id\":6382,\"title\":\"Resim 396-min (1)\",\"url\":\"http:\/\/floraplus.net\/wp-content\/uploads\/2021\/09\/Resim-396-min-1-2-scaled.jpg\",\"link\":\"http:\/\/floraplus.net\/2021\/09\/09\/sektorun-bulusma-merkezi-odemis-sergi\/resim-396-min-1-2\/\",\"alt\":\"\",\"description\":\"\",\"caption\":\"\",\"mime\":\"image\/jpeg\",\"type\":\"image\",\"width\":2560,\"height\":1707,\"sizes\":{\"thumbnail\":{\"height\":150,\"width\":150,\"url\":\"http:\/\/floraplus.net\/wp-content\/uploads\/2021\/09\/Resim-396-min-1-2-150x150.jpg\",\"orientation\":\"landscape\"},\"medium\":{\"height\":200,\"width\":300,\"url\":\"http:\/\/floraplus.net\/wp-content\/uploads\/2021\/09\/Resim-396-min-1-2-300x200.jpg\",\"orientation\":\"landscape\"},\"large\":{\"height\":427,\"width\":640,\"url\":\"http:\/\/floraplus.net\/wp-content\/uploads\/2021\/09\/Resim-396-min-1-2-1024x683.jpg\",\"orientation\":\"landscape\"},\"full\":{\"url\":\"http:\/\/floraplus.net\/wp-content\/uploads\/2021\/09\/Resim-396-min-1-2-scaled.jpg\",\"height\":1707,\"width\":2560,\"orientation\":\"landscape\"}},\"meta\":false,\"postlink\":\"http:\/\/floraplus.net\/2021\/09\/09\/sektorun-bulusma-merkezi-odemis-sergi\/resim-396-min-1-2\/\"},{\"id\":6383,\"title\":\"Resim 396-min\",\"url\":\"http:\/\/floraplus.net\/wp-content\/uploads\/2021\/09\/Resim-396-min-3-scaled.jpg\",\"link\":\"http:\/\/floraplus.net\/2021\/09\/09\/sektorun-bulusma-merkezi-odemis-sergi\/resim-396-min-3\/\",\"alt\":\"\",\"description\":\"\",\"caption\":\"\",\"mime\":\"image\/jpeg\",\"type\":\"image\",\"width\":2560,\"height\":1707,\"sizes\":{\"thumbnail\":{\"height\":150,\"width\":150,\"url\":\"http:\/\/floraplus.net\/wp-content\/uploads\/2021\/09\/Resim-396-min-3-150x150.jpg\",\"orientation\":\"landscape\"},\"medium\":{\"height\":200,\"width\":300,\"url\":\"http:\/\/floraplus.net\/wp-content\/uploads\/2021\/09\/Resim-396-min-3-300x200.jpg\",\"orientation\":\"landscape\"},\"large\":{\"height\":427,\"width\":640,\"url\":\"http:\/\/floraplus.net\/wp-content\/uploads\/2021\/09\/Resim-396-min-3-1024x683.jpg\",\"orientation\":\"landscape\"},\"full\":{\"url\":\"http:\/\/floraplus.net\/wp-content\/uploads\/2021\/09\/Resim-396-min-3-scaled.jpg\",\"height\":1707,\"width\":2560,\"orientation\":\"landscape\"}},\"meta\":false,\"postlink\":\"http:\/\/floraplus.net\/2021\/09\/09\/sektorun-bulusma-merkezi-odemis-sergi\/resim-396-min-3\/\"},{\"id\":6384,\"title\":\"susbir13-emaildavetiye\",\"url\":\"http:\/\/floraplus.net\/wp-content\/uploads\/2021\/09\/susbir13-emaildavetiye-2.jpg\",\"link\":\"http:\/\/floraplus.net\/2021\/09\/09\/sektorun-bulusma-merkezi-odemis-sergi\/susbir13-emaildavetiye-3\/\",\"alt\":\"\",\"description\":\"\",\"caption\":\"\",\"mime\":\"image\/jpeg\",\"type\":\"image\",\"width\":842,\"height\":595,\"sizes\":{\"thumbnail\":{\"height\":150,\"width\":150,\"url\":\"http:\/\/floraplus.net\/wp-content\/uploads\/2021\/09\/susbir13-emaildavetiye-2-150x150.jpg\",\"orientation\":\"landscape\"},\"medium\":{\"height\":212,\"width\":300,\"url\":\"http:\/\/floraplus.net\/wp-content\/uploads\/2021\/09\/susbir13-emaildavetiye-2-300x212.jpg\",\"orientation\":\"landscape\"},\"full\":{\"url\":\"http:\/\/floraplus.net\/wp-content\/uploads\/2021\/09\/susbir13-emaildavetiye-2.jpg\",\"height\":595,\"width\":842,\"orientation\":\"landscape\"}},\"meta\":false,\"postlink\":\"http:\/\/floraplus.net\/2021\/09\/09\/sektorun-bulusma-merkezi-odemis-sergi\/susbir13-emaildavetiye-3\/\"}],\"itemsMetaDataCollection\":[],\"galleryData\":\"{\\u0022copyRProtection\\u0022:false,\\u0022copyRAlert\\u0022:\\u0022Hello, this photo is mine!\\u0022,\\u0022sliderScrollNavi\\u0022:false,\\u0022sliderNextPrevAnimation\\u0022:\\u0022animation\\u0022,\\u0022galleryScrollPositionControll\\u0022:false,\\u0022sliderVideoAutoPlay\\u0022:false,\\u0022sliderItemCounterEnable\\u0022:true,\\u0022sliderCaptionSrc\\u0022:\\u0022caption\\u0022,\\u0022sliderItemTitleEnable\\u0022:false,\\u0022sliderItemTitleFontSize\\u0022:18,\\u0022sliderItemTitleTextColor\\u0022:\\u0022rgba(255,255,255,1)\\u0022,\\u0022itemCounterColor\\u0022:\\u0022rgba(255,255,255,1)\\u0022,\\u0022sliderThumbBarEnable\\u0022:true,\\u0022sliderThumbBarHoverColor\\u0022:\\u0022rgba(240,240,240,1)\\u0022,\\u0022sliderBgColor\\u0022:\\u0022rgba(0,0,0,0.8)\\u0022,\\u0022sliderPreloaderColor\\u0022:\\u0022rgba(240,240,240,1)\\u0022,\\u0022sliderHeaderFooterBgColor\\u0022:\\u0022rgba(0,0,0,0.4)\\u0022,\\u0022sliderNavigationColor\\u0022:\\u0022rgba(0,0,0,1)\\u0022,\\u0022sliderNavigationColorOver\\u0022:\\u0022rgba(255,255,255,1)\\u0022,\\u0022sliderNavigationIconColor\\u0022:\\u0022rgba(255,255,255,1)\\u0022,\\u0022sliderNavigationIconColorOver\\u0022:\\u0022rgba(0,0,0,1)\\u0022,\\u0022sliderSlideshow\\u0022:true,\\u0022sliderSlideshowDelay\\u0022:8,\\u0022slideshowIndicatorColor\\u0022:\\u0022rgba(255,255,255,1)\\u0022,\\u0022slideshowIndicatorColorBg\\u0022:\\u0022rgba(255,255,255,0.5)\\u0022,\\u0022sliderThumbSubMenuBackgroundColor\\u0022:\\u0022rgba(255,255,255,0)\\u0022,\\u0022sliderThumbSubMenuBackgroundColorOver\\u0022:\\u0022rgba(255,255,255,1)\\u0022,\\u0022sliderThumbSubMenuIconColor\\u0022:\\u0022rgba(255,255,255,1)\\u0022,\\u0022sliderThumbSubMenuIconHoverColor\\u0022:\\u0022rgba(0,0,0,1)\\u0022,\\u0022sliderSocialShareEnabled\\u0022:true,\\u0022sliderZoomEnable\\u0022:true,\\u0022sliderFullscreenEnabled\\u0022:true,\\u0022modaBgColor\\u0022:\\u0022rgba(0,0,0,0.8)\\u0022,\\u0022modalIconColor\\u0022:\\u0022rgba(255,255,255,1)\\u0022,\\u0022modalIconColorHover\\u0022:\\u0022rgba(255,255,255,0.8)\\u0022,\\u0022shareFacebook\\u0022:true,\\u0022shareTwitter\\u0022:true,\\u0022sharePinterest\\u0022:true,\\u0022sliderItemDownload\\u0022:true,\\u0022shareCopyLink\\u0022:true,\\u0022sharePost\\u0022:\\u0022sharelink\\u0022,\\u0022tagsFilter\\u0022:false,\\u0022tagCloudAll\\u0022:\\u0022All\\u0022,\\u0022tagCloudBgColor\\u0022:\\u0022rgba(153,153,153,1)\\u0022,\\u0022tagCloudBgColorOver\\u0022:\\u0022rgba(253,253,253,1)\\u0022,\\u0022tagCloudTextColor\\u0022:\\u0022rgba(253,253,253,1)\\u0022,\\u0022tagCloudTextColorOver\\u0022:\\u0022rgba(153,153,153,1)\\u0022,\\u0022tagCloudFontSize\\u0022:16,\\u0022deepLinking\\u0022:false,\\u0022useLightbox\\u0022:true,\\u0022thumbClickAction\\u0022:\\u0022useLightbox\\u0022,\\u0022numItemsDisplayed\\u0022:0,\\u0022lazyLoading\\u0022:true,\\u0022contentNoPadding\\u0022:false,\\u0022galleryPreloaderColor\\u0022:\\u0022rgba(230,230,230,1)\\u0022,\\u0022galleryBgColor\\u0022:\\u0022rgba(0,0,0,0)\\u0022,\\u0022galleryBorderRadius\\u0022:0,\\u0022customCSS\\u0022:\\u0022\\u0022,\\u0022collectionThumbRecomendedWidth\\u0022:200,\\u0022thumbSpacing\\u0022:5,\\u0022externalLink\\u0022:true,\\u0022externalLinkDefName\\u0022:\\u0022Read More\\u0022,\\u0022externalLinkTextColor\\u0022:\\u0022rgba(0,0,0,1)\\u0022,\\u0022externalLinkBgColor\\u0022:\\u0022rgba(255,255,255,1)\\u0022,\\u0022externalLinkFontSize\\u0022:18,\\u0022captions\\u0022:true,\\u0022captionSrc\\u0022:\\u0022caption\\u0022,\\u0022captionHAlign\\u0022:\\u0022top\\u0022,\\u0022collectionthumbHoverTitleFontSize\\u0022:18,\\u0022collectionthumbRoundedCorners\\u0022:0,\\u0022collectionthumbHoverTitleTextColor\\u0022:\\u0022rgba(255,255,255,1)\\u0022,\\u0022collectionthumbHoverTitleTextBgColor\\u0022:\\u0022rgba(0,0,0,0.8)\\u0022,\\u0022collectionthumbHoverBgColor\\u0022:\\u0022rgba(0,0,0,0.4)\\u0022,\\u0022collectionThumbSubMenuDownload\\u0022:true,\\u0022collectionThumbSubMenuShare\\u0022:true,\\u0022collectionThumbSubMenuBgColor\\u0022:\\u0022rgba(0,0,0,0.4)\\u0022,\\u0022collectionThumbSubMenuBgColorHover\\u0022:\\u0022rgba(255,255,255,1)\\u0022,\\u0022collectionThumbSubMenuIconColor\\u0022:\\u0022rgba(255,255,255,1)\\u0022,\\u0022collectionThumbSubMenuIconColorHover\\u0022:\\u0022rgba(0,0,0,1)\\u0022,\\u0022galleryType\\u0022:\\u0022pgc_sgb_slider\\u0022,\\u0022align\\u0022:\\u0022\\u0022,\\u0022galleryId\\u0022:\\u0022e1954574\\u0022,\\u0022tagsListCustomMode\\u0022:false,\\u0022initGalleryByFirstTag\\u0022:false,\\u0022deepLinkingForTag\\u0022:false,\\u0022galleryTagsList\\u0022:[],\\u0022useClobalSettings\\u0022:true,\\u0022orderBy\\u0022:\\u0022custom\\u0022,\\u0022sliderMaxHeight\\u0022:500,\\u0022sliderAdminWidth\\u0022:840,\\u0022responsiveHeight\\u0022:false,\\u0022collectionColumns\\u0022:1,\\u0022sliderAnimation\\u0022:\\u0022animation\\u0022,\\u0022sliderNextPrevNavigation\\u0022:true,\\u0022sliderNextPrevBgColor\\u0022:\\u0022rgba(255,255,255,1)\\u0022,\\u0022sliderNextPrevBgColorHover\\u0022:\\u0022rgba(0,0,0,1)\\u0022,\\u0022sliderNextPrevIconColor\\u0022:\\u0022rgba(0,0,0,1)\\u0022,\\u0022sliderNextPrevIconColorHover\\u0022:\\u0022rgba(255,255,255,1)\\u0022,\\u0022sliderThumbsNavi\\u0022:true,\\u0022sliderThumbsNaviColor\\u0022:\\u0022rgba(255,255,255,1)\\u0022,\\u0022sliderDotNavi\\u0022:false,\\u0022sliderDotNaviBgColor\\u0022:\\u0022rgba(0,0,0,.4)\\u0022,\\u0022sliderDotNaviBgColorHover\\u0022:\\u0022rgba(255,255,255,1)\\u0022,\\u0022autoPlay\\u0022:false,\\u0022autoPlayDelay\\u0022:4,\\u0022autoPlayMouseStoper\\u0022:true,\\u0022settingsModalIsOpen\\u0022:false,\\u0022skin\\u0022:\\u0022slider\\u0022}\",\"useClobalSettings\":true,\"sliderMaxHeight\":500,\"sliderAdminWidth\":840,\"collectionColumns\":1}<\/script><script>(function(){if(window.PGC_SGB && window.PGC_SGB.searcher){window.PGC_SGB.searcher.initBlocks()}})()<\/script><\/div>\n\n\n<p>Information about a landscaping and ornamental plants fair to be held in Izmir was first floated in 2019. The current status of \u0130ZFA\u015e&#039;s initiative remains unknown, but rumors vary. The \u00d6demi\u015f Exhibition began in 2004 as T\u00fcrkiye&#039;s first and only producer-consumer gathering for ornamental plants and landscaping, and has continued to this day. Regardless of its purpose, the Izmir Metropolitan Municipality&#039;s organizing of a landscape plant fair in Izmir is a positive step for landscapers and plant producers. Floraplus Magazine supports this initiative, as it does for other fairs.<\/p>\n\n\n\n<p>However, relocating the \u00d6demi\u015f Exhibition to Izmir is completely unacceptable. The \u00d6demi\u015f-Bay\u0131nd\u0131r line (K\u00fc\u00e7\u00fck Menderes Basin) is the center of Turkey&#039;s plant market. Prices are determined in this region and influence buying and selling figures throughout T\u00fcrkiye. Those with plant needs, as well as representatives of public and private institutions and organizations, can visit the basin directly to see and tour the production process, gain information, and establish connections. This makes the \u00d6demi\u015f Exhibition a hub for T\u00fcrkiye&#039;s sectors. All producers, local administrators, and civil society organizations in the K\u00fc\u00e7\u00fck Menderes Basin must support the \u00d6demi\u015f Exhibition and undertake its implementation.<\/p>","protected":false},"excerpt":{"rendered":"<p>The \u00d6demi\u015f-Bay\u0131nd\u0131r line (K\u00fc\u00e7\u00fck Menderes Basin) is the center of T\u00fcrkiye&#039;s plant market. Prices are determined in this region and the buying<\/p>","protected":false},"author":1,"featured_media":6335,"comment_status":"open","ping_status":"open","sticky":false,"template":"","format":"standard","meta":{"pgc_sgb_lightbox_settings":"","cybocfi_hide_featured_image":"yes","footnotes":""},"categories":[1429],"tags":[],"class_list":["post-6328","post","type-post","status-publish","format-standard","has-post-thumbnail","hentry","category-guncel"],"yoast_head":"<!-- This site is optimized with the Yoast SEO Premium plugin v25.4 (Yoast SEO v25.4) - https:\/\/yoast.com\/wordpress\/plugins\/seo\/ -->\n<title>Sekt\u00f6r\u00fcn bulu\u015fma merkezi \u00d6demi\u015f Sergi - Floraplus<\/title>\n<meta name=\"robots\" content=\"index, follow, max-snippet:-1, max-image-preview:large, max-video-preview:-1\" \/>\n<link rel=\"canonical\" href=\"http:\/\/floraplus.net\/en\/2021\/09\/09\/odemis-exhibition-the-meeting-center-of-the-sector\/\" \/>\n<meta property=\"og:locale\" content=\"en_US\" \/>\n<meta property=\"og:type\" content=\"article\" \/>\n<meta property=\"og:title\" content=\"Sekt\u00f6r\u00fcn bulu\u015fma merkezi \u00d6demi\u015f Sergi\" \/>\n<meta property=\"og:description\" content=\"\u00d6demi\u015f-Bay\u0131nd\u0131r Hatt\u0131, (K\u00fc\u00e7\u00fck Menderes Havzas\u0131) T\u00fcrkiye bitki piyasas\u0131n\u0131n merkezidir. Fiyatlar bu b\u00f6lgede olu\u015fur ve al\u0131\u015f\" \/>\n<meta property=\"og:url\" content=\"http:\/\/floraplus.net\/en\/2021\/09\/09\/odemis-exhibition-the-meeting-center-of-the-sector\/\" \/>\n<meta property=\"og:site_name\" content=\"Floraplus\" \/>\n<meta property=\"article:publisher\" content=\"https:\/\/www.facebook.com\/floraplusdergisi\" \/>\n<meta property=\"article:published_time\" content=\"2021-09-09T16:00:50+00:00\" \/>\n<meta property=\"article:modified_time\" content=\"2021-09-10T13:52:43+00:00\" \/>\n<meta property=\"og:image\" content=\"https:\/\/floraplus.net\/wp-content\/uploads\/2021\/09\/Resim-396-min-scaled.jpg\" \/>\n\t<meta property=\"og:image:width\" content=\"2560\" \/>\n\t<meta property=\"og:image:height\" content=\"1707\" \/>\n\t<meta property=\"og:image:type\" content=\"image\/jpeg\" \/>\n<meta name=\"author\" content=\"floraplus_admin\" \/>\n<meta name=\"twitter:card\" content=\"summary_large_image\" \/>\n<meta name=\"twitter:label1\" content=\"Written by\" \/>\n\t<meta name=\"twitter:data1\" content=\"floraplus_admin\" \/>\n\t<meta name=\"twitter:label2\" content=\"Est. reading time\" \/>\n\t<meta name=\"twitter:data2\" content=\"1 minute\" \/>\n<script type=\"application\/ld+json\" class=\"yoast-schema-graph\">{\"@context\":\"https:\/\/schema.org\",\"@graph\":[{\"@type\":\"Article\",\"@id\":\"http:\/\/floraplus.net\/tr_tr\/2021\/09\/09\/sektorun-bulusma-merkezi-odemis-sergi\/#article\",\"isPartOf\":{\"@id\":\"http:\/\/floraplus.net\/tr_tr\/2021\/09\/09\/sektorun-bulusma-merkezi-odemis-sergi\/\"},\"author\":{\"name\":\"floraplus_admin\",\"@id\":\"https:\/\/floraplus.net\/en\/#\/schema\/person\/7263fcd2e50448ecd875951558a1f277\"},\"headline\":\"Sekt\u00f6r\u00fcn bulu\u015fma merkezi \u00d6demi\u015f Sergi\",\"datePublished\":\"2021-09-09T16:00:50+00:00\",\"dateModified\":\"2021-09-10T13:52:43+00:00\",\"mainEntityOfPage\":{\"@id\":\"http:\/\/floraplus.net\/tr_tr\/2021\/09\/09\/sektorun-bulusma-merkezi-odemis-sergi\/\"},\"wordCount\":263,\"commentCount\":0,\"publisher\":{\"@id\":\"https:\/\/floraplus.net\/en\/#organization\"},\"image\":{\"@id\":\"http:\/\/floraplus.net\/tr_tr\/2021\/09\/09\/sektorun-bulusma-merkezi-odemis-sergi\/#primaryimage\"},\"thumbnailUrl\":\"https:\/\/floraplus.net\/wp-content\/uploads\/2021\/09\/Resim-396-min-scaled.jpg\",\"articleSection\":[\"G\u00fcncel\"],\"inLanguage\":\"en-US\",\"potentialAction\":[{\"@type\":\"CommentAction\",\"name\":\"Comment\",\"target\":[\"http:\/\/floraplus.net\/tr_tr\/2021\/09\/09\/sektorun-bulusma-merkezi-odemis-sergi\/#respond\"]}]},{\"@type\":\"WebPage\",\"@id\":\"http:\/\/floraplus.net\/tr_tr\/2021\/09\/09\/sektorun-bulusma-merkezi-odemis-sergi\/\",\"url\":\"http:\/\/floraplus.net\/tr_tr\/2021\/09\/09\/sektorun-bulusma-merkezi-odemis-sergi\/\",\"name\":\"Sekt\u00f6r\u00fcn bulu\u015fma merkezi \u00d6demi\u015f Sergi - Floraplus\",\"isPartOf\":{\"@id\":\"https:\/\/floraplus.net\/en\/#website\"},\"primaryImageOfPage\":{\"@id\":\"http:\/\/floraplus.net\/tr_tr\/2021\/09\/09\/sektorun-bulusma-merkezi-odemis-sergi\/#primaryimage\"},\"image\":{\"@id\":\"http:\/\/floraplus.net\/tr_tr\/2021\/09\/09\/sektorun-bulusma-merkezi-odemis-sergi\/#primaryimage\"},\"thumbnailUrl\":\"https:\/\/floraplus.net\/wp-content\/uploads\/2021\/09\/Resim-396-min-scaled.jpg\",\"datePublished\":\"2021-09-09T16:00:50+00:00\",\"dateModified\":\"2021-09-10T13:52:43+00:00\",\"breadcrumb\":{\"@id\":\"http:\/\/floraplus.net\/tr_tr\/2021\/09\/09\/sektorun-bulusma-merkezi-odemis-sergi\/#breadcrumb\"},\"inLanguage\":\"en-US\",\"potentialAction\":[{\"@type\":\"ReadAction\",\"target\":[\"http:\/\/floraplus.net\/tr_tr\/2021\/09\/09\/sektorun-bulusma-merkezi-odemis-sergi\/\"]}]},{\"@type\":\"BreadcrumbList\",\"@id\":\"http:\/\/floraplus.net\/tr_tr\/2021\/09\/09\/sektorun-bulusma-merkezi-odemis-sergi\/#breadcrumb\",\"itemListElement\":[{\"@type\":\"ListItem\",\"position\":1,\"name\":\"Home\",\"item\":\"https:\/\/floraplus.net\/en\/\"},{\"@type\":\"ListItem\",\"position\":2,\"name\":\"Sekt\u00f6r\u00fcn bulu\u015fma merkezi \u00d6demi\u015f Sergi\"}]},{\"@type\":\"WebSite\",\"@id\":\"https:\/\/floraplus.net\/en\/#website\",\"url\":\"https:\/\/floraplus.net\/en\/\",\"name\":\"Floraplus\",\"description\":\"Peyzaj, peyzaj mimarl\u0131\u011f\u0131, peyzaj bitkileri, s\u00fcs ve bah\u00e7e\u00a0bitkileri\",\"publisher\":{\"@id\":\"https:\/\/floraplus.net\/en\/#organization\"},\"potentialAction\":[{\"@type\":\"SearchAction\",\"target\":{\"@type\":\"EntryPoint\",\"urlTemplate\":\"https:\/\/floraplus.net\/en\/?s={search_term_string}\"},\"query-input\":{\"@type\":\"PropertyValueSpecification\",\"valueRequired\":true,\"valueName\":\"search_term_string\"}}],\"inLanguage\":\"en-US\"},{\"@type\":\"Organization\",\"@id\":\"https:\/\/floraplus.net\/en\/#organization\",\"name\":\"Floraplus\",\"url\":\"https:\/\/floraplus.net\/en\/\",\"logo\":{\"@type\":\"ImageObject\",\"inLanguage\":\"en-US\",\"@id\":\"https:\/\/floraplus.net\/en\/#\/schema\/logo\/image\/\",\"url\":\"https:\/\/floraplus.net\/wp-content\/uploads\/2021\/08\/logo-e1627994475388.png\",\"contentUrl\":\"https:\/\/floraplus.net\/wp-content\/uploads\/2021\/08\/logo-e1627994475388.png\",\"width\":251,\"height\":81,\"caption\":\"Floraplus\"},\"image\":{\"@id\":\"https:\/\/floraplus.net\/en\/#\/schema\/logo\/image\/\"},\"sameAs\":[\"https:\/\/www.facebook.com\/floraplusdergisi\",\"https:\/\/www.instagram.com\/floraplusdergisi\/\"]},{\"@type\":\"Person\",\"@id\":\"https:\/\/floraplus.net\/en\/#\/schema\/person\/7263fcd2e50448ecd875951558a1f277\",\"name\":\"floraplus_admin\",\"sameAs\":[\"http:\/\/test.floraplus.net\"],\"url\":\"https:\/\/floraplus.net\/en\/author\/floraplus_admin\/\"}]}<\/script>\n<!-- \/ Yoast SEO Premium plugin. -->","yoast_head_json":{"title":"Sekt\u00f6r\u00fcn bulu\u015fma merkezi \u00d6demi\u015f Sergi - Floraplus","robots":{"index":"index","follow":"follow","max-snippet":"max-snippet:-1","max-image-preview":"max-image-preview:large","max-video-preview":"max-video-preview:-1"},"canonical":"http:\/\/floraplus.net\/en\/2021\/09\/09\/odemis-exhibition-the-meeting-center-of-the-sector\/","og_locale":"en_US","og_type":"article","og_title":"Sekt\u00f6r\u00fcn bulu\u015fma merkezi \u00d6demi\u015f Sergi","og_description":"\u00d6demi\u015f-Bay\u0131nd\u0131r Hatt\u0131, (K\u00fc\u00e7\u00fck Menderes Havzas\u0131) T\u00fcrkiye bitki piyasas\u0131n\u0131n merkezidir. Fiyatlar bu b\u00f6lgede olu\u015fur ve al\u0131\u015f","og_url":"http:\/\/floraplus.net\/en\/2021\/09\/09\/odemis-exhibition-the-meeting-center-of-the-sector\/","og_site_name":"Floraplus","article_publisher":"https:\/\/www.facebook.com\/floraplusdergisi","article_published_time":"2021-09-09T16:00:50+00:00","article_modified_time":"2021-09-10T13:52:43+00:00","og_image":[{"width":2560,"height":1707,"url":"https:\/\/floraplus.net\/wp-content\/uploads\/2021\/09\/Resim-396-min-scaled.jpg","type":"image\/jpeg"}],"author":"floraplus_admin","twitter_card":"summary_large_image","twitter_misc":{"Written by":"floraplus_admin","Est. reading time":"1 minute"},"schema":{"@context":"https:\/\/schema.org","@graph":[{"@type":"Article","@id":"http:\/\/floraplus.net\/tr_tr\/2021\/09\/09\/sektorun-bulusma-merkezi-odemis-sergi\/#article","isPartOf":{"@id":"http:\/\/floraplus.net\/tr_tr\/2021\/09\/09\/sektorun-bulusma-merkezi-odemis-sergi\/"},"author":{"name":"floraplus_admin","@id":"https:\/\/floraplus.net\/en\/#\/schema\/person\/7263fcd2e50448ecd875951558a1f277"},"headline":"Sekt\u00f6r\u00fcn bulu\u015fma merkezi \u00d6demi\u015f Sergi","datePublished":"2021-09-09T16:00:50+00:00","dateModified":"2021-09-10T13:52:43+00:00","mainEntityOfPage":{"@id":"http:\/\/floraplus.net\/tr_tr\/2021\/09\/09\/sektorun-bulusma-merkezi-odemis-sergi\/"},"wordCount":263,"commentCount":0,"publisher":{"@id":"https:\/\/floraplus.net\/en\/#organization"},"image":{"@id":"http:\/\/floraplus.net\/tr_tr\/2021\/09\/09\/sektorun-bulusma-merkezi-odemis-sergi\/#primaryimage"},"thumbnailUrl":"https:\/\/floraplus.net\/wp-content\/uploads\/2021\/09\/Resim-396-min-scaled.jpg","articleSection":["G\u00fcncel"],"inLanguage":"en-US","potentialAction":[{"@type":"CommentAction","name":"Comment","target":["http:\/\/floraplus.net\/tr_tr\/2021\/09\/09\/sektorun-bulusma-merkezi-odemis-sergi\/#respond"]}]},{"@type":"WebPage","@id":"http:\/\/floraplus.net\/tr_tr\/2021\/09\/09\/sektorun-bulusma-merkezi-odemis-sergi\/","url":"http:\/\/floraplus.net\/tr_tr\/2021\/09\/09\/sektorun-bulusma-merkezi-odemis-sergi\/","name":"Sekt\u00f6r\u00fcn bulu\u015fma merkezi \u00d6demi\u015f Sergi - Floraplus","isPartOf":{"@id":"https:\/\/floraplus.net\/en\/#website"},"primaryImageOfPage":{"@id":"http:\/\/floraplus.net\/tr_tr\/2021\/09\/09\/sektorun-bulusma-merkezi-odemis-sergi\/#primaryimage"},"image":{"@id":"http:\/\/floraplus.net\/tr_tr\/2021\/09\/09\/sektorun-bulusma-merkezi-odemis-sergi\/#primaryimage"},"thumbnailUrl":"https:\/\/floraplus.net\/wp-content\/uploads\/2021\/09\/Resim-396-min-scaled.jpg","datePublished":"2021-09-09T16:00:50+00:00","dateModified":"2021-09-10T13:52:43+00:00","breadcrumb":{"@id":"http:\/\/floraplus.net\/tr_tr\/2021\/09\/09\/sektorun-bulusma-merkezi-odemis-sergi\/#breadcrumb"},"inLanguage":"en-US","potentialAction":[{"@type":"ReadAction","target":["http:\/\/floraplus.net\/tr_tr\/2021\/09\/09\/sektorun-bulusma-merkezi-odemis-sergi\/"]}]},{"@type":"BreadcrumbList","@id":"http:\/\/floraplus.net\/tr_tr\/2021\/09\/09\/sektorun-bulusma-merkezi-odemis-sergi\/#breadcrumb","itemListElement":[{"@type":"ListItem","position":1,"name":"Home","item":"https:\/\/floraplus.net\/en\/"},{"@type":"ListItem","position":2,"name":"Sekt\u00f6r\u00fcn bulu\u015fma merkezi \u00d6demi\u015f Sergi"}]},{"@type":"WebSite","@id":"https:\/\/floraplus.net\/en\/#website","url":"https:\/\/floraplus.net\/en\/","name":"Floraplus","description":"Peyzaj, peyzaj mimarl\u0131\u011f\u0131, peyzaj bitkileri, s\u00fcs ve bah\u00e7e\u00a0bitkileri","publisher":{"@id":"https:\/\/floraplus.net\/en\/#organization"},"potentialAction":[{"@type":"SearchAction","target":{"@type":"EntryPoint","urlTemplate":"https:\/\/floraplus.net\/en\/?s={search_term_string}"},"query-input":{"@type":"PropertyValueSpecification","valueRequired":true,"valueName":"search_term_string"}}],"inLanguage":"en-US"},{"@type":"Organization","@id":"https:\/\/floraplus.net\/en\/#organization","name":"Floraplus","url":"https:\/\/floraplus.net\/en\/","logo":{"@type":"ImageObject","inLanguage":"en-US","@id":"https:\/\/floraplus.net\/en\/#\/schema\/logo\/image\/","url":"https:\/\/floraplus.net\/wp-content\/uploads\/2021\/08\/logo-e1627994475388.png","contentUrl":"https:\/\/floraplus.net\/wp-content\/uploads\/2021\/08\/logo-e1627994475388.png","width":251,"height":81,"caption":"Floraplus"},"image":{"@id":"https:\/\/floraplus.net\/en\/#\/schema\/logo\/image\/"},"sameAs":["https:\/\/www.facebook.com\/floraplusdergisi","https:\/\/www.instagram.com\/floraplusdergisi\/"]},{"@type":"Person","@id":"https:\/\/floraplus.net\/en\/#\/schema\/person\/7263fcd2e50448ecd875951558a1f277","name":"floraplus_admin","sameAs":["http:\/\/test.floraplus.net"],"url":"https:\/\/floraplus.net\/en\/author\/floraplus_admin\/"}]}},"_links":{"self":[{"href":"https:\/\/floraplus.net\/en\/wp-json\/wp\/v2\/posts\/6328","targetHints":{"allow":["GET"]}}],"collection":[{"href":"https:\/\/floraplus.net\/en\/wp-json\/wp\/v2\/posts"}],"about":[{"href":"https:\/\/floraplus.net\/en\/wp-json\/wp\/v2\/types\/post"}],"author":[{"embeddable":true,"href":"https:\/\/floraplus.net\/en\/wp-json\/wp\/v2\/users\/1"}],"replies":[{"embeddable":true,"href":"https:\/\/floraplus.net\/en\/wp-json\/wp\/v2\/comments?post=6328"}],"version-history":[{"count":2,"href":"https:\/\/floraplus.net\/en\/wp-json\/wp\/v2\/posts\/6328\/revisions"}],"predecessor-version":[{"id":6385,"href":"https:\/\/floraplus.net\/en\/wp-json\/wp\/v2\/posts\/6328\/revisions\/6385"}],"wp:featuredmedia":[{"embeddable":true,"href":"https:\/\/floraplus.net\/en\/wp-json\/wp\/v2\/media\/6335"}],"wp:attachment":[{"href":"https:\/\/floraplus.net\/en\/wp-json\/wp\/v2\/media?parent=6328"}],"wp:term":[{"taxonomy":"category","embeddable":true,"href":"https:\/\/floraplus.net\/en\/wp-json\/wp\/v2\/categories?post=6328"},{"taxonomy":"post_tag","embeddable":true,"href":"https:\/\/floraplus.net\/en\/wp-json\/wp\/v2\/tags?post=6328"}],"curies":[{"name":"wp","href":"https:\/\/api.w.org\/{rel}","templated":true}]}}