{"id":6430,"date":"2021-09-22T16:00:34","date_gmt":"2021-09-22T13:00:34","guid":{"rendered":"http:\/\/floraplus.net\/?p=6430"},"modified":"2021-10-11T17:30:29","modified_gmt":"2021-10-11T14:30:29","slug":"yesil-doku-artisi-ve-dikey-bahce","status":"publish","type":"post","link":"https:\/\/floraplus.net\/en\/2021\/09\/22\/green-texture-increase-and-vertical-garden\/","title":{"rendered":"Green texture increase and vertical garden"},"content":{"rendered":"<div class=\"pgc-sgb-cb wp-block-pgcsimplygalleryblock-slider\" data-gallery-id=\"17d45072\"style=\"&quot;min-height:500px&quot;\"><div class=\"sgb-preloader\" id=\"pr_17d45072\">\n\t<div class=\"sgb-square\" style=\"background:#d4d4d4\"><\/div>\n\t<div class=\"sgb-square\" style=\"background:#d4d4d4\"><\/div>\n\t<div class=\"sgb-square\" style=\"background:#d4d4d4\"><\/div>\n\t<div class=\"sgb-square\" style=\"background:#d4d4d4\"><\/div><\/div><div class=\"simply-gallery-amp pgc_sgb_slider\" style=\"display: none;\"><div class=\"sgb-gallery\"><div class=\"sgb-item\"><a href=\"http:\/\/floraplus.net\/en\/2021\/09\/22\/green-texture-increase-and-vertical-garden\/1-16\/\" target=\"_blank\"><img decoding=\"async\" alt=\"\" width=\"300\" height=\"200\" loading=\"lazy\" src=\"http:\/\/floraplus.net\/wp-content\/uploads\/2021\/09\/1-300x200.jpg\" srcset=\"http:\/\/floraplus.net\/wp-content\/uploads\/2021\/09\/1-300x200.jpg 300w,http:\/\/floraplus.net\/wp-content\/uploads\/2021\/09\/1-1024x683.jpg 640w,http:\/\/floraplus.net\/wp-content\/uploads\/2021\/09\/1-scaled.jpg 2560w\" sizes=\"auto, 250px\"\/><\/a><div class=\"sgb-item-caption\"><em>Green texture increase and vertical garden<\/em><\/div><\/div><div class=\"sgb-item\"><a href=\"http:\/\/floraplus.net\/en\/2021\/09\/22\/green-texture-increase-and-vertical-garden\/2-14\/\" target=\"_blank\"><img decoding=\"async\" alt=\"\" width=\"300\" height=\"200\" loading=\"lazy\" src=\"http:\/\/floraplus.net\/wp-content\/uploads\/2021\/09\/2-300x200.jpg\" srcset=\"http:\/\/floraplus.net\/wp-content\/uploads\/2021\/09\/2-300x200.jpg 300w,http:\/\/floraplus.net\/wp-content\/uploads\/2021\/09\/2-1024x683.jpg 640w,http:\/\/floraplus.net\/wp-content\/uploads\/2021\/09\/2-scaled.jpg 2560w\" sizes=\"auto, 250px\"\/><\/a><\/div><div class=\"sgb-item\"><a href=\"http:\/\/floraplus.net\/en\/2021\/09\/22\/green-texture-increase-and-vertical-garden\/3-15\/\" target=\"_blank\"><img decoding=\"async\" alt=\"\" width=\"300\" height=\"200\" loading=\"lazy\" src=\"http:\/\/floraplus.net\/wp-content\/uploads\/2021\/09\/3-300x200.jpg\" srcset=\"http:\/\/floraplus.net\/wp-content\/uploads\/2021\/09\/3-300x200.jpg 300w,http:\/\/floraplus.net\/wp-content\/uploads\/2021\/09\/3-1024x683.jpg 640w,http:\/\/floraplus.net\/wp-content\/uploads\/2021\/09\/3-scaled.jpg 2560w\" sizes=\"auto, 250px\"\/><\/a><\/div><div class=\"sgb-item\"><a href=\"http:\/\/floraplus.net\/en\/2021\/09\/22\/green-texture-increase-and-vertical-garden\/4-7\/\" target=\"_blank\"><img decoding=\"async\" alt=\"\" width=\"300\" height=\"225\" loading=\"lazy\" src=\"http:\/\/floraplus.net\/wp-content\/uploads\/2021\/09\/4-300x225.jpg\" srcset=\"http:\/\/floraplus.net\/wp-content\/uploads\/2021\/09\/4-300x225.jpg 300w,http:\/\/floraplus.net\/wp-content\/uploads\/2021\/09\/4-1024x768.jpg 640w,http:\/\/floraplus.net\/wp-content\/uploads\/2021\/09\/4.jpg 1600w\" sizes=\"auto, 250px\"\/><\/a><\/div><\/div><\/div><script type=\"application\/json\" class=\"sgb-data\">{\"thumbClickAction\":\"useLightbox\",\"galleryType\":\"pgc_sgb_slider\",\"galleryId\":\"17d45072\",\"images\":[{\"id\":6431,\"title\":\"Dikey Bah\u00e7e\",\"url\":\"http:\/\/floraplus.net\/wp-content\/uploads\/2021\/09\/1-scaled.jpg\",\"link\":\"http:\/\/floraplus.net\/2021\/09\/22\/yesil-doku-artisi-ve-dikey-bahce\/1-16\/\",\"alt\":\"\",\"description\":\"Frans\u0131z botanik\u00e7i Patrick Blanc\u2019\u0131n dikey bah\u00e7e konsepti 1980\u2019lerin sonlar\u0131na do\u011fru kamusal alanlarda g\u00f6r\u00fcn\u00fcr olurken kentlerin b\u00fcy\u00fcmesini fiilen y\u00f6nlendiren in\u015faat piyasas\u0131 rahatlam\u0131\u015ft\u0131. \u00c7\u00fcnk\u00fc a\u015f\u0131r\u0131 rant art\u0131\u015f\u0131yla in\u015faat piyasas\u0131n\u0131n bask\u0131s\u0131 kent merkezlerinde ye\u015fil alanlar\u0131 giderek k\u0131s\u0131tl\u0131yordu. \",\"caption\":\"Ye\u015fil doku art\u0131\u015f\u0131 ve dikey bah\u00e7e\",\"mime\":\"image\/jpeg\",\"type\":\"image\",\"width\":2560,\"height\":1707,\"sizes\":{\"thumbnail\":{\"height\":150,\"width\":150,\"url\":\"http:\/\/floraplus.net\/wp-content\/uploads\/2021\/09\/1-150x150.jpg\",\"orientation\":\"landscape\"},\"medium\":{\"height\":200,\"width\":300,\"url\":\"http:\/\/floraplus.net\/wp-content\/uploads\/2021\/09\/1-300x200.jpg\",\"orientation\":\"landscape\"},\"large\":{\"height\":427,\"width\":640,\"url\":\"http:\/\/floraplus.net\/wp-content\/uploads\/2021\/09\/1-1024x683.jpg\",\"orientation\":\"landscape\"},\"full\":{\"url\":\"http:\/\/floraplus.net\/wp-content\/uploads\/2021\/09\/1-scaled.jpg\",\"height\":1707,\"width\":2560,\"orientation\":\"landscape\"}},\"meta\":false,\"postlink\":\"http:\/\/floraplus.net\/2021\/09\/22\/yesil-doku-artisi-ve-dikey-bahce\/1-16\/\"},{\"id\":6432,\"title\":\"2\",\"url\":\"http:\/\/floraplus.net\/wp-content\/uploads\/2021\/09\/2-scaled.jpg\",\"link\":\"http:\/\/floraplus.net\/2021\/09\/22\/yesil-doku-artisi-ve-dikey-bahce\/2-14\/\",\"alt\":\"\",\"description\":\"\",\"caption\":\"\",\"mime\":\"image\/jpeg\",\"type\":\"image\",\"width\":2560,\"height\":1707,\"sizes\":{\"thumbnail\":{\"height\":150,\"width\":150,\"url\":\"http:\/\/floraplus.net\/wp-content\/uploads\/2021\/09\/2-150x150.jpg\",\"orientation\":\"landscape\"},\"medium\":{\"height\":200,\"width\":300,\"url\":\"http:\/\/floraplus.net\/wp-content\/uploads\/2021\/09\/2-300x200.jpg\",\"orientation\":\"landscape\"},\"large\":{\"height\":427,\"width\":640,\"url\":\"http:\/\/floraplus.net\/wp-content\/uploads\/2021\/09\/2-1024x683.jpg\",\"orientation\":\"landscape\"},\"full\":{\"url\":\"http:\/\/floraplus.net\/wp-content\/uploads\/2021\/09\/2-scaled.jpg\",\"height\":1707,\"width\":2560,\"orientation\":\"landscape\"}},\"meta\":false,\"postlink\":\"http:\/\/floraplus.net\/2021\/09\/22\/yesil-doku-artisi-ve-dikey-bahce\/2-14\/\"},{\"id\":6433,\"title\":\"3\",\"url\":\"http:\/\/floraplus.net\/wp-content\/uploads\/2021\/09\/3-scaled.jpg\",\"link\":\"http:\/\/floraplus.net\/2021\/09\/22\/yesil-doku-artisi-ve-dikey-bahce\/3-15\/\",\"alt\":\"\",\"description\":\"\",\"caption\":\"\",\"mime\":\"image\/jpeg\",\"type\":\"image\",\"width\":2560,\"height\":1707,\"sizes\":{\"thumbnail\":{\"height\":150,\"width\":150,\"url\":\"http:\/\/floraplus.net\/wp-content\/uploads\/2021\/09\/3-150x150.jpg\",\"orientation\":\"landscape\"},\"medium\":{\"height\":200,\"width\":300,\"url\":\"http:\/\/floraplus.net\/wp-content\/uploads\/2021\/09\/3-300x200.jpg\",\"orientation\":\"landscape\"},\"large\":{\"height\":427,\"width\":640,\"url\":\"http:\/\/floraplus.net\/wp-content\/uploads\/2021\/09\/3-1024x683.jpg\",\"orientation\":\"landscape\"},\"full\":{\"url\":\"http:\/\/floraplus.net\/wp-content\/uploads\/2021\/09\/3-scaled.jpg\",\"height\":1707,\"width\":2560,\"orientation\":\"landscape\"}},\"meta\":false,\"postlink\":\"http:\/\/floraplus.net\/2021\/09\/22\/yesil-doku-artisi-ve-dikey-bahce\/3-15\/\"},{\"id\":6434,\"title\":\"4\",\"url\":\"http:\/\/floraplus.net\/wp-content\/uploads\/2021\/09\/4.jpg\",\"link\":\"http:\/\/floraplus.net\/2021\/09\/22\/yesil-doku-artisi-ve-dikey-bahce\/4-7\/\",\"alt\":\"\",\"description\":\"\",\"caption\":\"\",\"mime\":\"image\/jpeg\",\"type\":\"image\",\"width\":1600,\"height\":1200,\"sizes\":{\"thumbnail\":{\"height\":150,\"width\":150,\"url\":\"http:\/\/floraplus.net\/wp-content\/uploads\/2021\/09\/4-150x150.jpg\",\"orientation\":\"landscape\"},\"medium\":{\"height\":225,\"width\":300,\"url\":\"http:\/\/floraplus.net\/wp-content\/uploads\/2021\/09\/4-300x225.jpg\",\"orientation\":\"landscape\"},\"large\":{\"height\":480,\"width\":640,\"url\":\"http:\/\/floraplus.net\/wp-content\/uploads\/2021\/09\/4-1024x768.jpg\",\"orientation\":\"landscape\"},\"full\":{\"url\":\"http:\/\/floraplus.net\/wp-content\/uploads\/2021\/09\/4.jpg\",\"height\":1200,\"width\":1600,\"orientation\":\"landscape\"}},\"meta\":false,\"postlink\":\"http:\/\/floraplus.net\/2021\/09\/22\/yesil-doku-artisi-ve-dikey-bahce\/4-7\/\"}],\"itemsMetaDataCollection\":[],\"galleryData\":\"{\\u0022copyRProtection\\u0022:false,\\u0022copyRAlert\\u0022:\\u0022Hello, this photo is mine!\\u0022,\\u0022sliderScrollNavi\\u0022:false,\\u0022sliderNextPrevAnimation\\u0022:\\u0022animation\\u0022,\\u0022galleryScrollPositionControll\\u0022:false,\\u0022sliderVideoAutoPlay\\u0022:false,\\u0022sliderVideoLoop\\u0022:false,\\u0022sliderItemCounterEnable\\u0022:true,\\u0022sliderCaptionSrc\\u0022:\\u0022caption\\u0022,\\u0022sliderItemTitleEnable\\u0022:false,\\u0022sliderItemTitleFontSize\\u0022:18,\\u0022sliderItemTitleTextColor\\u0022:\\u0022rgba(255,255,255,1)\\u0022,\\u0022itemCounterColor\\u0022:\\u0022rgba(255,255,255,1)\\u0022,\\u0022sliderThumbBarEnable\\u0022:true,\\u0022sliderThumbBarHoverColor\\u0022:\\u0022rgba(240,240,240,1)\\u0022,\\u0022sliderBgColor\\u0022:\\u0022rgba(0,0,0,0.8)\\u0022,\\u0022sliderPreloaderColor\\u0022:\\u0022rgba(240,240,240,1)\\u0022,\\u0022sliderHeaderFooterBgColor\\u0022:\\u0022rgba(0,0,0,0.4)\\u0022,\\u0022sliderNavigationColor\\u0022:\\u0022rgba(0,0,0,1)\\u0022,\\u0022sliderNavigationColorOver\\u0022:\\u0022rgba(255,255,255,1)\\u0022,\\u0022sliderNavigationIconColor\\u0022:\\u0022rgba(255,255,255,1)\\u0022,\\u0022sliderNavigationIconColorOver\\u0022:\\u0022rgba(0,0,0,1)\\u0022,\\u0022sliderSlideshow\\u0022:true,\\u0022sliderSlideshowDelay\\u0022:8,\\u0022slideshowIndicatorColor\\u0022:\\u0022rgba(255,255,255,1)\\u0022,\\u0022slideshowIndicatorColorBg\\u0022:\\u0022rgba(255,255,255,0.5)\\u0022,\\u0022sliderThumbSubMenuBackgroundColor\\u0022:\\u0022rgba(255,255,255,0)\\u0022,\\u0022sliderThumbSubMenuBackgroundColorOver\\u0022:\\u0022rgba(255,255,255,1)\\u0022,\\u0022sliderThumbSubMenuIconColor\\u0022:\\u0022rgba(255,255,255,1)\\u0022,\\u0022sliderThumbSubMenuIconHoverColor\\u0022:\\u0022rgba(0,0,0,1)\\u0022,\\u0022sliderSocialShareEnabled\\u0022:true,\\u0022sliderZoomEnable\\u0022:true,\\u0022sliderFullscreenEnabled\\u0022:true,\\u0022modaBgColor\\u0022:\\u0022rgba(0,0,0,0.8)\\u0022,\\u0022modalIconColor\\u0022:\\u0022rgba(255,255,255,1)\\u0022,\\u0022modalIconColorHover\\u0022:\\u0022rgba(255,255,255,0.8)\\u0022,\\u0022shareFacebook\\u0022:true,\\u0022shareTwitter\\u0022:true,\\u0022sharePinterest\\u0022:true,\\u0022sliderItemDownload\\u0022:true,\\u0022shareCopyLink\\u0022:true,\\u0022sharePost\\u0022:\\u0022sharelink\\u0022,\\u0022tagsFilter\\u0022:false,\\u0022tagCloudAll\\u0022:\\u0022All\\u0022,\\u0022tagCloudBgColor\\u0022:\\u0022rgba(153,153,153,1)\\u0022,\\u0022tagCloudBgColorOver\\u0022:\\u0022rgba(253,253,253,1)\\u0022,\\u0022tagCloudTextColor\\u0022:\\u0022rgba(253,253,253,1)\\u0022,\\u0022tagCloudTextColorOver\\u0022:\\u0022rgba(153,153,153,1)\\u0022,\\u0022tagCloudFontSize\\u0022:16,\\u0022deepLinking\\u0022:false,\\u0022useLightbox\\u0022:true,\\u0022thumbClickAction\\u0022:\\u0022useLightbox\\u0022,\\u0022numItemsDisplayed\\u0022:0,\\u0022lazyLoading\\u0022:true,\\u0022contentNoPadding\\u0022:false,\\u0022galleryPreloaderColor\\u0022:\\u0022rgba(230,230,230,1)\\u0022,\\u0022galleryBgColor\\u0022:\\u0022rgba(0,0,0,0)\\u0022,\\u0022galleryBorderRadius\\u0022:0,\\u0022customCSS\\u0022:\\u0022\\u0022,\\u0022collectionThumbRecomendedWidth\\u0022:200,\\u0022thumbSpacing\\u0022:5,\\u0022externalLink\\u0022:true,\\u0022externalLinkDefName\\u0022:\\u0022Read More\\u0022,\\u0022externalLinkTextColor\\u0022:\\u0022rgba(0,0,0,1)\\u0022,\\u0022externalLinkBgColor\\u0022:\\u0022rgba(255,255,255,1)\\u0022,\\u0022externalLinkFontSize\\u0022:18,\\u0022captions\\u0022:true,\\u0022captionSrc\\u0022:\\u0022caption\\u0022,\\u0022captionHAlign\\u0022:\\u0022top\\u0022,\\u0022collectionthumbHoverTitleFontSize\\u0022:18,\\u0022collectionthumbRoundedCorners\\u0022:0,\\u0022collectionthumbHoverTitleTextColor\\u0022:\\u0022rgba(255,255,255,1)\\u0022,\\u0022collectionthumbHoverTitleTextBgColor\\u0022:\\u0022rgba(0,0,0,0.8)\\u0022,\\u0022collectionthumbHoverBgColor\\u0022:\\u0022rgba(0,0,0,0.4)\\u0022,\\u0022collectionThumbSubMenuDownload\\u0022:true,\\u0022collectionThumbSubMenuShare\\u0022:true,\\u0022collectionThumbSubMenuBgColor\\u0022:\\u0022rgba(0,0,0,0.4)\\u0022,\\u0022collectionThumbSubMenuBgColorHover\\u0022:\\u0022rgba(255,255,255,1)\\u0022,\\u0022collectionThumbSubMenuIconColor\\u0022:\\u0022rgba(255,255,255,1)\\u0022,\\u0022collectionThumbSubMenuIconColorHover\\u0022:\\u0022rgba(0,0,0,1)\\u0022,\\u0022galleryType\\u0022:\\u0022pgc_sgb_slider\\u0022,\\u0022align\\u0022:\\u0022\\u0022,\\u0022galleryId\\u0022:\\u002217d45072\\u0022,\\u0022tagsListCustomMode\\u0022:false,\\u0022initGalleryByFirstTag\\u0022:false,\\u0022deepLinkingForTag\\u0022:false,\\u0022galleryTagsList\\u0022:[],\\u0022useClobalSettings\\u0022:true,\\u0022orderBy\\u0022:\\u0022custom\\u0022,\\u0022sliderMaxHeight\\u0022:500,\\u0022sliderAdminWidth\\u0022:840,\\u0022responsiveHeight\\u0022:false,\\u0022collectionColumns\\u0022:1,\\u0022sliderAnimation\\u0022:\\u0022animation\\u0022,\\u0022sliderNextPrevNavigation\\u0022:true,\\u0022sliderNextPrevBgColor\\u0022:\\u0022rgba(255,255,255,1)\\u0022,\\u0022sliderNextPrevBgColorHover\\u0022:\\u0022rgba(0,0,0,1)\\u0022,\\u0022sliderNextPrevIconColor\\u0022:\\u0022rgba(0,0,0,1)\\u0022,\\u0022sliderNextPrevIconColorHover\\u0022:\\u0022rgba(255,255,255,1)\\u0022,\\u0022sliderThumbsNavi\\u0022:true,\\u0022sliderThumbsNaviColor\\u0022:\\u0022rgba(255,255,255,1)\\u0022,\\u0022sliderDotNavi\\u0022:false,\\u0022sliderDotNaviBgColor\\u0022:\\u0022rgba(0,0,0,.4)\\u0022,\\u0022sliderDotNaviBgColorHover\\u0022:\\u0022rgba(255,255,255,1)\\u0022,\\u0022autoPlay\\u0022:false,\\u0022autoPlayDelay\\u0022:4,\\u0022autoPlayMouseStoper\\u0022:true,\\u0022settingsModalIsOpen\\u0022:false,\\u0022skin\\u0022:\\u0022slider\\u0022}\",\"useClobalSettings\":true,\"sliderMaxHeight\":500,\"sliderAdminWidth\":840,\"collectionColumns\":1}<\/script><script>(function(){if(window.PGC_SGB && window.PGC_SGB.searcher){window.PGC_SGB.searcher.initBlocks()}})()<\/script><\/div>\n\n\n<h2 class=\"wp-block-heading\"><strong>Contribution of \u0130stinye Park \u0130zmir and Ye\u015filvadi Landscape Design to the green city action plan.<\/strong><\/h2>\n\n\n\n<p>As French botanist Patrick Blanc&#039;s vertical garden concept began to appear in public spaces in the late 1980s, the construction market, which effectively drove urban growth, eased. This was because the pressures of the construction market, coupled with excessive rent increases, were increasingly restricting green spaces in city centers. Vertical gardening was a practical solution that could cover concrete walls with greenery. With the exception of some positive examples, cities around the world face similar challenges. Therefore, the question of what and how we can improve landscapes and the environment under given circumstances inevitably arises.<\/p>\n\n\n\n<p>In this respect, \u0130stinye Park Shopping Mall (\u0130zmir \u00dc\u00e7 Kuyular) serves as a positive example. Despite its structural density, \u0130stinye Park \u0130zmir appears to have embraced the cost of extensive landscaping, incorporating significant planting and afforestation into its immediate and distant surroundings. This sensitivity is a sensitivity rarely encountered in today&#039;s environment. \u0130stinye Park, which has attracted attention by creating a garden and landscaping that can serve as an example for its city and region, has also implemented a project that serves as a model for the roof garden decision included in the \u0130zmir Metropolitan Municipality&#039;s Green Cities Action Plan. Another striking detail about \u0130stinye Park \u0130zmir is that the transformation of the courtyard walls into vertical gardens has led to the development of vertical planting along the surrounding fences. Once these projects are completed and the landscaping is complete, the vertical garden will create an additional 600-700 square meters of green space.<\/p>\n\n\n\n<p>It&#039;s known that today&#039;s temperature difference between urban and rural areas is between 2 and 8 degrees Celsius, and that the way to prevent this urban heat island effect is to reduce carbon emissions. However, Green Cities, through the rapid increase in green spaces in urban areas, reduce the heat island effect and contribute to urban cooling. However, it&#039;s clear that the efforts of local governments alone will not be sufficient. All institutions and organizations in the city, including homeowners, must contribute by making efforts in this direction. Therefore, we congratulate \u0130stinye Park \u0130zmir and Ye\u015filvadi Landscape Design, who have created an exemplary project and implementation, for their contribution to the \u0130zmir Metropolitan Municipality&#039;s Green City Action Plan. We believe that the \u0130zmir local government will also adhere to the decisions made in the action plan.&nbsp; &nbsp;&nbsp;<\/p>","protected":false},"excerpt":{"rendered":"<p>\u0130stinye Park \u0130zmir ve Ye\u015filvadi Landscape Design&#8217;\u0131n ye\u015fil \u015fehir eylem plan\u0131na katk\u0131s\u0131. Frans\u0131z botanik\u00e7i Patrick<\/p>","protected":false},"author":1,"featured_media":6432,"comment_status":"open","ping_status":"open","sticky":false,"template":"","format":"standard","meta":{"pgc_sgb_lightbox_settings":"","cybocfi_hide_featured_image":"yes","footnotes":""},"categories":[1,1429],"tags":[571],"class_list":["post-6430","post","type-post","status-publish","format-standard","has-post-thumbnail","hentry","category-genel","category-guncel","tag-dikey-bahce"],"yoast_head":"<!-- This site is optimized with the Yoast SEO Premium plugin v25.4 (Yoast SEO v25.4) - https:\/\/yoast.com\/wordpress\/plugins\/seo\/ -->\n<title>Ye\u015fil doku art\u0131\u015f\u0131 ve dikey bah\u00e7e - Floraplus<\/title>\n<meta name=\"robots\" content=\"index, follow, max-snippet:-1, max-image-preview:large, max-video-preview:-1\" \/>\n<link rel=\"canonical\" href=\"http:\/\/floraplus.net\/en\/2021\/09\/22\/green-texture-increase-and-vertical-garden\/\" \/>\n<meta property=\"og:locale\" content=\"en_US\" \/>\n<meta property=\"og:type\" content=\"article\" \/>\n<meta property=\"og:title\" content=\"Ye\u015fil doku art\u0131\u015f\u0131 ve dikey bah\u00e7e\" \/>\n<meta property=\"og:description\" content=\"\u0130stinye Park \u0130zmir ve Ye\u015filvadi Landscape Design&#8217;\u0131n ye\u015fil \u015fehir eylem plan\u0131na katk\u0131s\u0131. Frans\u0131z botanik\u00e7i Patrick\" \/>\n<meta property=\"og:url\" content=\"http:\/\/floraplus.net\/en\/2021\/09\/22\/green-texture-increase-and-vertical-garden\/\" \/>\n<meta property=\"og:site_name\" content=\"Floraplus\" \/>\n<meta property=\"article:publisher\" content=\"https:\/\/www.facebook.com\/floraplusdergisi\" \/>\n<meta property=\"article:published_time\" content=\"2021-09-22T13:00:34+00:00\" \/>\n<meta property=\"article:modified_time\" content=\"2021-10-11T14:30:29+00:00\" \/>\n<meta property=\"og:image\" content=\"https:\/\/floraplus.net\/wp-content\/uploads\/2021\/09\/2-scaled.jpg\" \/>\n\t<meta property=\"og:image:width\" content=\"2560\" \/>\n\t<meta property=\"og:image:height\" content=\"1707\" \/>\n\t<meta property=\"og:image:type\" content=\"image\/jpeg\" \/>\n<meta name=\"author\" content=\"floraplus_admin\" \/>\n<meta name=\"twitter:card\" content=\"summary_large_image\" \/>\n<meta name=\"twitter:label1\" content=\"Written by\" \/>\n\t<meta name=\"twitter:data1\" content=\"floraplus_admin\" \/>\n\t<meta name=\"twitter:label2\" content=\"Est. reading time\" \/>\n\t<meta name=\"twitter:data2\" content=\"2 minutes\" \/>\n<script type=\"application\/ld+json\" class=\"yoast-schema-graph\">{\"@context\":\"https:\/\/schema.org\",\"@graph\":[{\"@type\":\"Article\",\"@id\":\"http:\/\/floraplus.net\/tr_tr\/2021\/09\/22\/yesil-doku-artisi-ve-dikey-bahce\/#article\",\"isPartOf\":{\"@id\":\"http:\/\/floraplus.net\/tr_tr\/2021\/09\/22\/yesil-doku-artisi-ve-dikey-bahce\/\"},\"author\":{\"name\":\"floraplus_admin\",\"@id\":\"https:\/\/floraplus.net\/en\/#\/schema\/person\/7263fcd2e50448ecd875951558a1f277\"},\"headline\":\"Ye\u015fil doku art\u0131\u015f\u0131 ve dikey bah\u00e7e\",\"datePublished\":\"2021-09-22T13:00:34+00:00\",\"dateModified\":\"2021-10-11T14:30:29+00:00\",\"mainEntityOfPage\":{\"@id\":\"http:\/\/floraplus.net\/tr_tr\/2021\/09\/22\/yesil-doku-artisi-ve-dikey-bahce\/\"},\"wordCount\":485,\"commentCount\":0,\"publisher\":{\"@id\":\"https:\/\/floraplus.net\/en\/#organization\"},\"image\":{\"@id\":\"http:\/\/floraplus.net\/tr_tr\/2021\/09\/22\/yesil-doku-artisi-ve-dikey-bahce\/#primaryimage\"},\"thumbnailUrl\":\"https:\/\/floraplus.net\/wp-content\/uploads\/2021\/09\/2-scaled.jpg\",\"keywords\":[\"dikey bah\u00e7e\"],\"articleSection\":[\"Genel\",\"G\u00fcncel\"],\"inLanguage\":\"en-US\",\"potentialAction\":[{\"@type\":\"CommentAction\",\"name\":\"Comment\",\"target\":[\"http:\/\/floraplus.net\/tr_tr\/2021\/09\/22\/yesil-doku-artisi-ve-dikey-bahce\/#respond\"]}]},{\"@type\":\"WebPage\",\"@id\":\"http:\/\/floraplus.net\/tr_tr\/2021\/09\/22\/yesil-doku-artisi-ve-dikey-bahce\/\",\"url\":\"http:\/\/floraplus.net\/tr_tr\/2021\/09\/22\/yesil-doku-artisi-ve-dikey-bahce\/\",\"name\":\"Ye\u015fil doku art\u0131\u015f\u0131 ve dikey bah\u00e7e - Floraplus\",\"isPartOf\":{\"@id\":\"https:\/\/floraplus.net\/en\/#website\"},\"primaryImageOfPage\":{\"@id\":\"http:\/\/floraplus.net\/tr_tr\/2021\/09\/22\/yesil-doku-artisi-ve-dikey-bahce\/#primaryimage\"},\"image\":{\"@id\":\"http:\/\/floraplus.net\/tr_tr\/2021\/09\/22\/yesil-doku-artisi-ve-dikey-bahce\/#primaryimage\"},\"thumbnailUrl\":\"https:\/\/floraplus.net\/wp-content\/uploads\/2021\/09\/2-scaled.jpg\",\"datePublished\":\"2021-09-22T13:00:34+00:00\",\"dateModified\":\"2021-10-11T14:30:29+00:00\",\"breadcrumb\":{\"@id\":\"http:\/\/floraplus.net\/tr_tr\/2021\/09\/22\/yesil-doku-artisi-ve-dikey-bahce\/#breadcrumb\"},\"inLanguage\":\"en-US\",\"potentialAction\":[{\"@type\":\"ReadAction\",\"target\":[\"http:\/\/floraplus.net\/tr_tr\/2021\/09\/22\/yesil-doku-artisi-ve-dikey-bahce\/\"]}]},{\"@type\":\"BreadcrumbList\",\"@id\":\"http:\/\/floraplus.net\/tr_tr\/2021\/09\/22\/yesil-doku-artisi-ve-dikey-bahce\/#breadcrumb\",\"itemListElement\":[{\"@type\":\"ListItem\",\"position\":1,\"name\":\"Home\",\"item\":\"https:\/\/floraplus.net\/en\/\"},{\"@type\":\"ListItem\",\"position\":2,\"name\":\"Ye\u015fil doku art\u0131\u015f\u0131 ve dikey bah\u00e7e\"}]},{\"@type\":\"WebSite\",\"@id\":\"https:\/\/floraplus.net\/en\/#website\",\"url\":\"https:\/\/floraplus.net\/en\/\",\"name\":\"Floraplus\",\"description\":\"Peyzaj, peyzaj mimarl\u0131\u011f\u0131, peyzaj bitkileri, s\u00fcs ve bah\u00e7e\u00a0bitkileri\",\"publisher\":{\"@id\":\"https:\/\/floraplus.net\/en\/#organization\"},\"potentialAction\":[{\"@type\":\"SearchAction\",\"target\":{\"@type\":\"EntryPoint\",\"urlTemplate\":\"https:\/\/floraplus.net\/en\/?s={search_term_string}\"},\"query-input\":{\"@type\":\"PropertyValueSpecification\",\"valueRequired\":true,\"valueName\":\"search_term_string\"}}],\"inLanguage\":\"en-US\"},{\"@type\":\"Organization\",\"@id\":\"https:\/\/floraplus.net\/en\/#organization\",\"name\":\"Floraplus\",\"url\":\"https:\/\/floraplus.net\/en\/\",\"logo\":{\"@type\":\"ImageObject\",\"inLanguage\":\"en-US\",\"@id\":\"https:\/\/floraplus.net\/en\/#\/schema\/logo\/image\/\",\"url\":\"https:\/\/floraplus.net\/wp-content\/uploads\/2021\/08\/logo-e1627994475388.png\",\"contentUrl\":\"https:\/\/floraplus.net\/wp-content\/uploads\/2021\/08\/logo-e1627994475388.png\",\"width\":251,\"height\":81,\"caption\":\"Floraplus\"},\"image\":{\"@id\":\"https:\/\/floraplus.net\/en\/#\/schema\/logo\/image\/\"},\"sameAs\":[\"https:\/\/www.facebook.com\/floraplusdergisi\",\"https:\/\/www.instagram.com\/floraplusdergisi\/\"]},{\"@type\":\"Person\",\"@id\":\"https:\/\/floraplus.net\/en\/#\/schema\/person\/7263fcd2e50448ecd875951558a1f277\",\"name\":\"floraplus_admin\",\"sameAs\":[\"http:\/\/test.floraplus.net\"],\"url\":\"https:\/\/floraplus.net\/en\/author\/floraplus_admin\/\"}]}<\/script>\n<!-- \/ Yoast SEO Premium plugin. -->","yoast_head_json":{"title":"Ye\u015fil doku art\u0131\u015f\u0131 ve dikey bah\u00e7e - Floraplus","robots":{"index":"index","follow":"follow","max-snippet":"max-snippet:-1","max-image-preview":"max-image-preview:large","max-video-preview":"max-video-preview:-1"},"canonical":"http:\/\/floraplus.net\/en\/2021\/09\/22\/green-texture-increase-and-vertical-garden\/","og_locale":"en_US","og_type":"article","og_title":"Ye\u015fil doku art\u0131\u015f\u0131 ve dikey bah\u00e7e","og_description":"\u0130stinye Park \u0130zmir ve Ye\u015filvadi Landscape Design&#8217;\u0131n ye\u015fil \u015fehir eylem plan\u0131na katk\u0131s\u0131. Frans\u0131z botanik\u00e7i Patrick","og_url":"http:\/\/floraplus.net\/en\/2021\/09\/22\/green-texture-increase-and-vertical-garden\/","og_site_name":"Floraplus","article_publisher":"https:\/\/www.facebook.com\/floraplusdergisi","article_published_time":"2021-09-22T13:00:34+00:00","article_modified_time":"2021-10-11T14:30:29+00:00","og_image":[{"width":2560,"height":1707,"url":"https:\/\/floraplus.net\/wp-content\/uploads\/2021\/09\/2-scaled.jpg","type":"image\/jpeg"}],"author":"floraplus_admin","twitter_card":"summary_large_image","twitter_misc":{"Written by":"floraplus_admin","Est. reading time":"2 minutes"},"schema":{"@context":"https:\/\/schema.org","@graph":[{"@type":"Article","@id":"http:\/\/floraplus.net\/tr_tr\/2021\/09\/22\/yesil-doku-artisi-ve-dikey-bahce\/#article","isPartOf":{"@id":"http:\/\/floraplus.net\/tr_tr\/2021\/09\/22\/yesil-doku-artisi-ve-dikey-bahce\/"},"author":{"name":"floraplus_admin","@id":"https:\/\/floraplus.net\/en\/#\/schema\/person\/7263fcd2e50448ecd875951558a1f277"},"headline":"Ye\u015fil doku art\u0131\u015f\u0131 ve dikey bah\u00e7e","datePublished":"2021-09-22T13:00:34+00:00","dateModified":"2021-10-11T14:30:29+00:00","mainEntityOfPage":{"@id":"http:\/\/floraplus.net\/tr_tr\/2021\/09\/22\/yesil-doku-artisi-ve-dikey-bahce\/"},"wordCount":485,"commentCount":0,"publisher":{"@id":"https:\/\/floraplus.net\/en\/#organization"},"image":{"@id":"http:\/\/floraplus.net\/tr_tr\/2021\/09\/22\/yesil-doku-artisi-ve-dikey-bahce\/#primaryimage"},"thumbnailUrl":"https:\/\/floraplus.net\/wp-content\/uploads\/2021\/09\/2-scaled.jpg","keywords":["dikey bah\u00e7e"],"articleSection":["Genel","G\u00fcncel"],"inLanguage":"en-US","potentialAction":[{"@type":"CommentAction","name":"Comment","target":["http:\/\/floraplus.net\/tr_tr\/2021\/09\/22\/yesil-doku-artisi-ve-dikey-bahce\/#respond"]}]},{"@type":"WebPage","@id":"http:\/\/floraplus.net\/tr_tr\/2021\/09\/22\/yesil-doku-artisi-ve-dikey-bahce\/","url":"http:\/\/floraplus.net\/tr_tr\/2021\/09\/22\/yesil-doku-artisi-ve-dikey-bahce\/","name":"Ye\u015fil doku art\u0131\u015f\u0131 ve dikey bah\u00e7e - Floraplus","isPartOf":{"@id":"https:\/\/floraplus.net\/en\/#website"},"primaryImageOfPage":{"@id":"http:\/\/floraplus.net\/tr_tr\/2021\/09\/22\/yesil-doku-artisi-ve-dikey-bahce\/#primaryimage"},"image":{"@id":"http:\/\/floraplus.net\/tr_tr\/2021\/09\/22\/yesil-doku-artisi-ve-dikey-bahce\/#primaryimage"},"thumbnailUrl":"https:\/\/floraplus.net\/wp-content\/uploads\/2021\/09\/2-scaled.jpg","datePublished":"2021-09-22T13:00:34+00:00","dateModified":"2021-10-11T14:30:29+00:00","breadcrumb":{"@id":"http:\/\/floraplus.net\/tr_tr\/2021\/09\/22\/yesil-doku-artisi-ve-dikey-bahce\/#breadcrumb"},"inLanguage":"en-US","potentialAction":[{"@type":"ReadAction","target":["http:\/\/floraplus.net\/tr_tr\/2021\/09\/22\/yesil-doku-artisi-ve-dikey-bahce\/"]}]},{"@type":"BreadcrumbList","@id":"http:\/\/floraplus.net\/tr_tr\/2021\/09\/22\/yesil-doku-artisi-ve-dikey-bahce\/#breadcrumb","itemListElement":[{"@type":"ListItem","position":1,"name":"Home","item":"https:\/\/floraplus.net\/en\/"},{"@type":"ListItem","position":2,"name":"Ye\u015fil doku art\u0131\u015f\u0131 ve dikey bah\u00e7e"}]},{"@type":"WebSite","@id":"https:\/\/floraplus.net\/en\/#website","url":"https:\/\/floraplus.net\/en\/","name":"Floraplus","description":"Peyzaj, peyzaj mimarl\u0131\u011f\u0131, peyzaj bitkileri, s\u00fcs ve bah\u00e7e\u00a0bitkileri","publisher":{"@id":"https:\/\/floraplus.net\/en\/#organization"},"potentialAction":[{"@type":"SearchAction","target":{"@type":"EntryPoint","urlTemplate":"https:\/\/floraplus.net\/en\/?s={search_term_string}"},"query-input":{"@type":"PropertyValueSpecification","valueRequired":true,"valueName":"search_term_string"}}],"inLanguage":"en-US"},{"@type":"Organization","@id":"https:\/\/floraplus.net\/en\/#organization","name":"Floraplus","url":"https:\/\/floraplus.net\/en\/","logo":{"@type":"ImageObject","inLanguage":"en-US","@id":"https:\/\/floraplus.net\/en\/#\/schema\/logo\/image\/","url":"https:\/\/floraplus.net\/wp-content\/uploads\/2021\/08\/logo-e1627994475388.png","contentUrl":"https:\/\/floraplus.net\/wp-content\/uploads\/2021\/08\/logo-e1627994475388.png","width":251,"height":81,"caption":"Floraplus"},"image":{"@id":"https:\/\/floraplus.net\/en\/#\/schema\/logo\/image\/"},"sameAs":["https:\/\/www.facebook.com\/floraplusdergisi","https:\/\/www.instagram.com\/floraplusdergisi\/"]},{"@type":"Person","@id":"https:\/\/floraplus.net\/en\/#\/schema\/person\/7263fcd2e50448ecd875951558a1f277","name":"floraplus_admin","sameAs":["http:\/\/test.floraplus.net"],"url":"https:\/\/floraplus.net\/en\/author\/floraplus_admin\/"}]}},"_links":{"self":[{"href":"https:\/\/floraplus.net\/en\/wp-json\/wp\/v2\/posts\/6430","targetHints":{"allow":["GET"]}}],"collection":[{"href":"https:\/\/floraplus.net\/en\/wp-json\/wp\/v2\/posts"}],"about":[{"href":"https:\/\/floraplus.net\/en\/wp-json\/wp\/v2\/types\/post"}],"author":[{"embeddable":true,"href":"https:\/\/floraplus.net\/en\/wp-json\/wp\/v2\/users\/1"}],"replies":[{"embeddable":true,"href":"https:\/\/floraplus.net\/en\/wp-json\/wp\/v2\/comments?post=6430"}],"version-history":[{"count":2,"href":"https:\/\/floraplus.net\/en\/wp-json\/wp\/v2\/posts\/6430\/revisions"}],"predecessor-version":[{"id":6498,"href":"https:\/\/floraplus.net\/en\/wp-json\/wp\/v2\/posts\/6430\/revisions\/6498"}],"wp:featuredmedia":[{"embeddable":true,"href":"https:\/\/floraplus.net\/en\/wp-json\/wp\/v2\/media\/6432"}],"wp:attachment":[{"href":"https:\/\/floraplus.net\/en\/wp-json\/wp\/v2\/media?parent=6430"}],"wp:term":[{"taxonomy":"category","embeddable":true,"href":"https:\/\/floraplus.net\/en\/wp-json\/wp\/v2\/categories?post=6430"},{"taxonomy":"post_tag","embeddable":true,"href":"https:\/\/floraplus.net\/en\/wp-json\/wp\/v2\/tags?post=6430"}],"curies":[{"name":"wp","href":"https:\/\/api.w.org\/{rel}","templated":true}]}}