{"id":6700,"date":"2022-08-29T08:30:55","date_gmt":"2022-08-29T05:30:55","guid":{"rendered":"http:\/\/floraplus.net\/?p=6700"},"modified":"2022-08-29T08:38:41","modified_gmt":"2022-08-29T05:38:41","slug":"buyuk-zaferin-100-yili-anisina","status":"publish","type":"post","link":"https:\/\/floraplus.net\/en\/2022\/08\/29\/in-memory-of-the-100th-anniversary-of-the-great-victory\/","title":{"rendered":"In memory of the 100th anniversary of the Great Victory\u2026"},"content":{"rendered":"<p><strong>The book &quot;The Little Witness of the Great Offensive&quot;, written by director, screenwriter, producer, actor and author Turgut Yasalar in memory of the 100th anniversary of the Great Victory, will definitely attract your attention.<\/strong><\/p>\n\n\n\n<p>Between 1975 and 1985, Turgut Yasalar worked as a translator, reporter, and editor at G\u00fcnayd\u0131n, Politika, Milliyet, D\u00fcnya newspapers, and the \u0130STA News Agency. In the latter half of the 1980s, he worked as a writer and manager in the advertising industry, producing commercials and promotional films. Yasalar, founder of the Film Critics Association, won the &quot;Best Screenplay&quot; award at the Antalya Film Festival for his screenplay for the 1998 film &quot;Leopar\u0131n Tail&quot; (Leopar\u0131n Tail). He went on to direct numerous films and television series, including &quot;\u00c7\u0131lg\u0131n Bedi\u015f.&quot;<\/p>\n\n\n\n<figure class=\"wp-block-image size-large\"><img loading=\"lazy\" decoding=\"async\" width=\"1024\" height=\"683\" src=\"http:\/\/floraplus.net\/wp-content\/uploads\/2022\/08\/52-1-1024x683.jpg\" alt=\"\" class=\"wp-image-6707\" srcset=\"https:\/\/floraplus.net\/wp-content\/uploads\/2022\/08\/52-1-1024x683.jpg 1024w, https:\/\/floraplus.net\/wp-content\/uploads\/2022\/08\/52-1-300x200.jpg 300w, https:\/\/floraplus.net\/wp-content\/uploads\/2022\/08\/52-1-768x512.jpg 768w, https:\/\/floraplus.net\/wp-content\/uploads\/2022\/08\/52-1-1536x1024.jpg 1536w, https:\/\/floraplus.net\/wp-content\/uploads\/2022\/08\/52-1-2048x1365.jpg 2048w\" sizes=\"auto, (max-width: 1024px) 100vw, 1024px\" \/><figcaption>Turgut Laws<\/figcaption><\/figure>\n\n\n\n<p>Yasalar, who is also the author of the books I Am a Genius But I Haven\u2019t Made My First Film Yet, I Am a Genius But I Haven\u2019t Written My First Screenplay Yet, There\u2019s a Convenient Place to Get Off, The Kitchen Witch Learns to Cook, The Kitchen Witch on Summer Vacation, Talking Dog Koko 1 \u2013 The Zultanite Stone Adventure, and Bar\u0131\u015f is Making Movies, has most recently written the book \u201cAli \u015eamil\u2019s Little Witness to the Great Offensive\u201d, a special book for the 100th Anniversary of the Great Offensive War.<\/p>\n\n\n\n<p>Yasalar tells the story of Ali \u015eamil, who witnessed significant events between 1916 and 1922. Ali \u015eamil&#039;s life was surrounded by astonishing events, from Enver Pasha to his friendship with Sultan Vahdettin&#039;s son-in-law \u0130smail Hakk\u0131 Bey, to his meeting with Mustafa Kemal Pasha. Turgut Yasalar sheds light on history with this book. Those exciting days are brought to life again through the memories of Ali \u015eamil, who witnessed the collapse of the Ottoman Empire from the palace and the birth of T\u00fcrkiye from the front lines.<\/p>\n\n\n\n<p><\/p>","protected":false},"excerpt":{"rendered":"<p>In memory of the 100th anniversary of the Great Victory, written by director, screenwriter, producer, actor, and author Turgut Yasalar<\/p>","protected":false},"author":1,"featured_media":6702,"comment_status":"open","ping_status":"open","sticky":false,"template":"","format":"standard","meta":{"pgc_sgb_lightbox_settings":"","cybocfi_hide_featured_image":"","footnotes":""},"categories":[1429,225,1431],"tags":[1485,1483,1484,1481,1482],"class_list":["post-6700","post","type-post","status-publish","format-standard","has-post-thumbnail","hentry","category-guncel","category-haberler","category-slider","tag-ali-samil-buyuk-taarruzun-kucuk-tanigi","tag-antalya-film-festivali","tag-leoparin-kuyrugu","tag-turgut-yasalar","tag-yonetmen"],"yoast_head":"<!-- This site is optimized with the Yoast SEO Premium plugin v25.4 (Yoast SEO v25.4) - https:\/\/yoast.com\/wordpress\/plugins\/seo\/ -->\n<title>B\u00fcy\u00fck Zafer\u2019in 100. y\u0131l\u0131 an\u0131s\u0131na\u2026 - Floraplus<\/title>\n<meta name=\"robots\" content=\"index, follow, max-snippet:-1, max-image-preview:large, max-video-preview:-1\" \/>\n<link rel=\"canonical\" href=\"http:\/\/floraplus.net\/en\/2022\/08\/29\/in-memory-of-the-100th-anniversary-of-the-great-victory\/\" \/>\n<meta property=\"og:locale\" content=\"en_US\" \/>\n<meta property=\"og:type\" content=\"article\" \/>\n<meta property=\"og:title\" content=\"B\u00fcy\u00fck Zafer\u2019in 100. y\u0131l\u0131 an\u0131s\u0131na\u2026\" \/>\n<meta property=\"og:description\" content=\"Y\u00f6netmen, senarist, yap\u0131mc\u0131, sinema oyuncusu, yazar Turgut Yasalar\u2019\u0131n kaleminden \u00e7\u0131kan B\u00fcy\u00fck zaferin 100. y\u0131l\u0131 an\u0131s\u0131na\" \/>\n<meta property=\"og:url\" content=\"http:\/\/floraplus.net\/en\/2022\/08\/29\/in-memory-of-the-100th-anniversary-of-the-great-victory\/\" \/>\n<meta property=\"og:site_name\" content=\"Floraplus\" \/>\n<meta property=\"article:publisher\" content=\"https:\/\/www.facebook.com\/floraplusdergisi\" \/>\n<meta property=\"article:published_time\" content=\"2022-08-29T05:30:55+00:00\" \/>\n<meta property=\"article:modified_time\" content=\"2022-08-29T05:38:41+00:00\" \/>\n<meta property=\"og:image\" content=\"https:\/\/floraplus.net\/wp-content\/uploads\/2022\/08\/ALISAMILGORSEL-min-1.jpg\" \/>\n\t<meta property=\"og:image:width\" content=\"1596\" \/>\n\t<meta property=\"og:image:height\" content=\"2479\" \/>\n\t<meta property=\"og:image:type\" content=\"image\/jpeg\" \/>\n<meta name=\"author\" content=\"floraplus_admin\" \/>\n<meta name=\"twitter:card\" content=\"summary_large_image\" \/>\n<meta name=\"twitter:label1\" content=\"Written by\" \/>\n\t<meta name=\"twitter:data1\" content=\"floraplus_admin\" \/>\n\t<meta name=\"twitter:label2\" content=\"Est. reading time\" \/>\n\t<meta name=\"twitter:data2\" content=\"2 minutes\" \/>\n<script type=\"application\/ld+json\" class=\"yoast-schema-graph\">{\"@context\":\"https:\/\/schema.org\",\"@graph\":[{\"@type\":\"Article\",\"@id\":\"http:\/\/floraplus.net\/tr_tr\/2022\/08\/29\/buyuk-zaferin-100-yili-anisina\/#article\",\"isPartOf\":{\"@id\":\"http:\/\/floraplus.net\/tr_tr\/2022\/08\/29\/buyuk-zaferin-100-yili-anisina\/\"},\"author\":{\"name\":\"floraplus_admin\",\"@id\":\"https:\/\/floraplus.net\/en\/#\/schema\/person\/7263fcd2e50448ecd875951558a1f277\"},\"headline\":\"B\u00fcy\u00fck Zafer\u2019in 100. y\u0131l\u0131 an\u0131s\u0131na\u2026\",\"datePublished\":\"2022-08-29T05:30:55+00:00\",\"dateModified\":\"2022-08-29T05:38:41+00:00\",\"mainEntityOfPage\":{\"@id\":\"http:\/\/floraplus.net\/tr_tr\/2022\/08\/29\/buyuk-zaferin-100-yili-anisina\/\"},\"wordCount\":319,\"commentCount\":0,\"publisher\":{\"@id\":\"https:\/\/floraplus.net\/en\/#organization\"},\"image\":{\"@id\":\"http:\/\/floraplus.net\/tr_tr\/2022\/08\/29\/buyuk-zaferin-100-yili-anisina\/#primaryimage\"},\"thumbnailUrl\":\"https:\/\/floraplus.net\/wp-content\/uploads\/2022\/08\/ALISAMILGORSEL-min-1.jpg\",\"keywords\":[\"ali \u015famil b\u00fcy\u00fck taarruzun k\u00fc\u00e7\u00fck tan\u0131\u011f\u0131\",\"antalya film festivali\",\"leopar\u0131n kuyru\u011fu\",\"turgut yasalar\",\"y\u00f6netmen\"],\"articleSection\":[\"G\u00fcncel\",\"Haberler\",\"Slider\"],\"inLanguage\":\"en-US\",\"potentialAction\":[{\"@type\":\"CommentAction\",\"name\":\"Comment\",\"target\":[\"http:\/\/floraplus.net\/tr_tr\/2022\/08\/29\/buyuk-zaferin-100-yili-anisina\/#respond\"]}]},{\"@type\":\"WebPage\",\"@id\":\"http:\/\/floraplus.net\/tr_tr\/2022\/08\/29\/buyuk-zaferin-100-yili-anisina\/\",\"url\":\"http:\/\/floraplus.net\/tr_tr\/2022\/08\/29\/buyuk-zaferin-100-yili-anisina\/\",\"name\":\"B\u00fcy\u00fck Zafer\u2019in 100. y\u0131l\u0131 an\u0131s\u0131na\u2026 - Floraplus\",\"isPartOf\":{\"@id\":\"https:\/\/floraplus.net\/en\/#website\"},\"primaryImageOfPage\":{\"@id\":\"http:\/\/floraplus.net\/tr_tr\/2022\/08\/29\/buyuk-zaferin-100-yili-anisina\/#primaryimage\"},\"image\":{\"@id\":\"http:\/\/floraplus.net\/tr_tr\/2022\/08\/29\/buyuk-zaferin-100-yili-anisina\/#primaryimage\"},\"thumbnailUrl\":\"https:\/\/floraplus.net\/wp-content\/uploads\/2022\/08\/ALISAMILGORSEL-min-1.jpg\",\"datePublished\":\"2022-08-29T05:30:55+00:00\",\"dateModified\":\"2022-08-29T05:38:41+00:00\",\"breadcrumb\":{\"@id\":\"http:\/\/floraplus.net\/tr_tr\/2022\/08\/29\/buyuk-zaferin-100-yili-anisina\/#breadcrumb\"},\"inLanguage\":\"en-US\",\"potentialAction\":[{\"@type\":\"ReadAction\",\"target\":[\"http:\/\/floraplus.net\/tr_tr\/2022\/08\/29\/buyuk-zaferin-100-yili-anisina\/\"]}]},{\"@type\":\"ImageObject\",\"inLanguage\":\"en-US\",\"@id\":\"http:\/\/floraplus.net\/tr_tr\/2022\/08\/29\/buyuk-zaferin-100-yili-anisina\/#primaryimage\",\"url\":\"https:\/\/floraplus.net\/wp-content\/uploads\/2022\/08\/ALISAMILGORSEL-min-1.jpg\",\"contentUrl\":\"https:\/\/floraplus.net\/wp-content\/uploads\/2022\/08\/ALISAMILGORSEL-min-1.jpg\",\"width\":1596,\"height\":2479},{\"@type\":\"BreadcrumbList\",\"@id\":\"http:\/\/floraplus.net\/tr_tr\/2022\/08\/29\/buyuk-zaferin-100-yili-anisina\/#breadcrumb\",\"itemListElement\":[{\"@type\":\"ListItem\",\"position\":1,\"name\":\"Home\",\"item\":\"https:\/\/floraplus.net\/en\/\"},{\"@type\":\"ListItem\",\"position\":2,\"name\":\"B\u00fcy\u00fck Zafer\u2019in 100. y\u0131l\u0131 an\u0131s\u0131na\u2026\"}]},{\"@type\":\"WebSite\",\"@id\":\"https:\/\/floraplus.net\/en\/#website\",\"url\":\"https:\/\/floraplus.net\/en\/\",\"name\":\"Floraplus\",\"description\":\"Peyzaj, peyzaj mimarl\u0131\u011f\u0131, peyzaj bitkileri, s\u00fcs ve bah\u00e7e\u00a0bitkileri\",\"publisher\":{\"@id\":\"https:\/\/floraplus.net\/en\/#organization\"},\"potentialAction\":[{\"@type\":\"SearchAction\",\"target\":{\"@type\":\"EntryPoint\",\"urlTemplate\":\"https:\/\/floraplus.net\/en\/?s={search_term_string}\"},\"query-input\":{\"@type\":\"PropertyValueSpecification\",\"valueRequired\":true,\"valueName\":\"search_term_string\"}}],\"inLanguage\":\"en-US\"},{\"@type\":\"Organization\",\"@id\":\"https:\/\/floraplus.net\/en\/#organization\",\"name\":\"Floraplus\",\"url\":\"https:\/\/floraplus.net\/en\/\",\"logo\":{\"@type\":\"ImageObject\",\"inLanguage\":\"en-US\",\"@id\":\"https:\/\/floraplus.net\/en\/#\/schema\/logo\/image\/\",\"url\":\"https:\/\/floraplus.net\/wp-content\/uploads\/2021\/08\/logo-e1627994475388.png\",\"contentUrl\":\"https:\/\/floraplus.net\/wp-content\/uploads\/2021\/08\/logo-e1627994475388.png\",\"width\":251,\"height\":81,\"caption\":\"Floraplus\"},\"image\":{\"@id\":\"https:\/\/floraplus.net\/en\/#\/schema\/logo\/image\/\"},\"sameAs\":[\"https:\/\/www.facebook.com\/floraplusdergisi\",\"https:\/\/www.instagram.com\/floraplusdergisi\/\"]},{\"@type\":\"Person\",\"@id\":\"https:\/\/floraplus.net\/en\/#\/schema\/person\/7263fcd2e50448ecd875951558a1f277\",\"name\":\"floraplus_admin\",\"sameAs\":[\"http:\/\/test.floraplus.net\"],\"url\":\"https:\/\/floraplus.net\/en\/author\/floraplus_admin\/\"}]}<\/script>\n<!-- \/ Yoast SEO Premium plugin. -->","yoast_head_json":{"title":"B\u00fcy\u00fck Zafer\u2019in 100. y\u0131l\u0131 an\u0131s\u0131na\u2026 - Floraplus","robots":{"index":"index","follow":"follow","max-snippet":"max-snippet:-1","max-image-preview":"max-image-preview:large","max-video-preview":"max-video-preview:-1"},"canonical":"http:\/\/floraplus.net\/en\/2022\/08\/29\/in-memory-of-the-100th-anniversary-of-the-great-victory\/","og_locale":"en_US","og_type":"article","og_title":"B\u00fcy\u00fck Zafer\u2019in 100. y\u0131l\u0131 an\u0131s\u0131na\u2026","og_description":"Y\u00f6netmen, senarist, yap\u0131mc\u0131, sinema oyuncusu, yazar Turgut Yasalar\u2019\u0131n kaleminden \u00e7\u0131kan B\u00fcy\u00fck zaferin 100. y\u0131l\u0131 an\u0131s\u0131na","og_url":"http:\/\/floraplus.net\/en\/2022\/08\/29\/in-memory-of-the-100th-anniversary-of-the-great-victory\/","og_site_name":"Floraplus","article_publisher":"https:\/\/www.facebook.com\/floraplusdergisi","article_published_time":"2022-08-29T05:30:55+00:00","article_modified_time":"2022-08-29T05:38:41+00:00","og_image":[{"width":1596,"height":2479,"url":"https:\/\/floraplus.net\/wp-content\/uploads\/2022\/08\/ALISAMILGORSEL-min-1.jpg","type":"image\/jpeg"}],"author":"floraplus_admin","twitter_card":"summary_large_image","twitter_misc":{"Written by":"floraplus_admin","Est. reading time":"2 minutes"},"schema":{"@context":"https:\/\/schema.org","@graph":[{"@type":"Article","@id":"http:\/\/floraplus.net\/tr_tr\/2022\/08\/29\/buyuk-zaferin-100-yili-anisina\/#article","isPartOf":{"@id":"http:\/\/floraplus.net\/tr_tr\/2022\/08\/29\/buyuk-zaferin-100-yili-anisina\/"},"author":{"name":"floraplus_admin","@id":"https:\/\/floraplus.net\/en\/#\/schema\/person\/7263fcd2e50448ecd875951558a1f277"},"headline":"B\u00fcy\u00fck Zafer\u2019in 100. y\u0131l\u0131 an\u0131s\u0131na\u2026","datePublished":"2022-08-29T05:30:55+00:00","dateModified":"2022-08-29T05:38:41+00:00","mainEntityOfPage":{"@id":"http:\/\/floraplus.net\/tr_tr\/2022\/08\/29\/buyuk-zaferin-100-yili-anisina\/"},"wordCount":319,"commentCount":0,"publisher":{"@id":"https:\/\/floraplus.net\/en\/#organization"},"image":{"@id":"http:\/\/floraplus.net\/tr_tr\/2022\/08\/29\/buyuk-zaferin-100-yili-anisina\/#primaryimage"},"thumbnailUrl":"https:\/\/floraplus.net\/wp-content\/uploads\/2022\/08\/ALISAMILGORSEL-min-1.jpg","keywords":["ali \u015famil b\u00fcy\u00fck taarruzun k\u00fc\u00e7\u00fck tan\u0131\u011f\u0131","antalya film festivali","leopar\u0131n kuyru\u011fu","turgut yasalar","y\u00f6netmen"],"articleSection":["G\u00fcncel","Haberler","Slider"],"inLanguage":"en-US","potentialAction":[{"@type":"CommentAction","name":"Comment","target":["http:\/\/floraplus.net\/tr_tr\/2022\/08\/29\/buyuk-zaferin-100-yili-anisina\/#respond"]}]},{"@type":"WebPage","@id":"http:\/\/floraplus.net\/tr_tr\/2022\/08\/29\/buyuk-zaferin-100-yili-anisina\/","url":"http:\/\/floraplus.net\/tr_tr\/2022\/08\/29\/buyuk-zaferin-100-yili-anisina\/","name":"B\u00fcy\u00fck Zafer\u2019in 100. y\u0131l\u0131 an\u0131s\u0131na\u2026 - Floraplus","isPartOf":{"@id":"https:\/\/floraplus.net\/en\/#website"},"primaryImageOfPage":{"@id":"http:\/\/floraplus.net\/tr_tr\/2022\/08\/29\/buyuk-zaferin-100-yili-anisina\/#primaryimage"},"image":{"@id":"http:\/\/floraplus.net\/tr_tr\/2022\/08\/29\/buyuk-zaferin-100-yili-anisina\/#primaryimage"},"thumbnailUrl":"https:\/\/floraplus.net\/wp-content\/uploads\/2022\/08\/ALISAMILGORSEL-min-1.jpg","datePublished":"2022-08-29T05:30:55+00:00","dateModified":"2022-08-29T05:38:41+00:00","breadcrumb":{"@id":"http:\/\/floraplus.net\/tr_tr\/2022\/08\/29\/buyuk-zaferin-100-yili-anisina\/#breadcrumb"},"inLanguage":"en-US","potentialAction":[{"@type":"ReadAction","target":["http:\/\/floraplus.net\/tr_tr\/2022\/08\/29\/buyuk-zaferin-100-yili-anisina\/"]}]},{"@type":"ImageObject","inLanguage":"en-US","@id":"http:\/\/floraplus.net\/tr_tr\/2022\/08\/29\/buyuk-zaferin-100-yili-anisina\/#primaryimage","url":"https:\/\/floraplus.net\/wp-content\/uploads\/2022\/08\/ALISAMILGORSEL-min-1.jpg","contentUrl":"https:\/\/floraplus.net\/wp-content\/uploads\/2022\/08\/ALISAMILGORSEL-min-1.jpg","width":1596,"height":2479},{"@type":"BreadcrumbList","@id":"http:\/\/floraplus.net\/tr_tr\/2022\/08\/29\/buyuk-zaferin-100-yili-anisina\/#breadcrumb","itemListElement":[{"@type":"ListItem","position":1,"name":"Home","item":"https:\/\/floraplus.net\/en\/"},{"@type":"ListItem","position":2,"name":"B\u00fcy\u00fck Zafer\u2019in 100. y\u0131l\u0131 an\u0131s\u0131na\u2026"}]},{"@type":"WebSite","@id":"https:\/\/floraplus.net\/en\/#website","url":"https:\/\/floraplus.net\/en\/","name":"Floraplus","description":"Peyzaj, peyzaj mimarl\u0131\u011f\u0131, peyzaj bitkileri, s\u00fcs ve bah\u00e7e\u00a0bitkileri","publisher":{"@id":"https:\/\/floraplus.net\/en\/#organization"},"potentialAction":[{"@type":"SearchAction","target":{"@type":"EntryPoint","urlTemplate":"https:\/\/floraplus.net\/en\/?s={search_term_string}"},"query-input":{"@type":"PropertyValueSpecification","valueRequired":true,"valueName":"search_term_string"}}],"inLanguage":"en-US"},{"@type":"Organization","@id":"https:\/\/floraplus.net\/en\/#organization","name":"Floraplus","url":"https:\/\/floraplus.net\/en\/","logo":{"@type":"ImageObject","inLanguage":"en-US","@id":"https:\/\/floraplus.net\/en\/#\/schema\/logo\/image\/","url":"https:\/\/floraplus.net\/wp-content\/uploads\/2021\/08\/logo-e1627994475388.png","contentUrl":"https:\/\/floraplus.net\/wp-content\/uploads\/2021\/08\/logo-e1627994475388.png","width":251,"height":81,"caption":"Floraplus"},"image":{"@id":"https:\/\/floraplus.net\/en\/#\/schema\/logo\/image\/"},"sameAs":["https:\/\/www.facebook.com\/floraplusdergisi","https:\/\/www.instagram.com\/floraplusdergisi\/"]},{"@type":"Person","@id":"https:\/\/floraplus.net\/en\/#\/schema\/person\/7263fcd2e50448ecd875951558a1f277","name":"floraplus_admin","sameAs":["http:\/\/test.floraplus.net"],"url":"https:\/\/floraplus.net\/en\/author\/floraplus_admin\/"}]}},"_links":{"self":[{"href":"https:\/\/floraplus.net\/en\/wp-json\/wp\/v2\/posts\/6700","targetHints":{"allow":["GET"]}}],"collection":[{"href":"https:\/\/floraplus.net\/en\/wp-json\/wp\/v2\/posts"}],"about":[{"href":"https:\/\/floraplus.net\/en\/wp-json\/wp\/v2\/types\/post"}],"author":[{"embeddable":true,"href":"https:\/\/floraplus.net\/en\/wp-json\/wp\/v2\/users\/1"}],"replies":[{"embeddable":true,"href":"https:\/\/floraplus.net\/en\/wp-json\/wp\/v2\/comments?post=6700"}],"version-history":[{"count":3,"href":"https:\/\/floraplus.net\/en\/wp-json\/wp\/v2\/posts\/6700\/revisions"}],"predecessor-version":[{"id":6709,"href":"https:\/\/floraplus.net\/en\/wp-json\/wp\/v2\/posts\/6700\/revisions\/6709"}],"wp:featuredmedia":[{"embeddable":true,"href":"https:\/\/floraplus.net\/en\/wp-json\/wp\/v2\/media\/6702"}],"wp:attachment":[{"href":"https:\/\/floraplus.net\/en\/wp-json\/wp\/v2\/media?parent=6700"}],"wp:term":[{"taxonomy":"category","embeddable":true,"href":"https:\/\/floraplus.net\/en\/wp-json\/wp\/v2\/categories?post=6700"},{"taxonomy":"post_tag","embeddable":true,"href":"https:\/\/floraplus.net\/en\/wp-json\/wp\/v2\/tags?post=6700"}],"curies":[{"name":"wp","href":"https:\/\/api.w.org\/{rel}","templated":true}]}}