{"id":6728,"date":"2022-09-12T16:15:02","date_gmt":"2022-09-12T13:15:02","guid":{"rendered":"http:\/\/floraplus.net\/?p=6728"},"modified":"2022-09-12T16:15:03","modified_gmt":"2022-09-12T13:15:03","slug":"mustafa-gultekin-gokgul-istanbul-ve-londra-fuarlari","status":"publish","type":"post","link":"https:\/\/floraplus.net\/en\/2022\/09\/12\/mustafa-gultekin-gokgul-istanbul-and-london-fairs\/","title":{"rendered":"Mustafa G\u00fcltekin G\u00f6kg\u00fcl Istanbul and London Fairs\u2026 \u00a0"},"content":{"rendered":"<p>Mustafa G\u00fcltekin G\u00f6kg\u00fcl began his career as a student at Hacettepe University. While studying during his free time, he worked at construction fairs at the request of the Construction Industry Center. He worked on building automation, security systems, advertising, outdoor advertising, and food fairs. While working full-time, he also served as project manager for some fairs. G\u00f6kg\u00fcl, who first became acquainted with the ornamental plant and landscaping sector at the CYF in Yalova, realized that the international interest he had attracted at the 2009 Yalova fair would translate into significant potential at the 2010 IPM. His fluent English and sales experience enabled him to manage Flowershow&#039;s international connections.<\/p>\n\n\n<div class=\"wp-block-image\">\n<figure class=\"aligncenter size-large\"><img loading=\"lazy\" decoding=\"async\" width=\"632\" height=\"1024\" src=\"http:\/\/floraplus.net\/wp-content\/uploads\/2022\/09\/WhatsApp-Image-2022-09-12-at-16.08.21-632x1024.jpeg\" alt=\"\" class=\"wp-image-6732\" srcset=\"https:\/\/floraplus.net\/wp-content\/uploads\/2022\/09\/WhatsApp-Image-2022-09-12-at-16.08.21-632x1024.jpeg 632w, https:\/\/floraplus.net\/wp-content\/uploads\/2022\/09\/WhatsApp-Image-2022-09-12-at-16.08.21-185x300.jpeg 185w, https:\/\/floraplus.net\/wp-content\/uploads\/2022\/09\/WhatsApp-Image-2022-09-12-at-16.08.21-768x1244.jpeg 768w, https:\/\/floraplus.net\/wp-content\/uploads\/2022\/09\/WhatsApp-Image-2022-09-12-at-16.08.21-948x1536.jpeg 948w, https:\/\/floraplus.net\/wp-content\/uploads\/2022\/09\/WhatsApp-Image-2022-09-12-at-16.08.21.jpeg 988w\" sizes=\"auto, (max-width: 632px) 100vw, 632px\" \/><figcaption>Mustafa Gultekin Gokgul<\/figcaption><\/figure>\n<\/div>\n\n\n<p><strong>He introduced T\u00fcrkiye abroad\u2026<\/strong><\/p>\n\n\n\n<p>According to Mustafa G\u00fcltekin G\u00f6kg\u00fcl, when the sector fair moved to Istanbul, Turkish plant production was not widely known abroad. This was because Turkish companies traveling abroad only went for their own business and chose not to promote the sector and production in Turkey. There was a clear prejudice against T\u00fcrkiye abroad.<\/p>\n\n\n\n<p><strong>The foreigners were astonished\u2026<\/strong><\/p>\n\n\n\n<p>G\u00f6kg\u00fcl analyzes the period, saying, &quot;CYF and Flowershow introduced Turkish producers and the industry to the world, and this is their greatest contribution to the industry.&quot; He explains, &quot;Especially in 2011, when three halls were filled, everyone asked each other, &#039;Are we really that big of an industry?&#039; The fair made a splash worldwide, and foreigners were surprised because they didn&#039;t believe the Turkish industry could pull off a professional fair. They were deeply impressed, and the entire IPM board and team were at the Istanbul Fair Center as visitors. In later years, Floraplus Magazine even published a daily newspaper in English and Turkish during the fair.&quot;&nbsp;&nbsp; &nbsp;&nbsp;<\/p>\n\n\n\n<p><strong>Every rise has its fall\u2026<\/strong><\/p>\n\n\n\n<p>Whether Mustafa G\u00fcltekin G\u00f6kg\u00fcl elaborates or not, everyone knows that every rise must come to a fall, and it did. The relocation of the Ye\u015filk\u00f6y fair to Beylikd\u00fcz\u00fc, the economic crisis, and the subsequent pandemic\u2026 Now, an internationally recognized open-air exhibition in Sapanca, Sakarya, another internationally recognized fair in Antalya, and the \u00d6demi\u015f Exhibition, an enduring industry classic, held outdoors\u2026 This is the overall picture of the past year and yours.<\/p>\n\n\n\n<p><strong>Untapped potential\u2026<\/strong><\/p>\n\n\n\n<p>So, given the current state of the industry, how could two consecutive fairs be held\u2014October 13-16, 2022, in Istanbul, and May 2023, in London? We asked Athena General Manager Mustafa G\u00fcltekin G\u00f6kg\u00fcl about this. He explained that the industry has untapped potential for years and that he&#039;s been closely monitoring it. However, we were once a sector that didn&#039;t care about fairs. He added that if fairs were considered, they could open many new doors for the sector.<\/p>\n\n\n\n<p><strong>You cannot organize an international fair with just one fair\u2026<\/strong><\/p>\n\n\n\n<p>Drawing on his previous trade fair experiences and assessing the sector&#039;s expectations and desires, G\u00f6kg\u00fcl planned a trade fair in Ye\u015filk\u00f6y, Istanbul, and established the necessary connections. However, holding a trade fair in Istanbul wasn&#039;t enough. Simply opening a trade fair and trying to create an international market wasn&#039;t enough to bring the sector&#039;s global representatives here. So how could he do this? Perhaps he needed to bring the sector to them. This was precisely why he opened the London Trade Fair. Later, as the trade balance at these fairs stabilized and companies&#039; expectations in that market diminished, it was necessary to find markets in other countries. In other words, new trade fairs would be planned in other countries.<\/p>\n\n\n\n<p><strong>Not just London, but other countries and other cities\u2026<\/strong><\/p>\n\n\n\n<p>So, what was the state of the London Fair? We asked G\u00f6kg\u00fcl about this. He stated that the London Fair had attracted interest from the Netherlands, Italy, and Germany, and that they were making significant progress, but he also outlined the challenges. He emphasized that he and his London partner were working together with Turkey and other countries for the London Fair. He said that while working on the London Fair, companies in almost every country emphasized the importance of the UK market. However, he also explained that he was aware that Turkish companies were showing interest primarily because some companies were selling products to the UK. &nbsp;<\/p>\n\n\n\n<p><strong>We are not just going for momentary commercial gains\u2026<\/strong><\/p>\n\n\n\n<p>An international fair needed to be organized in Istanbul, our country&#039;s largest ornamental plant consumption region. So, what&#039;s the current status of the Istanbul fair, currently being held at the Ye\u015filk\u00f6y IFM? He emphasizes that interest in the fair is growing, but that it reflects the industry&#039;s product diversity, which is a success: &quot;Every time I step back, look at where we&#039;ve reached, and say, &#039;I won&#039;t stray from my path.&#039; Commercial considerations alone won&#039;t bring lasting success... We will continue on our path with organizations and producers who understand this. I believe the industry will fully understand this in time. We believe Turkey is on the verge of a major transformation. There are significant benefits to extending this increasingly evident change to all economic segments.&quot; \u00a0\u00a0\u00a0\u00a0\u00a0<\/p>\n\n\n\n<figure class=\"wp-block-image size-full\"><img loading=\"lazy\" decoding=\"async\" width=\"820\" height=\"312\" src=\"http:\/\/floraplus.net\/wp-content\/uploads\/2022\/09\/278879049_158931113207345_9004952895021782135_n.jpg\" alt=\"\" class=\"wp-image-6730\" srcset=\"https:\/\/floraplus.net\/wp-content\/uploads\/2022\/09\/278879049_158931113207345_9004952895021782135_n.jpg 820w, https:\/\/floraplus.net\/wp-content\/uploads\/2022\/09\/278879049_158931113207345_9004952895021782135_n-300x114.jpg 300w, https:\/\/floraplus.net\/wp-content\/uploads\/2022\/09\/278879049_158931113207345_9004952895021782135_n-768x292.jpg 768w\" sizes=\"auto, (max-width: 820px) 100vw, 820px\" \/><\/figure>","protected":false},"excerpt":{"rendered":"<p>Mustafa G\u00fcltekin G\u00f6kg\u00fcl started his career as a student at Hacettepe University. He worked at the Construction Industry Center when he had no exams.<\/p>","protected":false},"author":1,"featured_media":6731,"comment_status":"open","ping_status":"open","sticky":false,"template":"","format":"standard","meta":{"pgc_sgb_lightbox_settings":"","cybocfi_hide_featured_image":"","footnotes":""},"categories":[1,1429,225,1428,1431],"tags":[1487,1486,1002,1087,1465],"class_list":["post-6728","post","type-post","status-publish","format-standard","has-post-thumbnail","hentry","category-genel","category-guncel","category-haberler","category-projeler","category-slider","tag-istanbul-fuari","tag-londra-fuari","tag-mustafa-gultekin-gokgul","tag-peyzaj","tag-peyzaj-istanbul-fuari"],"yoast_head":"<!-- This site is optimized with the Yoast SEO Premium plugin v25.4 (Yoast SEO v25.4) - https:\/\/yoast.com\/wordpress\/plugins\/seo\/ -->\n<title>Mustafa G\u00fcltekin G\u00f6kg\u00fcl \u0130stanbul ve Londra Fuarlar\u0131\u2026 \u00a0 - Floraplus<\/title>\n<meta name=\"robots\" content=\"index, follow, max-snippet:-1, max-image-preview:large, max-video-preview:-1\" \/>\n<link rel=\"canonical\" href=\"https:\/\/floraplus.net\/en\/2022\/09\/12\/mustafa-gultekin-gokgul-istanbul-and-london-fairs\/\" \/>\n<meta property=\"og:locale\" content=\"en_US\" \/>\n<meta property=\"og:type\" content=\"article\" \/>\n<meta property=\"og:title\" content=\"Mustafa G\u00fcltekin G\u00f6kg\u00fcl \u0130stanbul ve Londra Fuarlar\u0131\u2026 \u00a0\" \/>\n<meta property=\"og:description\" content=\"Mustafa G\u00fcltekin G\u00f6kg\u00fcl mesle\u011fe Hacettepe \u00dcniversitesi \u00a0\u00f6\u011frencisiyken ba\u015flad\u0131. S\u0131nav\u0131 olmad\u0131\u011f\u0131 zamanlarda \u00e7al\u0131\u015f\u0131rken Yap\u0131 End\u00fcstri Merkezi\u2019nin\" \/>\n<meta property=\"og:url\" content=\"https:\/\/floraplus.net\/en\/2022\/09\/12\/mustafa-gultekin-gokgul-istanbul-and-london-fairs\/\" \/>\n<meta property=\"og:site_name\" content=\"Floraplus\" \/>\n<meta property=\"article:publisher\" content=\"https:\/\/www.facebook.com\/floraplusdergisi\" \/>\n<meta property=\"article:published_time\" content=\"2022-09-12T13:15:02+00:00\" \/>\n<meta property=\"article:modified_time\" content=\"2022-09-12T13:15:03+00:00\" \/>\n<meta property=\"og:image\" content=\"https:\/\/floraplus.net\/wp-content\/uploads\/2022\/09\/WhatsApp-Image-2022-09-12-at-16.08.18-1.jpeg\" \/>\n\t<meta property=\"og:image:width\" content=\"1600\" \/>\n\t<meta property=\"og:image:height\" content=\"1059\" \/>\n\t<meta property=\"og:image:type\" content=\"image\/jpeg\" \/>\n<meta name=\"author\" content=\"floraplus_admin\" \/>\n<meta name=\"twitter:card\" content=\"summary_large_image\" \/>\n<meta name=\"twitter:label1\" content=\"Written by\" \/>\n\t<meta name=\"twitter:data1\" content=\"floraplus_admin\" \/>\n\t<meta name=\"twitter:label2\" content=\"Est. reading time\" \/>\n\t<meta name=\"twitter:data2\" content=\"5 minutes\" \/>\n<script type=\"application\/ld+json\" class=\"yoast-schema-graph\">{\"@context\":\"https:\/\/schema.org\",\"@graph\":[{\"@type\":\"Article\",\"@id\":\"https:\/\/floraplus.net\/tr_tr\/2022\/09\/12\/mustafa-gultekin-gokgul-istanbul-ve-londra-fuarlari\/#article\",\"isPartOf\":{\"@id\":\"https:\/\/floraplus.net\/tr_tr\/2022\/09\/12\/mustafa-gultekin-gokgul-istanbul-ve-londra-fuarlari\/\"},\"author\":{\"name\":\"floraplus_admin\",\"@id\":\"https:\/\/floraplus.net\/en\/#\/schema\/person\/7263fcd2e50448ecd875951558a1f277\"},\"headline\":\"Mustafa G\u00fcltekin G\u00f6kg\u00fcl \u0130stanbul ve Londra Fuarlar\u0131\u2026 \u00a0\",\"datePublished\":\"2022-09-12T13:15:02+00:00\",\"dateModified\":\"2022-09-12T13:15:03+00:00\",\"mainEntityOfPage\":{\"@id\":\"https:\/\/floraplus.net\/tr_tr\/2022\/09\/12\/mustafa-gultekin-gokgul-istanbul-ve-londra-fuarlari\/\"},\"wordCount\":941,\"commentCount\":0,\"publisher\":{\"@id\":\"https:\/\/floraplus.net\/en\/#organization\"},\"image\":{\"@id\":\"https:\/\/floraplus.net\/tr_tr\/2022\/09\/12\/mustafa-gultekin-gokgul-istanbul-ve-londra-fuarlari\/#primaryimage\"},\"thumbnailUrl\":\"https:\/\/floraplus.net\/wp-content\/uploads\/2022\/09\/WhatsApp-Image-2022-09-12-at-16.08.18-1.jpeg\",\"keywords\":[\"istanbul fuar\u0131\",\"londra fuar\u0131\",\"Mustafa G\u00fcltekin G\u00f6kg\u00fcl\",\"Peyzaj\",\"peyzaj istanbul fuar\u0131\"],\"articleSection\":[\"Genel\",\"G\u00fcncel\",\"Haberler\",\"Projeler\",\"Slider\"],\"inLanguage\":\"en-US\",\"potentialAction\":[{\"@type\":\"CommentAction\",\"name\":\"Comment\",\"target\":[\"https:\/\/floraplus.net\/tr_tr\/2022\/09\/12\/mustafa-gultekin-gokgul-istanbul-ve-londra-fuarlari\/#respond\"]}]},{\"@type\":\"WebPage\",\"@id\":\"https:\/\/floraplus.net\/tr_tr\/2022\/09\/12\/mustafa-gultekin-gokgul-istanbul-ve-londra-fuarlari\/\",\"url\":\"https:\/\/floraplus.net\/tr_tr\/2022\/09\/12\/mustafa-gultekin-gokgul-istanbul-ve-londra-fuarlari\/\",\"name\":\"Mustafa G\u00fcltekin G\u00f6kg\u00fcl \u0130stanbul ve Londra Fuarlar\u0131\u2026 \u00a0 - Floraplus\",\"isPartOf\":{\"@id\":\"https:\/\/floraplus.net\/en\/#website\"},\"primaryImageOfPage\":{\"@id\":\"https:\/\/floraplus.net\/tr_tr\/2022\/09\/12\/mustafa-gultekin-gokgul-istanbul-ve-londra-fuarlari\/#primaryimage\"},\"image\":{\"@id\":\"https:\/\/floraplus.net\/tr_tr\/2022\/09\/12\/mustafa-gultekin-gokgul-istanbul-ve-londra-fuarlari\/#primaryimage\"},\"thumbnailUrl\":\"https:\/\/floraplus.net\/wp-content\/uploads\/2022\/09\/WhatsApp-Image-2022-09-12-at-16.08.18-1.jpeg\",\"datePublished\":\"2022-09-12T13:15:02+00:00\",\"dateModified\":\"2022-09-12T13:15:03+00:00\",\"breadcrumb\":{\"@id\":\"https:\/\/floraplus.net\/tr_tr\/2022\/09\/12\/mustafa-gultekin-gokgul-istanbul-ve-londra-fuarlari\/#breadcrumb\"},\"inLanguage\":\"en-US\",\"potentialAction\":[{\"@type\":\"ReadAction\",\"target\":[\"https:\/\/floraplus.net\/tr_tr\/2022\/09\/12\/mustafa-gultekin-gokgul-istanbul-ve-londra-fuarlari\/\"]}]},{\"@type\":\"ImageObject\",\"inLanguage\":\"en-US\",\"@id\":\"https:\/\/floraplus.net\/tr_tr\/2022\/09\/12\/mustafa-gultekin-gokgul-istanbul-ve-londra-fuarlari\/#primaryimage\",\"url\":\"https:\/\/floraplus.net\/wp-content\/uploads\/2022\/09\/WhatsApp-Image-2022-09-12-at-16.08.18-1.jpeg\",\"contentUrl\":\"https:\/\/floraplus.net\/wp-content\/uploads\/2022\/09\/WhatsApp-Image-2022-09-12-at-16.08.18-1.jpeg\",\"width\":1600,\"height\":1059},{\"@type\":\"BreadcrumbList\",\"@id\":\"https:\/\/floraplus.net\/tr_tr\/2022\/09\/12\/mustafa-gultekin-gokgul-istanbul-ve-londra-fuarlari\/#breadcrumb\",\"itemListElement\":[{\"@type\":\"ListItem\",\"position\":1,\"name\":\"Home\",\"item\":\"https:\/\/floraplus.net\/en\/\"},{\"@type\":\"ListItem\",\"position\":2,\"name\":\"Mustafa G\u00fcltekin G\u00f6kg\u00fcl \u0130stanbul ve Londra Fuarlar\u0131\u2026 \u00a0\"}]},{\"@type\":\"WebSite\",\"@id\":\"https:\/\/floraplus.net\/en\/#website\",\"url\":\"https:\/\/floraplus.net\/en\/\",\"name\":\"Floraplus\",\"description\":\"Peyzaj, peyzaj mimarl\u0131\u011f\u0131, peyzaj bitkileri, s\u00fcs ve bah\u00e7e\u00a0bitkileri\",\"publisher\":{\"@id\":\"https:\/\/floraplus.net\/en\/#organization\"},\"potentialAction\":[{\"@type\":\"SearchAction\",\"target\":{\"@type\":\"EntryPoint\",\"urlTemplate\":\"https:\/\/floraplus.net\/en\/?s={search_term_string}\"},\"query-input\":{\"@type\":\"PropertyValueSpecification\",\"valueRequired\":true,\"valueName\":\"search_term_string\"}}],\"inLanguage\":\"en-US\"},{\"@type\":\"Organization\",\"@id\":\"https:\/\/floraplus.net\/en\/#organization\",\"name\":\"Floraplus\",\"url\":\"https:\/\/floraplus.net\/en\/\",\"logo\":{\"@type\":\"ImageObject\",\"inLanguage\":\"en-US\",\"@id\":\"https:\/\/floraplus.net\/en\/#\/schema\/logo\/image\/\",\"url\":\"https:\/\/floraplus.net\/wp-content\/uploads\/2021\/08\/logo-e1627994475388.png\",\"contentUrl\":\"https:\/\/floraplus.net\/wp-content\/uploads\/2021\/08\/logo-e1627994475388.png\",\"width\":251,\"height\":81,\"caption\":\"Floraplus\"},\"image\":{\"@id\":\"https:\/\/floraplus.net\/en\/#\/schema\/logo\/image\/\"},\"sameAs\":[\"https:\/\/www.facebook.com\/floraplusdergisi\",\"https:\/\/www.instagram.com\/floraplusdergisi\/\"]},{\"@type\":\"Person\",\"@id\":\"https:\/\/floraplus.net\/en\/#\/schema\/person\/7263fcd2e50448ecd875951558a1f277\",\"name\":\"floraplus_admin\",\"sameAs\":[\"http:\/\/test.floraplus.net\"],\"url\":\"https:\/\/floraplus.net\/en\/author\/floraplus_admin\/\"}]}<\/script>\n<!-- \/ Yoast SEO Premium plugin. -->","yoast_head_json":{"title":"Mustafa G\u00fcltekin G\u00f6kg\u00fcl \u0130stanbul ve Londra Fuarlar\u0131\u2026 \u00a0 - Floraplus","robots":{"index":"index","follow":"follow","max-snippet":"max-snippet:-1","max-image-preview":"max-image-preview:large","max-video-preview":"max-video-preview:-1"},"canonical":"https:\/\/floraplus.net\/en\/2022\/09\/12\/mustafa-gultekin-gokgul-istanbul-and-london-fairs\/","og_locale":"en_US","og_type":"article","og_title":"Mustafa G\u00fcltekin G\u00f6kg\u00fcl \u0130stanbul ve Londra Fuarlar\u0131\u2026 \u00a0","og_description":"Mustafa G\u00fcltekin G\u00f6kg\u00fcl mesle\u011fe Hacettepe \u00dcniversitesi \u00a0\u00f6\u011frencisiyken ba\u015flad\u0131. S\u0131nav\u0131 olmad\u0131\u011f\u0131 zamanlarda \u00e7al\u0131\u015f\u0131rken Yap\u0131 End\u00fcstri Merkezi\u2019nin","og_url":"https:\/\/floraplus.net\/en\/2022\/09\/12\/mustafa-gultekin-gokgul-istanbul-and-london-fairs\/","og_site_name":"Floraplus","article_publisher":"https:\/\/www.facebook.com\/floraplusdergisi","article_published_time":"2022-09-12T13:15:02+00:00","article_modified_time":"2022-09-12T13:15:03+00:00","og_image":[{"width":1600,"height":1059,"url":"https:\/\/floraplus.net\/wp-content\/uploads\/2022\/09\/WhatsApp-Image-2022-09-12-at-16.08.18-1.jpeg","type":"image\/jpeg"}],"author":"floraplus_admin","twitter_card":"summary_large_image","twitter_misc":{"Written by":"floraplus_admin","Est. reading time":"5 minutes"},"schema":{"@context":"https:\/\/schema.org","@graph":[{"@type":"Article","@id":"https:\/\/floraplus.net\/tr_tr\/2022\/09\/12\/mustafa-gultekin-gokgul-istanbul-ve-londra-fuarlari\/#article","isPartOf":{"@id":"https:\/\/floraplus.net\/tr_tr\/2022\/09\/12\/mustafa-gultekin-gokgul-istanbul-ve-londra-fuarlari\/"},"author":{"name":"floraplus_admin","@id":"https:\/\/floraplus.net\/en\/#\/schema\/person\/7263fcd2e50448ecd875951558a1f277"},"headline":"Mustafa G\u00fcltekin G\u00f6kg\u00fcl \u0130stanbul ve Londra Fuarlar\u0131\u2026 \u00a0","datePublished":"2022-09-12T13:15:02+00:00","dateModified":"2022-09-12T13:15:03+00:00","mainEntityOfPage":{"@id":"https:\/\/floraplus.net\/tr_tr\/2022\/09\/12\/mustafa-gultekin-gokgul-istanbul-ve-londra-fuarlari\/"},"wordCount":941,"commentCount":0,"publisher":{"@id":"https:\/\/floraplus.net\/en\/#organization"},"image":{"@id":"https:\/\/floraplus.net\/tr_tr\/2022\/09\/12\/mustafa-gultekin-gokgul-istanbul-ve-londra-fuarlari\/#primaryimage"},"thumbnailUrl":"https:\/\/floraplus.net\/wp-content\/uploads\/2022\/09\/WhatsApp-Image-2022-09-12-at-16.08.18-1.jpeg","keywords":["istanbul fuar\u0131","londra fuar\u0131","Mustafa G\u00fcltekin G\u00f6kg\u00fcl","Peyzaj","peyzaj istanbul fuar\u0131"],"articleSection":["Genel","G\u00fcncel","Haberler","Projeler","Slider"],"inLanguage":"en-US","potentialAction":[{"@type":"CommentAction","name":"Comment","target":["https:\/\/floraplus.net\/tr_tr\/2022\/09\/12\/mustafa-gultekin-gokgul-istanbul-ve-londra-fuarlari\/#respond"]}]},{"@type":"WebPage","@id":"https:\/\/floraplus.net\/tr_tr\/2022\/09\/12\/mustafa-gultekin-gokgul-istanbul-ve-londra-fuarlari\/","url":"https:\/\/floraplus.net\/tr_tr\/2022\/09\/12\/mustafa-gultekin-gokgul-istanbul-ve-londra-fuarlari\/","name":"Mustafa G\u00fcltekin G\u00f6kg\u00fcl \u0130stanbul ve Londra Fuarlar\u0131\u2026 \u00a0 - Floraplus","isPartOf":{"@id":"https:\/\/floraplus.net\/en\/#website"},"primaryImageOfPage":{"@id":"https:\/\/floraplus.net\/tr_tr\/2022\/09\/12\/mustafa-gultekin-gokgul-istanbul-ve-londra-fuarlari\/#primaryimage"},"image":{"@id":"https:\/\/floraplus.net\/tr_tr\/2022\/09\/12\/mustafa-gultekin-gokgul-istanbul-ve-londra-fuarlari\/#primaryimage"},"thumbnailUrl":"https:\/\/floraplus.net\/wp-content\/uploads\/2022\/09\/WhatsApp-Image-2022-09-12-at-16.08.18-1.jpeg","datePublished":"2022-09-12T13:15:02+00:00","dateModified":"2022-09-12T13:15:03+00:00","breadcrumb":{"@id":"https:\/\/floraplus.net\/tr_tr\/2022\/09\/12\/mustafa-gultekin-gokgul-istanbul-ve-londra-fuarlari\/#breadcrumb"},"inLanguage":"en-US","potentialAction":[{"@type":"ReadAction","target":["https:\/\/floraplus.net\/tr_tr\/2022\/09\/12\/mustafa-gultekin-gokgul-istanbul-ve-londra-fuarlari\/"]}]},{"@type":"ImageObject","inLanguage":"en-US","@id":"https:\/\/floraplus.net\/tr_tr\/2022\/09\/12\/mustafa-gultekin-gokgul-istanbul-ve-londra-fuarlari\/#primaryimage","url":"https:\/\/floraplus.net\/wp-content\/uploads\/2022\/09\/WhatsApp-Image-2022-09-12-at-16.08.18-1.jpeg","contentUrl":"https:\/\/floraplus.net\/wp-content\/uploads\/2022\/09\/WhatsApp-Image-2022-09-12-at-16.08.18-1.jpeg","width":1600,"height":1059},{"@type":"BreadcrumbList","@id":"https:\/\/floraplus.net\/tr_tr\/2022\/09\/12\/mustafa-gultekin-gokgul-istanbul-ve-londra-fuarlari\/#breadcrumb","itemListElement":[{"@type":"ListItem","position":1,"name":"Home","item":"https:\/\/floraplus.net\/en\/"},{"@type":"ListItem","position":2,"name":"Mustafa G\u00fcltekin G\u00f6kg\u00fcl \u0130stanbul ve Londra Fuarlar\u0131\u2026 \u00a0"}]},{"@type":"WebSite","@id":"https:\/\/floraplus.net\/en\/#website","url":"https:\/\/floraplus.net\/en\/","name":"Floraplus","description":"Peyzaj, peyzaj mimarl\u0131\u011f\u0131, peyzaj bitkileri, s\u00fcs ve bah\u00e7e\u00a0bitkileri","publisher":{"@id":"https:\/\/floraplus.net\/en\/#organization"},"potentialAction":[{"@type":"SearchAction","target":{"@type":"EntryPoint","urlTemplate":"https:\/\/floraplus.net\/en\/?s={search_term_string}"},"query-input":{"@type":"PropertyValueSpecification","valueRequired":true,"valueName":"search_term_string"}}],"inLanguage":"en-US"},{"@type":"Organization","@id":"https:\/\/floraplus.net\/en\/#organization","name":"Floraplus","url":"https:\/\/floraplus.net\/en\/","logo":{"@type":"ImageObject","inLanguage":"en-US","@id":"https:\/\/floraplus.net\/en\/#\/schema\/logo\/image\/","url":"https:\/\/floraplus.net\/wp-content\/uploads\/2021\/08\/logo-e1627994475388.png","contentUrl":"https:\/\/floraplus.net\/wp-content\/uploads\/2021\/08\/logo-e1627994475388.png","width":251,"height":81,"caption":"Floraplus"},"image":{"@id":"https:\/\/floraplus.net\/en\/#\/schema\/logo\/image\/"},"sameAs":["https:\/\/www.facebook.com\/floraplusdergisi","https:\/\/www.instagram.com\/floraplusdergisi\/"]},{"@type":"Person","@id":"https:\/\/floraplus.net\/en\/#\/schema\/person\/7263fcd2e50448ecd875951558a1f277","name":"floraplus_admin","sameAs":["http:\/\/test.floraplus.net"],"url":"https:\/\/floraplus.net\/en\/author\/floraplus_admin\/"}]}},"_links":{"self":[{"href":"https:\/\/floraplus.net\/en\/wp-json\/wp\/v2\/posts\/6728","targetHints":{"allow":["GET"]}}],"collection":[{"href":"https:\/\/floraplus.net\/en\/wp-json\/wp\/v2\/posts"}],"about":[{"href":"https:\/\/floraplus.net\/en\/wp-json\/wp\/v2\/types\/post"}],"author":[{"embeddable":true,"href":"https:\/\/floraplus.net\/en\/wp-json\/wp\/v2\/users\/1"}],"replies":[{"embeddable":true,"href":"https:\/\/floraplus.net\/en\/wp-json\/wp\/v2\/comments?post=6728"}],"version-history":[{"count":1,"href":"https:\/\/floraplus.net\/en\/wp-json\/wp\/v2\/posts\/6728\/revisions"}],"predecessor-version":[{"id":6733,"href":"https:\/\/floraplus.net\/en\/wp-json\/wp\/v2\/posts\/6728\/revisions\/6733"}],"wp:featuredmedia":[{"embeddable":true,"href":"https:\/\/floraplus.net\/en\/wp-json\/wp\/v2\/media\/6731"}],"wp:attachment":[{"href":"https:\/\/floraplus.net\/en\/wp-json\/wp\/v2\/media?parent=6728"}],"wp:term":[{"taxonomy":"category","embeddable":true,"href":"https:\/\/floraplus.net\/en\/wp-json\/wp\/v2\/categories?post=6728"},{"taxonomy":"post_tag","embeddable":true,"href":"https:\/\/floraplus.net\/en\/wp-json\/wp\/v2\/tags?post=6728"}],"curies":[{"name":"wp","href":"https:\/\/api.w.org\/{rel}","templated":true}]}}