{"id":6734,"date":"2022-09-13T10:56:28","date_gmt":"2022-09-13T07:56:28","guid":{"rendered":"http:\/\/floraplus.net\/?p=6734"},"modified":"2022-09-13T11:01:14","modified_gmt":"2022-09-13T08:01:14","slug":"citrus-australasica-microcitrus-australasica","status":"publish","type":"post","link":"https:\/\/floraplus.net\/en\/2022\/09\/13\/citrus-australasica-microcitrus-australasica\/","title":{"rendered":"Citrus australasica (Microcitrus australasica)"},"content":{"rendered":"<div class=\"pgc-sgb-cb wp-block-pgcsimplygalleryblock-slider\" data-gallery-id=\"18e78781\"style=\"&quot;min-height:400px&quot;\"><div class=\"sgb-preloader\" id=\"pr_18e78781\">\n\t<div class=\"sgb-square\" style=\"background:#d4d4d4\"><\/div>\n\t<div class=\"sgb-square\" style=\"background:#d4d4d4\"><\/div>\n\t<div class=\"sgb-square\" style=\"background:#d4d4d4\"><\/div>\n\t<div class=\"sgb-square\" style=\"background:#d4d4d4\"><\/div><\/div><div class=\"simply-gallery-amp pgc_sgb_slider\" style=\"display: none;\"><div class=\"sgb-gallery\"><div class=\"sgb-item\"><a href=\"http:\/\/floraplus.net\/en\/?attachment_id=6736\" target=\"_blank\"><img decoding=\"async\" alt=\"\" width=\"300\" height=\"200\" loading=\"lazy\" src=\"http:\/\/floraplus.net\/wp-content\/uploads\/2022\/09\/WhatsApp-Image-2022-09-13-at-10.49.40-300x200.jpeg\" srcset=\"http:\/\/floraplus.net\/wp-content\/uploads\/2022\/09\/WhatsApp-Image-2022-09-13-at-10.49.40-300x200.jpeg 300w,http:\/\/floraplus.net\/wp-content\/uploads\/2022\/09\/WhatsApp-Image-2022-09-13-at-10.49.40-1024x682.jpeg 640w,http:\/\/floraplus.net\/wp-content\/uploads\/2022\/09\/WhatsApp-Image-2022-09-13-at-10.49.40.jpeg 1600w\" sizes=\"auto, 250px\"\/><\/a><\/div><div class=\"sgb-item\"><a href=\"http:\/\/floraplus.net\/en\/?attachment_id=6737\" target=\"_blank\"><img decoding=\"async\" alt=\"\" width=\"200\" height=\"300\" loading=\"lazy\" src=\"http:\/\/floraplus.net\/wp-content\/uploads\/2022\/09\/WhatsApp-Image-2022-09-13-at-10.49.37-1-200x300.jpeg\" srcset=\"http:\/\/floraplus.net\/wp-content\/uploads\/2022\/09\/WhatsApp-Image-2022-09-13-at-10.49.37-1-200x300.jpeg 200w,http:\/\/floraplus.net\/wp-content\/uploads\/2022\/09\/WhatsApp-Image-2022-09-13-at-10.49.37-1-682x1024.jpeg 640w,http:\/\/floraplus.net\/wp-content\/uploads\/2022\/09\/WhatsApp-Image-2022-09-13-at-10.49.37-1.jpeg 1066w\" sizes=\"auto, 250px\"\/><\/a><\/div><div class=\"sgb-item\"><a href=\"http:\/\/floraplus.net\/en\/?attachment_id=6738\" target=\"_blank\"><img decoding=\"async\" alt=\"\" width=\"200\" height=\"300\" loading=\"lazy\" src=\"http:\/\/floraplus.net\/wp-content\/uploads\/2022\/09\/WhatsApp-Image-2022-09-13-at-10.49.37-3-200x300.jpeg\" srcset=\"http:\/\/floraplus.net\/wp-content\/uploads\/2022\/09\/WhatsApp-Image-2022-09-13-at-10.49.37-3-200x300.jpeg 200w,http:\/\/floraplus.net\/wp-content\/uploads\/2022\/09\/WhatsApp-Image-2022-09-13-at-10.49.37-3-682x1024.jpeg 640w,http:\/\/floraplus.net\/wp-content\/uploads\/2022\/09\/WhatsApp-Image-2022-09-13-at-10.49.37-3.jpeg 1066w\" sizes=\"auto, 250px\"\/><\/a><\/div><div class=\"sgb-item\"><a href=\"http:\/\/floraplus.net\/en\/?attachment_id=6739\" target=\"_blank\"><img decoding=\"async\" alt=\"\" width=\"300\" height=\"200\" loading=\"lazy\" src=\"http:\/\/floraplus.net\/wp-content\/uploads\/2022\/09\/WhatsApp-Image-2022-09-13-at-10.49.37-4-300x200.jpeg\" srcset=\"http:\/\/floraplus.net\/wp-content\/uploads\/2022\/09\/WhatsApp-Image-2022-09-13-at-10.49.37-4-300x200.jpeg 300w,http:\/\/floraplus.net\/wp-content\/uploads\/2022\/09\/WhatsApp-Image-2022-09-13-at-10.49.37-4-1024x682.jpeg 640w,http:\/\/floraplus.net\/wp-content\/uploads\/2022\/09\/WhatsApp-Image-2022-09-13-at-10.49.37-4.jpeg 1600w\" sizes=\"auto, 250px\"\/><\/a><\/div><\/div><\/div><script type=\"application\/json\" class=\"sgb-data\">{\"sliderAdminWidth\":840,\"galleryType\":\"pgc_sgb_slider\",\"galleryId\":\"18e78781\",\"images\":[{\"id\":6736,\"title\":\"WhatsApp Image 2022-09-13 at 10.49.40\",\"url\":\"http:\/\/floraplus.net\/wp-content\/uploads\/2022\/09\/WhatsApp-Image-2022-09-13-at-10.49.40.jpeg\",\"link\":\"http:\/\/floraplus.net\/?attachment_id=6736\",\"alt\":\"\",\"description\":\"\",\"caption\":\"\",\"mime\":\"image\/jpeg\",\"type\":\"image\",\"width\":1600,\"height\":1066,\"sizes\":{\"thumbnail\":{\"height\":150,\"width\":150,\"url\":\"http:\/\/floraplus.net\/wp-content\/uploads\/2022\/09\/WhatsApp-Image-2022-09-13-at-10.49.40-150x150.jpeg\",\"orientation\":\"landscape\"},\"medium\":{\"height\":200,\"width\":300,\"url\":\"http:\/\/floraplus.net\/wp-content\/uploads\/2022\/09\/WhatsApp-Image-2022-09-13-at-10.49.40-300x200.jpeg\",\"orientation\":\"landscape\"},\"large\":{\"height\":426,\"width\":640,\"url\":\"http:\/\/floraplus.net\/wp-content\/uploads\/2022\/09\/WhatsApp-Image-2022-09-13-at-10.49.40-1024x682.jpeg\",\"orientation\":\"landscape\"},\"full\":{\"url\":\"http:\/\/floraplus.net\/wp-content\/uploads\/2022\/09\/WhatsApp-Image-2022-09-13-at-10.49.40.jpeg\",\"height\":1066,\"width\":1600,\"orientation\":\"landscape\"}},\"meta\":false,\"postlink\":\"http:\/\/floraplus.net\/?attachment_id=6736\"},{\"id\":6737,\"title\":\"WhatsApp Image 2022-09-13 at 10.49.37 (1)\",\"url\":\"http:\/\/floraplus.net\/wp-content\/uploads\/2022\/09\/WhatsApp-Image-2022-09-13-at-10.49.37-1.jpeg\",\"link\":\"http:\/\/floraplus.net\/?attachment_id=6737\",\"alt\":\"\",\"description\":\"\",\"caption\":\"\",\"mime\":\"image\/jpeg\",\"type\":\"image\",\"width\":1066,\"height\":1600,\"sizes\":{\"thumbnail\":{\"height\":150,\"width\":150,\"url\":\"http:\/\/floraplus.net\/wp-content\/uploads\/2022\/09\/WhatsApp-Image-2022-09-13-at-10.49.37-1-150x150.jpeg\",\"orientation\":\"landscape\"},\"medium\":{\"height\":300,\"width\":200,\"url\":\"http:\/\/floraplus.net\/wp-content\/uploads\/2022\/09\/WhatsApp-Image-2022-09-13-at-10.49.37-1-200x300.jpeg\",\"orientation\":\"portrait\"},\"large\":{\"height\":961,\"width\":640,\"url\":\"http:\/\/floraplus.net\/wp-content\/uploads\/2022\/09\/WhatsApp-Image-2022-09-13-at-10.49.37-1-682x1024.jpeg\",\"orientation\":\"portrait\"},\"full\":{\"url\":\"http:\/\/floraplus.net\/wp-content\/uploads\/2022\/09\/WhatsApp-Image-2022-09-13-at-10.49.37-1.jpeg\",\"height\":1600,\"width\":1066,\"orientation\":\"portrait\"}},\"meta\":false,\"postlink\":\"http:\/\/floraplus.net\/?attachment_id=6737\"},{\"id\":6738,\"title\":\"WhatsApp Image 2022-09-13 at 10.49.37 (3)\",\"url\":\"http:\/\/floraplus.net\/wp-content\/uploads\/2022\/09\/WhatsApp-Image-2022-09-13-at-10.49.37-3.jpeg\",\"link\":\"http:\/\/floraplus.net\/?attachment_id=6738\",\"alt\":\"\",\"description\":\"\",\"caption\":\"\",\"mime\":\"image\/jpeg\",\"type\":\"image\",\"width\":1066,\"height\":1600,\"sizes\":{\"thumbnail\":{\"height\":150,\"width\":150,\"url\":\"http:\/\/floraplus.net\/wp-content\/uploads\/2022\/09\/WhatsApp-Image-2022-09-13-at-10.49.37-3-150x150.jpeg\",\"orientation\":\"landscape\"},\"medium\":{\"height\":300,\"width\":200,\"url\":\"http:\/\/floraplus.net\/wp-content\/uploads\/2022\/09\/WhatsApp-Image-2022-09-13-at-10.49.37-3-200x300.jpeg\",\"orientation\":\"portrait\"},\"large\":{\"height\":961,\"width\":640,\"url\":\"http:\/\/floraplus.net\/wp-content\/uploads\/2022\/09\/WhatsApp-Image-2022-09-13-at-10.49.37-3-682x1024.jpeg\",\"orientation\":\"portrait\"},\"full\":{\"url\":\"http:\/\/floraplus.net\/wp-content\/uploads\/2022\/09\/WhatsApp-Image-2022-09-13-at-10.49.37-3.jpeg\",\"height\":1600,\"width\":1066,\"orientation\":\"portrait\"}},\"meta\":false,\"postlink\":\"http:\/\/floraplus.net\/?attachment_id=6738\"},{\"id\":6739,\"title\":\"WhatsApp Image 2022-09-13 at 10.49.37 (4)\",\"url\":\"http:\/\/floraplus.net\/wp-content\/uploads\/2022\/09\/WhatsApp-Image-2022-09-13-at-10.49.37-4.jpeg\",\"link\":\"http:\/\/floraplus.net\/?attachment_id=6739\",\"alt\":\"\",\"description\":\"\",\"caption\":\"\",\"mime\":\"image\/jpeg\",\"type\":\"image\",\"width\":1600,\"height\":1066,\"sizes\":{\"thumbnail\":{\"height\":150,\"width\":150,\"url\":\"http:\/\/floraplus.net\/wp-content\/uploads\/2022\/09\/WhatsApp-Image-2022-09-13-at-10.49.37-4-150x150.jpeg\",\"orientation\":\"landscape\"},\"medium\":{\"height\":200,\"width\":300,\"url\":\"http:\/\/floraplus.net\/wp-content\/uploads\/2022\/09\/WhatsApp-Image-2022-09-13-at-10.49.37-4-300x200.jpeg\",\"orientation\":\"landscape\"},\"large\":{\"height\":426,\"width\":640,\"url\":\"http:\/\/floraplus.net\/wp-content\/uploads\/2022\/09\/WhatsApp-Image-2022-09-13-at-10.49.37-4-1024x682.jpeg\",\"orientation\":\"landscape\"},\"full\":{\"url\":\"http:\/\/floraplus.net\/wp-content\/uploads\/2022\/09\/WhatsApp-Image-2022-09-13-at-10.49.37-4.jpeg\",\"height\":1066,\"width\":1600,\"orientation\":\"landscape\"}},\"meta\":false,\"postlink\":\"http:\/\/floraplus.net\/?attachment_id=6739\"}],\"itemsMetaDataCollection\":[]}<\/script><script>(function(){if(window.PGC_SGB && window.PGC_SGB.searcher){window.PGC_SGB.searcher.initBlocks()}})()<\/script><\/div>\n\n\n<p>Finger lemon-lime fruit is used in cocktails, desserts and food sauces. You can easily reach this species, which is now grown as a tie, from the phone number below.<\/p>\n\n\n\n<p>This plant, which can be translated into Turkish as Australian lemon, is one of the most valuable and popular among lime lemon varieties. Also known as green finger lime, this lime lemon is also known as hayvar lime. It is now produced in T\u00fcrkiye as a high-tij. The fruit of this species, which has red, brown, green and yellow varieties, is used in cocktails, desserts and food sauces. This exotic citrus variety has become easily available in T\u00fcrkiye. For information and: 0533 328 89 43<\/p>","protected":false},"excerpt":{"rendered":"<p>Finger lemon-lime fruit is used in cocktails, desserts and food sauces. This species is now grown as a tijli<\/p>","protected":false},"author":1,"featured_media":6741,"comment_status":"open","ping_status":"open","sticky":false,"template":"","format":"standard","meta":{"pgc_sgb_lightbox_settings":"","cybocfi_hide_featured_image":"","footnotes":""},"categories":[1429,1431,1426],"tags":[1492,1489,1488,1490,1491],"class_list":["post-6734","post","type-post","status-publish","format-standard","has-post-thumbnail","hentry","category-guncel","category-slider","category-ureticiler_ve_urun","tag-aydo-tarim","tag-citrus-australasica","tag-citrus-australasica-microcitrus-australasica","tag-limon","tag-misket-limonu"],"yoast_head":"<!-- This site is optimized with the Yoast SEO Premium plugin v25.4 (Yoast SEO v25.4) - https:\/\/yoast.com\/wordpress\/plugins\/seo\/ -->\n<title>Citrus australasica (Microcitrus australasica) - Floraplus<\/title>\n<meta name=\"robots\" content=\"index, follow, max-snippet:-1, max-image-preview:large, max-video-preview:-1\" \/>\n<link rel=\"canonical\" href=\"https:\/\/floraplus.net\/en\/2022\/09\/13\/citrus-australasica-microcitrus-australasica\/\" \/>\n<meta property=\"og:locale\" content=\"en_US\" \/>\n<meta property=\"og:type\" content=\"article\" \/>\n<meta property=\"og:title\" content=\"Citrus australasica (Microcitrus australasica)\" \/>\n<meta property=\"og:description\" content=\"Parmak limon-lime meyvesi kokteyllerde tatl\u0131larda ve yemek soslar\u0131nda kullan\u0131l\u0131yor. \u015eimdi tijli olarak yeti\u015ftirilen bu t\u00fcre\" \/>\n<meta property=\"og:url\" content=\"https:\/\/floraplus.net\/en\/2022\/09\/13\/citrus-australasica-microcitrus-australasica\/\" \/>\n<meta property=\"og:site_name\" content=\"Floraplus\" \/>\n<meta property=\"article:publisher\" content=\"https:\/\/www.facebook.com\/floraplusdergisi\" \/>\n<meta property=\"article:published_time\" content=\"2022-09-13T07:56:28+00:00\" \/>\n<meta property=\"article:modified_time\" content=\"2022-09-13T08:01:14+00:00\" \/>\n<meta property=\"og:image\" content=\"https:\/\/floraplus.net\/wp-content\/uploads\/2022\/09\/WhatsApp-Image-2022-09-13-at-10.49.37-5.jpeg\" \/>\n\t<meta property=\"og:image:width\" content=\"1600\" \/>\n\t<meta property=\"og:image:height\" content=\"1066\" \/>\n\t<meta property=\"og:image:type\" content=\"image\/jpeg\" \/>\n<meta name=\"author\" content=\"floraplus_admin\" \/>\n<meta name=\"twitter:card\" content=\"summary_large_image\" \/>\n<meta name=\"twitter:label1\" content=\"Written by\" \/>\n\t<meta name=\"twitter:data1\" content=\"floraplus_admin\" \/>\n\t<meta name=\"twitter:label2\" content=\"Est. reading time\" \/>\n\t<meta name=\"twitter:data2\" content=\"1 minute\" \/>\n<script type=\"application\/ld+json\" class=\"yoast-schema-graph\">{\"@context\":\"https:\/\/schema.org\",\"@graph\":[{\"@type\":\"Article\",\"@id\":\"https:\/\/floraplus.net\/tr_tr\/2022\/09\/13\/citrus-australasica-microcitrus-australasica\/#article\",\"isPartOf\":{\"@id\":\"https:\/\/floraplus.net\/tr_tr\/2022\/09\/13\/citrus-australasica-microcitrus-australasica\/\"},\"author\":{\"name\":\"floraplus_admin\",\"@id\":\"https:\/\/floraplus.net\/en\/#\/schema\/person\/7263fcd2e50448ecd875951558a1f277\"},\"headline\":\"Citrus australasica (Microcitrus australasica)\",\"datePublished\":\"2022-09-13T07:56:28+00:00\",\"dateModified\":\"2022-09-13T08:01:14+00:00\",\"mainEntityOfPage\":{\"@id\":\"https:\/\/floraplus.net\/tr_tr\/2022\/09\/13\/citrus-australasica-microcitrus-australasica\/\"},\"wordCount\":131,\"commentCount\":0,\"publisher\":{\"@id\":\"https:\/\/floraplus.net\/en\/#organization\"},\"image\":{\"@id\":\"https:\/\/floraplus.net\/tr_tr\/2022\/09\/13\/citrus-australasica-microcitrus-australasica\/#primaryimage\"},\"thumbnailUrl\":\"https:\/\/floraplus.net\/wp-content\/uploads\/2022\/09\/WhatsApp-Image-2022-09-13-at-10.49.37-5.jpeg\",\"keywords\":[\"aydo tar\u0131m\",\"Citrus australasica\",\"Citrus australasica (Microcitrus australasica)\",\"limon\",\"misket limonu\"],\"articleSection\":[\"G\u00fcncel\",\"Slider\",\"\u00dcreticler ve \u00dcr\u00fcn\"],\"inLanguage\":\"en-US\",\"potentialAction\":[{\"@type\":\"CommentAction\",\"name\":\"Comment\",\"target\":[\"https:\/\/floraplus.net\/tr_tr\/2022\/09\/13\/citrus-australasica-microcitrus-australasica\/#respond\"]}]},{\"@type\":\"WebPage\",\"@id\":\"https:\/\/floraplus.net\/tr_tr\/2022\/09\/13\/citrus-australasica-microcitrus-australasica\/\",\"url\":\"https:\/\/floraplus.net\/tr_tr\/2022\/09\/13\/citrus-australasica-microcitrus-australasica\/\",\"name\":\"Citrus australasica (Microcitrus australasica) - Floraplus\",\"isPartOf\":{\"@id\":\"https:\/\/floraplus.net\/en\/#website\"},\"primaryImageOfPage\":{\"@id\":\"https:\/\/floraplus.net\/tr_tr\/2022\/09\/13\/citrus-australasica-microcitrus-australasica\/#primaryimage\"},\"image\":{\"@id\":\"https:\/\/floraplus.net\/tr_tr\/2022\/09\/13\/citrus-australasica-microcitrus-australasica\/#primaryimage\"},\"thumbnailUrl\":\"https:\/\/floraplus.net\/wp-content\/uploads\/2022\/09\/WhatsApp-Image-2022-09-13-at-10.49.37-5.jpeg\",\"datePublished\":\"2022-09-13T07:56:28+00:00\",\"dateModified\":\"2022-09-13T08:01:14+00:00\",\"breadcrumb\":{\"@id\":\"https:\/\/floraplus.net\/tr_tr\/2022\/09\/13\/citrus-australasica-microcitrus-australasica\/#breadcrumb\"},\"inLanguage\":\"en-US\",\"potentialAction\":[{\"@type\":\"ReadAction\",\"target\":[\"https:\/\/floraplus.net\/tr_tr\/2022\/09\/13\/citrus-australasica-microcitrus-australasica\/\"]}]},{\"@type\":\"ImageObject\",\"inLanguage\":\"en-US\",\"@id\":\"https:\/\/floraplus.net\/tr_tr\/2022\/09\/13\/citrus-australasica-microcitrus-australasica\/#primaryimage\",\"url\":\"https:\/\/floraplus.net\/wp-content\/uploads\/2022\/09\/WhatsApp-Image-2022-09-13-at-10.49.37-5.jpeg\",\"contentUrl\":\"https:\/\/floraplus.net\/wp-content\/uploads\/2022\/09\/WhatsApp-Image-2022-09-13-at-10.49.37-5.jpeg\",\"width\":1600,\"height\":1066},{\"@type\":\"BreadcrumbList\",\"@id\":\"https:\/\/floraplus.net\/tr_tr\/2022\/09\/13\/citrus-australasica-microcitrus-australasica\/#breadcrumb\",\"itemListElement\":[{\"@type\":\"ListItem\",\"position\":1,\"name\":\"Home\",\"item\":\"https:\/\/floraplus.net\/en\/\"},{\"@type\":\"ListItem\",\"position\":2,\"name\":\"Citrus australasica (Microcitrus australasica)\"}]},{\"@type\":\"WebSite\",\"@id\":\"https:\/\/floraplus.net\/en\/#website\",\"url\":\"https:\/\/floraplus.net\/en\/\",\"name\":\"Floraplus\",\"description\":\"Peyzaj, peyzaj mimarl\u0131\u011f\u0131, peyzaj bitkileri, s\u00fcs ve bah\u00e7e\u00a0bitkileri\",\"publisher\":{\"@id\":\"https:\/\/floraplus.net\/en\/#organization\"},\"potentialAction\":[{\"@type\":\"SearchAction\",\"target\":{\"@type\":\"EntryPoint\",\"urlTemplate\":\"https:\/\/floraplus.net\/en\/?s={search_term_string}\"},\"query-input\":{\"@type\":\"PropertyValueSpecification\",\"valueRequired\":true,\"valueName\":\"search_term_string\"}}],\"inLanguage\":\"en-US\"},{\"@type\":\"Organization\",\"@id\":\"https:\/\/floraplus.net\/en\/#organization\",\"name\":\"Floraplus\",\"url\":\"https:\/\/floraplus.net\/en\/\",\"logo\":{\"@type\":\"ImageObject\",\"inLanguage\":\"en-US\",\"@id\":\"https:\/\/floraplus.net\/en\/#\/schema\/logo\/image\/\",\"url\":\"https:\/\/floraplus.net\/wp-content\/uploads\/2021\/08\/logo-e1627994475388.png\",\"contentUrl\":\"https:\/\/floraplus.net\/wp-content\/uploads\/2021\/08\/logo-e1627994475388.png\",\"width\":251,\"height\":81,\"caption\":\"Floraplus\"},\"image\":{\"@id\":\"https:\/\/floraplus.net\/en\/#\/schema\/logo\/image\/\"},\"sameAs\":[\"https:\/\/www.facebook.com\/floraplusdergisi\",\"https:\/\/www.instagram.com\/floraplusdergisi\/\"]},{\"@type\":\"Person\",\"@id\":\"https:\/\/floraplus.net\/en\/#\/schema\/person\/7263fcd2e50448ecd875951558a1f277\",\"name\":\"floraplus_admin\",\"sameAs\":[\"http:\/\/test.floraplus.net\"],\"url\":\"https:\/\/floraplus.net\/en\/author\/floraplus_admin\/\"}]}<\/script>\n<!-- \/ Yoast SEO Premium plugin. -->","yoast_head_json":{"title":"Citrus australasica (Microcitrus australasica) - Floraplus","robots":{"index":"index","follow":"follow","max-snippet":"max-snippet:-1","max-image-preview":"max-image-preview:large","max-video-preview":"max-video-preview:-1"},"canonical":"https:\/\/floraplus.net\/en\/2022\/09\/13\/citrus-australasica-microcitrus-australasica\/","og_locale":"en_US","og_type":"article","og_title":"Citrus australasica (Microcitrus australasica)","og_description":"Parmak limon-lime meyvesi kokteyllerde tatl\u0131larda ve yemek soslar\u0131nda kullan\u0131l\u0131yor. \u015eimdi tijli olarak yeti\u015ftirilen bu t\u00fcre","og_url":"https:\/\/floraplus.net\/en\/2022\/09\/13\/citrus-australasica-microcitrus-australasica\/","og_site_name":"Floraplus","article_publisher":"https:\/\/www.facebook.com\/floraplusdergisi","article_published_time":"2022-09-13T07:56:28+00:00","article_modified_time":"2022-09-13T08:01:14+00:00","og_image":[{"width":1600,"height":1066,"url":"https:\/\/floraplus.net\/wp-content\/uploads\/2022\/09\/WhatsApp-Image-2022-09-13-at-10.49.37-5.jpeg","type":"image\/jpeg"}],"author":"floraplus_admin","twitter_card":"summary_large_image","twitter_misc":{"Written by":"floraplus_admin","Est. reading time":"1 minute"},"schema":{"@context":"https:\/\/schema.org","@graph":[{"@type":"Article","@id":"https:\/\/floraplus.net\/tr_tr\/2022\/09\/13\/citrus-australasica-microcitrus-australasica\/#article","isPartOf":{"@id":"https:\/\/floraplus.net\/tr_tr\/2022\/09\/13\/citrus-australasica-microcitrus-australasica\/"},"author":{"name":"floraplus_admin","@id":"https:\/\/floraplus.net\/en\/#\/schema\/person\/7263fcd2e50448ecd875951558a1f277"},"headline":"Citrus australasica (Microcitrus australasica)","datePublished":"2022-09-13T07:56:28+00:00","dateModified":"2022-09-13T08:01:14+00:00","mainEntityOfPage":{"@id":"https:\/\/floraplus.net\/tr_tr\/2022\/09\/13\/citrus-australasica-microcitrus-australasica\/"},"wordCount":131,"commentCount":0,"publisher":{"@id":"https:\/\/floraplus.net\/en\/#organization"},"image":{"@id":"https:\/\/floraplus.net\/tr_tr\/2022\/09\/13\/citrus-australasica-microcitrus-australasica\/#primaryimage"},"thumbnailUrl":"https:\/\/floraplus.net\/wp-content\/uploads\/2022\/09\/WhatsApp-Image-2022-09-13-at-10.49.37-5.jpeg","keywords":["aydo tar\u0131m","Citrus australasica","Citrus australasica (Microcitrus australasica)","limon","misket limonu"],"articleSection":["G\u00fcncel","Slider","\u00dcreticler ve \u00dcr\u00fcn"],"inLanguage":"en-US","potentialAction":[{"@type":"CommentAction","name":"Comment","target":["https:\/\/floraplus.net\/tr_tr\/2022\/09\/13\/citrus-australasica-microcitrus-australasica\/#respond"]}]},{"@type":"WebPage","@id":"https:\/\/floraplus.net\/tr_tr\/2022\/09\/13\/citrus-australasica-microcitrus-australasica\/","url":"https:\/\/floraplus.net\/tr_tr\/2022\/09\/13\/citrus-australasica-microcitrus-australasica\/","name":"Citrus australasica (Microcitrus australasica) - Floraplus","isPartOf":{"@id":"https:\/\/floraplus.net\/en\/#website"},"primaryImageOfPage":{"@id":"https:\/\/floraplus.net\/tr_tr\/2022\/09\/13\/citrus-australasica-microcitrus-australasica\/#primaryimage"},"image":{"@id":"https:\/\/floraplus.net\/tr_tr\/2022\/09\/13\/citrus-australasica-microcitrus-australasica\/#primaryimage"},"thumbnailUrl":"https:\/\/floraplus.net\/wp-content\/uploads\/2022\/09\/WhatsApp-Image-2022-09-13-at-10.49.37-5.jpeg","datePublished":"2022-09-13T07:56:28+00:00","dateModified":"2022-09-13T08:01:14+00:00","breadcrumb":{"@id":"https:\/\/floraplus.net\/tr_tr\/2022\/09\/13\/citrus-australasica-microcitrus-australasica\/#breadcrumb"},"inLanguage":"en-US","potentialAction":[{"@type":"ReadAction","target":["https:\/\/floraplus.net\/tr_tr\/2022\/09\/13\/citrus-australasica-microcitrus-australasica\/"]}]},{"@type":"ImageObject","inLanguage":"en-US","@id":"https:\/\/floraplus.net\/tr_tr\/2022\/09\/13\/citrus-australasica-microcitrus-australasica\/#primaryimage","url":"https:\/\/floraplus.net\/wp-content\/uploads\/2022\/09\/WhatsApp-Image-2022-09-13-at-10.49.37-5.jpeg","contentUrl":"https:\/\/floraplus.net\/wp-content\/uploads\/2022\/09\/WhatsApp-Image-2022-09-13-at-10.49.37-5.jpeg","width":1600,"height":1066},{"@type":"BreadcrumbList","@id":"https:\/\/floraplus.net\/tr_tr\/2022\/09\/13\/citrus-australasica-microcitrus-australasica\/#breadcrumb","itemListElement":[{"@type":"ListItem","position":1,"name":"Home","item":"https:\/\/floraplus.net\/en\/"},{"@type":"ListItem","position":2,"name":"Citrus australasica (Microcitrus australasica)"}]},{"@type":"WebSite","@id":"https:\/\/floraplus.net\/en\/#website","url":"https:\/\/floraplus.net\/en\/","name":"Floraplus","description":"Peyzaj, peyzaj mimarl\u0131\u011f\u0131, peyzaj bitkileri, s\u00fcs ve bah\u00e7e\u00a0bitkileri","publisher":{"@id":"https:\/\/floraplus.net\/en\/#organization"},"potentialAction":[{"@type":"SearchAction","target":{"@type":"EntryPoint","urlTemplate":"https:\/\/floraplus.net\/en\/?s={search_term_string}"},"query-input":{"@type":"PropertyValueSpecification","valueRequired":true,"valueName":"search_term_string"}}],"inLanguage":"en-US"},{"@type":"Organization","@id":"https:\/\/floraplus.net\/en\/#organization","name":"Floraplus","url":"https:\/\/floraplus.net\/en\/","logo":{"@type":"ImageObject","inLanguage":"en-US","@id":"https:\/\/floraplus.net\/en\/#\/schema\/logo\/image\/","url":"https:\/\/floraplus.net\/wp-content\/uploads\/2021\/08\/logo-e1627994475388.png","contentUrl":"https:\/\/floraplus.net\/wp-content\/uploads\/2021\/08\/logo-e1627994475388.png","width":251,"height":81,"caption":"Floraplus"},"image":{"@id":"https:\/\/floraplus.net\/en\/#\/schema\/logo\/image\/"},"sameAs":["https:\/\/www.facebook.com\/floraplusdergisi","https:\/\/www.instagram.com\/floraplusdergisi\/"]},{"@type":"Person","@id":"https:\/\/floraplus.net\/en\/#\/schema\/person\/7263fcd2e50448ecd875951558a1f277","name":"floraplus_admin","sameAs":["http:\/\/test.floraplus.net"],"url":"https:\/\/floraplus.net\/en\/author\/floraplus_admin\/"}]}},"_links":{"self":[{"href":"https:\/\/floraplus.net\/en\/wp-json\/wp\/v2\/posts\/6734","targetHints":{"allow":["GET"]}}],"collection":[{"href":"https:\/\/floraplus.net\/en\/wp-json\/wp\/v2\/posts"}],"about":[{"href":"https:\/\/floraplus.net\/en\/wp-json\/wp\/v2\/types\/post"}],"author":[{"embeddable":true,"href":"https:\/\/floraplus.net\/en\/wp-json\/wp\/v2\/users\/1"}],"replies":[{"embeddable":true,"href":"https:\/\/floraplus.net\/en\/wp-json\/wp\/v2\/comments?post=6734"}],"version-history":[{"count":2,"href":"https:\/\/floraplus.net\/en\/wp-json\/wp\/v2\/posts\/6734\/revisions"}],"predecessor-version":[{"id":6742,"href":"https:\/\/floraplus.net\/en\/wp-json\/wp\/v2\/posts\/6734\/revisions\/6742"}],"wp:featuredmedia":[{"embeddable":true,"href":"https:\/\/floraplus.net\/en\/wp-json\/wp\/v2\/media\/6741"}],"wp:attachment":[{"href":"https:\/\/floraplus.net\/en\/wp-json\/wp\/v2\/media?parent=6734"}],"wp:term":[{"taxonomy":"category","embeddable":true,"href":"https:\/\/floraplus.net\/en\/wp-json\/wp\/v2\/categories?post=6734"},{"taxonomy":"post_tag","embeddable":true,"href":"https:\/\/floraplus.net\/en\/wp-json\/wp\/v2\/tags?post=6734"}],"curies":[{"name":"wp","href":"https:\/\/api.w.org\/{rel}","templated":true}]}}