{"id":7197,"date":"2024-11-03T14:02:56","date_gmt":"2024-11-03T11:02:56","guid":{"rendered":"https:\/\/floraplus.net\/?p=7197"},"modified":"2024-11-04T12:02:58","modified_gmt":"2024-11-04T09:02:58","slug":"cercevenin-icindeki-fotograf","status":"publish","type":"post","link":"https:\/\/floraplus.net\/en\/2024\/11\/03\/photo-in-frame\/","title":{"rendered":"Photo in frame"},"content":{"rendered":"<div class=\"pgc-sgb-cb wp-block-pgcsimplygalleryblock-slider\" data-gallery-id=\"7d163859\"style=\"&quot;min-height:540px&quot;\"><div class=\"sgb-preloader\" id=\"pr_7d163859\">\n\t<div class=\"sgb-square\" style=\"background:#d4d4d4\"><\/div>\n\t<div class=\"sgb-square\" style=\"background:#d4d4d4\"><\/div>\n\t<div class=\"sgb-square\" style=\"background:#d4d4d4\"><\/div>\n\t<div class=\"sgb-square\" style=\"background:#d4d4d4\"><\/div><\/div><div class=\"simply-gallery-amp pgc_sgb_slider\" style=\"display: none;\"><div class=\"sgb-gallery\"><div class=\"sgb-item\"><a href=\"https:\/\/floraplus.net\/en\/2024\/11\/03\/photo-in-frame\/concept-of-climate-change-2\/\" target=\"_blank\"><img decoding=\"async\" alt=\"\" width=\"300\" height=\"200\" loading=\"lazy\" src=\"https:\/\/floraplus.net\/wp-content\/uploads\/2024\/11\/02-300x200.jpg\" srcset=\"https:\/\/floraplus.net\/wp-content\/uploads\/2024\/11\/02-300x200.jpg 300w,https:\/\/floraplus.net\/wp-content\/uploads\/2024\/11\/02-1024x682.jpg 1024w,https:\/\/floraplus.net\/wp-content\/uploads\/2024\/11\/02-scaled.jpg 2560w\" sizes=\"auto, 250px\"\/><\/a><\/div><div class=\"sgb-item\"><a href=\"https:\/\/floraplus.net\/en\/2024\/11\/03\/photo-in-frame\/04-6\/\" target=\"_blank\"><img decoding=\"async\" alt=\"\" width=\"300\" height=\"200\" loading=\"lazy\" src=\"https:\/\/floraplus.net\/wp-content\/uploads\/2024\/11\/04-300x200.jpg\" srcset=\"https:\/\/floraplus.net\/wp-content\/uploads\/2024\/11\/04-300x200.jpg 300w,https:\/\/floraplus.net\/wp-content\/uploads\/2024\/11\/04-1024x683.jpg 1024w,https:\/\/floraplus.net\/wp-content\/uploads\/2024\/11\/04-scaled.jpg 2560w\" sizes=\"auto, 250px\"\/><\/a><\/div><div class=\"sgb-item\"><a href=\"https:\/\/floraplus.net\/en\/2024\/11\/03\/photo-in-frame\/01-15\/\" target=\"_blank\"><img decoding=\"async\" alt=\"\" width=\"300\" height=\"200\" loading=\"lazy\" src=\"https:\/\/floraplus.net\/wp-content\/uploads\/2024\/11\/01-300x200.jpeg\" srcset=\"https:\/\/floraplus.net\/wp-content\/uploads\/2024\/11\/01-300x200.jpeg 300w,https:\/\/floraplus.net\/wp-content\/uploads\/2024\/11\/01-1024x683.jpeg 1024w,https:\/\/floraplus.net\/wp-content\/uploads\/2024\/11\/01-scaled.jpeg 2560w\" sizes=\"auto, 250px\"\/><\/a><\/div><div class=\"sgb-item\"><a href=\"https:\/\/floraplus.net\/en\/2024\/11\/03\/photo-in-frame\/03-7\/\" target=\"_blank\"><img decoding=\"async\" alt=\"\" width=\"300\" height=\"200\" loading=\"lazy\" src=\"https:\/\/floraplus.net\/wp-content\/uploads\/2024\/11\/03-300x200.jpg\" srcset=\"https:\/\/floraplus.net\/wp-content\/uploads\/2024\/11\/03-300x200.jpg 300w,https:\/\/floraplus.net\/wp-content\/uploads\/2024\/11\/03-1024x683.jpg 1024w,https:\/\/floraplus.net\/wp-content\/uploads\/2024\/11\/03-scaled.jpg 2560w\" sizes=\"auto, 250px\"\/><\/a><\/div><\/div><\/div><script type=\"application\/json\" class=\"sgb-data\">{\"sliderMaxHeight\":540,\"sliderAdminWidth\":840,\"collectionColumns\":1,\"galleryType\":\"pgc_sgb_slider\",\"galleryId\":\"7d163859\",\"images\":[{\"id\":7199,\"title\":\"\",\"url\":\"https:\/\/floraplus.net\/wp-content\/uploads\/2024\/11\/02-scaled.jpg\",\"link\":\"https:\/\/floraplus.net\/2024\/11\/03\/cercevenin-icindeki-fotograf\/concept-of-climate-change-2\/\",\"alt\":\"\",\"description\":\"\",\"caption\":\"\",\"mime\":\"image\/jpeg\",\"type\":\"image\",\"width\":2560,\"height\":1706,\"sizes\":{\"thumbnail\":{\"height\":150,\"width\":150,\"url\":\"https:\/\/floraplus.net\/wp-content\/uploads\/2024\/11\/02-150x150.jpg\",\"orientation\":\"landscape\"},\"medium\":{\"height\":200,\"width\":300,\"url\":\"https:\/\/floraplus.net\/wp-content\/uploads\/2024\/11\/02-300x200.jpg\",\"orientation\":\"landscape\"},\"large\":{\"height\":682,\"width\":1024,\"url\":\"https:\/\/floraplus.net\/wp-content\/uploads\/2024\/11\/02-1024x682.jpg\",\"orientation\":\"landscape\"},\"full\":{\"url\":\"https:\/\/floraplus.net\/wp-content\/uploads\/2024\/11\/02-scaled.jpg\",\"height\":1706,\"width\":2560,\"orientation\":\"landscape\"}},\"imageMeta\":{\"aperture\":\"5.6\",\"credit\":\"Nirut Sangkeaw\",\"camera\":\"PENTAX K-5\",\"caption\":\"Landscape of Trees With the changing environment, Concept of climate change.\",\"created_timestamp\":\"1407283200\",\"copyright\":\"Nirut Sangkeaw\",\"focal_length\":\"17\",\"iso\":\"100\",\"shutter_speed\":\"0.01\",\"title\":\"Concept of climate change.\",\"orientation\":\"1\",\"keywords\":[\"change\",\"climate\",\"global\",\"concept\",\"warming\",\"environment\",\"nature\",\"earth\",\"life\",\"desert\",\"disaster\",\"dry\",\"sky\",\"pollution\",\"landscape\",\"green\",\"tree\",\"weather\",\"clouds\",\"field\",\"ecology\",\"world\",\"horizon\",\"drought\",\"destruction\",\"conceptual\",\"hope\"]},\"meta\":false,\"postlink\":\"https:\/\/floraplus.net\/2024\/11\/03\/cercevenin-icindeki-fotograf\/concept-of-climate-change-2\/\"},{\"id\":7202,\"title\":\"04\",\"url\":\"https:\/\/floraplus.net\/wp-content\/uploads\/2024\/11\/04-scaled.jpg\",\"link\":\"https:\/\/floraplus.net\/2024\/11\/03\/cercevenin-icindeki-fotograf\/04-6\/\",\"alt\":\"\",\"description\":\"\",\"caption\":\"\",\"mime\":\"image\/jpeg\",\"type\":\"image\",\"width\":2560,\"height\":1707,\"sizes\":{\"thumbnail\":{\"height\":150,\"width\":150,\"url\":\"https:\/\/floraplus.net\/wp-content\/uploads\/2024\/11\/04-150x150.jpg\",\"orientation\":\"landscape\"},\"medium\":{\"height\":200,\"width\":300,\"url\":\"https:\/\/floraplus.net\/wp-content\/uploads\/2024\/11\/04-300x200.jpg\",\"orientation\":\"landscape\"},\"large\":{\"height\":683,\"width\":1024,\"url\":\"https:\/\/floraplus.net\/wp-content\/uploads\/2024\/11\/04-1024x683.jpg\",\"orientation\":\"landscape\"},\"full\":{\"url\":\"https:\/\/floraplus.net\/wp-content\/uploads\/2024\/11\/04-scaled.jpg\",\"height\":1707,\"width\":2560,\"orientation\":\"landscape\"}},\"imageMeta\":{\"aperture\":\"3.5\",\"credit\":\"\",\"camera\":\"Canon EOS 80D\",\"caption\":\"\",\"created_timestamp\":\"1725633019\",\"copyright\":\"\",\"focal_length\":\"18\",\"iso\":\"3200\",\"shutter_speed\":\"0.0015625\",\"title\":\"\",\"orientation\":\"1\",\"keywords\":[]},\"meta\":false,\"postlink\":\"https:\/\/floraplus.net\/2024\/11\/03\/cercevenin-icindeki-fotograf\/04-6\/\"},{\"id\":7198,\"title\":\"01\",\"url\":\"https:\/\/floraplus.net\/wp-content\/uploads\/2024\/11\/01-scaled.jpeg\",\"link\":\"https:\/\/floraplus.net\/2024\/11\/03\/cercevenin-icindeki-fotograf\/01-15\/\",\"alt\":\"\",\"description\":\"\",\"caption\":\"\",\"mime\":\"image\/jpeg\",\"type\":\"image\",\"width\":2560,\"height\":1707,\"sizes\":{\"thumbnail\":{\"height\":150,\"width\":150,\"url\":\"https:\/\/floraplus.net\/wp-content\/uploads\/2024\/11\/01-150x150.jpeg\",\"orientation\":\"landscape\"},\"medium\":{\"height\":200,\"width\":300,\"url\":\"https:\/\/floraplus.net\/wp-content\/uploads\/2024\/11\/01-300x200.jpeg\",\"orientation\":\"landscape\"},\"large\":{\"height\":683,\"width\":1024,\"url\":\"https:\/\/floraplus.net\/wp-content\/uploads\/2024\/11\/01-1024x683.jpeg\",\"orientation\":\"landscape\"},\"full\":{\"url\":\"https:\/\/floraplus.net\/wp-content\/uploads\/2024\/11\/01-scaled.jpeg\",\"height\":1707,\"width\":2560,\"orientation\":\"landscape\"}},\"imageMeta\":{\"aperture\":\"0\",\"credit\":\"\",\"camera\":\"\",\"caption\":\"\",\"created_timestamp\":\"0\",\"copyright\":\"\",\"focal_length\":\"0\",\"iso\":\"0\",\"shutter_speed\":\"0\",\"title\":\"\",\"orientation\":\"0\",\"keywords\":[]},\"meta\":false,\"postlink\":\"https:\/\/floraplus.net\/2024\/11\/03\/cercevenin-icindeki-fotograf\/01-15\/\"},{\"id\":7200,\"title\":\"03\",\"url\":\"https:\/\/floraplus.net\/wp-content\/uploads\/2024\/11\/03-scaled.jpg\",\"link\":\"https:\/\/floraplus.net\/2024\/11\/03\/cercevenin-icindeki-fotograf\/03-7\/\",\"alt\":\"\",\"description\":\"\",\"caption\":\"\",\"mime\":\"image\/jpeg\",\"type\":\"image\",\"width\":2560,\"height\":1707,\"sizes\":{\"thumbnail\":{\"height\":150,\"width\":150,\"url\":\"https:\/\/floraplus.net\/wp-content\/uploads\/2024\/11\/03-150x150.jpg\",\"orientation\":\"landscape\"},\"medium\":{\"height\":200,\"width\":300,\"url\":\"https:\/\/floraplus.net\/wp-content\/uploads\/2024\/11\/03-300x200.jpg\",\"orientation\":\"landscape\"},\"large\":{\"height\":683,\"width\":1024,\"url\":\"https:\/\/floraplus.net\/wp-content\/uploads\/2024\/11\/03-1024x683.jpg\",\"orientation\":\"landscape\"},\"full\":{\"url\":\"https:\/\/floraplus.net\/wp-content\/uploads\/2024\/11\/03-scaled.jpg\",\"height\":1707,\"width\":2560,\"orientation\":\"landscape\"}},\"imageMeta\":{\"aperture\":\"3.5\",\"credit\":\"\",\"camera\":\"Canon EOS 80D\",\"caption\":\"\",\"created_timestamp\":\"1725629041\",\"copyright\":\"\",\"focal_length\":\"18\",\"iso\":\"6400\",\"shutter_speed\":\"0.008\",\"title\":\"\",\"orientation\":\"1\",\"keywords\":[]},\"meta\":false,\"postlink\":\"https:\/\/floraplus.net\/2024\/11\/03\/cercevenin-icindeki-fotograf\/03-7\/\"}],\"itemsMetaDataCollection\":[]}<\/script><script>(function(){if(window.PGC_SGB && window.PGC_SGB.searcher){window.PGC_SGB.searcher.initBlocks()}})()<\/script><\/div>\n\n\n<p><strong>The congress made it clear that the climate crisis and environmental problems are major issues that directly concern landscape architecture.<\/strong><\/p>\n\n\n\n<p>The 60th World Congress of the International Federation of Landscape Architecture (IFLA) took place in Istanbul from September 4-6, 2024, with the theme &quot;Code Red for Earth.&quot; The International Federation of Landscape Architecture (IFLA) called on humanity to take urgent action to address the climate crisis. It invited policymakers, professionals, scientists, and individuals to chart a course for the world&#039;s future.<\/p>\n\n\n\n<p><strong>The result for our country\u2026<\/strong><br>What was the outcome for the profession and the educational world at the end of such a large and demanding event? The congress clearly demonstrated that the climate crisis and environmental problems are key issues directly affecting landscape architecture.<\/p>\n\n\n\n<p><strong>Photo inside the frame!<\/strong><br>According to Floraplus Magazine, this result is a significant gain. The most important distinction between landscape architecture and other professional disciplines centers on these issues. As the field and discipline of landscape architecture grows socially, culturally, and economically as professional organizations are captured within this framework, it will undoubtedly become more effective. Thanks to everyone who contributed to the congress.<\/p>\n\n\n\n<p><\/p>","protected":false},"excerpt":{"rendered":"<p>The Congress made it clear that the climate crisis and environmental problems are the main issues that directly concern landscape architecture.<\/p>","protected":false},"author":1,"featured_media":7199,"comment_status":"open","ping_status":"open","sticky":false,"template":"","format":"standard","meta":{"pgc_sgb_lightbox_settings":"","cybocfi_hide_featured_image":"","footnotes":""},"categories":[1429,225],"tags":[1564,1563,1566,1565,1562],"class_list":["post-7197","post","type-post","status-publish","format-standard","has-post-thumbnail","hentry","category-guncel","category-haberler","tag-code-red-for-earth","tag-floraplus-dergisi","tag-iklim-krizi-2","tag-peyzaj-mimarlari-odasi","tag-uluslararasi-peyzaj-mimarligi-federasyonu-ifla"],"yoast_head":"<!-- This site is optimized with the Yoast SEO Premium plugin v25.4 (Yoast SEO v25.4) - https:\/\/yoast.com\/wordpress\/plugins\/seo\/ -->\n<title>\u00c7er\u00e7evenin i\u00e7indeki foto\u011fraf - Floraplus<\/title>\n<meta name=\"robots\" content=\"index, follow, max-snippet:-1, max-image-preview:large, max-video-preview:-1\" \/>\n<link rel=\"canonical\" href=\"https:\/\/floraplus.net\/en\/2024\/11\/03\/photo-in-frame\/\" \/>\n<meta property=\"og:locale\" content=\"en_US\" \/>\n<meta property=\"og:type\" content=\"article\" \/>\n<meta property=\"og:title\" content=\"\u00c7er\u00e7evenin i\u00e7indeki foto\u011fraf\" \/>\n<meta property=\"og:description\" content=\"Kongre, iklim krizinin ve \u00e7evre sorunlar\u0131n\u0131n peyzaj mimarl\u0131\u011f\u0131n\u0131 do\u011frudan ilgilendiren ana konular oldu\u011funu net bir\" \/>\n<meta property=\"og:url\" content=\"https:\/\/floraplus.net\/en\/2024\/11\/03\/photo-in-frame\/\" \/>\n<meta property=\"og:site_name\" content=\"Floraplus\" \/>\n<meta property=\"article:publisher\" content=\"https:\/\/www.facebook.com\/floraplusdergisi\" \/>\n<meta property=\"article:published_time\" content=\"2024-11-03T11:02:56+00:00\" \/>\n<meta property=\"article:modified_time\" content=\"2024-11-04T09:02:58+00:00\" \/>\n<meta property=\"og:image\" content=\"https:\/\/floraplus.net\/wp-content\/uploads\/2024\/11\/02-scaled.jpg\" \/>\n\t<meta property=\"og:image:width\" content=\"2560\" \/>\n\t<meta property=\"og:image:height\" content=\"1706\" \/>\n\t<meta property=\"og:image:type\" content=\"image\/jpeg\" \/>\n<meta name=\"author\" content=\"floraplus_admin\" \/>\n<meta name=\"twitter:card\" content=\"summary_large_image\" \/>\n<meta name=\"twitter:label1\" content=\"Written by\" \/>\n\t<meta name=\"twitter:data1\" content=\"floraplus_admin\" \/>\n\t<meta name=\"twitter:label2\" content=\"Est. reading time\" \/>\n\t<meta name=\"twitter:data2\" content=\"1 minute\" \/>\n<script type=\"application\/ld+json\" class=\"yoast-schema-graph\">{\"@context\":\"https:\/\/schema.org\",\"@graph\":[{\"@type\":\"Article\",\"@id\":\"https:\/\/floraplus.net\/tr_tr\/2024\/11\/03\/cercevenin-icindeki-fotograf\/#article\",\"isPartOf\":{\"@id\":\"https:\/\/floraplus.net\/tr_tr\/2024\/11\/03\/cercevenin-icindeki-fotograf\/\"},\"author\":{\"name\":\"floraplus_admin\",\"@id\":\"https:\/\/floraplus.net\/en\/#\/schema\/person\/7263fcd2e50448ecd875951558a1f277\"},\"headline\":\"\u00c7er\u00e7evenin i\u00e7indeki foto\u011fraf\",\"datePublished\":\"2024-11-03T11:02:56+00:00\",\"dateModified\":\"2024-11-04T09:02:58+00:00\",\"mainEntityOfPage\":{\"@id\":\"https:\/\/floraplus.net\/tr_tr\/2024\/11\/03\/cercevenin-icindeki-fotograf\/\"},\"wordCount\":219,\"commentCount\":0,\"publisher\":{\"@id\":\"https:\/\/floraplus.net\/en\/#organization\"},\"image\":{\"@id\":\"https:\/\/floraplus.net\/tr_tr\/2024\/11\/03\/cercevenin-icindeki-fotograf\/#primaryimage\"},\"thumbnailUrl\":\"https:\/\/floraplus.net\/wp-content\/uploads\/2024\/11\/02-scaled.jpg\",\"keywords\":[\"Code Red for Earth\",\"Floraplus Dergisi\",\"\u0130klim krizi\",\"Peyzaj Mimarlar\u0131 Odas\u0131\",\"Uluslararas\u0131 Peyzaj Mimarl\u0131\u011f\u0131 Federasyonu (IFLA)\"],\"articleSection\":[\"G\u00fcncel\",\"Haberler\"],\"inLanguage\":\"en-US\",\"potentialAction\":[{\"@type\":\"CommentAction\",\"name\":\"Comment\",\"target\":[\"https:\/\/floraplus.net\/tr_tr\/2024\/11\/03\/cercevenin-icindeki-fotograf\/#respond\"]}]},{\"@type\":\"WebPage\",\"@id\":\"https:\/\/floraplus.net\/tr_tr\/2024\/11\/03\/cercevenin-icindeki-fotograf\/\",\"url\":\"https:\/\/floraplus.net\/tr_tr\/2024\/11\/03\/cercevenin-icindeki-fotograf\/\",\"name\":\"\u00c7er\u00e7evenin i\u00e7indeki foto\u011fraf - Floraplus\",\"isPartOf\":{\"@id\":\"https:\/\/floraplus.net\/en\/#website\"},\"primaryImageOfPage\":{\"@id\":\"https:\/\/floraplus.net\/tr_tr\/2024\/11\/03\/cercevenin-icindeki-fotograf\/#primaryimage\"},\"image\":{\"@id\":\"https:\/\/floraplus.net\/tr_tr\/2024\/11\/03\/cercevenin-icindeki-fotograf\/#primaryimage\"},\"thumbnailUrl\":\"https:\/\/floraplus.net\/wp-content\/uploads\/2024\/11\/02-scaled.jpg\",\"datePublished\":\"2024-11-03T11:02:56+00:00\",\"dateModified\":\"2024-11-04T09:02:58+00:00\",\"breadcrumb\":{\"@id\":\"https:\/\/floraplus.net\/tr_tr\/2024\/11\/03\/cercevenin-icindeki-fotograf\/#breadcrumb\"},\"inLanguage\":\"en-US\",\"potentialAction\":[{\"@type\":\"ReadAction\",\"target\":[\"https:\/\/floraplus.net\/tr_tr\/2024\/11\/03\/cercevenin-icindeki-fotograf\/\"]}]},{\"@type\":\"ImageObject\",\"inLanguage\":\"en-US\",\"@id\":\"https:\/\/floraplus.net\/tr_tr\/2024\/11\/03\/cercevenin-icindeki-fotograf\/#primaryimage\",\"url\":\"https:\/\/floraplus.net\/wp-content\/uploads\/2024\/11\/02-scaled.jpg\",\"contentUrl\":\"https:\/\/floraplus.net\/wp-content\/uploads\/2024\/11\/02-scaled.jpg\",\"width\":2560,\"height\":1706},{\"@type\":\"BreadcrumbList\",\"@id\":\"https:\/\/floraplus.net\/tr_tr\/2024\/11\/03\/cercevenin-icindeki-fotograf\/#breadcrumb\",\"itemListElement\":[{\"@type\":\"ListItem\",\"position\":1,\"name\":\"Home\",\"item\":\"https:\/\/floraplus.net\/en\/\"},{\"@type\":\"ListItem\",\"position\":2,\"name\":\"\u00c7er\u00e7evenin i\u00e7indeki foto\u011fraf\"}]},{\"@type\":\"WebSite\",\"@id\":\"https:\/\/floraplus.net\/en\/#website\",\"url\":\"https:\/\/floraplus.net\/en\/\",\"name\":\"Floraplus\",\"description\":\"Peyzaj, peyzaj mimarl\u0131\u011f\u0131, peyzaj bitkileri, s\u00fcs ve bah\u00e7e\u00a0bitkileri\",\"publisher\":{\"@id\":\"https:\/\/floraplus.net\/en\/#organization\"},\"potentialAction\":[{\"@type\":\"SearchAction\",\"target\":{\"@type\":\"EntryPoint\",\"urlTemplate\":\"https:\/\/floraplus.net\/en\/?s={search_term_string}\"},\"query-input\":{\"@type\":\"PropertyValueSpecification\",\"valueRequired\":true,\"valueName\":\"search_term_string\"}}],\"inLanguage\":\"en-US\"},{\"@type\":\"Organization\",\"@id\":\"https:\/\/floraplus.net\/en\/#organization\",\"name\":\"Floraplus\",\"url\":\"https:\/\/floraplus.net\/en\/\",\"logo\":{\"@type\":\"ImageObject\",\"inLanguage\":\"en-US\",\"@id\":\"https:\/\/floraplus.net\/en\/#\/schema\/logo\/image\/\",\"url\":\"https:\/\/floraplus.net\/wp-content\/uploads\/2021\/08\/logo-e1627994475388.png\",\"contentUrl\":\"https:\/\/floraplus.net\/wp-content\/uploads\/2021\/08\/logo-e1627994475388.png\",\"width\":251,\"height\":81,\"caption\":\"Floraplus\"},\"image\":{\"@id\":\"https:\/\/floraplus.net\/en\/#\/schema\/logo\/image\/\"},\"sameAs\":[\"https:\/\/www.facebook.com\/floraplusdergisi\",\"https:\/\/www.instagram.com\/floraplusdergisi\/\"]},{\"@type\":\"Person\",\"@id\":\"https:\/\/floraplus.net\/en\/#\/schema\/person\/7263fcd2e50448ecd875951558a1f277\",\"name\":\"floraplus_admin\",\"sameAs\":[\"http:\/\/test.floraplus.net\"],\"url\":\"https:\/\/floraplus.net\/en\/author\/floraplus_admin\/\"}]}<\/script>\n<!-- \/ Yoast SEO Premium plugin. -->","yoast_head_json":{"title":"\u00c7er\u00e7evenin i\u00e7indeki foto\u011fraf - Floraplus","robots":{"index":"index","follow":"follow","max-snippet":"max-snippet:-1","max-image-preview":"max-image-preview:large","max-video-preview":"max-video-preview:-1"},"canonical":"https:\/\/floraplus.net\/en\/2024\/11\/03\/photo-in-frame\/","og_locale":"en_US","og_type":"article","og_title":"\u00c7er\u00e7evenin i\u00e7indeki foto\u011fraf","og_description":"Kongre, iklim krizinin ve \u00e7evre sorunlar\u0131n\u0131n peyzaj mimarl\u0131\u011f\u0131n\u0131 do\u011frudan ilgilendiren ana konular oldu\u011funu net bir","og_url":"https:\/\/floraplus.net\/en\/2024\/11\/03\/photo-in-frame\/","og_site_name":"Floraplus","article_publisher":"https:\/\/www.facebook.com\/floraplusdergisi","article_published_time":"2024-11-03T11:02:56+00:00","article_modified_time":"2024-11-04T09:02:58+00:00","og_image":[{"width":2560,"height":1706,"url":"https:\/\/floraplus.net\/wp-content\/uploads\/2024\/11\/02-scaled.jpg","type":"image\/jpeg"}],"author":"floraplus_admin","twitter_card":"summary_large_image","twitter_misc":{"Written by":"floraplus_admin","Est. reading time":"1 minute"},"schema":{"@context":"https:\/\/schema.org","@graph":[{"@type":"Article","@id":"https:\/\/floraplus.net\/tr_tr\/2024\/11\/03\/cercevenin-icindeki-fotograf\/#article","isPartOf":{"@id":"https:\/\/floraplus.net\/tr_tr\/2024\/11\/03\/cercevenin-icindeki-fotograf\/"},"author":{"name":"floraplus_admin","@id":"https:\/\/floraplus.net\/en\/#\/schema\/person\/7263fcd2e50448ecd875951558a1f277"},"headline":"\u00c7er\u00e7evenin i\u00e7indeki foto\u011fraf","datePublished":"2024-11-03T11:02:56+00:00","dateModified":"2024-11-04T09:02:58+00:00","mainEntityOfPage":{"@id":"https:\/\/floraplus.net\/tr_tr\/2024\/11\/03\/cercevenin-icindeki-fotograf\/"},"wordCount":219,"commentCount":0,"publisher":{"@id":"https:\/\/floraplus.net\/en\/#organization"},"image":{"@id":"https:\/\/floraplus.net\/tr_tr\/2024\/11\/03\/cercevenin-icindeki-fotograf\/#primaryimage"},"thumbnailUrl":"https:\/\/floraplus.net\/wp-content\/uploads\/2024\/11\/02-scaled.jpg","keywords":["Code Red for Earth","Floraplus Dergisi","\u0130klim krizi","Peyzaj Mimarlar\u0131 Odas\u0131","Uluslararas\u0131 Peyzaj Mimarl\u0131\u011f\u0131 Federasyonu (IFLA)"],"articleSection":["G\u00fcncel","Haberler"],"inLanguage":"en-US","potentialAction":[{"@type":"CommentAction","name":"Comment","target":["https:\/\/floraplus.net\/tr_tr\/2024\/11\/03\/cercevenin-icindeki-fotograf\/#respond"]}]},{"@type":"WebPage","@id":"https:\/\/floraplus.net\/tr_tr\/2024\/11\/03\/cercevenin-icindeki-fotograf\/","url":"https:\/\/floraplus.net\/tr_tr\/2024\/11\/03\/cercevenin-icindeki-fotograf\/","name":"\u00c7er\u00e7evenin i\u00e7indeki foto\u011fraf - Floraplus","isPartOf":{"@id":"https:\/\/floraplus.net\/en\/#website"},"primaryImageOfPage":{"@id":"https:\/\/floraplus.net\/tr_tr\/2024\/11\/03\/cercevenin-icindeki-fotograf\/#primaryimage"},"image":{"@id":"https:\/\/floraplus.net\/tr_tr\/2024\/11\/03\/cercevenin-icindeki-fotograf\/#primaryimage"},"thumbnailUrl":"https:\/\/floraplus.net\/wp-content\/uploads\/2024\/11\/02-scaled.jpg","datePublished":"2024-11-03T11:02:56+00:00","dateModified":"2024-11-04T09:02:58+00:00","breadcrumb":{"@id":"https:\/\/floraplus.net\/tr_tr\/2024\/11\/03\/cercevenin-icindeki-fotograf\/#breadcrumb"},"inLanguage":"en-US","potentialAction":[{"@type":"ReadAction","target":["https:\/\/floraplus.net\/tr_tr\/2024\/11\/03\/cercevenin-icindeki-fotograf\/"]}]},{"@type":"ImageObject","inLanguage":"en-US","@id":"https:\/\/floraplus.net\/tr_tr\/2024\/11\/03\/cercevenin-icindeki-fotograf\/#primaryimage","url":"https:\/\/floraplus.net\/wp-content\/uploads\/2024\/11\/02-scaled.jpg","contentUrl":"https:\/\/floraplus.net\/wp-content\/uploads\/2024\/11\/02-scaled.jpg","width":2560,"height":1706},{"@type":"BreadcrumbList","@id":"https:\/\/floraplus.net\/tr_tr\/2024\/11\/03\/cercevenin-icindeki-fotograf\/#breadcrumb","itemListElement":[{"@type":"ListItem","position":1,"name":"Home","item":"https:\/\/floraplus.net\/en\/"},{"@type":"ListItem","position":2,"name":"\u00c7er\u00e7evenin i\u00e7indeki foto\u011fraf"}]},{"@type":"WebSite","@id":"https:\/\/floraplus.net\/en\/#website","url":"https:\/\/floraplus.net\/en\/","name":"Floraplus","description":"Peyzaj, peyzaj mimarl\u0131\u011f\u0131, peyzaj bitkileri, s\u00fcs ve bah\u00e7e\u00a0bitkileri","publisher":{"@id":"https:\/\/floraplus.net\/en\/#organization"},"potentialAction":[{"@type":"SearchAction","target":{"@type":"EntryPoint","urlTemplate":"https:\/\/floraplus.net\/en\/?s={search_term_string}"},"query-input":{"@type":"PropertyValueSpecification","valueRequired":true,"valueName":"search_term_string"}}],"inLanguage":"en-US"},{"@type":"Organization","@id":"https:\/\/floraplus.net\/en\/#organization","name":"Floraplus","url":"https:\/\/floraplus.net\/en\/","logo":{"@type":"ImageObject","inLanguage":"en-US","@id":"https:\/\/floraplus.net\/en\/#\/schema\/logo\/image\/","url":"https:\/\/floraplus.net\/wp-content\/uploads\/2021\/08\/logo-e1627994475388.png","contentUrl":"https:\/\/floraplus.net\/wp-content\/uploads\/2021\/08\/logo-e1627994475388.png","width":251,"height":81,"caption":"Floraplus"},"image":{"@id":"https:\/\/floraplus.net\/en\/#\/schema\/logo\/image\/"},"sameAs":["https:\/\/www.facebook.com\/floraplusdergisi","https:\/\/www.instagram.com\/floraplusdergisi\/"]},{"@type":"Person","@id":"https:\/\/floraplus.net\/en\/#\/schema\/person\/7263fcd2e50448ecd875951558a1f277","name":"floraplus_admin","sameAs":["http:\/\/test.floraplus.net"],"url":"https:\/\/floraplus.net\/en\/author\/floraplus_admin\/"}]}},"_links":{"self":[{"href":"https:\/\/floraplus.net\/en\/wp-json\/wp\/v2\/posts\/7197","targetHints":{"allow":["GET"]}}],"collection":[{"href":"https:\/\/floraplus.net\/en\/wp-json\/wp\/v2\/posts"}],"about":[{"href":"https:\/\/floraplus.net\/en\/wp-json\/wp\/v2\/types\/post"}],"author":[{"embeddable":true,"href":"https:\/\/floraplus.net\/en\/wp-json\/wp\/v2\/users\/1"}],"replies":[{"embeddable":true,"href":"https:\/\/floraplus.net\/en\/wp-json\/wp\/v2\/comments?post=7197"}],"version-history":[{"count":4,"href":"https:\/\/floraplus.net\/en\/wp-json\/wp\/v2\/posts\/7197\/revisions"}],"predecessor-version":[{"id":7207,"href":"https:\/\/floraplus.net\/en\/wp-json\/wp\/v2\/posts\/7197\/revisions\/7207"}],"wp:featuredmedia":[{"embeddable":true,"href":"https:\/\/floraplus.net\/en\/wp-json\/wp\/v2\/media\/7199"}],"wp:attachment":[{"href":"https:\/\/floraplus.net\/en\/wp-json\/wp\/v2\/media?parent=7197"}],"wp:term":[{"taxonomy":"category","embeddable":true,"href":"https:\/\/floraplus.net\/en\/wp-json\/wp\/v2\/categories?post=7197"},{"taxonomy":"post_tag","embeddable":true,"href":"https:\/\/floraplus.net\/en\/wp-json\/wp\/v2\/tags?post=7197"}],"curies":[{"name":"wp","href":"https:\/\/api.w.org\/{rel}","templated":true}]}}