{"id":7591,"date":"2025-03-13T13:51:43","date_gmt":"2025-03-13T10:51:43","guid":{"rendered":"https:\/\/floraplus.net\/?p=7591"},"modified":"2025-03-13T13:53:55","modified_gmt":"2025-03-13T10:53:55","slug":"zeytin-meyve-agaci-ihracati-serbest","status":"publish","type":"post","link":"https:\/\/floraplus.net\/en\/2025\/03\/13\/olive-fruit-tree-exports-are-free\/","title":{"rendered":"Export of olive fruit trees is free!"},"content":{"rendered":"<div class=\"pgc-sgb-cb wp-block-pgcsimplygalleryblock-slider\" data-gallery-id=\"48f59050\"style=\"&quot;min-height:600px&quot;\"><div class=\"sgb-preloader\" id=\"pr_48f59050\">\n\t<div class=\"sgb-square\" style=\"background:#d4d4d4\"><\/div>\n\t<div class=\"sgb-square\" style=\"background:#d4d4d4\"><\/div>\n\t<div class=\"sgb-square\" style=\"background:#d4d4d4\"><\/div>\n\t<div class=\"sgb-square\" style=\"background:#d4d4d4\"><\/div><\/div><div class=\"simply-gallery-amp pgc_sgb_slider\" style=\"display: none;\"><div class=\"sgb-gallery\"><div class=\"sgb-item\"><a href=\"https:\/\/floraplus.net\/en\/?attachment_id=7592\" target=\"_blank\"><img decoding=\"async\" alt=\"\" width=\"203\" height=\"300\" loading=\"lazy\" src=\"https:\/\/floraplus.net\/wp-content\/uploads\/2025\/03\/01-203x300.jpg\" srcset=\"https:\/\/floraplus.net\/wp-content\/uploads\/2025\/03\/01-203x300.jpg 203w,https:\/\/floraplus.net\/wp-content\/uploads\/2025\/03\/01-693x1024.jpg 693w,https:\/\/floraplus.net\/wp-content\/uploads\/2025\/03\/01.jpg 1023w\" sizes=\"auto, 250px\"\/><\/a><div class=\"sgb-item-caption\"><em>S\u00dcSB\u0130R President Sava\u015f Akcan<\/em><\/div><\/div><div class=\"sgb-item\"><a href=\"https:\/\/floraplus.net\/en\/?attachment_id=7598\" target=\"_blank\"><img decoding=\"async\" alt=\"\" width=\"300\" height=\"225\" loading=\"lazy\" src=\"https:\/\/floraplus.net\/wp-content\/uploads\/2025\/03\/26-1-300x225.jpg\" srcset=\"https:\/\/floraplus.net\/wp-content\/uploads\/2025\/03\/26-1-300x225.jpg 300w,https:\/\/floraplus.net\/wp-content\/uploads\/2025\/03\/26-1-1024x768.jpg 1024w,https:\/\/floraplus.net\/wp-content\/uploads\/2025\/03\/26-1-scaled.jpg 2560w\" sizes=\"auto, 250px\"\/><\/a><\/div><div class=\"sgb-item\"><a href=\"https:\/\/floraplus.net\/en\/?attachment_id=7594\" target=\"_blank\"><img decoding=\"async\" alt=\"\" width=\"300\" height=\"169\" loading=\"lazy\" src=\"https:\/\/floraplus.net\/wp-content\/uploads\/2025\/03\/232-1-300x169.jpg\" srcset=\"https:\/\/floraplus.net\/wp-content\/uploads\/2025\/03\/232-1-300x169.jpg 300w,https:\/\/floraplus.net\/wp-content\/uploads\/2025\/03\/232-1-1024x576.jpg 1024w,https:\/\/floraplus.net\/wp-content\/uploads\/2025\/03\/232-1.jpg 1080w\" sizes=\"auto, 250px\"\/><\/a><div class=\"sgb-item-caption\"><em>S\u00dcSB\u0130R President Sava\u015f Akcan and S\u00dcSB\u0130R Board Member Ahmet Korhan \u00c7i\u00e7ek with officials from the Ministry of Agriculture. <\/em><\/div><\/div><div class=\"sgb-item\"><a href=\"https:\/\/floraplus.net\/en\/?attachment_id=7596\" target=\"_blank\"><img decoding=\"async\" alt=\"\" width=\"300\" height=\"200\" loading=\"lazy\" src=\"https:\/\/floraplus.net\/wp-content\/uploads\/2025\/03\/27-1-300x200.jpg\" srcset=\"https:\/\/floraplus.net\/wp-content\/uploads\/2025\/03\/27-1-300x200.jpg 300w,https:\/\/floraplus.net\/wp-content\/uploads\/2025\/03\/27-1-1024x683.jpg 1024w,https:\/\/floraplus.net\/wp-content\/uploads\/2025\/03\/27-1-scaled.jpg 2560w\" sizes=\"auto, 250px\"\/><\/a><div class=\"sgb-item-caption\"><em>Grown olive trees have become popular plants in landscaping applications in recent years.   <\/em><\/div><\/div><div class=\"sgb-item\"><a href=\"https:\/\/floraplus.net\/en\/?attachment_id=7599\" target=\"_blank\"><img decoding=\"async\" alt=\"\" width=\"225\" height=\"300\" loading=\"lazy\" src=\"https:\/\/floraplus.net\/wp-content\/uploads\/2025\/03\/28-1-225x300.jpg\" srcset=\"https:\/\/floraplus.net\/wp-content\/uploads\/2025\/03\/28-1-225x300.jpg 225w,https:\/\/floraplus.net\/wp-content\/uploads\/2025\/03\/28-1-768x1024.jpg 768w,https:\/\/floraplus.net\/wp-content\/uploads\/2025\/03\/28-1-scaled.jpg 1920w\" sizes=\"auto, 250px\"\/><\/a><\/div><div class=\"sgb-item\"><a href=\"https:\/\/floraplus.net\/en\/?attachment_id=7600\" target=\"_blank\"><img decoding=\"async\" alt=\"\" width=\"225\" height=\"300\" loading=\"lazy\" src=\"https:\/\/floraplus.net\/wp-content\/uploads\/2025\/03\/29-1-225x300.jpg\" srcset=\"https:\/\/floraplus.net\/wp-content\/uploads\/2025\/03\/29-1-225x300.jpg 225w,https:\/\/floraplus.net\/wp-content\/uploads\/2025\/03\/29-1-768x1024.jpg 768w,https:\/\/floraplus.net\/wp-content\/uploads\/2025\/03\/29-1-scaled.jpg 1920w\" sizes=\"auto, 250px\"\/><\/a><\/div><div class=\"sgb-item\"><a href=\"https:\/\/floraplus.net\/en\/?attachment_id=7601\" target=\"_blank\"><img decoding=\"async\" alt=\"\" width=\"225\" height=\"300\" loading=\"lazy\" src=\"https:\/\/floraplus.net\/wp-content\/uploads\/2025\/03\/30-1-225x300.jpg\" srcset=\"https:\/\/floraplus.net\/wp-content\/uploads\/2025\/03\/30-1-225x300.jpg 225w,https:\/\/floraplus.net\/wp-content\/uploads\/2025\/03\/30-1-768x1024.jpg 768w,https:\/\/floraplus.net\/wp-content\/uploads\/2025\/03\/30-1-scaled.jpg 1920w\" sizes=\"auto, 250px\"\/><\/a><\/div><div class=\"sgb-item\"><a href=\"https:\/\/floraplus.net\/en\/?attachment_id=7602\" target=\"_blank\"><img decoding=\"async\" alt=\"\" width=\"225\" height=\"300\" loading=\"lazy\" src=\"https:\/\/floraplus.net\/wp-content\/uploads\/2025\/03\/31-1-225x300.jpg\" srcset=\"https:\/\/floraplus.net\/wp-content\/uploads\/2025\/03\/31-1-225x300.jpg 225w,https:\/\/floraplus.net\/wp-content\/uploads\/2025\/03\/31-1-768x1024.jpg 768w,https:\/\/floraplus.net\/wp-content\/uploads\/2025\/03\/31-1-scaled.jpg 1920w\" sizes=\"auto, 250px\"\/><\/a><\/div><div class=\"sgb-item\"><a href=\"https:\/\/floraplus.net\/en\/?attachment_id=7603\" target=\"_blank\"><img decoding=\"async\" alt=\"\" width=\"300\" height=\"225\" loading=\"lazy\" src=\"https:\/\/floraplus.net\/wp-content\/uploads\/2025\/03\/IMG_5677-1-300x225.jpg\" srcset=\"https:\/\/floraplus.net\/wp-content\/uploads\/2025\/03\/IMG_5677-1-300x225.jpg 300w,https:\/\/floraplus.net\/wp-content\/uploads\/2025\/03\/IMG_5677-1-1024x768.jpg 1024w,https:\/\/floraplus.net\/wp-content\/uploads\/2025\/03\/IMG_5677-1-scaled.jpg 2560w\" sizes=\"auto, 250px\"\/><\/a><\/div><div class=\"sgb-item\"><a href=\"https:\/\/floraplus.net\/en\/?attachment_id=7604\" target=\"_blank\"><img decoding=\"async\" alt=\"\" width=\"300\" height=\"225\" loading=\"lazy\" src=\"https:\/\/floraplus.net\/wp-content\/uploads\/2025\/03\/tamam-300x225.jpg\" srcset=\"https:\/\/floraplus.net\/wp-content\/uploads\/2025\/03\/tamam-300x225.jpg 300w,https:\/\/floraplus.net\/wp-content\/uploads\/2025\/03\/tamam.jpg 960w\" sizes=\"auto, 250px\"\/><\/a><\/div><\/div><\/div><script type=\"application\/json\" class=\"sgb-data\">{\"captionHAlign\":\"bottom\",\"sliderMaxHeight\":600,\"sliderAdminWidth\":840,\"collectionColumns\":1,\"galleryType\":\"pgc_sgb_slider\",\"galleryId\":\"48f59050\",\"images\":[{\"id\":7592,\"title\":\"01\",\"url\":\"https:\/\/floraplus.net\/wp-content\/uploads\/2025\/03\/01.jpg\",\"link\":\"https:\/\/floraplus.net\/?attachment_id=7592\",\"alt\":\"\",\"description\":\"\",\"caption\":\"S\u00dcSB\u0130R Ba\u015fkan\u0131 Sava\u015f Akcan\",\"mime\":\"image\/jpeg\",\"type\":\"image\",\"width\":1023,\"height\":1512,\"sizes\":{\"thumbnail\":{\"height\":150,\"width\":150,\"url\":\"https:\/\/floraplus.net\/wp-content\/uploads\/2025\/03\/01-150x150.jpg\",\"orientation\":\"landscape\"},\"medium\":{\"height\":300,\"width\":203,\"url\":\"https:\/\/floraplus.net\/wp-content\/uploads\/2025\/03\/01-203x300.jpg\",\"orientation\":\"portrait\"},\"large\":{\"height\":1024,\"width\":693,\"url\":\"https:\/\/floraplus.net\/wp-content\/uploads\/2025\/03\/01-693x1024.jpg\",\"orientation\":\"portrait\"},\"full\":{\"url\":\"https:\/\/floraplus.net\/wp-content\/uploads\/2025\/03\/01.jpg\",\"height\":1512,\"width\":1023,\"orientation\":\"portrait\"}},\"imageMeta\":{\"aperture\":\"0\",\"credit\":\"\",\"camera\":\"\",\"caption\":\"\",\"created_timestamp\":\"0\",\"copyright\":\"\",\"focal_length\":\"0\",\"iso\":\"0\",\"shutter_speed\":\"0\",\"title\":\"\",\"orientation\":\"0\",\"keywords\":[]},\"meta\":false,\"postlink\":\"https:\/\/floraplus.net\/?attachment_id=7592\"},{\"id\":7598,\"title\":\"26\",\"url\":\"https:\/\/floraplus.net\/wp-content\/uploads\/2025\/03\/26-1-scaled.jpg\",\"link\":\"https:\/\/floraplus.net\/?attachment_id=7598\",\"alt\":\"\",\"description\":\"\",\"caption\":\"\",\"mime\":\"image\/jpeg\",\"type\":\"image\",\"width\":2560,\"height\":1920,\"sizes\":{\"thumbnail\":{\"height\":150,\"width\":150,\"url\":\"https:\/\/floraplus.net\/wp-content\/uploads\/2025\/03\/26-1-150x150.jpg\",\"orientation\":\"landscape\"},\"medium\":{\"height\":225,\"width\":300,\"url\":\"https:\/\/floraplus.net\/wp-content\/uploads\/2025\/03\/26-1-300x225.jpg\",\"orientation\":\"landscape\"},\"large\":{\"height\":768,\"width\":1024,\"url\":\"https:\/\/floraplus.net\/wp-content\/uploads\/2025\/03\/26-1-1024x768.jpg\",\"orientation\":\"landscape\"},\"full\":{\"url\":\"https:\/\/floraplus.net\/wp-content\/uploads\/2025\/03\/26-1-scaled.jpg\",\"height\":1920,\"width\":2560,\"orientation\":\"landscape\"}},\"imageMeta\":{\"aperture\":\"1.8\",\"credit\":\"\",\"camera\":\"iPhone 11\",\"caption\":\"\",\"created_timestamp\":\"1722867239\",\"copyright\":\"\",\"focal_length\":\"4.25\",\"iso\":\"32\",\"shutter_speed\":\"0.00031201248049922\",\"title\":\"\",\"orientation\":1,\"keywords\":[]},\"meta\":false,\"postlink\":\"https:\/\/floraplus.net\/?attachment_id=7598\"},{\"id\":7594,\"title\":\"232\",\"url\":\"https:\/\/floraplus.net\/wp-content\/uploads\/2025\/03\/232-1.jpg\",\"link\":\"https:\/\/floraplus.net\/?attachment_id=7594\",\"alt\":\"\",\"description\":\"\",\"caption\":\"S\u00dcSB\u0130R Ba\u015fkan\u0131 Sava\u015f Akcan ve S\u00dcSB\u0130R Y\u00f6netim Kurulu \u00dcyesi Ahmet Korhan \u00c7i\u00e7ek tar\u0131m bakanl\u0131\u011f\u0131 yetkileriyle birlikte. \",\"mime\":\"image\/jpeg\",\"type\":\"image\",\"width\":1080,\"height\":607,\"sizes\":{\"thumbnail\":{\"height\":150,\"width\":150,\"url\":\"https:\/\/floraplus.net\/wp-content\/uploads\/2025\/03\/232-1-150x150.jpg\",\"orientation\":\"landscape\"},\"medium\":{\"height\":169,\"width\":300,\"url\":\"https:\/\/floraplus.net\/wp-content\/uploads\/2025\/03\/232-1-300x169.jpg\",\"orientation\":\"landscape\"},\"large\":{\"height\":576,\"width\":1024,\"url\":\"https:\/\/floraplus.net\/wp-content\/uploads\/2025\/03\/232-1-1024x576.jpg\",\"orientation\":\"landscape\"},\"full\":{\"url\":\"https:\/\/floraplus.net\/wp-content\/uploads\/2025\/03\/232-1.jpg\",\"height\":607,\"width\":1080,\"orientation\":\"landscape\"}},\"imageMeta\":{\"aperture\":\"0\",\"credit\":\"\",\"camera\":\"\",\"caption\":\"\",\"created_timestamp\":\"0\",\"copyright\":\"\",\"focal_length\":\"0\",\"iso\":\"0\",\"shutter_speed\":\"0\",\"title\":\"\",\"orientation\":\"0\",\"keywords\":[]},\"meta\":false,\"postlink\":\"https:\/\/floraplus.net\/?attachment_id=7594\"},{\"id\":7596,\"title\":\"27\",\"url\":\"https:\/\/floraplus.net\/wp-content\/uploads\/2025\/03\/27-1-scaled.jpg\",\"link\":\"https:\/\/floraplus.net\/?attachment_id=7596\",\"alt\":\"\",\"description\":\"\",\"caption\":\"Yeti\u015fmi\u015f zeytin a\u011fa\u00e7lar\u0131 son y\u0131llarda peyzaj uygulamalar\u0131n\u0131n g\u00f6zde bitkisi olarak adland\u0131r\u0131l\u0131yor.   \",\"mime\":\"image\/jpeg\",\"type\":\"image\",\"width\":2560,\"height\":1707,\"sizes\":{\"thumbnail\":{\"height\":150,\"width\":150,\"url\":\"https:\/\/floraplus.net\/wp-content\/uploads\/2025\/03\/27-1-150x150.jpg\",\"orientation\":\"landscape\"},\"medium\":{\"height\":200,\"width\":300,\"url\":\"https:\/\/floraplus.net\/wp-content\/uploads\/2025\/03\/27-1-300x200.jpg\",\"orientation\":\"landscape\"},\"large\":{\"height\":683,\"width\":1024,\"url\":\"https:\/\/floraplus.net\/wp-content\/uploads\/2025\/03\/27-1-1024x683.jpg\",\"orientation\":\"landscape\"},\"full\":{\"url\":\"https:\/\/floraplus.net\/wp-content\/uploads\/2025\/03\/27-1-scaled.jpg\",\"height\":1707,\"width\":2560,\"orientation\":\"landscape\"}},\"imageMeta\":{\"aperture\":\"8\",\"credit\":\"\",\"camera\":\"Canon EOS 80D\",\"caption\":\"\",\"created_timestamp\":\"1635159953\",\"copyright\":\"\",\"focal_length\":\"18\",\"iso\":\"100\",\"shutter_speed\":\"0.005\",\"title\":\"\",\"orientation\":\"1\",\"keywords\":[]},\"meta\":false,\"postlink\":\"https:\/\/floraplus.net\/?attachment_id=7596\"},{\"id\":7599,\"title\":\"28\",\"url\":\"https:\/\/floraplus.net\/wp-content\/uploads\/2025\/03\/28-1-scaled.jpg\",\"link\":\"https:\/\/floraplus.net\/?attachment_id=7599\",\"alt\":\"\",\"description\":\"\",\"caption\":\"\",\"mime\":\"image\/jpeg\",\"type\":\"image\",\"width\":1920,\"height\":2560,\"sizes\":{\"thumbnail\":{\"height\":150,\"width\":150,\"url\":\"https:\/\/floraplus.net\/wp-content\/uploads\/2025\/03\/28-1-150x150.jpg\",\"orientation\":\"landscape\"},\"medium\":{\"height\":300,\"width\":225,\"url\":\"https:\/\/floraplus.net\/wp-content\/uploads\/2025\/03\/28-1-225x300.jpg\",\"orientation\":\"portrait\"},\"large\":{\"height\":1024,\"width\":768,\"url\":\"https:\/\/floraplus.net\/wp-content\/uploads\/2025\/03\/28-1-768x1024.jpg\",\"orientation\":\"portrait\"},\"full\":{\"url\":\"https:\/\/floraplus.net\/wp-content\/uploads\/2025\/03\/28-1-scaled.jpg\",\"height\":2560,\"width\":1920,\"orientation\":\"portrait\"}},\"imageMeta\":{\"aperture\":\"1.78\",\"credit\":\"\",\"camera\":\"iPhone 14 Pro Max\",\"caption\":\"\",\"created_timestamp\":\"1690035338\",\"copyright\":\"\",\"focal_length\":\"6.86\",\"iso\":\"80\",\"shutter_speed\":\"0.00074682598954444\",\"title\":\"\",\"orientation\":1,\"keywords\":[]},\"meta\":false,\"postlink\":\"https:\/\/floraplus.net\/?attachment_id=7599\"},{\"id\":7600,\"title\":\"29\",\"url\":\"https:\/\/floraplus.net\/wp-content\/uploads\/2025\/03\/29-1-scaled.jpg\",\"link\":\"https:\/\/floraplus.net\/?attachment_id=7600\",\"alt\":\"\",\"description\":\"\",\"caption\":\"\",\"mime\":\"image\/jpeg\",\"type\":\"image\",\"width\":1920,\"height\":2560,\"sizes\":{\"thumbnail\":{\"height\":150,\"width\":150,\"url\":\"https:\/\/floraplus.net\/wp-content\/uploads\/2025\/03\/29-1-150x150.jpg\",\"orientation\":\"landscape\"},\"medium\":{\"height\":300,\"width\":225,\"url\":\"https:\/\/floraplus.net\/wp-content\/uploads\/2025\/03\/29-1-225x300.jpg\",\"orientation\":\"portrait\"},\"large\":{\"height\":1024,\"width\":768,\"url\":\"https:\/\/floraplus.net\/wp-content\/uploads\/2025\/03\/29-1-768x1024.jpg\",\"orientation\":\"portrait\"},\"full\":{\"url\":\"https:\/\/floraplus.net\/wp-content\/uploads\/2025\/03\/29-1-scaled.jpg\",\"height\":2560,\"width\":1920,\"orientation\":\"portrait\"}},\"imageMeta\":{\"aperture\":\"1.78\",\"credit\":\"\",\"camera\":\"iPhone 14 Pro Max\",\"caption\":\"\",\"created_timestamp\":\"1693812728\",\"copyright\":\"\",\"focal_length\":\"6.86\",\"iso\":\"80\",\"shutter_speed\":\"0.00061996280223187\",\"title\":\"\",\"orientation\":\"1\",\"keywords\":[]},\"meta\":false,\"postlink\":\"https:\/\/floraplus.net\/?attachment_id=7600\"},{\"id\":7601,\"title\":\"30\",\"url\":\"https:\/\/floraplus.net\/wp-content\/uploads\/2025\/03\/30-1-scaled.jpg\",\"link\":\"https:\/\/floraplus.net\/?attachment_id=7601\",\"alt\":\"\",\"description\":\"\",\"caption\":\"\",\"mime\":\"image\/jpeg\",\"type\":\"image\",\"width\":1920,\"height\":2560,\"sizes\":{\"thumbnail\":{\"height\":150,\"width\":150,\"url\":\"https:\/\/floraplus.net\/wp-content\/uploads\/2025\/03\/30-1-150x150.jpg\",\"orientation\":\"landscape\"},\"medium\":{\"height\":300,\"width\":225,\"url\":\"https:\/\/floraplus.net\/wp-content\/uploads\/2025\/03\/30-1-225x300.jpg\",\"orientation\":\"portrait\"},\"large\":{\"height\":1024,\"width\":768,\"url\":\"https:\/\/floraplus.net\/wp-content\/uploads\/2025\/03\/30-1-768x1024.jpg\",\"orientation\":\"portrait\"},\"full\":{\"url\":\"https:\/\/floraplus.net\/wp-content\/uploads\/2025\/03\/30-1-scaled.jpg\",\"height\":2560,\"width\":1920,\"orientation\":\"portrait\"}},\"imageMeta\":{\"aperture\":\"1.78\",\"credit\":\"\",\"camera\":\"iPhone 14 Pro Max\",\"caption\":\"\",\"created_timestamp\":\"1691477568\",\"copyright\":\"\",\"focal_length\":\"6.86\",\"iso\":\"100\",\"shutter_speed\":\"0.0060240963855422\",\"title\":\"\",\"orientation\":\"1\",\"keywords\":[]},\"meta\":false,\"postlink\":\"https:\/\/floraplus.net\/?attachment_id=7601\"},{\"id\":7602,\"title\":\"31\",\"url\":\"https:\/\/floraplus.net\/wp-content\/uploads\/2025\/03\/31-1-scaled.jpg\",\"link\":\"https:\/\/floraplus.net\/?attachment_id=7602\",\"alt\":\"\",\"description\":\"\",\"caption\":\"\",\"mime\":\"image\/jpeg\",\"type\":\"image\",\"width\":1920,\"height\":2560,\"sizes\":{\"thumbnail\":{\"height\":150,\"width\":150,\"url\":\"https:\/\/floraplus.net\/wp-content\/uploads\/2025\/03\/31-1-150x150.jpg\",\"orientation\":\"landscape\"},\"medium\":{\"height\":300,\"width\":225,\"url\":\"https:\/\/floraplus.net\/wp-content\/uploads\/2025\/03\/31-1-225x300.jpg\",\"orientation\":\"portrait\"},\"large\":{\"height\":1024,\"width\":768,\"url\":\"https:\/\/floraplus.net\/wp-content\/uploads\/2025\/03\/31-1-768x1024.jpg\",\"orientation\":\"portrait\"},\"full\":{\"url\":\"https:\/\/floraplus.net\/wp-content\/uploads\/2025\/03\/31-1-scaled.jpg\",\"height\":2560,\"width\":1920,\"orientation\":\"portrait\"}},\"imageMeta\":{\"aperture\":\"1.78\",\"credit\":\"\",\"camera\":\"iPhone 14 Pro Max\",\"caption\":\"\",\"created_timestamp\":\"1682708757\",\"copyright\":\"\",\"focal_length\":\"6.86\",\"iso\":\"200\",\"shutter_speed\":\"0.0082644628099174\",\"title\":\"\",\"orientation\":1,\"keywords\":[]},\"meta\":false,\"postlink\":\"https:\/\/floraplus.net\/?attachment_id=7602\"},{\"id\":7603,\"title\":\"IMG_5677\",\"url\":\"https:\/\/floraplus.net\/wp-content\/uploads\/2025\/03\/IMG_5677-1-scaled.jpg\",\"link\":\"https:\/\/floraplus.net\/?attachment_id=7603\",\"alt\":\"\",\"description\":\"\",\"caption\":\"\",\"mime\":\"image\/jpeg\",\"type\":\"image\",\"width\":2560,\"height\":1920,\"sizes\":{\"thumbnail\":{\"height\":150,\"width\":150,\"url\":\"https:\/\/floraplus.net\/wp-content\/uploads\/2025\/03\/IMG_5677-1-150x150.jpg\",\"orientation\":\"landscape\"},\"medium\":{\"height\":225,\"width\":300,\"url\":\"https:\/\/floraplus.net\/wp-content\/uploads\/2025\/03\/IMG_5677-1-300x225.jpg\",\"orientation\":\"landscape\"},\"large\":{\"height\":768,\"width\":1024,\"url\":\"https:\/\/floraplus.net\/wp-content\/uploads\/2025\/03\/IMG_5677-1-1024x768.jpg\",\"orientation\":\"landscape\"},\"full\":{\"url\":\"https:\/\/floraplus.net\/wp-content\/uploads\/2025\/03\/IMG_5677-1-scaled.jpg\",\"height\":1920,\"width\":2560,\"orientation\":\"landscape\"}},\"imageMeta\":{\"aperture\":\"1.8\",\"credit\":\"\",\"camera\":\"iPhone 11\",\"caption\":\"\",\"created_timestamp\":\"1731495657\",\"copyright\":\"\",\"focal_length\":\"4.25\",\"iso\":\"160\",\"shutter_speed\":\"0.02\",\"title\":\"\",\"orientation\":1,\"keywords\":[]},\"meta\":false,\"postlink\":\"https:\/\/floraplus.net\/?attachment_id=7603\"},{\"id\":7604,\"title\":\"tamam\",\"url\":\"https:\/\/floraplus.net\/wp-content\/uploads\/2025\/03\/tamam.jpg\",\"link\":\"https:\/\/floraplus.net\/?attachment_id=7604\",\"alt\":\"\",\"description\":\"\",\"caption\":\"\",\"mime\":\"image\/jpeg\",\"type\":\"image\",\"width\":960,\"height\":720,\"sizes\":{\"thumbnail\":{\"height\":150,\"width\":150,\"url\":\"https:\/\/floraplus.net\/wp-content\/uploads\/2025\/03\/tamam-150x150.jpg\",\"orientation\":\"landscape\"},\"medium\":{\"height\":225,\"width\":300,\"url\":\"https:\/\/floraplus.net\/wp-content\/uploads\/2025\/03\/tamam-300x225.jpg\",\"orientation\":\"landscape\"},\"full\":{\"url\":\"https:\/\/floraplus.net\/wp-content\/uploads\/2025\/03\/tamam.jpg\",\"height\":720,\"width\":960,\"orientation\":\"landscape\"}},\"imageMeta\":{\"aperture\":\"0\",\"credit\":\"\",\"camera\":\"\",\"caption\":\"\",\"created_timestamp\":\"0\",\"copyright\":\"\",\"focal_length\":\"0\",\"iso\":\"0\",\"shutter_speed\":\"0\",\"title\":\"\",\"orientation\":\"0\",\"keywords\":[]},\"meta\":false,\"postlink\":\"https:\/\/floraplus.net\/?attachment_id=7604\"}],\"itemsMetaDataCollection\":[]}<\/script><script>(function(){if(window.PGC_SGB && window.PGC_SGB.searcher){window.PGC_SGB.searcher.initBlocks()}})()<\/script><\/div>\n\n\n<p><strong>Exports of olives and other cultivated fruit trees, which can only be consumed domestically, have been permitted. Could this alleviate the difficulties caused by the economic downturn that is increasingly affecting the sector? <a href=\"https:\/\/www.susbir.org.tr\/\" data-type=\"link\" data-id=\"https:\/\/www.susbir.org.tr\/\">SUSBIR <\/a>We learn from President Sava\u015f Akcan. \u00a0\u00a0<\/strong><\/p>\n\n\n\n<p><strong>Olive groves and fruit trees\u2026&nbsp;<\/strong><\/p>\n\n\n\n<p>When the import and export of uncertified fruit saplings was banned in 2020, the export of our cultivated fruit trees, which we would use in landscaping, was also banned. Olives were previously a banned variety. We tried to explain at the time that this decision would harm the sector and cause export difficulties. We explained that fruit growing in our country covers very large areas, and just like fashion, product lines change every 10-15 years, changing from oranges to avocados, plums to nectarines depending on consumer preferences. When producers changed fruit varieties, they uprooted their cultivated fruit trees because they couldn&#039;t establish orchards and sold them to bakeries for firewood. Some were then potted by landscaping companies for landscaping.<\/p>\n\n\n\n<p><strong>Saving trees that will be burned\u2026<\/strong><\/p>\n\n\n\n<p>In particular, significant amounts of olive trees were at risk of being burned for firewood during expropriation efforts during highway construction. In this situation, sector companies strained their resources, stockpiling some of the olive trees by placing them in pots. Because there was insufficient demand for the olive and fruit trees in stock, they were not being consumed. There was demand for these trees from the Turkic Republics, the Gulf countries, and even France and Spain, but the ban prevented us from exporting them. We have emphasized this issue in our meetings with the ministry since 2020. We were given the justification of &quot;protecting endemic species&quot; for olive trees. We explained that these projects could no longer be carried out by importing plants, but by taking a piece of tissue and &quot;tissue culture.&quot; Ultimately, it became clear that some of the classic bans were no longer valid, and <a href=\"https:\/\/ticaret.gov.tr\/\" target=\"_blank\" rel=\"noreferrer noopener\">Republic of Turkey Ministry of Trade<\/a> removed the barrier to fruit tree exports, including olives.\u00a0\u00a0\u00a0<\/p>\n\n\n\n<p><strong>When stocks in nurseries run out\u2026<\/strong><\/p>\n\n\n\n<p>According to the amendment approved by the Ministry of Trade, sales of olive and fruit trees in stock are permitted until January 1, 2027. After this date, plants removed from orchards subject to expropriation or reforestation may be exported after certification with the approval of the provincial or district agricultural directorate. We estimate that the stocks in our nurseries will be depleted by 2027. This means that, starting in January 2027, not everyone will be able to freely remove and sell olive trees.<\/p>\n\n\n\n<p><strong>Will it contribute to exports?<\/strong><\/p>\n\n\n\n<p>Because exports of mature olive and fruit trees were unavailable, importers seeking to procure these trees were also refusing to purchase other landscape products they had ordered. This, in turn, limited our export capabilities. I believe this freedom could help overcome the sector&#039;s accumulated economic challenges. We estimate a $40-50 million increase in exports this year compared to last year.<\/p>\n\n\n\n<p><\/p>","protected":false},"excerpt":{"rendered":"<p>Exports of olives and other cultivated fruit trees that can only be consumed in the domestic market were permitted. The sector is increasingly<\/p>","protected":false},"author":1,"featured_media":7592,"comment_status":"open","ping_status":"open","sticky":false,"template":"","format":"standard","meta":{"pgc_sgb_lightbox_settings":"","cybocfi_hide_featured_image":"","footnotes":""},"categories":[1429,225],"tags":[1252,1598],"class_list":["post-7591","post","type-post","status-publish","format-standard","has-post-thumbnail","hentry","category-guncel","category-haberler","tag-susbir","tag-zeytin-agaci"],"yoast_head":"<!-- This site is optimized with the Yoast SEO Premium plugin v25.4 (Yoast SEO v25.4) - https:\/\/yoast.com\/wordpress\/plugins\/seo\/ -->\n<title>Zeytin meyve a\u011fac\u0131 ihracat\u0131 serbest! - Floraplus<\/title>\n<meta name=\"robots\" content=\"index, follow, max-snippet:-1, max-image-preview:large, max-video-preview:-1\" \/>\n<link rel=\"canonical\" href=\"https:\/\/floraplus.net\/en\/2025\/03\/13\/olive-fruit-tree-exports-are-free\/\" \/>\n<meta property=\"og:locale\" content=\"en_US\" \/>\n<meta property=\"og:type\" content=\"article\" \/>\n<meta property=\"og:title\" content=\"Zeytin meyve a\u011fac\u0131 ihracat\u0131 serbest!\" \/>\n<meta property=\"og:description\" content=\"Sadece i\u00e7 piyasada t\u00fcketilebilen zeytin ve di\u011fer yeti\u015fmi\u015f meyve a\u011fa\u00e7lar\u0131n\u0131n ihracat\u0131 serbest b\u0131rak\u0131ld\u0131. Sekt\u00f6r\u00fc giderek\" \/>\n<meta property=\"og:url\" content=\"https:\/\/floraplus.net\/en\/2025\/03\/13\/olive-fruit-tree-exports-are-free\/\" \/>\n<meta property=\"og:site_name\" content=\"Floraplus\" \/>\n<meta property=\"article:publisher\" content=\"https:\/\/www.facebook.com\/floraplusdergisi\" \/>\n<meta property=\"article:published_time\" content=\"2025-03-13T10:51:43+00:00\" \/>\n<meta property=\"article:modified_time\" content=\"2025-03-13T10:53:55+00:00\" \/>\n<meta property=\"og:image\" content=\"https:\/\/floraplus.net\/wp-content\/uploads\/2025\/03\/01.jpg\" \/>\n\t<meta property=\"og:image:width\" content=\"1023\" \/>\n\t<meta property=\"og:image:height\" content=\"1512\" \/>\n\t<meta property=\"og:image:type\" content=\"image\/jpeg\" \/>\n<meta name=\"author\" content=\"floraplus_admin\" \/>\n<meta name=\"twitter:card\" content=\"summary_large_image\" \/>\n<meta name=\"twitter:label1\" content=\"Written by\" \/>\n\t<meta name=\"twitter:data1\" content=\"floraplus_admin\" \/>\n\t<meta name=\"twitter:label2\" content=\"Est. reading time\" \/>\n\t<meta name=\"twitter:data2\" content=\"3 minutes\" \/>\n<script type=\"application\/ld+json\" class=\"yoast-schema-graph\">{\"@context\":\"https:\/\/schema.org\",\"@graph\":[{\"@type\":\"Article\",\"@id\":\"https:\/\/floraplus.net\/en\/2025\/03\/13\/zeytin-meyve-agaci-ihracati-serbest\/#article\",\"isPartOf\":{\"@id\":\"https:\/\/floraplus.net\/en\/2025\/03\/13\/zeytin-meyve-agaci-ihracati-serbest\/\"},\"author\":{\"name\":\"floraplus_admin\",\"@id\":\"https:\/\/floraplus.net\/en\/#\/schema\/person\/7263fcd2e50448ecd875951558a1f277\"},\"headline\":\"Zeytin meyve a\u011fac\u0131 ihracat\u0131 serbest!\",\"datePublished\":\"2025-03-13T10:51:43+00:00\",\"dateModified\":\"2025-03-13T10:53:55+00:00\",\"mainEntityOfPage\":{\"@id\":\"https:\/\/floraplus.net\/en\/2025\/03\/13\/zeytin-meyve-agaci-ihracati-serbest\/\"},\"wordCount\":646,\"commentCount\":0,\"publisher\":{\"@id\":\"https:\/\/floraplus.net\/en\/#organization\"},\"image\":{\"@id\":\"https:\/\/floraplus.net\/en\/2025\/03\/13\/zeytin-meyve-agaci-ihracati-serbest\/#primaryimage\"},\"thumbnailUrl\":\"https:\/\/floraplus.net\/wp-content\/uploads\/2025\/03\/01.jpg\",\"keywords\":[\"s\u00fcsbir\",\"zeytin a\u011fac\u0131\"],\"articleSection\":[\"G\u00fcncel\",\"Haberler\"],\"inLanguage\":\"en-US\",\"potentialAction\":[{\"@type\":\"CommentAction\",\"name\":\"Comment\",\"target\":[\"https:\/\/floraplus.net\/en\/2025\/03\/13\/zeytin-meyve-agaci-ihracati-serbest\/#respond\"]}]},{\"@type\":\"WebPage\",\"@id\":\"https:\/\/floraplus.net\/en\/2025\/03\/13\/zeytin-meyve-agaci-ihracati-serbest\/\",\"url\":\"https:\/\/floraplus.net\/en\/2025\/03\/13\/zeytin-meyve-agaci-ihracati-serbest\/\",\"name\":\"Zeytin meyve a\u011fac\u0131 ihracat\u0131 serbest! - Floraplus\",\"isPartOf\":{\"@id\":\"https:\/\/floraplus.net\/en\/#website\"},\"primaryImageOfPage\":{\"@id\":\"https:\/\/floraplus.net\/en\/2025\/03\/13\/zeytin-meyve-agaci-ihracati-serbest\/#primaryimage\"},\"image\":{\"@id\":\"https:\/\/floraplus.net\/en\/2025\/03\/13\/zeytin-meyve-agaci-ihracati-serbest\/#primaryimage\"},\"thumbnailUrl\":\"https:\/\/floraplus.net\/wp-content\/uploads\/2025\/03\/01.jpg\",\"datePublished\":\"2025-03-13T10:51:43+00:00\",\"dateModified\":\"2025-03-13T10:53:55+00:00\",\"breadcrumb\":{\"@id\":\"https:\/\/floraplus.net\/en\/2025\/03\/13\/zeytin-meyve-agaci-ihracati-serbest\/#breadcrumb\"},\"inLanguage\":\"en-US\",\"potentialAction\":[{\"@type\":\"ReadAction\",\"target\":[\"https:\/\/floraplus.net\/en\/2025\/03\/13\/zeytin-meyve-agaci-ihracati-serbest\/\"]}]},{\"@type\":\"ImageObject\",\"inLanguage\":\"en-US\",\"@id\":\"https:\/\/floraplus.net\/en\/2025\/03\/13\/zeytin-meyve-agaci-ihracati-serbest\/#primaryimage\",\"url\":\"https:\/\/floraplus.net\/wp-content\/uploads\/2025\/03\/01.jpg\",\"contentUrl\":\"https:\/\/floraplus.net\/wp-content\/uploads\/2025\/03\/01.jpg\",\"width\":1023,\"height\":1512,\"caption\":\"S\u00dcSB\u0130R Ba\u015fkan\u0131 Sava\u015f Akcan\"},{\"@type\":\"BreadcrumbList\",\"@id\":\"https:\/\/floraplus.net\/en\/2025\/03\/13\/zeytin-meyve-agaci-ihracati-serbest\/#breadcrumb\",\"itemListElement\":[{\"@type\":\"ListItem\",\"position\":1,\"name\":\"Home\",\"item\":\"https:\/\/floraplus.net\/en\/\"},{\"@type\":\"ListItem\",\"position\":2,\"name\":\"Zeytin meyve a\u011fac\u0131 ihracat\u0131 serbest!\"}]},{\"@type\":\"WebSite\",\"@id\":\"https:\/\/floraplus.net\/en\/#website\",\"url\":\"https:\/\/floraplus.net\/en\/\",\"name\":\"Floraplus\",\"description\":\"Peyzaj, peyzaj mimarl\u0131\u011f\u0131, peyzaj bitkileri, s\u00fcs ve bah\u00e7e\u00a0bitkileri\",\"publisher\":{\"@id\":\"https:\/\/floraplus.net\/en\/#organization\"},\"potentialAction\":[{\"@type\":\"SearchAction\",\"target\":{\"@type\":\"EntryPoint\",\"urlTemplate\":\"https:\/\/floraplus.net\/en\/?s={search_term_string}\"},\"query-input\":{\"@type\":\"PropertyValueSpecification\",\"valueRequired\":true,\"valueName\":\"search_term_string\"}}],\"inLanguage\":\"en-US\"},{\"@type\":\"Organization\",\"@id\":\"https:\/\/floraplus.net\/en\/#organization\",\"name\":\"Floraplus\",\"url\":\"https:\/\/floraplus.net\/en\/\",\"logo\":{\"@type\":\"ImageObject\",\"inLanguage\":\"en-US\",\"@id\":\"https:\/\/floraplus.net\/en\/#\/schema\/logo\/image\/\",\"url\":\"https:\/\/floraplus.net\/wp-content\/uploads\/2021\/08\/logo-e1627994475388.png\",\"contentUrl\":\"https:\/\/floraplus.net\/wp-content\/uploads\/2021\/08\/logo-e1627994475388.png\",\"width\":251,\"height\":81,\"caption\":\"Floraplus\"},\"image\":{\"@id\":\"https:\/\/floraplus.net\/en\/#\/schema\/logo\/image\/\"},\"sameAs\":[\"https:\/\/www.facebook.com\/floraplusdergisi\",\"https:\/\/www.instagram.com\/floraplusdergisi\/\"]},{\"@type\":\"Person\",\"@id\":\"https:\/\/floraplus.net\/en\/#\/schema\/person\/7263fcd2e50448ecd875951558a1f277\",\"name\":\"floraplus_admin\",\"sameAs\":[\"http:\/\/test.floraplus.net\"],\"url\":\"https:\/\/floraplus.net\/en\/author\/floraplus_admin\/\"}]}<\/script>\n<!-- \/ Yoast SEO Premium plugin. -->","yoast_head_json":{"title":"Zeytin meyve a\u011fac\u0131 ihracat\u0131 serbest! - Floraplus","robots":{"index":"index","follow":"follow","max-snippet":"max-snippet:-1","max-image-preview":"max-image-preview:large","max-video-preview":"max-video-preview:-1"},"canonical":"https:\/\/floraplus.net\/en\/2025\/03\/13\/olive-fruit-tree-exports-are-free\/","og_locale":"en_US","og_type":"article","og_title":"Zeytin meyve a\u011fac\u0131 ihracat\u0131 serbest!","og_description":"Sadece i\u00e7 piyasada t\u00fcketilebilen zeytin ve di\u011fer yeti\u015fmi\u015f meyve a\u011fa\u00e7lar\u0131n\u0131n ihracat\u0131 serbest b\u0131rak\u0131ld\u0131. Sekt\u00f6r\u00fc giderek","og_url":"https:\/\/floraplus.net\/en\/2025\/03\/13\/olive-fruit-tree-exports-are-free\/","og_site_name":"Floraplus","article_publisher":"https:\/\/www.facebook.com\/floraplusdergisi","article_published_time":"2025-03-13T10:51:43+00:00","article_modified_time":"2025-03-13T10:53:55+00:00","og_image":[{"width":1023,"height":1512,"url":"https:\/\/floraplus.net\/wp-content\/uploads\/2025\/03\/01.jpg","type":"image\/jpeg"}],"author":"floraplus_admin","twitter_card":"summary_large_image","twitter_misc":{"Written by":"floraplus_admin","Est. reading time":"3 minutes"},"schema":{"@context":"https:\/\/schema.org","@graph":[{"@type":"Article","@id":"https:\/\/floraplus.net\/en\/2025\/03\/13\/zeytin-meyve-agaci-ihracati-serbest\/#article","isPartOf":{"@id":"https:\/\/floraplus.net\/en\/2025\/03\/13\/zeytin-meyve-agaci-ihracati-serbest\/"},"author":{"name":"floraplus_admin","@id":"https:\/\/floraplus.net\/en\/#\/schema\/person\/7263fcd2e50448ecd875951558a1f277"},"headline":"Zeytin meyve a\u011fac\u0131 ihracat\u0131 serbest!","datePublished":"2025-03-13T10:51:43+00:00","dateModified":"2025-03-13T10:53:55+00:00","mainEntityOfPage":{"@id":"https:\/\/floraplus.net\/en\/2025\/03\/13\/zeytin-meyve-agaci-ihracati-serbest\/"},"wordCount":646,"commentCount":0,"publisher":{"@id":"https:\/\/floraplus.net\/en\/#organization"},"image":{"@id":"https:\/\/floraplus.net\/en\/2025\/03\/13\/zeytin-meyve-agaci-ihracati-serbest\/#primaryimage"},"thumbnailUrl":"https:\/\/floraplus.net\/wp-content\/uploads\/2025\/03\/01.jpg","keywords":["s\u00fcsbir","zeytin a\u011fac\u0131"],"articleSection":["G\u00fcncel","Haberler"],"inLanguage":"en-US","potentialAction":[{"@type":"CommentAction","name":"Comment","target":["https:\/\/floraplus.net\/en\/2025\/03\/13\/zeytin-meyve-agaci-ihracati-serbest\/#respond"]}]},{"@type":"WebPage","@id":"https:\/\/floraplus.net\/en\/2025\/03\/13\/zeytin-meyve-agaci-ihracati-serbest\/","url":"https:\/\/floraplus.net\/en\/2025\/03\/13\/zeytin-meyve-agaci-ihracati-serbest\/","name":"Zeytin meyve a\u011fac\u0131 ihracat\u0131 serbest! - Floraplus","isPartOf":{"@id":"https:\/\/floraplus.net\/en\/#website"},"primaryImageOfPage":{"@id":"https:\/\/floraplus.net\/en\/2025\/03\/13\/zeytin-meyve-agaci-ihracati-serbest\/#primaryimage"},"image":{"@id":"https:\/\/floraplus.net\/en\/2025\/03\/13\/zeytin-meyve-agaci-ihracati-serbest\/#primaryimage"},"thumbnailUrl":"https:\/\/floraplus.net\/wp-content\/uploads\/2025\/03\/01.jpg","datePublished":"2025-03-13T10:51:43+00:00","dateModified":"2025-03-13T10:53:55+00:00","breadcrumb":{"@id":"https:\/\/floraplus.net\/en\/2025\/03\/13\/zeytin-meyve-agaci-ihracati-serbest\/#breadcrumb"},"inLanguage":"en-US","potentialAction":[{"@type":"ReadAction","target":["https:\/\/floraplus.net\/en\/2025\/03\/13\/zeytin-meyve-agaci-ihracati-serbest\/"]}]},{"@type":"ImageObject","inLanguage":"en-US","@id":"https:\/\/floraplus.net\/en\/2025\/03\/13\/zeytin-meyve-agaci-ihracati-serbest\/#primaryimage","url":"https:\/\/floraplus.net\/wp-content\/uploads\/2025\/03\/01.jpg","contentUrl":"https:\/\/floraplus.net\/wp-content\/uploads\/2025\/03\/01.jpg","width":1023,"height":1512,"caption":"S\u00dcSB\u0130R Ba\u015fkan\u0131 Sava\u015f Akcan"},{"@type":"BreadcrumbList","@id":"https:\/\/floraplus.net\/en\/2025\/03\/13\/zeytin-meyve-agaci-ihracati-serbest\/#breadcrumb","itemListElement":[{"@type":"ListItem","position":1,"name":"Home","item":"https:\/\/floraplus.net\/en\/"},{"@type":"ListItem","position":2,"name":"Zeytin meyve a\u011fac\u0131 ihracat\u0131 serbest!"}]},{"@type":"WebSite","@id":"https:\/\/floraplus.net\/en\/#website","url":"https:\/\/floraplus.net\/en\/","name":"Floraplus","description":"Peyzaj, peyzaj mimarl\u0131\u011f\u0131, peyzaj bitkileri, s\u00fcs ve bah\u00e7e\u00a0bitkileri","publisher":{"@id":"https:\/\/floraplus.net\/en\/#organization"},"potentialAction":[{"@type":"SearchAction","target":{"@type":"EntryPoint","urlTemplate":"https:\/\/floraplus.net\/en\/?s={search_term_string}"},"query-input":{"@type":"PropertyValueSpecification","valueRequired":true,"valueName":"search_term_string"}}],"inLanguage":"en-US"},{"@type":"Organization","@id":"https:\/\/floraplus.net\/en\/#organization","name":"Floraplus","url":"https:\/\/floraplus.net\/en\/","logo":{"@type":"ImageObject","inLanguage":"en-US","@id":"https:\/\/floraplus.net\/en\/#\/schema\/logo\/image\/","url":"https:\/\/floraplus.net\/wp-content\/uploads\/2021\/08\/logo-e1627994475388.png","contentUrl":"https:\/\/floraplus.net\/wp-content\/uploads\/2021\/08\/logo-e1627994475388.png","width":251,"height":81,"caption":"Floraplus"},"image":{"@id":"https:\/\/floraplus.net\/en\/#\/schema\/logo\/image\/"},"sameAs":["https:\/\/www.facebook.com\/floraplusdergisi","https:\/\/www.instagram.com\/floraplusdergisi\/"]},{"@type":"Person","@id":"https:\/\/floraplus.net\/en\/#\/schema\/person\/7263fcd2e50448ecd875951558a1f277","name":"floraplus_admin","sameAs":["http:\/\/test.floraplus.net"],"url":"https:\/\/floraplus.net\/en\/author\/floraplus_admin\/"}]}},"_links":{"self":[{"href":"https:\/\/floraplus.net\/en\/wp-json\/wp\/v2\/posts\/7591","targetHints":{"allow":["GET"]}}],"collection":[{"href":"https:\/\/floraplus.net\/en\/wp-json\/wp\/v2\/posts"}],"about":[{"href":"https:\/\/floraplus.net\/en\/wp-json\/wp\/v2\/types\/post"}],"author":[{"embeddable":true,"href":"https:\/\/floraplus.net\/en\/wp-json\/wp\/v2\/users\/1"}],"replies":[{"embeddable":true,"href":"https:\/\/floraplus.net\/en\/wp-json\/wp\/v2\/comments?post=7591"}],"version-history":[{"count":2,"href":"https:\/\/floraplus.net\/en\/wp-json\/wp\/v2\/posts\/7591\/revisions"}],"predecessor-version":[{"id":7613,"href":"https:\/\/floraplus.net\/en\/wp-json\/wp\/v2\/posts\/7591\/revisions\/7613"}],"wp:featuredmedia":[{"embeddable":true,"href":"https:\/\/floraplus.net\/en\/wp-json\/wp\/v2\/media\/7592"}],"wp:attachment":[{"href":"https:\/\/floraplus.net\/en\/wp-json\/wp\/v2\/media?parent=7591"}],"wp:term":[{"taxonomy":"category","embeddable":true,"href":"https:\/\/floraplus.net\/en\/wp-json\/wp\/v2\/categories?post=7591"},{"taxonomy":"post_tag","embeddable":true,"href":"https:\/\/floraplus.net\/en\/wp-json\/wp\/v2\/tags?post=7591"}],"curies":[{"name":"wp","href":"https:\/\/api.w.org\/{rel}","templated":true}]}}