{"id":7964,"date":"2025-06-26T13:30:53","date_gmt":"2025-06-26T10:30:53","guid":{"rendered":"https:\/\/floraplus.net\/?p=7964"},"modified":"2025-06-26T13:30:54","modified_gmt":"2025-06-26T10:30:54","slug":"ahmet-akin-lavanta-gunlerinde","status":"publish","type":"post","link":"https:\/\/floraplus.net\/en\/2025\/06\/26\/ahmet-akin-in-the-lavender-days\/","title":{"rendered":"Ahmet Akin on Lavender days"},"content":{"rendered":"<div class=\"pgc-sgb-cb wp-block-pgcsimplygalleryblock-slider\" data-gallery-id=\"52879677\"style=\"&quot;min-height:640px&quot;\"><div class=\"sgb-preloader\" id=\"pr_52879677\">\n\t<div class=\"sgb-square\" style=\"background:#d4d4d4\"><\/div>\n\t<div class=\"sgb-square\" style=\"background:#d4d4d4\"><\/div>\n\t<div class=\"sgb-square\" style=\"background:#d4d4d4\"><\/div>\n\t<div class=\"sgb-square\" style=\"background:#d4d4d4\"><\/div><\/div><div class=\"simply-gallery-amp pgc_sgb_slider\" style=\"display: none;\"><div class=\"sgb-gallery\"><div class=\"sgb-item\"><a href=\"https:\/\/floraplus.net\/en\/?attachment_id=7965\" target=\"_blank\"><img decoding=\"async\" alt=\"\" width=\"300\" height=\"200\" loading=\"lazy\" src=\"https:\/\/floraplus.net\/wp-content\/uploads\/2025\/06\/Foto2-300x200.jpg\" srcset=\"https:\/\/floraplus.net\/wp-content\/uploads\/2025\/06\/Foto2-300x200.jpg 300w,https:\/\/floraplus.net\/wp-content\/uploads\/2025\/06\/Foto2-1024x682.jpg 1024w,https:\/\/floraplus.net\/wp-content\/uploads\/2025\/06\/Foto2.jpg 1600w\" sizes=\"auto, 250px\"\/><\/a><\/div><div class=\"sgb-item\"><a href=\"https:\/\/floraplus.net\/en\/?attachment_id=7966\" target=\"_blank\"><img decoding=\"async\" alt=\"\" width=\"300\" height=\"200\" loading=\"lazy\" src=\"https:\/\/floraplus.net\/wp-content\/uploads\/2025\/06\/Foto7-300x200.jpg\" srcset=\"https:\/\/floraplus.net\/wp-content\/uploads\/2025\/06\/Foto7-300x200.jpg 300w,https:\/\/floraplus.net\/wp-content\/uploads\/2025\/06\/Foto7-1024x682.jpg 1024w,https:\/\/floraplus.net\/wp-content\/uploads\/2025\/06\/Foto7.jpg 1600w\" sizes=\"auto, 250px\"\/><\/a><\/div><\/div><\/div><script type=\"application\/json\" class=\"sgb-data\">{\"sliderMaxHeight\":640,\"sliderAdminWidth\":840,\"collectionColumns\":1,\"galleryType\":\"pgc_sgb_slider\",\"galleryId\":\"52879677\",\"images\":[{\"id\":7965,\"title\":\"Foto2\",\"url\":\"https:\/\/floraplus.net\/wp-content\/uploads\/2025\/06\/Foto2.jpg\",\"link\":\"https:\/\/floraplus.net\/?attachment_id=7965\",\"alt\":\"\",\"description\":\"\",\"caption\":\"\",\"mime\":\"image\/jpeg\",\"type\":\"image\",\"width\":1600,\"height\":1066,\"sizes\":{\"thumbnail\":{\"height\":150,\"width\":150,\"url\":\"https:\/\/floraplus.net\/wp-content\/uploads\/2025\/06\/Foto2-150x150.jpg\",\"orientation\":\"landscape\"},\"medium\":{\"height\":200,\"width\":300,\"url\":\"https:\/\/floraplus.net\/wp-content\/uploads\/2025\/06\/Foto2-300x200.jpg\",\"orientation\":\"landscape\"},\"large\":{\"height\":682,\"width\":1024,\"url\":\"https:\/\/floraplus.net\/wp-content\/uploads\/2025\/06\/Foto2-1024x682.jpg\",\"orientation\":\"landscape\"},\"full\":{\"url\":\"https:\/\/floraplus.net\/wp-content\/uploads\/2025\/06\/Foto2.jpg\",\"height\":1066,\"width\":1600,\"orientation\":\"landscape\"}},\"imageMeta\":{\"aperture\":\"0\",\"credit\":\"\",\"camera\":\"\",\"caption\":\"\",\"created_timestamp\":\"0\",\"copyright\":\"\",\"focal_length\":\"0\",\"iso\":\"0\",\"shutter_speed\":\"0\",\"title\":\"\",\"orientation\":\"0\",\"keywords\":[]},\"meta\":false,\"postlink\":\"https:\/\/floraplus.net\/?attachment_id=7965\"},{\"id\":7966,\"title\":\"Foto7\",\"url\":\"https:\/\/floraplus.net\/wp-content\/uploads\/2025\/06\/Foto7.jpg\",\"link\":\"https:\/\/floraplus.net\/?attachment_id=7966\",\"alt\":\"\",\"description\":\"\",\"caption\":\"\",\"mime\":\"image\/jpeg\",\"type\":\"image\",\"width\":1600,\"height\":1066,\"sizes\":{\"thumbnail\":{\"height\":150,\"width\":150,\"url\":\"https:\/\/floraplus.net\/wp-content\/uploads\/2025\/06\/Foto7-150x150.jpg\",\"orientation\":\"landscape\"},\"medium\":{\"height\":200,\"width\":300,\"url\":\"https:\/\/floraplus.net\/wp-content\/uploads\/2025\/06\/Foto7-300x200.jpg\",\"orientation\":\"landscape\"},\"large\":{\"height\":682,\"width\":1024,\"url\":\"https:\/\/floraplus.net\/wp-content\/uploads\/2025\/06\/Foto7-1024x682.jpg\",\"orientation\":\"landscape\"},\"full\":{\"url\":\"https:\/\/floraplus.net\/wp-content\/uploads\/2025\/06\/Foto7.jpg\",\"height\":1066,\"width\":1600,\"orientation\":\"landscape\"}},\"imageMeta\":{\"aperture\":\"0\",\"credit\":\"\",\"camera\":\"\",\"caption\":\"\",\"created_timestamp\":\"0\",\"copyright\":\"\",\"focal_length\":\"0\",\"iso\":\"0\",\"shutter_speed\":\"0\",\"title\":\"\",\"orientation\":\"0\",\"keywords\":[]},\"meta\":false,\"postlink\":\"https:\/\/floraplus.net\/?attachment_id=7966\"}],\"itemsMetaDataCollection\":[]}<\/script><script>(function(){if(window.PGC_SGB && window.PGC_SGB.searcher){window.PGC_SGB.searcher.initBlocks()}})()<\/script><\/div>\n\n\n<p>Bal\u0131kesir Metropolitan Municipality Mayor Ahmet Ak\u0131n said in his speech at the opening of the 3rd Alt\u0131eyl\u00fcl Lavender Days that these events are not only agricultural events but also an important activity that combines agriculture and tourism. Bal\u0131kesir Metropolitan Municipality Mayor Ahmet Ak\u0131n attended the opening program of the 3rd Alt\u0131eyl\u00fcl Lavender Days, which was organized for the third time this year with the contributions of the Metropolitan Municipality and hosted by Alt\u0131eyl\u00fcl Municipality, at the Nergis Lavender Garden. Bal\u0131kesir continues to attract T\u00fcrkiye&#039;s attention in agriculture and tourism. Bal\u0131kesir Metropolitan Municipality Mayor Ahmet Ak\u0131n said, \u201cInterest in the Lavender Days, which are organized for the third time this year, is increasing every year. These projects contribute significantly to both rural development and the activation of local tourism. As the Metropolitan Municipality, we are also making every contribution we can. It is a beautiful event that combines agriculture and tourism. It offers a unique visual feast. Such events also contribute greatly to the promotion of Bal\u0131kesir.\u201d\u00a0<\/p>","protected":false},"excerpt":{"rendered":"<p>In his speech at the opening of the 3rd September Lavender Days, Bal\u0131kesir Metropolitan Municipality Mayor Ahmet Ak\u0131n said that these events are not only<\/p>","protected":false},"author":1,"featured_media":7969,"comment_status":"open","ping_status":"open","sticky":false,"template":"","format":"standard","meta":{"pgc_sgb_lightbox_settings":"","cybocfi_hide_featured_image":"","footnotes":""},"categories":[1429,225],"tags":[],"class_list":["post-7964","post","type-post","status-publish","format-standard","has-post-thumbnail","hentry","category-guncel","category-haberler"],"yoast_head":"<!-- This site is optimized with the Yoast SEO Premium plugin v25.4 (Yoast SEO v25.4) - https:\/\/yoast.com\/wordpress\/plugins\/seo\/ -->\n<title>Ahmet Ak\u0131n Lavanta g\u00fcnlerinde - Floraplus<\/title>\n<meta name=\"robots\" content=\"index, follow, max-snippet:-1, max-image-preview:large, max-video-preview:-1\" \/>\n<link rel=\"canonical\" href=\"http:\/\/floraplus.net\/en\/2025\/06\/26\/ahmet-akin-in-the-lavender-days\/\" \/>\n<meta property=\"og:locale\" content=\"en_US\" \/>\n<meta property=\"og:type\" content=\"article\" \/>\n<meta property=\"og:title\" content=\"Ahmet Ak\u0131n Lavanta g\u00fcnlerinde\" \/>\n<meta property=\"og:description\" content=\"Bal\u0131kesir B\u00fcy\u00fck\u015fehir Belediye Ba\u015fkan\u0131 Ahmet Ak\u0131n, 3.Alt\u0131eyl\u00fcl Lavanta G\u00fcnlerinin a\u00e7\u0131l\u0131\u015f\u0131nda yapt\u0131\u011f\u0131 konu\u015fmas\u0131nda bu etkinliklerin sadece\" \/>\n<meta property=\"og:url\" content=\"http:\/\/floraplus.net\/en\/2025\/06\/26\/ahmet-akin-in-the-lavender-days\/\" \/>\n<meta property=\"og:site_name\" content=\"Floraplus\" \/>\n<meta property=\"article:publisher\" content=\"https:\/\/www.facebook.com\/floraplusdergisi\" \/>\n<meta property=\"article:published_time\" content=\"2025-06-26T10:30:53+00:00\" \/>\n<meta property=\"article:modified_time\" content=\"2025-06-26T10:30:54+00:00\" \/>\n<meta property=\"og:image\" content=\"https:\/\/floraplus.net\/wp-content\/uploads\/2025\/06\/balikkeir-kapak.jpg\" \/>\n\t<meta property=\"og:image:width\" content=\"1200\" \/>\n\t<meta property=\"og:image:height\" content=\"675\" \/>\n\t<meta property=\"og:image:type\" content=\"image\/jpeg\" \/>\n<meta name=\"author\" content=\"floraplus_admin\" \/>\n<meta name=\"twitter:card\" content=\"summary_large_image\" \/>\n<meta name=\"twitter:label1\" content=\"Written by\" \/>\n\t<meta name=\"twitter:data1\" content=\"floraplus_admin\" \/>\n\t<meta name=\"twitter:label2\" content=\"Est. reading time\" \/>\n\t<meta name=\"twitter:data2\" content=\"1 minute\" \/>\n<script type=\"application\/ld+json\" class=\"yoast-schema-graph\">{\"@context\":\"https:\/\/schema.org\",\"@graph\":[{\"@type\":\"Article\",\"@id\":\"http:\/\/floraplus.net\/en\/2025\/06\/26\/ahmet-akin-in-the-lavender-days\/#article\",\"isPartOf\":{\"@id\":\"http:\/\/floraplus.net\/en\/2025\/06\/26\/ahmet-akin-in-the-lavender-days\/\"},\"author\":{\"name\":\"floraplus_admin\",\"@id\":\"https:\/\/floraplus.net\/en\/#\/schema\/person\/7263fcd2e50448ecd875951558a1f277\"},\"headline\":\"Ahmet Ak\u0131n Lavanta g\u00fcnlerinde\",\"datePublished\":\"2025-06-26T10:30:53+00:00\",\"dateModified\":\"2025-06-26T10:30:54+00:00\",\"mainEntityOfPage\":{\"@id\":\"http:\/\/floraplus.net\/en\/2025\/06\/26\/ahmet-akin-in-the-lavender-days\/\"},\"wordCount\":217,\"commentCount\":0,\"publisher\":{\"@id\":\"https:\/\/floraplus.net\/en\/#organization\"},\"image\":{\"@id\":\"http:\/\/floraplus.net\/en\/2025\/06\/26\/ahmet-akin-in-the-lavender-days\/#primaryimage\"},\"thumbnailUrl\":\"https:\/\/floraplus.net\/wp-content\/uploads\/2025\/06\/balikkeir-kapak.jpg\",\"articleSection\":[\"G\u00fcncel\",\"Haberler\"],\"inLanguage\":\"en-US\",\"potentialAction\":[{\"@type\":\"CommentAction\",\"name\":\"Comment\",\"target\":[\"http:\/\/floraplus.net\/en\/2025\/06\/26\/ahmet-akin-in-the-lavender-days\/#respond\"]}]},{\"@type\":\"WebPage\",\"@id\":\"http:\/\/floraplus.net\/en\/2025\/06\/26\/ahmet-akin-in-the-lavender-days\/\",\"url\":\"http:\/\/floraplus.net\/en\/2025\/06\/26\/ahmet-akin-in-the-lavender-days\/\",\"name\":\"Ahmet Ak\u0131n Lavanta g\u00fcnlerinde - Floraplus\",\"isPartOf\":{\"@id\":\"https:\/\/floraplus.net\/en\/#website\"},\"primaryImageOfPage\":{\"@id\":\"http:\/\/floraplus.net\/en\/2025\/06\/26\/ahmet-akin-in-the-lavender-days\/#primaryimage\"},\"image\":{\"@id\":\"http:\/\/floraplus.net\/en\/2025\/06\/26\/ahmet-akin-in-the-lavender-days\/#primaryimage\"},\"thumbnailUrl\":\"https:\/\/floraplus.net\/wp-content\/uploads\/2025\/06\/balikkeir-kapak.jpg\",\"datePublished\":\"2025-06-26T10:30:53+00:00\",\"dateModified\":\"2025-06-26T10:30:54+00:00\",\"breadcrumb\":{\"@id\":\"http:\/\/floraplus.net\/en\/2025\/06\/26\/ahmet-akin-in-the-lavender-days\/#breadcrumb\"},\"inLanguage\":\"en-US\",\"potentialAction\":[{\"@type\":\"ReadAction\",\"target\":[\"http:\/\/floraplus.net\/en\/2025\/06\/26\/ahmet-akin-in-the-lavender-days\/\"]}]},{\"@type\":\"ImageObject\",\"inLanguage\":\"en-US\",\"@id\":\"http:\/\/floraplus.net\/en\/2025\/06\/26\/ahmet-akin-in-the-lavender-days\/#primaryimage\",\"url\":\"https:\/\/floraplus.net\/wp-content\/uploads\/2025\/06\/balikkeir-kapak.jpg\",\"contentUrl\":\"https:\/\/floraplus.net\/wp-content\/uploads\/2025\/06\/balikkeir-kapak.jpg\",\"width\":1200,\"height\":675},{\"@type\":\"BreadcrumbList\",\"@id\":\"http:\/\/floraplus.net\/en\/2025\/06\/26\/ahmet-akin-in-the-lavender-days\/#breadcrumb\",\"itemListElement\":[{\"@type\":\"ListItem\",\"position\":1,\"name\":\"Home\",\"item\":\"https:\/\/floraplus.net\/en\/\"},{\"@type\":\"ListItem\",\"position\":2,\"name\":\"Ahmet Ak\u0131n Lavanta g\u00fcnlerinde\"}]},{\"@type\":\"WebSite\",\"@id\":\"https:\/\/floraplus.net\/en\/#website\",\"url\":\"https:\/\/floraplus.net\/en\/\",\"name\":\"Floraplus\",\"description\":\"Peyzaj, peyzaj mimarl\u0131\u011f\u0131, peyzaj bitkileri, s\u00fcs ve bah\u00e7e\u00a0bitkileri\",\"publisher\":{\"@id\":\"https:\/\/floraplus.net\/en\/#organization\"},\"potentialAction\":[{\"@type\":\"SearchAction\",\"target\":{\"@type\":\"EntryPoint\",\"urlTemplate\":\"https:\/\/floraplus.net\/en\/?s={search_term_string}\"},\"query-input\":{\"@type\":\"PropertyValueSpecification\",\"valueRequired\":true,\"valueName\":\"search_term_string\"}}],\"inLanguage\":\"en-US\"},{\"@type\":\"Organization\",\"@id\":\"https:\/\/floraplus.net\/en\/#organization\",\"name\":\"Floraplus\",\"url\":\"https:\/\/floraplus.net\/en\/\",\"logo\":{\"@type\":\"ImageObject\",\"inLanguage\":\"en-US\",\"@id\":\"https:\/\/floraplus.net\/en\/#\/schema\/logo\/image\/\",\"url\":\"https:\/\/floraplus.net\/wp-content\/uploads\/2021\/08\/logo-e1627994475388.png\",\"contentUrl\":\"https:\/\/floraplus.net\/wp-content\/uploads\/2021\/08\/logo-e1627994475388.png\",\"width\":251,\"height\":81,\"caption\":\"Floraplus\"},\"image\":{\"@id\":\"https:\/\/floraplus.net\/en\/#\/schema\/logo\/image\/\"},\"sameAs\":[\"https:\/\/www.facebook.com\/floraplusdergisi\",\"https:\/\/www.instagram.com\/floraplusdergisi\/\"]},{\"@type\":\"Person\",\"@id\":\"https:\/\/floraplus.net\/en\/#\/schema\/person\/7263fcd2e50448ecd875951558a1f277\",\"name\":\"floraplus_admin\",\"sameAs\":[\"http:\/\/test.floraplus.net\"],\"url\":\"https:\/\/floraplus.net\/en\/author\/floraplus_admin\/\"}]}<\/script>\n<!-- \/ Yoast SEO Premium plugin. -->","yoast_head_json":{"title":"Ahmet Ak\u0131n Lavanta g\u00fcnlerinde - Floraplus","robots":{"index":"index","follow":"follow","max-snippet":"max-snippet:-1","max-image-preview":"max-image-preview:large","max-video-preview":"max-video-preview:-1"},"canonical":"http:\/\/floraplus.net\/en\/2025\/06\/26\/ahmet-akin-in-the-lavender-days\/","og_locale":"en_US","og_type":"article","og_title":"Ahmet Ak\u0131n Lavanta g\u00fcnlerinde","og_description":"Bal\u0131kesir B\u00fcy\u00fck\u015fehir Belediye Ba\u015fkan\u0131 Ahmet Ak\u0131n, 3.Alt\u0131eyl\u00fcl Lavanta G\u00fcnlerinin a\u00e7\u0131l\u0131\u015f\u0131nda yapt\u0131\u011f\u0131 konu\u015fmas\u0131nda bu etkinliklerin sadece","og_url":"http:\/\/floraplus.net\/en\/2025\/06\/26\/ahmet-akin-in-the-lavender-days\/","og_site_name":"Floraplus","article_publisher":"https:\/\/www.facebook.com\/floraplusdergisi","article_published_time":"2025-06-26T10:30:53+00:00","article_modified_time":"2025-06-26T10:30:54+00:00","og_image":[{"width":1200,"height":675,"url":"https:\/\/floraplus.net\/wp-content\/uploads\/2025\/06\/balikkeir-kapak.jpg","type":"image\/jpeg"}],"author":"floraplus_admin","twitter_card":"summary_large_image","twitter_misc":{"Written by":"floraplus_admin","Est. reading time":"1 minute"},"schema":{"@context":"https:\/\/schema.org","@graph":[{"@type":"Article","@id":"http:\/\/floraplus.net\/en\/2025\/06\/26\/ahmet-akin-in-the-lavender-days\/#article","isPartOf":{"@id":"http:\/\/floraplus.net\/en\/2025\/06\/26\/ahmet-akin-in-the-lavender-days\/"},"author":{"name":"floraplus_admin","@id":"https:\/\/floraplus.net\/en\/#\/schema\/person\/7263fcd2e50448ecd875951558a1f277"},"headline":"Ahmet Ak\u0131n Lavanta g\u00fcnlerinde","datePublished":"2025-06-26T10:30:53+00:00","dateModified":"2025-06-26T10:30:54+00:00","mainEntityOfPage":{"@id":"http:\/\/floraplus.net\/en\/2025\/06\/26\/ahmet-akin-in-the-lavender-days\/"},"wordCount":217,"commentCount":0,"publisher":{"@id":"https:\/\/floraplus.net\/en\/#organization"},"image":{"@id":"http:\/\/floraplus.net\/en\/2025\/06\/26\/ahmet-akin-in-the-lavender-days\/#primaryimage"},"thumbnailUrl":"https:\/\/floraplus.net\/wp-content\/uploads\/2025\/06\/balikkeir-kapak.jpg","articleSection":["G\u00fcncel","Haberler"],"inLanguage":"en-US","potentialAction":[{"@type":"CommentAction","name":"Comment","target":["http:\/\/floraplus.net\/en\/2025\/06\/26\/ahmet-akin-in-the-lavender-days\/#respond"]}]},{"@type":"WebPage","@id":"http:\/\/floraplus.net\/en\/2025\/06\/26\/ahmet-akin-in-the-lavender-days\/","url":"http:\/\/floraplus.net\/en\/2025\/06\/26\/ahmet-akin-in-the-lavender-days\/","name":"Ahmet Ak\u0131n Lavanta g\u00fcnlerinde - Floraplus","isPartOf":{"@id":"https:\/\/floraplus.net\/en\/#website"},"primaryImageOfPage":{"@id":"http:\/\/floraplus.net\/en\/2025\/06\/26\/ahmet-akin-in-the-lavender-days\/#primaryimage"},"image":{"@id":"http:\/\/floraplus.net\/en\/2025\/06\/26\/ahmet-akin-in-the-lavender-days\/#primaryimage"},"thumbnailUrl":"https:\/\/floraplus.net\/wp-content\/uploads\/2025\/06\/balikkeir-kapak.jpg","datePublished":"2025-06-26T10:30:53+00:00","dateModified":"2025-06-26T10:30:54+00:00","breadcrumb":{"@id":"http:\/\/floraplus.net\/en\/2025\/06\/26\/ahmet-akin-in-the-lavender-days\/#breadcrumb"},"inLanguage":"en-US","potentialAction":[{"@type":"ReadAction","target":["http:\/\/floraplus.net\/en\/2025\/06\/26\/ahmet-akin-in-the-lavender-days\/"]}]},{"@type":"ImageObject","inLanguage":"en-US","@id":"http:\/\/floraplus.net\/en\/2025\/06\/26\/ahmet-akin-in-the-lavender-days\/#primaryimage","url":"https:\/\/floraplus.net\/wp-content\/uploads\/2025\/06\/balikkeir-kapak.jpg","contentUrl":"https:\/\/floraplus.net\/wp-content\/uploads\/2025\/06\/balikkeir-kapak.jpg","width":1200,"height":675},{"@type":"BreadcrumbList","@id":"http:\/\/floraplus.net\/en\/2025\/06\/26\/ahmet-akin-in-the-lavender-days\/#breadcrumb","itemListElement":[{"@type":"ListItem","position":1,"name":"Home","item":"https:\/\/floraplus.net\/en\/"},{"@type":"ListItem","position":2,"name":"Ahmet Ak\u0131n Lavanta g\u00fcnlerinde"}]},{"@type":"WebSite","@id":"https:\/\/floraplus.net\/en\/#website","url":"https:\/\/floraplus.net\/en\/","name":"Floraplus","description":"Peyzaj, peyzaj mimarl\u0131\u011f\u0131, peyzaj bitkileri, s\u00fcs ve bah\u00e7e\u00a0bitkileri","publisher":{"@id":"https:\/\/floraplus.net\/en\/#organization"},"potentialAction":[{"@type":"SearchAction","target":{"@type":"EntryPoint","urlTemplate":"https:\/\/floraplus.net\/en\/?s={search_term_string}"},"query-input":{"@type":"PropertyValueSpecification","valueRequired":true,"valueName":"search_term_string"}}],"inLanguage":"en-US"},{"@type":"Organization","@id":"https:\/\/floraplus.net\/en\/#organization","name":"Floraplus","url":"https:\/\/floraplus.net\/en\/","logo":{"@type":"ImageObject","inLanguage":"en-US","@id":"https:\/\/floraplus.net\/en\/#\/schema\/logo\/image\/","url":"https:\/\/floraplus.net\/wp-content\/uploads\/2021\/08\/logo-e1627994475388.png","contentUrl":"https:\/\/floraplus.net\/wp-content\/uploads\/2021\/08\/logo-e1627994475388.png","width":251,"height":81,"caption":"Floraplus"},"image":{"@id":"https:\/\/floraplus.net\/en\/#\/schema\/logo\/image\/"},"sameAs":["https:\/\/www.facebook.com\/floraplusdergisi","https:\/\/www.instagram.com\/floraplusdergisi\/"]},{"@type":"Person","@id":"https:\/\/floraplus.net\/en\/#\/schema\/person\/7263fcd2e50448ecd875951558a1f277","name":"floraplus_admin","sameAs":["http:\/\/test.floraplus.net"],"url":"https:\/\/floraplus.net\/en\/author\/floraplus_admin\/"}]}},"_links":{"self":[{"href":"https:\/\/floraplus.net\/en\/wp-json\/wp\/v2\/posts\/7964","targetHints":{"allow":["GET"]}}],"collection":[{"href":"https:\/\/floraplus.net\/en\/wp-json\/wp\/v2\/posts"}],"about":[{"href":"https:\/\/floraplus.net\/en\/wp-json\/wp\/v2\/types\/post"}],"author":[{"embeddable":true,"href":"https:\/\/floraplus.net\/en\/wp-json\/wp\/v2\/users\/1"}],"replies":[{"embeddable":true,"href":"https:\/\/floraplus.net\/en\/wp-json\/wp\/v2\/comments?post=7964"}],"version-history":[{"count":1,"href":"https:\/\/floraplus.net\/en\/wp-json\/wp\/v2\/posts\/7964\/revisions"}],"predecessor-version":[{"id":7971,"href":"https:\/\/floraplus.net\/en\/wp-json\/wp\/v2\/posts\/7964\/revisions\/7971"}],"wp:featuredmedia":[{"embeddable":true,"href":"https:\/\/floraplus.net\/en\/wp-json\/wp\/v2\/media\/7969"}],"wp:attachment":[{"href":"https:\/\/floraplus.net\/en\/wp-json\/wp\/v2\/media?parent=7964"}],"wp:term":[{"taxonomy":"category","embeddable":true,"href":"https:\/\/floraplus.net\/en\/wp-json\/wp\/v2\/categories?post=7964"},{"taxonomy":"post_tag","embeddable":true,"href":"https:\/\/floraplus.net\/en\/wp-json\/wp\/v2\/tags?post=7964"}],"curies":[{"name":"wp","href":"https:\/\/api.w.org\/{rel}","templated":true}]}}