{"id":5208,"date":"2019-03-21T08:58:27","date_gmt":"2019-03-21T05:58:27","guid":{"rendered":"http:\/\/floraplus.net\/?p=5208"},"modified":"2021-08-07T18:41:56","modified_gmt":"2021-08-07T15:41:56","slug":"izmirde-bahar-sus-armudu","status":"publish","type":"post","link":"https:\/\/floraplus.net\/tr_tr\/2019\/03\/21\/izmirde-bahar-sus-armudu\/","title":{"rendered":"\u0130zmir\u2019de bahar &#8211; s\u00fcs armudu"},"content":{"rendered":"<h1>\u0130zmir\u2019de bahar (Pyrus\u00a0calleryana &#8211; s\u00fcs armudu)<\/h1>\n<p><img loading=\"lazy\" decoding=\"async\" class=\" wp-image-5210 alignleft\" src=\"http:\/\/test.floraplus.net\/wp-content\/uploads\/2019\/03\/sus-armudu-2-225x300.jpg\" alt=\"\" width=\"290\" height=\"387\" srcset=\"https:\/\/floraplus.net\/wp-content\/uploads\/2019\/03\/sus-armudu-2-225x300.jpg 225w, https:\/\/floraplus.net\/wp-content\/uploads\/2019\/03\/sus-armudu-2-768x1024.jpg 768w, https:\/\/floraplus.net\/wp-content\/uploads\/2019\/03\/sus-armudu-2-1152x1536.jpg 1152w, https:\/\/floraplus.net\/wp-content\/uploads\/2019\/03\/sus-armudu-2-450x600.jpg 450w, https:\/\/floraplus.net\/wp-content\/uploads\/2019\/03\/sus-armudu-2.jpg 1200w\" sizes=\"auto, (max-width: 290px) 100vw, 290px\" \/><\/p>\n<p><img loading=\"lazy\" decoding=\"async\" class=\" wp-image-5211 alignright\" src=\"http:\/\/test.floraplus.net\/wp-content\/uploads\/2019\/03\/Pyrus-calleryana-225x300.jpg\" alt=\"\" width=\"290\" height=\"387\" srcset=\"https:\/\/floraplus.net\/wp-content\/uploads\/2019\/03\/Pyrus-calleryana-225x300.jpg 225w, https:\/\/floraplus.net\/wp-content\/uploads\/2019\/03\/Pyrus-calleryana-768x1024.jpg 768w, https:\/\/floraplus.net\/wp-content\/uploads\/2019\/03\/Pyrus-calleryana-1152x1536.jpg 1152w, https:\/\/floraplus.net\/wp-content\/uploads\/2019\/03\/Pyrus-calleryana-450x600.jpg 450w, https:\/\/floraplus.net\/wp-content\/uploads\/2019\/03\/Pyrus-calleryana.jpg 1200w\" sizes=\"auto, (max-width: 290px) 100vw, 290px\" \/><\/p>\n<p>&nbsp;<\/p>\n<p>&nbsp;<\/p>\n<p>&nbsp;<\/p>\n<p>&nbsp;<\/p>\n<p>&nbsp;<\/p>\n<p>&nbsp;<\/p>\n<p>&nbsp;<\/p>\n<p>&nbsp;<\/p>\n<p>&nbsp;<\/p>\n<p><strong>Muhtemelen ara\u00e7la Ye\u015fildere Yolu\u2019nu tercih edenler g\u00f6recektir. Manzaray\u0131 g\u00f6renler bahar\u0131n geldi\u011fini iliklerine kadar hissedecektir.<\/strong><\/p>\n<p>Peyzaj ve yol a\u011fa\u00e7land\u0131rmas\u0131 her zaman se\u00e7ilecek a\u011fac\u0131n formu ve di\u011fer \u00f6zellikleri gibi konularda dikkat isteyen bir konu. <strong>\u0130zmir B\u00fcy\u00fck\u015fehir Belediyesi<\/strong> Park\u00a0ve Bah\u00e7eler M\u00fcd\u00fcrl\u00fc\u011f\u00fc g\u00f6r\u00fcnd\u00fc\u011f\u00fc gibi bu sefer \u0130zmirliler i\u00e7in iyi bir se\u00e7im yapm\u0131\u015f. Bu s\u00fcs armutlar\u0131n\u0131 kim dikti ve diktirdiyse ellerine sa\u011fl\u0131k. Bu manzaray\u0131 g\u00f6rme \u015fans\u0131 olanlar, bahar\u0131n geldi\u011fini iliklerine kadar hissedeceklerdir.<\/p>\n","protected":false},"excerpt":{"rendered":"<p>\u0130zmir\u2019de bahar (Pyrus\u00a0calleryana &#8211; s\u00fcs armudu) &nbsp; &nbsp; &nbsp; &nbsp; &nbsp; &nbsp; &nbsp; &nbsp; &nbsp;<\/p>\n","protected":false},"author":1,"featured_media":5209,"comment_status":"open","ping_status":"open","sticky":false,"template":"","format":"standard","meta":{"pgc_sgb_lightbox_settings":"","cybocfi_hide_featured_image":"","footnotes":""},"categories":[225],"tags":[],"class_list":["post-5208","post","type-post","status-publish","format-standard","has-post-thumbnail","hentry","category-haberler"],"yoast_head":"<!-- This site is optimized with the Yoast SEO Premium plugin v25.4 (Yoast SEO v25.4) - https:\/\/yoast.com\/wordpress\/plugins\/seo\/ -->\n<title>\u0130zmir\u2019de bahar - s\u00fcs armudu - Floraplus<\/title>\n<meta name=\"robots\" content=\"index, follow, max-snippet:-1, max-image-preview:large, max-video-preview:-1\" \/>\n<link rel=\"canonical\" href=\"http:\/\/floraplus.net\/tr_tr\/2019\/03\/21\/izmirde-bahar-sus-armudu\/\" \/>\n<meta property=\"og:locale\" content=\"tr_TR\" \/>\n<meta property=\"og:type\" content=\"article\" \/>\n<meta property=\"og:title\" content=\"\u0130zmir\u2019de bahar - s\u00fcs armudu\" \/>\n<meta property=\"og:description\" content=\"\u0130zmir\u2019de bahar (Pyrus\u00a0calleryana &#8211; s\u00fcs armudu) &nbsp; &nbsp; &nbsp; &nbsp; &nbsp; &nbsp; &nbsp; &nbsp; &nbsp;\" \/>\n<meta property=\"og:url\" content=\"http:\/\/floraplus.net\/tr_tr\/2019\/03\/21\/izmirde-bahar-sus-armudu\/\" \/>\n<meta property=\"og:site_name\" content=\"Floraplus\" \/>\n<meta property=\"article:publisher\" content=\"https:\/\/www.facebook.com\/floraplusdergisi\" \/>\n<meta property=\"article:published_time\" content=\"2019-03-21T05:58:27+00:00\" \/>\n<meta property=\"article:modified_time\" content=\"2021-08-07T15:41:56+00:00\" \/>\n<meta property=\"og:image\" content=\"https:\/\/floraplus.net\/wp-content\/uploads\/2019\/03\/sus-armudu.gif\" \/>\n\t<meta property=\"og:image:width\" content=\"640\" \/>\n\t<meta property=\"og:image:height\" content=\"400\" \/>\n\t<meta property=\"og:image:type\" content=\"image\/gif\" \/>\n<meta name=\"author\" content=\"floraplus_admin\" \/>\n<meta name=\"twitter:card\" content=\"summary_large_image\" \/>\n<meta name=\"twitter:label1\" content=\"Yazan:\" \/>\n\t<meta name=\"twitter:data1\" content=\"floraplus_admin\" \/>\n\t<meta name=\"twitter:label2\" content=\"Tahmini okuma s\u00fcresi\" \/>\n\t<meta name=\"twitter:data2\" content=\"1 dakika\" \/>\n<script type=\"application\/ld+json\" class=\"yoast-schema-graph\">{\"@context\":\"https:\/\/schema.org\",\"@graph\":[{\"@type\":\"Article\",\"@id\":\"http:\/\/floraplus.net\/en\/2019\/03\/21\/izmirde-bahar-sus-armudu\/#article\",\"isPartOf\":{\"@id\":\"http:\/\/floraplus.net\/en\/2019\/03\/21\/izmirde-bahar-sus-armudu\/\"},\"author\":{\"name\":\"floraplus_admin\",\"@id\":\"https:\/\/floraplus.net\/en\/#\/schema\/person\/7263fcd2e50448ecd875951558a1f277\"},\"headline\":\"\u0130zmir\u2019de bahar &#8211; s\u00fcs armudu\",\"datePublished\":\"2019-03-21T05:58:27+00:00\",\"dateModified\":\"2021-08-07T15:41:56+00:00\",\"mainEntityOfPage\":{\"@id\":\"http:\/\/floraplus.net\/en\/2019\/03\/21\/izmirde-bahar-sus-armudu\/\"},\"wordCount\":124,\"commentCount\":0,\"publisher\":{\"@id\":\"https:\/\/floraplus.net\/en\/#organization\"},\"image\":{\"@id\":\"http:\/\/floraplus.net\/en\/2019\/03\/21\/izmirde-bahar-sus-armudu\/#primaryimage\"},\"thumbnailUrl\":\"https:\/\/floraplus.net\/wp-content\/uploads\/2019\/03\/sus-armudu.gif\",\"articleSection\":[\"Haberler\"],\"inLanguage\":\"tr\",\"potentialAction\":[{\"@type\":\"CommentAction\",\"name\":\"Comment\",\"target\":[\"http:\/\/floraplus.net\/en\/2019\/03\/21\/izmirde-bahar-sus-armudu\/#respond\"]}]},{\"@type\":\"WebPage\",\"@id\":\"http:\/\/floraplus.net\/en\/2019\/03\/21\/izmirde-bahar-sus-armudu\/\",\"url\":\"http:\/\/floraplus.net\/en\/2019\/03\/21\/izmirde-bahar-sus-armudu\/\",\"name\":\"\u0130zmir\u2019de bahar - s\u00fcs armudu - Floraplus\",\"isPartOf\":{\"@id\":\"https:\/\/floraplus.net\/en\/#website\"},\"primaryImageOfPage\":{\"@id\":\"http:\/\/floraplus.net\/en\/2019\/03\/21\/izmirde-bahar-sus-armudu\/#primaryimage\"},\"image\":{\"@id\":\"http:\/\/floraplus.net\/en\/2019\/03\/21\/izmirde-bahar-sus-armudu\/#primaryimage\"},\"thumbnailUrl\":\"https:\/\/floraplus.net\/wp-content\/uploads\/2019\/03\/sus-armudu.gif\",\"datePublished\":\"2019-03-21T05:58:27+00:00\",\"dateModified\":\"2021-08-07T15:41:56+00:00\",\"breadcrumb\":{\"@id\":\"http:\/\/floraplus.net\/en\/2019\/03\/21\/izmirde-bahar-sus-armudu\/#breadcrumb\"},\"inLanguage\":\"tr\",\"potentialAction\":[{\"@type\":\"ReadAction\",\"target\":[\"http:\/\/floraplus.net\/en\/2019\/03\/21\/izmirde-bahar-sus-armudu\/\"]}]},{\"@type\":\"ImageObject\",\"inLanguage\":\"tr\",\"@id\":\"http:\/\/floraplus.net\/en\/2019\/03\/21\/izmirde-bahar-sus-armudu\/#primaryimage\",\"url\":\"https:\/\/floraplus.net\/wp-content\/uploads\/2019\/03\/sus-armudu.gif\",\"contentUrl\":\"https:\/\/floraplus.net\/wp-content\/uploads\/2019\/03\/sus-armudu.gif\",\"width\":640,\"height\":400},{\"@type\":\"BreadcrumbList\",\"@id\":\"http:\/\/floraplus.net\/en\/2019\/03\/21\/izmirde-bahar-sus-armudu\/#breadcrumb\",\"itemListElement\":[{\"@type\":\"ListItem\",\"position\":1,\"name\":\"Home\",\"item\":\"https:\/\/floraplus.net\/en\/\"},{\"@type\":\"ListItem\",\"position\":2,\"name\":\"\u0130zmir\u2019de bahar &#8211; s\u00fcs armudu\"}]},{\"@type\":\"WebSite\",\"@id\":\"https:\/\/floraplus.net\/en\/#website\",\"url\":\"https:\/\/floraplus.net\/en\/\",\"name\":\"Floraplus\",\"description\":\"Peyzaj, peyzaj mimarl\u0131\u011f\u0131, peyzaj bitkileri, s\u00fcs ve bah\u00e7e\u00a0bitkileri\",\"publisher\":{\"@id\":\"https:\/\/floraplus.net\/en\/#organization\"},\"potentialAction\":[{\"@type\":\"SearchAction\",\"target\":{\"@type\":\"EntryPoint\",\"urlTemplate\":\"https:\/\/floraplus.net\/en\/?s={search_term_string}\"},\"query-input\":{\"@type\":\"PropertyValueSpecification\",\"valueRequired\":true,\"valueName\":\"search_term_string\"}}],\"inLanguage\":\"tr\"},{\"@type\":\"Organization\",\"@id\":\"https:\/\/floraplus.net\/en\/#organization\",\"name\":\"Floraplus\",\"url\":\"https:\/\/floraplus.net\/en\/\",\"logo\":{\"@type\":\"ImageObject\",\"inLanguage\":\"tr\",\"@id\":\"https:\/\/floraplus.net\/en\/#\/schema\/logo\/image\/\",\"url\":\"https:\/\/floraplus.net\/wp-content\/uploads\/2021\/08\/logo-e1627994475388.png\",\"contentUrl\":\"https:\/\/floraplus.net\/wp-content\/uploads\/2021\/08\/logo-e1627994475388.png\",\"width\":251,\"height\":81,\"caption\":\"Floraplus\"},\"image\":{\"@id\":\"https:\/\/floraplus.net\/en\/#\/schema\/logo\/image\/\"},\"sameAs\":[\"https:\/\/www.facebook.com\/floraplusdergisi\",\"https:\/\/www.instagram.com\/floraplusdergisi\/\"]},{\"@type\":\"Person\",\"@id\":\"https:\/\/floraplus.net\/en\/#\/schema\/person\/7263fcd2e50448ecd875951558a1f277\",\"name\":\"floraplus_admin\",\"sameAs\":[\"http:\/\/test.floraplus.net\"],\"url\":\"https:\/\/floraplus.net\/tr_tr\/author\/floraplus_admin\/\"}]}<\/script>\n<!-- \/ Yoast SEO Premium plugin. -->","yoast_head_json":{"title":"\u0130zmir\u2019de bahar - s\u00fcs armudu - Floraplus","robots":{"index":"index","follow":"follow","max-snippet":"max-snippet:-1","max-image-preview":"max-image-preview:large","max-video-preview":"max-video-preview:-1"},"canonical":"http:\/\/floraplus.net\/tr_tr\/2019\/03\/21\/izmirde-bahar-sus-armudu\/","og_locale":"tr_TR","og_type":"article","og_title":"\u0130zmir\u2019de bahar - s\u00fcs armudu","og_description":"\u0130zmir\u2019de bahar (Pyrus\u00a0calleryana &#8211; s\u00fcs armudu) &nbsp; &nbsp; &nbsp; &nbsp; &nbsp; &nbsp; &nbsp; &nbsp; &nbsp;","og_url":"http:\/\/floraplus.net\/tr_tr\/2019\/03\/21\/izmirde-bahar-sus-armudu\/","og_site_name":"Floraplus","article_publisher":"https:\/\/www.facebook.com\/floraplusdergisi","article_published_time":"2019-03-21T05:58:27+00:00","article_modified_time":"2021-08-07T15:41:56+00:00","og_image":[{"width":640,"height":400,"url":"https:\/\/floraplus.net\/wp-content\/uploads\/2019\/03\/sus-armudu.gif","type":"image\/gif"}],"author":"floraplus_admin","twitter_card":"summary_large_image","twitter_misc":{"Yazan:":"floraplus_admin","Tahmini okuma s\u00fcresi":"1 dakika"},"schema":{"@context":"https:\/\/schema.org","@graph":[{"@type":"Article","@id":"http:\/\/floraplus.net\/en\/2019\/03\/21\/izmirde-bahar-sus-armudu\/#article","isPartOf":{"@id":"http:\/\/floraplus.net\/en\/2019\/03\/21\/izmirde-bahar-sus-armudu\/"},"author":{"name":"floraplus_admin","@id":"https:\/\/floraplus.net\/en\/#\/schema\/person\/7263fcd2e50448ecd875951558a1f277"},"headline":"\u0130zmir\u2019de bahar &#8211; s\u00fcs armudu","datePublished":"2019-03-21T05:58:27+00:00","dateModified":"2021-08-07T15:41:56+00:00","mainEntityOfPage":{"@id":"http:\/\/floraplus.net\/en\/2019\/03\/21\/izmirde-bahar-sus-armudu\/"},"wordCount":124,"commentCount":0,"publisher":{"@id":"https:\/\/floraplus.net\/en\/#organization"},"image":{"@id":"http:\/\/floraplus.net\/en\/2019\/03\/21\/izmirde-bahar-sus-armudu\/#primaryimage"},"thumbnailUrl":"https:\/\/floraplus.net\/wp-content\/uploads\/2019\/03\/sus-armudu.gif","articleSection":["Haberler"],"inLanguage":"tr","potentialAction":[{"@type":"CommentAction","name":"Comment","target":["http:\/\/floraplus.net\/en\/2019\/03\/21\/izmirde-bahar-sus-armudu\/#respond"]}]},{"@type":"WebPage","@id":"http:\/\/floraplus.net\/en\/2019\/03\/21\/izmirde-bahar-sus-armudu\/","url":"http:\/\/floraplus.net\/en\/2019\/03\/21\/izmirde-bahar-sus-armudu\/","name":"\u0130zmir\u2019de bahar - s\u00fcs armudu - Floraplus","isPartOf":{"@id":"https:\/\/floraplus.net\/en\/#website"},"primaryImageOfPage":{"@id":"http:\/\/floraplus.net\/en\/2019\/03\/21\/izmirde-bahar-sus-armudu\/#primaryimage"},"image":{"@id":"http:\/\/floraplus.net\/en\/2019\/03\/21\/izmirde-bahar-sus-armudu\/#primaryimage"},"thumbnailUrl":"https:\/\/floraplus.net\/wp-content\/uploads\/2019\/03\/sus-armudu.gif","datePublished":"2019-03-21T05:58:27+00:00","dateModified":"2021-08-07T15:41:56+00:00","breadcrumb":{"@id":"http:\/\/floraplus.net\/en\/2019\/03\/21\/izmirde-bahar-sus-armudu\/#breadcrumb"},"inLanguage":"tr","potentialAction":[{"@type":"ReadAction","target":["http:\/\/floraplus.net\/en\/2019\/03\/21\/izmirde-bahar-sus-armudu\/"]}]},{"@type":"ImageObject","inLanguage":"tr","@id":"http:\/\/floraplus.net\/en\/2019\/03\/21\/izmirde-bahar-sus-armudu\/#primaryimage","url":"https:\/\/floraplus.net\/wp-content\/uploads\/2019\/03\/sus-armudu.gif","contentUrl":"https:\/\/floraplus.net\/wp-content\/uploads\/2019\/03\/sus-armudu.gif","width":640,"height":400},{"@type":"BreadcrumbList","@id":"http:\/\/floraplus.net\/en\/2019\/03\/21\/izmirde-bahar-sus-armudu\/#breadcrumb","itemListElement":[{"@type":"ListItem","position":1,"name":"Home","item":"https:\/\/floraplus.net\/en\/"},{"@type":"ListItem","position":2,"name":"\u0130zmir\u2019de bahar &#8211; s\u00fcs armudu"}]},{"@type":"WebSite","@id":"https:\/\/floraplus.net\/en\/#website","url":"https:\/\/floraplus.net\/en\/","name":"Floraplus","description":"Peyzaj, peyzaj mimarl\u0131\u011f\u0131, peyzaj bitkileri, s\u00fcs ve bah\u00e7e\u00a0bitkileri","publisher":{"@id":"https:\/\/floraplus.net\/en\/#organization"},"potentialAction":[{"@type":"SearchAction","target":{"@type":"EntryPoint","urlTemplate":"https:\/\/floraplus.net\/en\/?s={search_term_string}"},"query-input":{"@type":"PropertyValueSpecification","valueRequired":true,"valueName":"search_term_string"}}],"inLanguage":"tr"},{"@type":"Organization","@id":"https:\/\/floraplus.net\/en\/#organization","name":"Floraplus","url":"https:\/\/floraplus.net\/en\/","logo":{"@type":"ImageObject","inLanguage":"tr","@id":"https:\/\/floraplus.net\/en\/#\/schema\/logo\/image\/","url":"https:\/\/floraplus.net\/wp-content\/uploads\/2021\/08\/logo-e1627994475388.png","contentUrl":"https:\/\/floraplus.net\/wp-content\/uploads\/2021\/08\/logo-e1627994475388.png","width":251,"height":81,"caption":"Floraplus"},"image":{"@id":"https:\/\/floraplus.net\/en\/#\/schema\/logo\/image\/"},"sameAs":["https:\/\/www.facebook.com\/floraplusdergisi","https:\/\/www.instagram.com\/floraplusdergisi\/"]},{"@type":"Person","@id":"https:\/\/floraplus.net\/en\/#\/schema\/person\/7263fcd2e50448ecd875951558a1f277","name":"floraplus_admin","sameAs":["http:\/\/test.floraplus.net"],"url":"https:\/\/floraplus.net\/tr_tr\/author\/floraplus_admin\/"}]}},"_links":{"self":[{"href":"https:\/\/floraplus.net\/tr_tr\/wp-json\/wp\/v2\/posts\/5208","targetHints":{"allow":["GET"]}}],"collection":[{"href":"https:\/\/floraplus.net\/tr_tr\/wp-json\/wp\/v2\/posts"}],"about":[{"href":"https:\/\/floraplus.net\/tr_tr\/wp-json\/wp\/v2\/types\/post"}],"author":[{"embeddable":true,"href":"https:\/\/floraplus.net\/tr_tr\/wp-json\/wp\/v2\/users\/1"}],"replies":[{"embeddable":true,"href":"https:\/\/floraplus.net\/tr_tr\/wp-json\/wp\/v2\/comments?post=5208"}],"version-history":[{"count":1,"href":"https:\/\/floraplus.net\/tr_tr\/wp-json\/wp\/v2\/posts\/5208\/revisions"}],"predecessor-version":[{"id":5984,"href":"https:\/\/floraplus.net\/tr_tr\/wp-json\/wp\/v2\/posts\/5208\/revisions\/5984"}],"wp:featuredmedia":[{"embeddable":true,"href":"https:\/\/floraplus.net\/tr_tr\/wp-json\/wp\/v2\/media\/5209"}],"wp:attachment":[{"href":"https:\/\/floraplus.net\/tr_tr\/wp-json\/wp\/v2\/media?parent=5208"}],"wp:term":[{"taxonomy":"category","embeddable":true,"href":"https:\/\/floraplus.net\/tr_tr\/wp-json\/wp\/v2\/categories?post=5208"},{"taxonomy":"post_tag","embeddable":true,"href":"https:\/\/floraplus.net\/tr_tr\/wp-json\/wp\/v2\/tags?post=5208"}],"curies":[{"name":"wp","href":"https:\/\/api.w.org\/{rel}","templated":true}]}}