{"id":6236,"date":"2021-08-04T19:25:08","date_gmt":"2021-08-04T16:25:08","guid":{"rendered":"http:\/\/test.floraplus.net\/?p=6236"},"modified":"2021-09-22T16:03:26","modified_gmt":"2021-09-22T13:03:26","slug":"var-olani-gormek","status":"publish","type":"post","link":"https:\/\/floraplus.net\/tr_tr\/2021\/08\/04\/var-olani-gormek\/","title":{"rendered":"Var olan\u0131 g\u00f6rmek!"},"content":{"rendered":"\n<h2 class=\"wp-block-heading\">Kim karar verip yapt\u0131ysa hepsini tebrik ediyoruz. &nbsp;&nbsp;<\/h2>\n\n\n\n<p>Foto\u011frafta g\u00f6r\u00fclen sahan\u0131n \u00fc\u00e7 taraf\u0131nda d\u00fc\u015f\u00fck yo\u011funluklu trafi\u011fin akt\u0131\u011f\u0131 yollar var. \u00c7evre 7-8 katl\u0131 apartmanlarla dolu. Muhtemelen insan yo\u011funlu\u011funa ra\u011fmen sakin bir mahal. Bu dikd\u00f6rtgen alan zeytin a\u011fa\u00e7lar\u0131yla dolu. Foto\u011frafta tam fark edilemiyor ama uzak sa\u011f k\u00f6\u015fede a\u00e7\u0131k hava spor ara\u00e7lar\u0131 konulmu\u015f. Ve bu dikd\u00f6rtgen sahan\u0131n ortas\u0131nda bir tartan y\u00fcr\u00fcy\u00fc\u015f yolu yap\u0131lm\u0131\u015f. Sahan\u0131n sulamas\u0131ndan sorumlu insana \u2018buraya \u00e7im ekildi mi\u2019 diye sorduk bilmedi\u011fini s\u00f6yledi. Bu arada hat\u0131rlatmakta fayda var. \u0130ster ekilmi\u015f, isterse kendili\u011finde \u00e7\u0131kan yonca (Trifolium) olsun. Yoncan\u0131n s\u0131cak ve su tolerans\u0131 Zoysia\u2019ya g\u00f6re d\u00fc\u015f\u00fckt\u00fcr. Zira Zoysia di\u011fer \u00e7im t\u00fcrlerine g\u00f6re g\u00f6lge ve g\u00fcne\u015fte ayn\u0131 geli\u015fmeyi g\u00f6sterir ve daha az su ister. Bazen bir alana fazla m\u00fcdahil olmamak daha iyi olabiliyor. Kim karar verip yapt\u0131ysa hepsini tebrik ediyoruz. &nbsp;&nbsp;<\/p>\n\n\n\n<p><\/p>\n","protected":false},"excerpt":{"rendered":"<p>Kim karar verip yapt\u0131ysa hepsini tebrik ediyoruz. &nbsp;&nbsp; Foto\u011frafta g\u00f6r\u00fclen sahan\u0131n \u00fc\u00e7 taraf\u0131nda d\u00fc\u015f\u00fck yo\u011funluklu<\/p>\n","protected":false},"author":2,"featured_media":6390,"comment_status":"open","ping_status":"open","sticky":false,"template":"","format":"standard","meta":{"pgc_sgb_lightbox_settings":"","cybocfi_hide_featured_image":"","footnotes":""},"categories":[1429,225],"tags":[],"class_list":["post-6236","post","type-post","status-publish","format-standard","has-post-thumbnail","hentry","category-guncel","category-haberler"],"yoast_head":"<!-- This site is optimized with the Yoast SEO Premium plugin v25.4 (Yoast SEO v25.4) - https:\/\/yoast.com\/wordpress\/plugins\/seo\/ -->\n<title>Var olan\u0131 g\u00f6rmek! - Floraplus<\/title>\n<meta name=\"robots\" content=\"index, follow, max-snippet:-1, max-image-preview:large, max-video-preview:-1\" \/>\n<link rel=\"canonical\" href=\"https:\/\/floraplus.net\/tr_tr\/2021\/08\/04\/var-olani-gormek\/\" \/>\n<meta property=\"og:locale\" content=\"tr_TR\" \/>\n<meta property=\"og:type\" content=\"article\" \/>\n<meta property=\"og:title\" content=\"Var olan\u0131 g\u00f6rmek!\" \/>\n<meta property=\"og:description\" content=\"Kim karar verip yapt\u0131ysa hepsini tebrik ediyoruz. &nbsp;&nbsp; Foto\u011frafta g\u00f6r\u00fclen sahan\u0131n \u00fc\u00e7 taraf\u0131nda d\u00fc\u015f\u00fck yo\u011funluklu\" \/>\n<meta property=\"og:url\" content=\"https:\/\/floraplus.net\/tr_tr\/2021\/08\/04\/var-olani-gormek\/\" \/>\n<meta property=\"og:site_name\" content=\"Floraplus\" \/>\n<meta property=\"article:publisher\" content=\"https:\/\/www.facebook.com\/floraplusdergisi\" \/>\n<meta property=\"article:published_time\" content=\"2021-08-04T16:25:08+00:00\" \/>\n<meta property=\"article:modified_time\" content=\"2021-09-22T13:03:26+00:00\" \/>\n<meta property=\"og:image\" content=\"https:\/\/floraplus.net\/wp-content\/uploads\/2021\/08\/01-1.jpeg\" \/>\n\t<meta property=\"og:image:width\" content=\"1600\" \/>\n\t<meta property=\"og:image:height\" content=\"1200\" \/>\n\t<meta property=\"og:image:type\" content=\"image\/jpeg\" \/>\n<meta name=\"author\" content=\"irfan Akg\u00fcnd\u00fcz\" \/>\n<meta name=\"twitter:card\" content=\"summary_large_image\" \/>\n<meta name=\"twitter:label1\" content=\"Yazan:\" \/>\n\t<meta name=\"twitter:data1\" content=\"irfan Akg\u00fcnd\u00fcz\" \/>\n\t<meta name=\"twitter:label2\" content=\"Tahmini okuma s\u00fcresi\" \/>\n\t<meta name=\"twitter:data2\" content=\"1 dakika\" \/>\n<script type=\"application\/ld+json\" class=\"yoast-schema-graph\">{\"@context\":\"https:\/\/schema.org\",\"@graph\":[{\"@type\":\"Article\",\"@id\":\"https:\/\/floraplus.net\/en\/2021\/08\/04\/var-olani-gormek\/#article\",\"isPartOf\":{\"@id\":\"https:\/\/floraplus.net\/en\/2021\/08\/04\/var-olani-gormek\/\"},\"author\":{\"name\":\"irfan Akg\u00fcnd\u00fcz\",\"@id\":\"https:\/\/floraplus.net\/en\/#\/schema\/person\/9a7fc222338186bc9556396795f1d114\"},\"headline\":\"Var olan\u0131 g\u00f6rmek!\",\"datePublished\":\"2021-08-04T16:25:08+00:00\",\"dateModified\":\"2021-09-22T13:03:26+00:00\",\"mainEntityOfPage\":{\"@id\":\"https:\/\/floraplus.net\/en\/2021\/08\/04\/var-olani-gormek\/\"},\"wordCount\":180,\"commentCount\":0,\"publisher\":{\"@id\":\"https:\/\/floraplus.net\/en\/#organization\"},\"image\":{\"@id\":\"https:\/\/floraplus.net\/en\/2021\/08\/04\/var-olani-gormek\/#primaryimage\"},\"thumbnailUrl\":\"https:\/\/floraplus.net\/wp-content\/uploads\/2021\/08\/01-1.jpeg\",\"articleSection\":[\"G\u00fcncel\",\"Haberler\"],\"inLanguage\":\"tr\",\"potentialAction\":[{\"@type\":\"CommentAction\",\"name\":\"Comment\",\"target\":[\"https:\/\/floraplus.net\/en\/2021\/08\/04\/var-olani-gormek\/#respond\"]}]},{\"@type\":\"WebPage\",\"@id\":\"https:\/\/floraplus.net\/en\/2021\/08\/04\/var-olani-gormek\/\",\"url\":\"https:\/\/floraplus.net\/en\/2021\/08\/04\/var-olani-gormek\/\",\"name\":\"Var olan\u0131 g\u00f6rmek! - Floraplus\",\"isPartOf\":{\"@id\":\"https:\/\/floraplus.net\/en\/#website\"},\"primaryImageOfPage\":{\"@id\":\"https:\/\/floraplus.net\/en\/2021\/08\/04\/var-olani-gormek\/#primaryimage\"},\"image\":{\"@id\":\"https:\/\/floraplus.net\/en\/2021\/08\/04\/var-olani-gormek\/#primaryimage\"},\"thumbnailUrl\":\"https:\/\/floraplus.net\/wp-content\/uploads\/2021\/08\/01-1.jpeg\",\"datePublished\":\"2021-08-04T16:25:08+00:00\",\"dateModified\":\"2021-09-22T13:03:26+00:00\",\"breadcrumb\":{\"@id\":\"https:\/\/floraplus.net\/en\/2021\/08\/04\/var-olani-gormek\/#breadcrumb\"},\"inLanguage\":\"tr\",\"potentialAction\":[{\"@type\":\"ReadAction\",\"target\":[\"https:\/\/floraplus.net\/en\/2021\/08\/04\/var-olani-gormek\/\"]}]},{\"@type\":\"ImageObject\",\"inLanguage\":\"tr\",\"@id\":\"https:\/\/floraplus.net\/en\/2021\/08\/04\/var-olani-gormek\/#primaryimage\",\"url\":\"https:\/\/floraplus.net\/wp-content\/uploads\/2021\/08\/01-1.jpeg\",\"contentUrl\":\"https:\/\/floraplus.net\/wp-content\/uploads\/2021\/08\/01-1.jpeg\",\"width\":1600,\"height\":1200},{\"@type\":\"BreadcrumbList\",\"@id\":\"https:\/\/floraplus.net\/en\/2021\/08\/04\/var-olani-gormek\/#breadcrumb\",\"itemListElement\":[{\"@type\":\"ListItem\",\"position\":1,\"name\":\"Home\",\"item\":\"https:\/\/floraplus.net\/en\/\"},{\"@type\":\"ListItem\",\"position\":2,\"name\":\"Var olan\u0131 g\u00f6rmek!\"}]},{\"@type\":\"WebSite\",\"@id\":\"https:\/\/floraplus.net\/en\/#website\",\"url\":\"https:\/\/floraplus.net\/en\/\",\"name\":\"Floraplus\",\"description\":\"Peyzaj, peyzaj mimarl\u0131\u011f\u0131, peyzaj bitkileri, s\u00fcs ve bah\u00e7e\u00a0bitkileri\",\"publisher\":{\"@id\":\"https:\/\/floraplus.net\/en\/#organization\"},\"potentialAction\":[{\"@type\":\"SearchAction\",\"target\":{\"@type\":\"EntryPoint\",\"urlTemplate\":\"https:\/\/floraplus.net\/en\/?s={search_term_string}\"},\"query-input\":{\"@type\":\"PropertyValueSpecification\",\"valueRequired\":true,\"valueName\":\"search_term_string\"}}],\"inLanguage\":\"tr\"},{\"@type\":\"Organization\",\"@id\":\"https:\/\/floraplus.net\/en\/#organization\",\"name\":\"Floraplus\",\"url\":\"https:\/\/floraplus.net\/en\/\",\"logo\":{\"@type\":\"ImageObject\",\"inLanguage\":\"tr\",\"@id\":\"https:\/\/floraplus.net\/en\/#\/schema\/logo\/image\/\",\"url\":\"https:\/\/floraplus.net\/wp-content\/uploads\/2021\/08\/logo-e1627994475388.png\",\"contentUrl\":\"https:\/\/floraplus.net\/wp-content\/uploads\/2021\/08\/logo-e1627994475388.png\",\"width\":251,\"height\":81,\"caption\":\"Floraplus\"},\"image\":{\"@id\":\"https:\/\/floraplus.net\/en\/#\/schema\/logo\/image\/\"},\"sameAs\":[\"https:\/\/www.facebook.com\/floraplusdergisi\",\"https:\/\/www.instagram.com\/floraplusdergisi\/\"]},{\"@type\":\"Person\",\"@id\":\"https:\/\/floraplus.net\/en\/#\/schema\/person\/9a7fc222338186bc9556396795f1d114\",\"name\":\"irfan Akg\u00fcnd\u00fcz\",\"url\":\"https:\/\/floraplus.net\/tr_tr\/author\/irfan\/\"}]}<\/script>\n<!-- \/ Yoast SEO Premium plugin. -->","yoast_head_json":{"title":"Var olan\u0131 g\u00f6rmek! - Floraplus","robots":{"index":"index","follow":"follow","max-snippet":"max-snippet:-1","max-image-preview":"max-image-preview:large","max-video-preview":"max-video-preview:-1"},"canonical":"https:\/\/floraplus.net\/tr_tr\/2021\/08\/04\/var-olani-gormek\/","og_locale":"tr_TR","og_type":"article","og_title":"Var olan\u0131 g\u00f6rmek!","og_description":"Kim karar verip yapt\u0131ysa hepsini tebrik ediyoruz. &nbsp;&nbsp; Foto\u011frafta g\u00f6r\u00fclen sahan\u0131n \u00fc\u00e7 taraf\u0131nda d\u00fc\u015f\u00fck yo\u011funluklu","og_url":"https:\/\/floraplus.net\/tr_tr\/2021\/08\/04\/var-olani-gormek\/","og_site_name":"Floraplus","article_publisher":"https:\/\/www.facebook.com\/floraplusdergisi","article_published_time":"2021-08-04T16:25:08+00:00","article_modified_time":"2021-09-22T13:03:26+00:00","og_image":[{"width":1600,"height":1200,"url":"https:\/\/floraplus.net\/wp-content\/uploads\/2021\/08\/01-1.jpeg","type":"image\/jpeg"}],"author":"irfan Akg\u00fcnd\u00fcz","twitter_card":"summary_large_image","twitter_misc":{"Yazan:":"irfan Akg\u00fcnd\u00fcz","Tahmini okuma s\u00fcresi":"1 dakika"},"schema":{"@context":"https:\/\/schema.org","@graph":[{"@type":"Article","@id":"https:\/\/floraplus.net\/en\/2021\/08\/04\/var-olani-gormek\/#article","isPartOf":{"@id":"https:\/\/floraplus.net\/en\/2021\/08\/04\/var-olani-gormek\/"},"author":{"name":"irfan Akg\u00fcnd\u00fcz","@id":"https:\/\/floraplus.net\/en\/#\/schema\/person\/9a7fc222338186bc9556396795f1d114"},"headline":"Var olan\u0131 g\u00f6rmek!","datePublished":"2021-08-04T16:25:08+00:00","dateModified":"2021-09-22T13:03:26+00:00","mainEntityOfPage":{"@id":"https:\/\/floraplus.net\/en\/2021\/08\/04\/var-olani-gormek\/"},"wordCount":180,"commentCount":0,"publisher":{"@id":"https:\/\/floraplus.net\/en\/#organization"},"image":{"@id":"https:\/\/floraplus.net\/en\/2021\/08\/04\/var-olani-gormek\/#primaryimage"},"thumbnailUrl":"https:\/\/floraplus.net\/wp-content\/uploads\/2021\/08\/01-1.jpeg","articleSection":["G\u00fcncel","Haberler"],"inLanguage":"tr","potentialAction":[{"@type":"CommentAction","name":"Comment","target":["https:\/\/floraplus.net\/en\/2021\/08\/04\/var-olani-gormek\/#respond"]}]},{"@type":"WebPage","@id":"https:\/\/floraplus.net\/en\/2021\/08\/04\/var-olani-gormek\/","url":"https:\/\/floraplus.net\/en\/2021\/08\/04\/var-olani-gormek\/","name":"Var olan\u0131 g\u00f6rmek! - Floraplus","isPartOf":{"@id":"https:\/\/floraplus.net\/en\/#website"},"primaryImageOfPage":{"@id":"https:\/\/floraplus.net\/en\/2021\/08\/04\/var-olani-gormek\/#primaryimage"},"image":{"@id":"https:\/\/floraplus.net\/en\/2021\/08\/04\/var-olani-gormek\/#primaryimage"},"thumbnailUrl":"https:\/\/floraplus.net\/wp-content\/uploads\/2021\/08\/01-1.jpeg","datePublished":"2021-08-04T16:25:08+00:00","dateModified":"2021-09-22T13:03:26+00:00","breadcrumb":{"@id":"https:\/\/floraplus.net\/en\/2021\/08\/04\/var-olani-gormek\/#breadcrumb"},"inLanguage":"tr","potentialAction":[{"@type":"ReadAction","target":["https:\/\/floraplus.net\/en\/2021\/08\/04\/var-olani-gormek\/"]}]},{"@type":"ImageObject","inLanguage":"tr","@id":"https:\/\/floraplus.net\/en\/2021\/08\/04\/var-olani-gormek\/#primaryimage","url":"https:\/\/floraplus.net\/wp-content\/uploads\/2021\/08\/01-1.jpeg","contentUrl":"https:\/\/floraplus.net\/wp-content\/uploads\/2021\/08\/01-1.jpeg","width":1600,"height":1200},{"@type":"BreadcrumbList","@id":"https:\/\/floraplus.net\/en\/2021\/08\/04\/var-olani-gormek\/#breadcrumb","itemListElement":[{"@type":"ListItem","position":1,"name":"Home","item":"https:\/\/floraplus.net\/en\/"},{"@type":"ListItem","position":2,"name":"Var olan\u0131 g\u00f6rmek!"}]},{"@type":"WebSite","@id":"https:\/\/floraplus.net\/en\/#website","url":"https:\/\/floraplus.net\/en\/","name":"Floraplus","description":"Peyzaj, peyzaj mimarl\u0131\u011f\u0131, peyzaj bitkileri, s\u00fcs ve bah\u00e7e\u00a0bitkileri","publisher":{"@id":"https:\/\/floraplus.net\/en\/#organization"},"potentialAction":[{"@type":"SearchAction","target":{"@type":"EntryPoint","urlTemplate":"https:\/\/floraplus.net\/en\/?s={search_term_string}"},"query-input":{"@type":"PropertyValueSpecification","valueRequired":true,"valueName":"search_term_string"}}],"inLanguage":"tr"},{"@type":"Organization","@id":"https:\/\/floraplus.net\/en\/#organization","name":"Floraplus","url":"https:\/\/floraplus.net\/en\/","logo":{"@type":"ImageObject","inLanguage":"tr","@id":"https:\/\/floraplus.net\/en\/#\/schema\/logo\/image\/","url":"https:\/\/floraplus.net\/wp-content\/uploads\/2021\/08\/logo-e1627994475388.png","contentUrl":"https:\/\/floraplus.net\/wp-content\/uploads\/2021\/08\/logo-e1627994475388.png","width":251,"height":81,"caption":"Floraplus"},"image":{"@id":"https:\/\/floraplus.net\/en\/#\/schema\/logo\/image\/"},"sameAs":["https:\/\/www.facebook.com\/floraplusdergisi","https:\/\/www.instagram.com\/floraplusdergisi\/"]},{"@type":"Person","@id":"https:\/\/floraplus.net\/en\/#\/schema\/person\/9a7fc222338186bc9556396795f1d114","name":"irfan Akg\u00fcnd\u00fcz","url":"https:\/\/floraplus.net\/tr_tr\/author\/irfan\/"}]}},"_links":{"self":[{"href":"https:\/\/floraplus.net\/tr_tr\/wp-json\/wp\/v2\/posts\/6236","targetHints":{"allow":["GET"]}}],"collection":[{"href":"https:\/\/floraplus.net\/tr_tr\/wp-json\/wp\/v2\/posts"}],"about":[{"href":"https:\/\/floraplus.net\/tr_tr\/wp-json\/wp\/v2\/types\/post"}],"author":[{"embeddable":true,"href":"https:\/\/floraplus.net\/tr_tr\/wp-json\/wp\/v2\/users\/2"}],"replies":[{"embeddable":true,"href":"https:\/\/floraplus.net\/tr_tr\/wp-json\/wp\/v2\/comments?post=6236"}],"version-history":[{"count":2,"href":"https:\/\/floraplus.net\/tr_tr\/wp-json\/wp\/v2\/posts\/6236\/revisions"}],"predecessor-version":[{"id":6348,"href":"https:\/\/floraplus.net\/tr_tr\/wp-json\/wp\/v2\/posts\/6236\/revisions\/6348"}],"wp:featuredmedia":[{"embeddable":true,"href":"https:\/\/floraplus.net\/tr_tr\/wp-json\/wp\/v2\/media\/6390"}],"wp:attachment":[{"href":"https:\/\/floraplus.net\/tr_tr\/wp-json\/wp\/v2\/media?parent=6236"}],"wp:term":[{"taxonomy":"category","embeddable":true,"href":"https:\/\/floraplus.net\/tr_tr\/wp-json\/wp\/v2\/categories?post=6236"},{"taxonomy":"post_tag","embeddable":true,"href":"https:\/\/floraplus.net\/tr_tr\/wp-json\/wp\/v2\/tags?post=6236"}],"curies":[{"name":"wp","href":"https:\/\/api.w.org\/{rel}","templated":true}]}}