{"id":6259,"date":"2021-08-04T22:35:43","date_gmt":"2021-08-04T19:35:43","guid":{"rendered":"http:\/\/test.floraplus.net\/?p=6259"},"modified":"2021-10-11T10:07:29","modified_gmt":"2021-10-11T07:07:29","slug":"peyzajin-yerlileri","status":"publish","type":"post","link":"https:\/\/floraplus.net\/tr_tr\/2021\/08\/04\/peyzajin-yerlileri\/","title":{"rendered":"Peyzaj\u0131n yerlileri"},"content":{"rendered":"<div class=\"pgc-sgb-cb wp-block-pgcsimplygalleryblock-slider \" data-gallery-id=\"8ee96742\"style=&quot;min-height:600px&quot;><div class=\"sgb-preloader\" id=\"pr_8ee96742\">\n\t<div class=\"sgb-square\" style=\"background:#d4d4d4\"><\/div>\n\t<div class=\"sgb-square\" style=\"background:#d4d4d4\"><\/div>\n\t<div class=\"sgb-square\" style=\"background:#d4d4d4\"><\/div>\n\t<div class=\"sgb-square\" style=\"background:#d4d4d4\"><\/div><\/div><div class=\"simply-gallery-amp pgc_sgb_slider \" style=\"display: none;\"><div class=\"sgb-gallery\"><div class=\"sgb-item\"><a href=\"http:\/\/floraplus.net\/2021\/08\/04\/peyzajin-yerlileri\/01-4\/\" target=\"_blank\"><img decoding=\"async\" alt=\"\" width=\"300\" height=\"200\" loading=\"lazy\" src=\"http:\/\/floraplus.net\/wp-content\/uploads\/2021\/08\/01-300x200.jpg\" srcset=\"http:\/\/floraplus.net\/wp-content\/uploads\/2021\/08\/01-300x200.jpg 300w,http:\/\/floraplus.net\/wp-content\/uploads\/2021\/08\/01-1024x683.jpg 640w,http:\/\/floraplus.net\/wp-content\/uploads\/2021\/08\/01.jpg 1200w\" sizes=\"auto, 250px\"\/><\/a><\/div><div class=\"sgb-item\"><a href=\"http:\/\/floraplus.net\/2021\/08\/04\/peyzajin-yerlileri\/02-2\/\" target=\"_blank\"><img decoding=\"async\" alt=\"\" width=\"300\" height=\"195\" loading=\"lazy\" src=\"http:\/\/floraplus.net\/wp-content\/uploads\/2021\/08\/02-300x195.jpg\" srcset=\"http:\/\/floraplus.net\/wp-content\/uploads\/2021\/08\/02-300x195.jpg 300w,http:\/\/floraplus.net\/wp-content\/uploads\/2021\/08\/02-1024x667.jpg 640w,http:\/\/floraplus.net\/wp-content\/uploads\/2021\/08\/02.jpg 1400w\" sizes=\"auto, 250px\"\/><\/a><\/div><div class=\"sgb-item\"><a href=\"http:\/\/floraplus.net\/2021\/08\/04\/peyzajin-yerlileri\/attachment\/0308\/\" target=\"_blank\"><img decoding=\"async\" alt=\"\" width=\"300\" height=\"200\" loading=\"lazy\" src=\"http:\/\/floraplus.net\/wp-content\/uploads\/2021\/08\/0308-300x200.jpg\" srcset=\"http:\/\/floraplus.net\/wp-content\/uploads\/2021\/08\/0308-300x200.jpg 300w,http:\/\/floraplus.net\/wp-content\/uploads\/2021\/08\/0308-1024x682.jpg 640w,http:\/\/floraplus.net\/wp-content\/uploads\/2021\/08\/0308.jpg 1300w\" sizes=\"auto, 250px\"\/><\/a><\/div><div class=\"sgb-item\"><a href=\"http:\/\/floraplus.net\/2021\/08\/04\/peyzajin-yerlileri\/03-2\/\" target=\"_blank\"><img decoding=\"async\" alt=\"\" width=\"300\" height=\"200\" loading=\"lazy\" src=\"http:\/\/floraplus.net\/wp-content\/uploads\/2021\/08\/03-300x200.jpg\" srcset=\"http:\/\/floraplus.net\/wp-content\/uploads\/2021\/08\/03-300x200.jpg 300w,http:\/\/floraplus.net\/wp-content\/uploads\/2021\/08\/03-1024x682.jpg 640w,http:\/\/floraplus.net\/wp-content\/uploads\/2021\/08\/03.jpg 1400w\" sizes=\"auto, 250px\"\/><\/a><\/div><div class=\"sgb-item\"><a href=\"http:\/\/floraplus.net\/2021\/08\/04\/peyzajin-yerlileri\/04-2\/\" target=\"_blank\"><img decoding=\"async\" alt=\"\" width=\"300\" height=\"200\" loading=\"lazy\" src=\"http:\/\/floraplus.net\/wp-content\/uploads\/2021\/08\/04-300x200.jpg\" srcset=\"http:\/\/floraplus.net\/wp-content\/uploads\/2021\/08\/04-300x200.jpg 300w,http:\/\/floraplus.net\/wp-content\/uploads\/2021\/08\/04-1024x683.jpg 640w,http:\/\/floraplus.net\/wp-content\/uploads\/2021\/08\/04.jpg 1200w\" sizes=\"auto, 250px\"\/><\/a><\/div><div class=\"sgb-item\"><a href=\"http:\/\/floraplus.net\/2021\/08\/04\/peyzajin-yerlileri\/05-2\/\" target=\"_blank\"><img decoding=\"async\" alt=\"\" width=\"300\" height=\"225\" loading=\"lazy\" src=\"http:\/\/floraplus.net\/wp-content\/uploads\/2021\/08\/05-300x225.jpg\" srcset=\"http:\/\/floraplus.net\/wp-content\/uploads\/2021\/08\/05-300x225.jpg 300w,http:\/\/floraplus.net\/wp-content\/uploads\/2021\/08\/05-1024x767.jpg 640w,http:\/\/floraplus.net\/wp-content\/uploads\/2021\/08\/05.jpg 1200w\" sizes=\"auto, 250px\"\/><\/a><\/div><div class=\"sgb-item\"><a href=\"http:\/\/floraplus.net\/2021\/08\/04\/peyzajin-yerlileri\/attachment\/06\/\" target=\"_blank\"><img decoding=\"async\" alt=\"\" width=\"300\" height=\"200\" loading=\"lazy\" src=\"http:\/\/floraplus.net\/wp-content\/uploads\/2021\/08\/06-300x200.jpg\" srcset=\"http:\/\/floraplus.net\/wp-content\/uploads\/2021\/08\/06-300x200.jpg 300w,http:\/\/floraplus.net\/wp-content\/uploads\/2021\/08\/06-1024x683.jpg 640w,http:\/\/floraplus.net\/wp-content\/uploads\/2021\/08\/06.jpg 1200w\" sizes=\"auto, 250px\"\/><\/a><\/div><div class=\"sgb-item\"><a href=\"http:\/\/floraplus.net\/2021\/08\/04\/peyzajin-yerlileri\/attachment\/07\/\" target=\"_blank\"><img decoding=\"async\" alt=\"\" width=\"300\" height=\"151\" loading=\"lazy\" src=\"http:\/\/floraplus.net\/wp-content\/uploads\/2021\/08\/07-300x151.jpg\" srcset=\"http:\/\/floraplus.net\/wp-content\/uploads\/2021\/08\/07-300x151.jpg 300w,http:\/\/floraplus.net\/wp-content\/uploads\/2021\/08\/07-1024x515.jpg 640w,http:\/\/floraplus.net\/wp-content\/uploads\/2021\/08\/07.jpg 1200w\" sizes=\"auto, 250px\"\/><\/a><\/div><\/div><\/div><script type=\"application\/json\" class=\"sgb-data\">{\"thumbClickAction\":\"useLightbox\",\"galleryType\":\"pgc_sgb_slider\",\"galleryId\":\"8ee96742\",\"images\":[{\"id\":6406,\"title\":\"01\",\"url\":\"http:\/\/floraplus.net\/wp-content\/uploads\/2021\/08\/01.jpg\",\"link\":\"http:\/\/floraplus.net\/2021\/08\/04\/peyzajin-yerlileri\/01-4\/\",\"alt\":\"\",\"description\":\"\",\"caption\":\"\",\"mime\":\"image\/jpeg\",\"type\":\"image\",\"width\":1200,\"height\":800,\"sizes\":{\"thumbnail\":{\"height\":150,\"width\":150,\"url\":\"http:\/\/floraplus.net\/wp-content\/uploads\/2021\/08\/01-150x150.jpg\",\"orientation\":\"landscape\"},\"medium\":{\"height\":200,\"width\":300,\"url\":\"http:\/\/floraplus.net\/wp-content\/uploads\/2021\/08\/01-300x200.jpg\",\"orientation\":\"landscape\"},\"large\":{\"height\":427,\"width\":640,\"url\":\"http:\/\/floraplus.net\/wp-content\/uploads\/2021\/08\/01-1024x683.jpg\",\"orientation\":\"landscape\"},\"full\":{\"url\":\"http:\/\/floraplus.net\/wp-content\/uploads\/2021\/08\/01.jpg\",\"height\":800,\"width\":1200,\"orientation\":\"landscape\"}},\"meta\":false,\"postlink\":\"http:\/\/floraplus.net\/2021\/08\/04\/peyzajin-yerlileri\/01-4\/\"},{\"id\":6407,\"title\":\"02\",\"url\":\"http:\/\/floraplus.net\/wp-content\/uploads\/2021\/08\/02.jpg\",\"link\":\"http:\/\/floraplus.net\/2021\/08\/04\/peyzajin-yerlileri\/02-2\/\",\"alt\":\"\",\"description\":\"\",\"caption\":\"\",\"mime\":\"image\/jpeg\",\"type\":\"image\",\"width\":1400,\"height\":912,\"sizes\":{\"thumbnail\":{\"height\":150,\"width\":150,\"url\":\"http:\/\/floraplus.net\/wp-content\/uploads\/2021\/08\/02-150x150.jpg\",\"orientation\":\"landscape\"},\"medium\":{\"height\":195,\"width\":300,\"url\":\"http:\/\/floraplus.net\/wp-content\/uploads\/2021\/08\/02-300x195.jpg\",\"orientation\":\"landscape\"},\"large\":{\"height\":417,\"width\":640,\"url\":\"http:\/\/floraplus.net\/wp-content\/uploads\/2021\/08\/02-1024x667.jpg\",\"orientation\":\"landscape\"},\"full\":{\"url\":\"http:\/\/floraplus.net\/wp-content\/uploads\/2021\/08\/02.jpg\",\"height\":912,\"width\":1400,\"orientation\":\"landscape\"}},\"meta\":false,\"postlink\":\"http:\/\/floraplus.net\/2021\/08\/04\/peyzajin-yerlileri\/02-2\/\"},{\"id\":6413,\"title\":\"0308\",\"url\":\"http:\/\/floraplus.net\/wp-content\/uploads\/2021\/08\/0308.jpg\",\"link\":\"http:\/\/floraplus.net\/2021\/08\/04\/peyzajin-yerlileri\/attachment\/0308\/\",\"alt\":\"\",\"description\":\"\",\"caption\":\"\",\"mime\":\"image\/jpeg\",\"type\":\"image\",\"width\":1300,\"height\":866,\"sizes\":{\"thumbnail\":{\"height\":150,\"width\":150,\"url\":\"http:\/\/floraplus.net\/wp-content\/uploads\/2021\/08\/0308-150x150.jpg\",\"orientation\":\"landscape\"},\"medium\":{\"height\":200,\"width\":300,\"url\":\"http:\/\/floraplus.net\/wp-content\/uploads\/2021\/08\/0308-300x200.jpg\",\"orientation\":\"landscape\"},\"large\":{\"height\":426,\"width\":640,\"url\":\"http:\/\/floraplus.net\/wp-content\/uploads\/2021\/08\/0308-1024x682.jpg\",\"orientation\":\"landscape\"},\"full\":{\"url\":\"http:\/\/floraplus.net\/wp-content\/uploads\/2021\/08\/0308.jpg\",\"height\":866,\"width\":1300,\"orientation\":\"landscape\"}},\"meta\":false,\"postlink\":\"http:\/\/floraplus.net\/2021\/08\/04\/peyzajin-yerlileri\/attachment\/0308\/\"},{\"id\":6408,\"title\":\"03\",\"url\":\"http:\/\/floraplus.net\/wp-content\/uploads\/2021\/08\/03.jpg\",\"link\":\"http:\/\/floraplus.net\/2021\/08\/04\/peyzajin-yerlileri\/03-2\/\",\"alt\":\"\",\"description\":\"\",\"caption\":\"\",\"mime\":\"image\/jpeg\",\"type\":\"image\",\"width\":1400,\"height\":933,\"sizes\":{\"thumbnail\":{\"height\":150,\"width\":150,\"url\":\"http:\/\/floraplus.net\/wp-content\/uploads\/2021\/08\/03-150x150.jpg\",\"orientation\":\"landscape\"},\"medium\":{\"height\":200,\"width\":300,\"url\":\"http:\/\/floraplus.net\/wp-content\/uploads\/2021\/08\/03-300x200.jpg\",\"orientation\":\"landscape\"},\"large\":{\"height\":426,\"width\":640,\"url\":\"http:\/\/floraplus.net\/wp-content\/uploads\/2021\/08\/03-1024x682.jpg\",\"orientation\":\"landscape\"},\"full\":{\"url\":\"http:\/\/floraplus.net\/wp-content\/uploads\/2021\/08\/03.jpg\",\"height\":933,\"width\":1400,\"orientation\":\"landscape\"}},\"meta\":false,\"postlink\":\"http:\/\/floraplus.net\/2021\/08\/04\/peyzajin-yerlileri\/03-2\/\"},{\"id\":6409,\"title\":\"04\",\"url\":\"http:\/\/floraplus.net\/wp-content\/uploads\/2021\/08\/04.jpg\",\"link\":\"http:\/\/floraplus.net\/2021\/08\/04\/peyzajin-yerlileri\/04-2\/\",\"alt\":\"\",\"description\":\"\",\"caption\":\"\",\"mime\":\"image\/jpeg\",\"type\":\"image\",\"width\":1200,\"height\":800,\"sizes\":{\"thumbnail\":{\"height\":150,\"width\":150,\"url\":\"http:\/\/floraplus.net\/wp-content\/uploads\/2021\/08\/04-150x150.jpg\",\"orientation\":\"landscape\"},\"medium\":{\"height\":200,\"width\":300,\"url\":\"http:\/\/floraplus.net\/wp-content\/uploads\/2021\/08\/04-300x200.jpg\",\"orientation\":\"landscape\"},\"large\":{\"height\":427,\"width\":640,\"url\":\"http:\/\/floraplus.net\/wp-content\/uploads\/2021\/08\/04-1024x683.jpg\",\"orientation\":\"landscape\"},\"full\":{\"url\":\"http:\/\/floraplus.net\/wp-content\/uploads\/2021\/08\/04.jpg\",\"height\":800,\"width\":1200,\"orientation\":\"landscape\"}},\"meta\":false,\"postlink\":\"http:\/\/floraplus.net\/2021\/08\/04\/peyzajin-yerlileri\/04-2\/\"},{\"id\":6410,\"title\":\"05\",\"url\":\"http:\/\/floraplus.net\/wp-content\/uploads\/2021\/08\/05.jpg\",\"link\":\"http:\/\/floraplus.net\/2021\/08\/04\/peyzajin-yerlileri\/05-2\/\",\"alt\":\"\",\"description\":\"\",\"caption\":\"\",\"mime\":\"image\/jpeg\",\"type\":\"image\",\"width\":1200,\"height\":899,\"sizes\":{\"thumbnail\":{\"height\":150,\"width\":150,\"url\":\"http:\/\/floraplus.net\/wp-content\/uploads\/2021\/08\/05-150x150.jpg\",\"orientation\":\"landscape\"},\"medium\":{\"height\":225,\"width\":300,\"url\":\"http:\/\/floraplus.net\/wp-content\/uploads\/2021\/08\/05-300x225.jpg\",\"orientation\":\"landscape\"},\"large\":{\"height\":479,\"width\":640,\"url\":\"http:\/\/floraplus.net\/wp-content\/uploads\/2021\/08\/05-1024x767.jpg\",\"orientation\":\"landscape\"},\"full\":{\"url\":\"http:\/\/floraplus.net\/wp-content\/uploads\/2021\/08\/05.jpg\",\"height\":899,\"width\":1200,\"orientation\":\"landscape\"}},\"meta\":false,\"postlink\":\"http:\/\/floraplus.net\/2021\/08\/04\/peyzajin-yerlileri\/05-2\/\"},{\"id\":6411,\"title\":\"06\",\"url\":\"http:\/\/floraplus.net\/wp-content\/uploads\/2021\/08\/06.jpg\",\"link\":\"http:\/\/floraplus.net\/2021\/08\/04\/peyzajin-yerlileri\/attachment\/06\/\",\"alt\":\"\",\"description\":\"\",\"caption\":\"\",\"mime\":\"image\/jpeg\",\"type\":\"image\",\"width\":1200,\"height\":800,\"sizes\":{\"thumbnail\":{\"height\":150,\"width\":150,\"url\":\"http:\/\/floraplus.net\/wp-content\/uploads\/2021\/08\/06-150x150.jpg\",\"orientation\":\"landscape\"},\"medium\":{\"height\":200,\"width\":300,\"url\":\"http:\/\/floraplus.net\/wp-content\/uploads\/2021\/08\/06-300x200.jpg\",\"orientation\":\"landscape\"},\"large\":{\"height\":427,\"width\":640,\"url\":\"http:\/\/floraplus.net\/wp-content\/uploads\/2021\/08\/06-1024x683.jpg\",\"orientation\":\"landscape\"},\"full\":{\"url\":\"http:\/\/floraplus.net\/wp-content\/uploads\/2021\/08\/06.jpg\",\"height\":800,\"width\":1200,\"orientation\":\"landscape\"}},\"meta\":false,\"postlink\":\"http:\/\/floraplus.net\/2021\/08\/04\/peyzajin-yerlileri\/attachment\/06\/\"},{\"id\":6412,\"title\":\"07\",\"url\":\"http:\/\/floraplus.net\/wp-content\/uploads\/2021\/08\/07.jpg\",\"link\":\"http:\/\/floraplus.net\/2021\/08\/04\/peyzajin-yerlileri\/attachment\/07\/\",\"alt\":\"\",\"description\":\"\",\"caption\":\"\",\"mime\":\"image\/jpeg\",\"type\":\"image\",\"width\":1200,\"height\":604,\"sizes\":{\"thumbnail\":{\"height\":150,\"width\":150,\"url\":\"http:\/\/floraplus.net\/wp-content\/uploads\/2021\/08\/07-150x150.jpg\",\"orientation\":\"landscape\"},\"medium\":{\"height\":151,\"width\":300,\"url\":\"http:\/\/floraplus.net\/wp-content\/uploads\/2021\/08\/07-300x151.jpg\",\"orientation\":\"landscape\"},\"large\":{\"height\":322,\"width\":640,\"url\":\"http:\/\/floraplus.net\/wp-content\/uploads\/2021\/08\/07-1024x515.jpg\",\"orientation\":\"landscape\"},\"full\":{\"url\":\"http:\/\/floraplus.net\/wp-content\/uploads\/2021\/08\/07.jpg\",\"height\":604,\"width\":1200,\"orientation\":\"landscape\"}},\"meta\":false,\"postlink\":\"http:\/\/floraplus.net\/2021\/08\/04\/peyzajin-yerlileri\/attachment\/07\/\"}],\"itemsMetaDataCollection\":[],\"galleryData\":\"{\\u0022copyRProtection\\u0022:false,\\u0022copyRAlert\\u0022:\\u0022Hello, this photo is mine!\\u0022,\\u0022sliderScrollNavi\\u0022:false,\\u0022sliderNextPrevAnimation\\u0022:\\u0022animation\\u0022,\\u0022galleryScrollPositionControll\\u0022:false,\\u0022sliderVideoAutoPlay\\u0022:false,\\u0022sliderVideoLoop\\u0022:false,\\u0022sliderItemCounterEnable\\u0022:true,\\u0022sliderCaptionSrc\\u0022:\\u0022caption\\u0022,\\u0022sliderItemTitleEnable\\u0022:false,\\u0022sliderItemTitleFontSize\\u0022:18,\\u0022sliderItemTitleTextColor\\u0022:\\u0022rgba(255,255,255,1)\\u0022,\\u0022itemCounterColor\\u0022:\\u0022rgba(255,255,255,1)\\u0022,\\u0022sliderThumbBarEnable\\u0022:true,\\u0022sliderThumbBarHoverColor\\u0022:\\u0022rgba(240,240,240,1)\\u0022,\\u0022sliderBgColor\\u0022:\\u0022rgba(0,0,0,0.8)\\u0022,\\u0022sliderPreloaderColor\\u0022:\\u0022rgba(240,240,240,1)\\u0022,\\u0022sliderHeaderFooterBgColor\\u0022:\\u0022rgba(0,0,0,0.4)\\u0022,\\u0022sliderNavigationColor\\u0022:\\u0022rgba(0,0,0,1)\\u0022,\\u0022sliderNavigationColorOver\\u0022:\\u0022rgba(255,255,255,1)\\u0022,\\u0022sliderNavigationIconColor\\u0022:\\u0022rgba(255,255,255,1)\\u0022,\\u0022sliderNavigationIconColorOver\\u0022:\\u0022rgba(0,0,0,1)\\u0022,\\u0022sliderSlideshow\\u0022:true,\\u0022sliderSlideshowDelay\\u0022:8,\\u0022slideshowIndicatorColor\\u0022:\\u0022rgba(255,255,255,1)\\u0022,\\u0022slideshowIndicatorColorBg\\u0022:\\u0022rgba(255,255,255,0.5)\\u0022,\\u0022sliderThumbSubMenuBackgroundColor\\u0022:\\u0022rgba(255,255,255,0)\\u0022,\\u0022sliderThumbSubMenuBackgroundColorOver\\u0022:\\u0022rgba(255,255,255,1)\\u0022,\\u0022sliderThumbSubMenuIconColor\\u0022:\\u0022rgba(255,255,255,1)\\u0022,\\u0022sliderThumbSubMenuIconHoverColor\\u0022:\\u0022rgba(0,0,0,1)\\u0022,\\u0022sliderSocialShareEnabled\\u0022:true,\\u0022sliderZoomEnable\\u0022:true,\\u0022sliderFullscreenEnabled\\u0022:true,\\u0022modaBgColor\\u0022:\\u0022rgba(0,0,0,0.8)\\u0022,\\u0022modalIconColor\\u0022:\\u0022rgba(255,255,255,1)\\u0022,\\u0022modalIconColorHover\\u0022:\\u0022rgba(255,255,255,0.8)\\u0022,\\u0022shareFacebook\\u0022:true,\\u0022shareTwitter\\u0022:true,\\u0022sharePinterest\\u0022:true,\\u0022sliderItemDownload\\u0022:true,\\u0022shareCopyLink\\u0022:true,\\u0022sharePost\\u0022:\\u0022sharelink\\u0022,\\u0022tagsFilter\\u0022:false,\\u0022tagCloudAll\\u0022:\\u0022All\\u0022,\\u0022tagCloudBgColor\\u0022:\\u0022rgba(153,153,153,1)\\u0022,\\u0022tagCloudBgColorOver\\u0022:\\u0022rgba(253,253,253,1)\\u0022,\\u0022tagCloudTextColor\\u0022:\\u0022rgba(253,253,253,1)\\u0022,\\u0022tagCloudTextColorOver\\u0022:\\u0022rgba(153,153,153,1)\\u0022,\\u0022tagCloudFontSize\\u0022:16,\\u0022deepLinking\\u0022:false,\\u0022useLightbox\\u0022:true,\\u0022thumbClickAction\\u0022:\\u0022useLightbox\\u0022,\\u0022numItemsDisplayed\\u0022:0,\\u0022lazyLoading\\u0022:true,\\u0022contentNoPadding\\u0022:false,\\u0022galleryPreloaderColor\\u0022:\\u0022rgba(230,230,230,1)\\u0022,\\u0022galleryBgColor\\u0022:\\u0022rgba(0,0,0,0)\\u0022,\\u0022galleryBorderRadius\\u0022:0,\\u0022customCSS\\u0022:\\u0022\\u0022,\\u0022collectionThumbRecomendedWidth\\u0022:200,\\u0022thumbSpacing\\u0022:5,\\u0022externalLink\\u0022:true,\\u0022externalLinkDefName\\u0022:\\u0022Read More\\u0022,\\u0022externalLinkTextColor\\u0022:\\u0022rgba(0,0,0,1)\\u0022,\\u0022externalLinkBgColor\\u0022:\\u0022rgba(255,255,255,1)\\u0022,\\u0022externalLinkFontSize\\u0022:18,\\u0022captions\\u0022:true,\\u0022captionSrc\\u0022:\\u0022caption\\u0022,\\u0022captionHAlign\\u0022:\\u0022top\\u0022,\\u0022collectionthumbHoverTitleFontSize\\u0022:18,\\u0022collectionthumbRoundedCorners\\u0022:0,\\u0022collectionthumbHoverTitleTextColor\\u0022:\\u0022rgba(255,255,255,1)\\u0022,\\u0022collectionthumbHoverTitleTextBgColor\\u0022:\\u0022rgba(0,0,0,0.8)\\u0022,\\u0022collectionthumbHoverBgColor\\u0022:\\u0022rgba(0,0,0,0.4)\\u0022,\\u0022collectionThumbSubMenuDownload\\u0022:true,\\u0022collectionThumbSubMenuShare\\u0022:true,\\u0022collectionThumbSubMenuBgColor\\u0022:\\u0022rgba(0,0,0,0.4)\\u0022,\\u0022collectionThumbSubMenuBgColorHover\\u0022:\\u0022rgba(255,255,255,1)\\u0022,\\u0022collectionThumbSubMenuIconColor\\u0022:\\u0022rgba(255,255,255,1)\\u0022,\\u0022collectionThumbSubMenuIconColorHover\\u0022:\\u0022rgba(0,0,0,1)\\u0022,\\u0022galleryType\\u0022:\\u0022pgc_sgb_slider\\u0022,\\u0022align\\u0022:\\u0022\\u0022,\\u0022galleryId\\u0022:\\u00228ee96742\\u0022,\\u0022tagsListCustomMode\\u0022:false,\\u0022initGalleryByFirstTag\\u0022:false,\\u0022deepLinkingForTag\\u0022:false,\\u0022galleryTagsList\\u0022:[],\\u0022useClobalSettings\\u0022:true,\\u0022orderBy\\u0022:\\u0022custom\\u0022,\\u0022sliderMaxHeight\\u0022:600,\\u0022sliderAdminWidth\\u0022:840,\\u0022responsiveHeight\\u0022:false,\\u0022collectionColumns\\u0022:1,\\u0022sliderAnimation\\u0022:\\u0022animation\\u0022,\\u0022sliderNextPrevNavigation\\u0022:true,\\u0022sliderNextPrevBgColor\\u0022:\\u0022rgba(255,255,255,1)\\u0022,\\u0022sliderNextPrevBgColorHover\\u0022:\\u0022rgba(0,0,0,1)\\u0022,\\u0022sliderNextPrevIconColor\\u0022:\\u0022rgba(0,0,0,1)\\u0022,\\u0022sliderNextPrevIconColorHover\\u0022:\\u0022rgba(255,255,255,1)\\u0022,\\u0022sliderThumbsNavi\\u0022:true,\\u0022sliderThumbsNaviColor\\u0022:\\u0022rgba(255,255,255,1)\\u0022,\\u0022sliderDotNavi\\u0022:false,\\u0022sliderDotNaviBgColor\\u0022:\\u0022rgba(0,0,0,.4)\\u0022,\\u0022sliderDotNaviBgColorHover\\u0022:\\u0022rgba(255,255,255,1)\\u0022,\\u0022autoPlay\\u0022:false,\\u0022autoPlayDelay\\u0022:4,\\u0022autoPlayMouseStoper\\u0022:true,\\u0022settingsModalIsOpen\\u0022:false,\\u0022skin\\u0022:\\u0022slider\\u0022}\",\"useClobalSettings\":true,\"sliderMaxHeight\":600,\"sliderAdminWidth\":840,\"collectionColumns\":1}<\/script><script>(function(){if(window.PGC_SGB && window.PGC_SGB.searcher){window.PGC_SGB.searcher.initBlocks()}})()<\/script><\/div>\n\n\n<h2 class=\"wp-block-heading\"><strong>Yeti\u015ftiriciler, peyzaj mimarlar\u0131, peyzaj uygulamac\u0131lar\u0131 yerel t\u00fcrlere \u00f6zel ilgi g\u00f6stermeli. Susuzlu\u011fa ve kurakl\u0131\u011fa dayan\u0131kl\u0131 yerel t\u00fcrlerin \u00fcretimi ise peyzaj\u0131n gelece\u011fini de etkileyecektir. &nbsp;&nbsp;<\/strong><\/h2>\n\n\n\n<p><strong>Pistacia lentiscus (Sak\u0131z \u00e7al\u0131s\u0131)<\/strong><strong><\/strong><\/p>\n\n\n\n<p>Burada peyzaja uygulanm\u0131\u015f foto\u011fraflar\u0131n\u0131 g\u00f6rd\u00fc\u011f\u00fcn\u00fcz bitkilerin hepsi \u00fclkemiz do\u011fas\u0131nda da g\u00f6rd\u00fc\u011f\u00fcm\u00fcz \u00e7e\u015fitler. \u00d6rne\u011fin Pistacia lentiscus (Sak\u0131z \u00e7al\u0131s\u0131) Ege ve Akdeniz\u2019in i\u00e7 k\u0131s\u0131mlar\u0131nda bile rastlanan maki bitki toplulu\u011funu olu\u015fturan asal bireylerdendir. Dokundu\u011funuzda baharatl\u0131 kokusunu hissedebilirsiniz. Foto\u011fraf,1-2-3-4\u2019te g\u00f6r\u00fcld\u00fc\u011f\u00fc gibi ara\u00e7 park alan\u0131n\u0131n \u00e7evresinde k\u0131sa boylu \u00e7it olarak kullan\u0131lm\u0131\u015f ve olduk\u00e7a etkili bir g\u00f6r\u00fcn\u00fcm sa\u011flam\u0131\u015f. Yine ayn\u0131 bitkinin b\u00fcy\u00fck toplar \u015feklinde kullan\u0131m\u0131n\u0131 da \u00f6yle. <\/p>\n\n\n\n<p><strong>Mersin (Myrtus communis subs. \u2018Tarentina\u2019)<\/strong><strong><\/strong><\/p>\n\n\n\n<p>Bir ba\u015fka bitki ise Mersin (Myrtus communis subs. \u2018Tarentina\u2019). Foto\u011fraf, 5-6\u2019da g\u00f6r\u00fclen bu bitkide peyzajda g\u00f6rmeye pek al\u0131\u015fk\u0131n olmad\u0131\u011f\u0131m\u0131z bir bitki. Fakat Ege, Akdeniz B\u00f6lgesi\u2019nin do\u011fal t\u00fcrlerindendir ve buhurlu bir bitkidir. Yabani mersinin meyvesi Mu\u011fla\u2019n\u0131n baz\u0131 il\u00e7elerinde pazarlarda sat\u0131l\u0131r beyaz ve siyah meyveler d\u00fcnya \u00e7ap\u0131nda sat\u0131\u015f\u0131 yap\u0131lan ve b\u00fcy\u00fck ilgi g\u00f6ren bir meyvedir.<\/p>\n\n\n\n<p><strong>Hay\u0131t (Vitex agnus-castus)<\/strong><strong><\/strong><\/p>\n\n\n\n<p><a href=\"http:\/\/www.kardelenfidancilik.com.tr\/bitki-detay.aspx?id=503\">Vitex agnus-castus (Hay\u0131t)<\/a> Vitex, Verbenaceae ailesinin bir par\u00e7as\u0131n\u0131 olu\u015fturan tropikal bir bitki cinsidir.&nbsp;Yaprak d\u00f6ken 250\u2019a yak\u0131n t\u00fcr\u00fc bulunur. \u00c7o\u011funlukla ba\u011f bah\u00e7e \u00e7itlerinde ve kurumu\u015f nehir yataklar\u0131nda bulunur. Akdeniz ve Ege Havzas\u0131\u2019nda beyaz ve mavi \u00e7i\u00e7ekli \u00e7e\u015fitlerinin do\u011fal olarak g\u00f6r\u00fcld\u00fc\u011f\u00fc bir b\u00f6lgedir ve geni\u015f bir yay\u0131l\u0131m g\u00f6sterir. Foto\u011fraf, 7-8-9 da g\u00f6r\u00fcld\u00fc\u011f\u00fc gibi peyzaj da kullan\u0131lmaktad\u0131r. Uzun \u00e7i\u00e7eklenme d\u00f6nemiyle etkili olur. Foto\u011fraf, 10\u2019da Garaba\u015f otu (Lavandula stoechas) Ege ve Akdeniz Havzas\u0131\u2019nda vadilerde yama\u00e7larda do\u011fal olarak rastlan\u0131r. Burada yer alan bitkiler i\u00e7inde ticari olarak \u00e7ok kullan\u0131lan bir t\u00fcrd\u00fcr. Yeti\u015ftiricilerin olduk\u00e7a ilgi g\u00f6sterdi\u011fi bir \u00e7e\u015fittir ve peyzajda kullan\u0131m\u0131 da di\u011ferlerine g\u00f6re daha yayg\u0131nd\u0131r.<\/p>\n\n\n\n<p>Sonu\u00e7 olarak yeti\u015ftiriciler, peyzaj mimarlar\u0131, peyzajc\u0131lar yerel t\u00fcrlere \u00f6zel ilgi g\u00f6stermeliler. \u00d6zellikle yeti\u015ftiriciler susuzlu\u011fa ve kurakl\u0131\u011fa dayan\u0131kl\u0131 ba\u015fka yerel t\u00fcrlerin \u00fcretimine de ilgi g\u00f6stermeleri \u015fart.&nbsp;<\/p>\n","protected":false},"excerpt":{"rendered":"<p>Yeti\u015ftiriciler, peyzaj mimarlar\u0131, peyzaj uygulamac\u0131lar\u0131 yerel t\u00fcrlere \u00f6zel ilgi g\u00f6stermeli. Susuzlu\u011fa ve kurakl\u0131\u011fa dayan\u0131kl\u0131 yerel<\/p>\n","protected":false},"author":2,"featured_media":6247,"comment_status":"open","ping_status":"open","sticky":true,"template":"","format":"standard","meta":{"pgc_sgb_lightbox_settings":"","cybocfi_hide_featured_image":"","footnotes":""},"categories":[1429,225,1431],"tags":[283,366,412,1433,784,786,881,1067,1087],"class_list":["post-6259","post","type-post","status-publish","format-standard","has-post-thumbnail","hentry","category-guncel","category-haberler","category-slider","tag-agaclandirma","tag-bahce","tag-bitki","tag-hayit","tag-iklim-degisikligi","tag-iklim-krizi","tag-kuresel-isinma","tag-park","tag-peyzaj"],"yoast_head":"<!-- This site is optimized with the Yoast SEO Premium plugin v25.4 (Yoast SEO v25.4) - https:\/\/yoast.com\/wordpress\/plugins\/seo\/ -->\n<title>Peyzaj\u0131n yerlileri - Floraplus<\/title>\n<meta name=\"robots\" content=\"index, follow, max-snippet:-1, max-image-preview:large, max-video-preview:-1\" \/>\n<link rel=\"canonical\" href=\"https:\/\/floraplus.net\/tr_tr\/2021\/08\/04\/peyzajin-yerlileri\/\" \/>\n<meta property=\"og:locale\" content=\"tr_TR\" \/>\n<meta property=\"og:type\" content=\"article\" \/>\n<meta property=\"og:title\" content=\"Peyzaj\u0131n yerlileri\" \/>\n<meta property=\"og:description\" content=\"Yeti\u015ftiriciler, peyzaj mimarlar\u0131, peyzaj uygulamac\u0131lar\u0131 yerel t\u00fcrlere \u00f6zel ilgi g\u00f6stermeli. Susuzlu\u011fa ve kurakl\u0131\u011fa dayan\u0131kl\u0131 yerel\" \/>\n<meta property=\"og:url\" content=\"https:\/\/floraplus.net\/tr_tr\/2021\/08\/04\/peyzajin-yerlileri\/\" \/>\n<meta property=\"og:site_name\" content=\"Floraplus\" \/>\n<meta property=\"article:publisher\" content=\"https:\/\/www.facebook.com\/floraplusdergisi\" \/>\n<meta property=\"article:published_time\" content=\"2021-08-04T19:35:43+00:00\" \/>\n<meta property=\"article:modified_time\" content=\"2021-10-11T07:07:29+00:00\" \/>\n<meta property=\"og:image\" content=\"https:\/\/floraplus.net\/wp-content\/uploads\/2021\/08\/5-2.jpg\" \/>\n\t<meta property=\"og:image:width\" content=\"1200\" \/>\n\t<meta property=\"og:image:height\" content=\"800\" \/>\n\t<meta property=\"og:image:type\" content=\"image\/jpeg\" \/>\n<meta name=\"author\" content=\"irfan Akg\u00fcnd\u00fcz\" \/>\n<meta name=\"twitter:card\" content=\"summary_large_image\" \/>\n<meta name=\"twitter:label1\" content=\"Yazan:\" \/>\n\t<meta name=\"twitter:data1\" content=\"irfan Akg\u00fcnd\u00fcz\" \/>\n\t<meta name=\"twitter:label2\" content=\"Tahmini okuma s\u00fcresi\" \/>\n\t<meta name=\"twitter:data2\" content=\"2 dakika\" \/>\n<script type=\"application\/ld+json\" class=\"yoast-schema-graph\">{\"@context\":\"https:\/\/schema.org\",\"@graph\":[{\"@type\":\"Article\",\"@id\":\"https:\/\/floraplus.net\/tr_tr\/2021\/08\/04\/peyzajin-yerlileri\/#article\",\"isPartOf\":{\"@id\":\"https:\/\/floraplus.net\/tr_tr\/2021\/08\/04\/peyzajin-yerlileri\/\"},\"author\":{\"name\":\"irfan Akg\u00fcnd\u00fcz\",\"@id\":\"https:\/\/floraplus.net\/en\/#\/schema\/person\/9a7fc222338186bc9556396795f1d114\"},\"headline\":\"Peyzaj\u0131n yerlileri\",\"datePublished\":\"2021-08-04T19:35:43+00:00\",\"dateModified\":\"2021-10-11T07:07:29+00:00\",\"mainEntityOfPage\":{\"@id\":\"https:\/\/floraplus.net\/tr_tr\/2021\/08\/04\/peyzajin-yerlileri\/\"},\"wordCount\":418,\"commentCount\":0,\"publisher\":{\"@id\":\"https:\/\/floraplus.net\/en\/#organization\"},\"image\":{\"@id\":\"https:\/\/floraplus.net\/tr_tr\/2021\/08\/04\/peyzajin-yerlileri\/#primaryimage\"},\"thumbnailUrl\":\"https:\/\/floraplus.net\/wp-content\/uploads\/2021\/08\/5-2.jpg\",\"keywords\":[\"A\u011eA\u00c7LANDIRMA\",\"bah\u00e7e\",\"bitki\",\"Hay\u0131t\",\"iklim de\u011fi\u015fikli\u011fi\",\"iklim krizi\",\"k\u00fcresel \u0131s\u0131nma\",\"park\",\"Peyzaj\"],\"articleSection\":[\"G\u00fcncel\",\"Haberler\",\"Slider\"],\"inLanguage\":\"tr\",\"potentialAction\":[{\"@type\":\"CommentAction\",\"name\":\"Comment\",\"target\":[\"https:\/\/floraplus.net\/tr_tr\/2021\/08\/04\/peyzajin-yerlileri\/#respond\"]}]},{\"@type\":\"WebPage\",\"@id\":\"https:\/\/floraplus.net\/tr_tr\/2021\/08\/04\/peyzajin-yerlileri\/\",\"url\":\"https:\/\/floraplus.net\/tr_tr\/2021\/08\/04\/peyzajin-yerlileri\/\",\"name\":\"Peyzaj\u0131n yerlileri - Floraplus\",\"isPartOf\":{\"@id\":\"https:\/\/floraplus.net\/en\/#website\"},\"primaryImageOfPage\":{\"@id\":\"https:\/\/floraplus.net\/tr_tr\/2021\/08\/04\/peyzajin-yerlileri\/#primaryimage\"},\"image\":{\"@id\":\"https:\/\/floraplus.net\/tr_tr\/2021\/08\/04\/peyzajin-yerlileri\/#primaryimage\"},\"thumbnailUrl\":\"https:\/\/floraplus.net\/wp-content\/uploads\/2021\/08\/5-2.jpg\",\"datePublished\":\"2021-08-04T19:35:43+00:00\",\"dateModified\":\"2021-10-11T07:07:29+00:00\",\"breadcrumb\":{\"@id\":\"https:\/\/floraplus.net\/tr_tr\/2021\/08\/04\/peyzajin-yerlileri\/#breadcrumb\"},\"inLanguage\":\"tr\",\"potentialAction\":[{\"@type\":\"ReadAction\",\"target\":[\"https:\/\/floraplus.net\/tr_tr\/2021\/08\/04\/peyzajin-yerlileri\/\"]}]},{\"@type\":\"ImageObject\",\"inLanguage\":\"tr\",\"@id\":\"https:\/\/floraplus.net\/tr_tr\/2021\/08\/04\/peyzajin-yerlileri\/#primaryimage\",\"url\":\"https:\/\/floraplus.net\/wp-content\/uploads\/2021\/08\/5-2.jpg\",\"contentUrl\":\"https:\/\/floraplus.net\/wp-content\/uploads\/2021\/08\/5-2.jpg\",\"width\":1200,\"height\":800},{\"@type\":\"BreadcrumbList\",\"@id\":\"https:\/\/floraplus.net\/tr_tr\/2021\/08\/04\/peyzajin-yerlileri\/#breadcrumb\",\"itemListElement\":[{\"@type\":\"ListItem\",\"position\":1,\"name\":\"Home\",\"item\":\"https:\/\/floraplus.net\/en\/\"},{\"@type\":\"ListItem\",\"position\":2,\"name\":\"Peyzaj\u0131n yerlileri\"}]},{\"@type\":\"WebSite\",\"@id\":\"https:\/\/floraplus.net\/en\/#website\",\"url\":\"https:\/\/floraplus.net\/en\/\",\"name\":\"Floraplus\",\"description\":\"Peyzaj, peyzaj mimarl\u0131\u011f\u0131, peyzaj bitkileri, s\u00fcs ve bah\u00e7e\u00a0bitkileri\",\"publisher\":{\"@id\":\"https:\/\/floraplus.net\/en\/#organization\"},\"potentialAction\":[{\"@type\":\"SearchAction\",\"target\":{\"@type\":\"EntryPoint\",\"urlTemplate\":\"https:\/\/floraplus.net\/en\/?s={search_term_string}\"},\"query-input\":{\"@type\":\"PropertyValueSpecification\",\"valueRequired\":true,\"valueName\":\"search_term_string\"}}],\"inLanguage\":\"tr\"},{\"@type\":\"Organization\",\"@id\":\"https:\/\/floraplus.net\/en\/#organization\",\"name\":\"Floraplus\",\"url\":\"https:\/\/floraplus.net\/en\/\",\"logo\":{\"@type\":\"ImageObject\",\"inLanguage\":\"tr\",\"@id\":\"https:\/\/floraplus.net\/en\/#\/schema\/logo\/image\/\",\"url\":\"https:\/\/floraplus.net\/wp-content\/uploads\/2021\/08\/logo-e1627994475388.png\",\"contentUrl\":\"https:\/\/floraplus.net\/wp-content\/uploads\/2021\/08\/logo-e1627994475388.png\",\"width\":251,\"height\":81,\"caption\":\"Floraplus\"},\"image\":{\"@id\":\"https:\/\/floraplus.net\/en\/#\/schema\/logo\/image\/\"},\"sameAs\":[\"https:\/\/www.facebook.com\/floraplusdergisi\",\"https:\/\/www.instagram.com\/floraplusdergisi\/\"]},{\"@type\":\"Person\",\"@id\":\"https:\/\/floraplus.net\/en\/#\/schema\/person\/9a7fc222338186bc9556396795f1d114\",\"name\":\"irfan Akg\u00fcnd\u00fcz\",\"url\":\"https:\/\/floraplus.net\/tr_tr\/author\/irfan\/\"}]}<\/script>\n<!-- \/ Yoast SEO Premium plugin. -->","yoast_head_json":{"title":"Peyzaj\u0131n yerlileri - Floraplus","robots":{"index":"index","follow":"follow","max-snippet":"max-snippet:-1","max-image-preview":"max-image-preview:large","max-video-preview":"max-video-preview:-1"},"canonical":"https:\/\/floraplus.net\/tr_tr\/2021\/08\/04\/peyzajin-yerlileri\/","og_locale":"tr_TR","og_type":"article","og_title":"Peyzaj\u0131n yerlileri","og_description":"Yeti\u015ftiriciler, peyzaj mimarlar\u0131, peyzaj uygulamac\u0131lar\u0131 yerel t\u00fcrlere \u00f6zel ilgi g\u00f6stermeli. Susuzlu\u011fa ve kurakl\u0131\u011fa dayan\u0131kl\u0131 yerel","og_url":"https:\/\/floraplus.net\/tr_tr\/2021\/08\/04\/peyzajin-yerlileri\/","og_site_name":"Floraplus","article_publisher":"https:\/\/www.facebook.com\/floraplusdergisi","article_published_time":"2021-08-04T19:35:43+00:00","article_modified_time":"2021-10-11T07:07:29+00:00","og_image":[{"width":1200,"height":800,"url":"https:\/\/floraplus.net\/wp-content\/uploads\/2021\/08\/5-2.jpg","type":"image\/jpeg"}],"author":"irfan Akg\u00fcnd\u00fcz","twitter_card":"summary_large_image","twitter_misc":{"Yazan:":"irfan Akg\u00fcnd\u00fcz","Tahmini okuma s\u00fcresi":"2 dakika"},"schema":{"@context":"https:\/\/schema.org","@graph":[{"@type":"Article","@id":"https:\/\/floraplus.net\/tr_tr\/2021\/08\/04\/peyzajin-yerlileri\/#article","isPartOf":{"@id":"https:\/\/floraplus.net\/tr_tr\/2021\/08\/04\/peyzajin-yerlileri\/"},"author":{"name":"irfan Akg\u00fcnd\u00fcz","@id":"https:\/\/floraplus.net\/en\/#\/schema\/person\/9a7fc222338186bc9556396795f1d114"},"headline":"Peyzaj\u0131n yerlileri","datePublished":"2021-08-04T19:35:43+00:00","dateModified":"2021-10-11T07:07:29+00:00","mainEntityOfPage":{"@id":"https:\/\/floraplus.net\/tr_tr\/2021\/08\/04\/peyzajin-yerlileri\/"},"wordCount":418,"commentCount":0,"publisher":{"@id":"https:\/\/floraplus.net\/en\/#organization"},"image":{"@id":"https:\/\/floraplus.net\/tr_tr\/2021\/08\/04\/peyzajin-yerlileri\/#primaryimage"},"thumbnailUrl":"https:\/\/floraplus.net\/wp-content\/uploads\/2021\/08\/5-2.jpg","keywords":["A\u011eA\u00c7LANDIRMA","bah\u00e7e","bitki","Hay\u0131t","iklim de\u011fi\u015fikli\u011fi","iklim krizi","k\u00fcresel \u0131s\u0131nma","park","Peyzaj"],"articleSection":["G\u00fcncel","Haberler","Slider"],"inLanguage":"tr","potentialAction":[{"@type":"CommentAction","name":"Comment","target":["https:\/\/floraplus.net\/tr_tr\/2021\/08\/04\/peyzajin-yerlileri\/#respond"]}]},{"@type":"WebPage","@id":"https:\/\/floraplus.net\/tr_tr\/2021\/08\/04\/peyzajin-yerlileri\/","url":"https:\/\/floraplus.net\/tr_tr\/2021\/08\/04\/peyzajin-yerlileri\/","name":"Peyzaj\u0131n yerlileri - Floraplus","isPartOf":{"@id":"https:\/\/floraplus.net\/en\/#website"},"primaryImageOfPage":{"@id":"https:\/\/floraplus.net\/tr_tr\/2021\/08\/04\/peyzajin-yerlileri\/#primaryimage"},"image":{"@id":"https:\/\/floraplus.net\/tr_tr\/2021\/08\/04\/peyzajin-yerlileri\/#primaryimage"},"thumbnailUrl":"https:\/\/floraplus.net\/wp-content\/uploads\/2021\/08\/5-2.jpg","datePublished":"2021-08-04T19:35:43+00:00","dateModified":"2021-10-11T07:07:29+00:00","breadcrumb":{"@id":"https:\/\/floraplus.net\/tr_tr\/2021\/08\/04\/peyzajin-yerlileri\/#breadcrumb"},"inLanguage":"tr","potentialAction":[{"@type":"ReadAction","target":["https:\/\/floraplus.net\/tr_tr\/2021\/08\/04\/peyzajin-yerlileri\/"]}]},{"@type":"ImageObject","inLanguage":"tr","@id":"https:\/\/floraplus.net\/tr_tr\/2021\/08\/04\/peyzajin-yerlileri\/#primaryimage","url":"https:\/\/floraplus.net\/wp-content\/uploads\/2021\/08\/5-2.jpg","contentUrl":"https:\/\/floraplus.net\/wp-content\/uploads\/2021\/08\/5-2.jpg","width":1200,"height":800},{"@type":"BreadcrumbList","@id":"https:\/\/floraplus.net\/tr_tr\/2021\/08\/04\/peyzajin-yerlileri\/#breadcrumb","itemListElement":[{"@type":"ListItem","position":1,"name":"Home","item":"https:\/\/floraplus.net\/en\/"},{"@type":"ListItem","position":2,"name":"Peyzaj\u0131n yerlileri"}]},{"@type":"WebSite","@id":"https:\/\/floraplus.net\/en\/#website","url":"https:\/\/floraplus.net\/en\/","name":"Floraplus","description":"Peyzaj, peyzaj mimarl\u0131\u011f\u0131, peyzaj bitkileri, s\u00fcs ve bah\u00e7e\u00a0bitkileri","publisher":{"@id":"https:\/\/floraplus.net\/en\/#organization"},"potentialAction":[{"@type":"SearchAction","target":{"@type":"EntryPoint","urlTemplate":"https:\/\/floraplus.net\/en\/?s={search_term_string}"},"query-input":{"@type":"PropertyValueSpecification","valueRequired":true,"valueName":"search_term_string"}}],"inLanguage":"tr"},{"@type":"Organization","@id":"https:\/\/floraplus.net\/en\/#organization","name":"Floraplus","url":"https:\/\/floraplus.net\/en\/","logo":{"@type":"ImageObject","inLanguage":"tr","@id":"https:\/\/floraplus.net\/en\/#\/schema\/logo\/image\/","url":"https:\/\/floraplus.net\/wp-content\/uploads\/2021\/08\/logo-e1627994475388.png","contentUrl":"https:\/\/floraplus.net\/wp-content\/uploads\/2021\/08\/logo-e1627994475388.png","width":251,"height":81,"caption":"Floraplus"},"image":{"@id":"https:\/\/floraplus.net\/en\/#\/schema\/logo\/image\/"},"sameAs":["https:\/\/www.facebook.com\/floraplusdergisi","https:\/\/www.instagram.com\/floraplusdergisi\/"]},{"@type":"Person","@id":"https:\/\/floraplus.net\/en\/#\/schema\/person\/9a7fc222338186bc9556396795f1d114","name":"irfan Akg\u00fcnd\u00fcz","url":"https:\/\/floraplus.net\/tr_tr\/author\/irfan\/"}]}},"_links":{"self":[{"href":"https:\/\/floraplus.net\/tr_tr\/wp-json\/wp\/v2\/posts\/6259","targetHints":{"allow":["GET"]}}],"collection":[{"href":"https:\/\/floraplus.net\/tr_tr\/wp-json\/wp\/v2\/posts"}],"about":[{"href":"https:\/\/floraplus.net\/tr_tr\/wp-json\/wp\/v2\/types\/post"}],"author":[{"embeddable":true,"href":"https:\/\/floraplus.net\/tr_tr\/wp-json\/wp\/v2\/users\/2"}],"replies":[{"embeddable":true,"href":"https:\/\/floraplus.net\/tr_tr\/wp-json\/wp\/v2\/comments?post=6259"}],"version-history":[{"count":5,"href":"https:\/\/floraplus.net\/tr_tr\/wp-json\/wp\/v2\/posts\/6259\/revisions"}],"predecessor-version":[{"id":6496,"href":"https:\/\/floraplus.net\/tr_tr\/wp-json\/wp\/v2\/posts\/6259\/revisions\/6496"}],"wp:featuredmedia":[{"embeddable":true,"href":"https:\/\/floraplus.net\/tr_tr\/wp-json\/wp\/v2\/media\/6247"}],"wp:attachment":[{"href":"https:\/\/floraplus.net\/tr_tr\/wp-json\/wp\/v2\/media?parent=6259"}],"wp:term":[{"taxonomy":"category","embeddable":true,"href":"https:\/\/floraplus.net\/tr_tr\/wp-json\/wp\/v2\/categories?post=6259"},{"taxonomy":"post_tag","embeddable":true,"href":"https:\/\/floraplus.net\/tr_tr\/wp-json\/wp\/v2\/tags?post=6259"}],"curies":[{"name":"wp","href":"https:\/\/api.w.org\/{rel}","templated":true}]}}