{"id":6293,"date":"2021-08-06T12:49:32","date_gmt":"2021-08-06T09:49:32","guid":{"rendered":"http:\/\/test.floraplus.net\/?p=6293"},"modified":"2021-09-22T16:02:45","modified_gmt":"2021-09-22T13:02:45","slug":"floraexpo-antalya-22-25-eylulde","status":"publish","type":"post","link":"https:\/\/floraplus.net\/tr_tr\/2021\/08\/06\/floraexpo-antalya-22-25-eylulde\/","title":{"rendered":"Floraexpo Antalya, 22-25 Eyl\u00fcl\u2019de!"},"content":{"rendered":"<div class=\"pgc-sgb-cb wp-block-pgcsimplygalleryblock-slider \" data-gallery-id=\"18c1ff78_1628242941113\"style=&quot;min-height:600px&quot;><div class=\"sgb-preloader\" id=\"pr_18c1ff78_1628242941113\">\n\t<div class=\"sgb-square\" style=\"background:#d4d4d4\"><\/div>\n\t<div class=\"sgb-square\" style=\"background:#d4d4d4\"><\/div>\n\t<div class=\"sgb-square\" style=\"background:#d4d4d4\"><\/div>\n\t<div class=\"sgb-square\" style=\"background:#d4d4d4\"><\/div><\/div><div class=\"simply-gallery-amp pgc_sgb_slider \" style=\"display: none;\"><div class=\"sgb-gallery\"><div class=\"sgb-item\"><a href=\"http:\/\/floraplus.net\/?attachment_id=6291\" target=\"_blank\"><img decoding=\"async\" alt=\"\" width=\"300\" height=\"200\" loading=\"lazy\" src=\"http:\/\/floraplus.net\/wp-content\/uploads\/2021\/08\/IMG_0810-300x200.jpg\" srcset=\"http:\/\/floraplus.net\/wp-content\/uploads\/2021\/08\/IMG_0810-300x200.jpg 300w,http:\/\/floraplus.net\/wp-content\/uploads\/2021\/08\/IMG_0810-1024x683.jpg 640w,http:\/\/floraplus.net\/wp-content\/uploads\/2021\/08\/IMG_0810.jpg 1200w\" sizes=\"auto, 250px\"\/><\/a><\/div><div class=\"sgb-item\"><a href=\"http:\/\/floraplus.net\/?attachment_id=6290\" target=\"_blank\"><img decoding=\"async\" alt=\"\" width=\"300\" height=\"200\" loading=\"lazy\" src=\"http:\/\/floraplus.net\/wp-content\/uploads\/2021\/08\/IMG_0684-300x200.jpg\" srcset=\"http:\/\/floraplus.net\/wp-content\/uploads\/2021\/08\/IMG_0684-300x200.jpg 300w,http:\/\/floraplus.net\/wp-content\/uploads\/2021\/08\/IMG_0684-1024x683.jpg 640w,http:\/\/floraplus.net\/wp-content\/uploads\/2021\/08\/IMG_0684.jpg 1200w\" sizes=\"auto, 250px\"\/><\/a><\/div><div class=\"sgb-item\"><a href=\"http:\/\/floraplus.net\/?attachment_id=6289\" target=\"_blank\"><img decoding=\"async\" alt=\"\" width=\"300\" height=\"200\" loading=\"lazy\" src=\"http:\/\/floraplus.net\/wp-content\/uploads\/2021\/08\/IMG_0555-300x200.jpg\" srcset=\"http:\/\/floraplus.net\/wp-content\/uploads\/2021\/08\/IMG_0555-300x200.jpg 300w,http:\/\/floraplus.net\/wp-content\/uploads\/2021\/08\/IMG_0555-1024x683.jpg 640w,http:\/\/floraplus.net\/wp-content\/uploads\/2021\/08\/IMG_0555.jpg 1200w\" sizes=\"auto, 250px\"\/><\/a><\/div><div class=\"sgb-item\"><a href=\"http:\/\/floraplus.net\/?attachment_id=6288\" target=\"_blank\"><img decoding=\"async\" alt=\"\" width=\"300\" height=\"200\" loading=\"lazy\" src=\"http:\/\/floraplus.net\/wp-content\/uploads\/2021\/08\/IMG_9904-300x200.jpg\" srcset=\"http:\/\/floraplus.net\/wp-content\/uploads\/2021\/08\/IMG_9904-300x200.jpg 300w,http:\/\/floraplus.net\/wp-content\/uploads\/2021\/08\/IMG_9904-1024x683.jpg 640w,http:\/\/floraplus.net\/wp-content\/uploads\/2021\/08\/IMG_9904.jpg 1200w\" sizes=\"auto, 250px\"\/><\/a><\/div><div class=\"sgb-item\"><a href=\"http:\/\/floraplus.net\/?attachment_id=6287\" target=\"_blank\"><img decoding=\"async\" alt=\"\" width=\"300\" height=\"200\" loading=\"lazy\" src=\"http:\/\/floraplus.net\/wp-content\/uploads\/2021\/08\/IMG_7908-300x200.jpg\" srcset=\"http:\/\/floraplus.net\/wp-content\/uploads\/2021\/08\/IMG_7908-300x200.jpg 300w,http:\/\/floraplus.net\/wp-content\/uploads\/2021\/08\/IMG_7908-1024x683.jpg 640w,http:\/\/floraplus.net\/wp-content\/uploads\/2021\/08\/IMG_7908.jpg 1200w\" sizes=\"auto, 250px\"\/><\/a><\/div><div class=\"sgb-item\"><a href=\"http:\/\/floraplus.net\/?attachment_id=6286\" target=\"_blank\"><img decoding=\"async\" alt=\"\" width=\"300\" height=\"200\" loading=\"lazy\" src=\"http:\/\/floraplus.net\/wp-content\/uploads\/2021\/08\/IMG_5899-300x200.jpg\" srcset=\"http:\/\/floraplus.net\/wp-content\/uploads\/2021\/08\/IMG_5899-300x200.jpg 300w,http:\/\/floraplus.net\/wp-content\/uploads\/2021\/08\/IMG_5899-1024x682.jpg 640w,http:\/\/floraplus.net\/wp-content\/uploads\/2021\/08\/IMG_5899.jpg 1400w\" sizes=\"auto, 250px\"\/><\/a><\/div><div class=\"sgb-item\"><a href=\"http:\/\/floraplus.net\/?attachment_id=6285\" target=\"_blank\"><img decoding=\"async\" alt=\"\" width=\"300\" height=\"200\" loading=\"lazy\" src=\"http:\/\/floraplus.net\/wp-content\/uploads\/2021\/08\/IMG_5881-300x200.jpg\" srcset=\"http:\/\/floraplus.net\/wp-content\/uploads\/2021\/08\/IMG_5881-300x200.jpg 300w,http:\/\/floraplus.net\/wp-content\/uploads\/2021\/08\/IMG_5881-1024x683.jpg 640w,http:\/\/floraplus.net\/wp-content\/uploads\/2021\/08\/IMG_5881.jpg 1200w\" sizes=\"auto, 250px\"\/><\/a><\/div><div class=\"sgb-item\"><a href=\"http:\/\/floraplus.net\/?attachment_id=6284\" target=\"_blank\"><img decoding=\"async\" alt=\"\" width=\"300\" height=\"200\" loading=\"lazy\" src=\"http:\/\/floraplus.net\/wp-content\/uploads\/2021\/08\/IMG_5869-300x200.jpg\" srcset=\"http:\/\/floraplus.net\/wp-content\/uploads\/2021\/08\/IMG_5869-300x200.jpg 300w,http:\/\/floraplus.net\/wp-content\/uploads\/2021\/08\/IMG_5869-1024x683.jpg 640w,http:\/\/floraplus.net\/wp-content\/uploads\/2021\/08\/IMG_5869.jpg 1200w\" sizes=\"auto, 250px\"\/><\/a><\/div><div class=\"sgb-item\"><a href=\"http:\/\/floraplus.net\/?attachment_id=6283\" target=\"_blank\"><img decoding=\"async\" alt=\"\" width=\"300\" height=\"200\" loading=\"lazy\" src=\"http:\/\/floraplus.net\/wp-content\/uploads\/2021\/08\/IMG_5865-300x200.jpg\" srcset=\"http:\/\/floraplus.net\/wp-content\/uploads\/2021\/08\/IMG_5865-300x200.jpg 300w,http:\/\/floraplus.net\/wp-content\/uploads\/2021\/08\/IMG_5865-1024x683.jpg 640w,http:\/\/floraplus.net\/wp-content\/uploads\/2021\/08\/IMG_5865.jpg 1200w\" sizes=\"auto, 250px\"\/><\/a><\/div><div class=\"sgb-item\"><a href=\"http:\/\/floraplus.net\/?attachment_id=6282\" target=\"_blank\"><img decoding=\"async\" alt=\"\" width=\"300\" height=\"200\" loading=\"lazy\" src=\"http:\/\/floraplus.net\/wp-content\/uploads\/2021\/08\/IMG_5397-300x200.jpg\" srcset=\"http:\/\/floraplus.net\/wp-content\/uploads\/2021\/08\/IMG_5397-300x200.jpg 300w,http:\/\/floraplus.net\/wp-content\/uploads\/2021\/08\/IMG_5397-1024x683.jpg 640w,http:\/\/floraplus.net\/wp-content\/uploads\/2021\/08\/IMG_5397.jpg 1200w\" sizes=\"auto, 250px\"\/><\/a><\/div><div class=\"sgb-item\"><a href=\"http:\/\/floraplus.net\/?attachment_id=6281\" target=\"_blank\"><img decoding=\"async\" alt=\"\" width=\"300\" height=\"200\" loading=\"lazy\" src=\"http:\/\/floraplus.net\/wp-content\/uploads\/2021\/08\/IMG_2337-300x200.jpg\" srcset=\"http:\/\/floraplus.net\/wp-content\/uploads\/2021\/08\/IMG_2337-300x200.jpg 300w,http:\/\/floraplus.net\/wp-content\/uploads\/2021\/08\/IMG_2337-1024x682.jpg 640w,http:\/\/floraplus.net\/wp-content\/uploads\/2021\/08\/IMG_2337.jpg 1400w\" sizes=\"auto, 250px\"\/><\/a><\/div><div class=\"sgb-item\"><a href=\"http:\/\/floraplus.net\/?attachment_id=6280\" target=\"_blank\"><img decoding=\"async\" alt=\"\" width=\"300\" height=\"200\" loading=\"lazy\" src=\"http:\/\/floraplus.net\/wp-content\/uploads\/2021\/08\/IMG_1980-300x200.jpg\" srcset=\"http:\/\/floraplus.net\/wp-content\/uploads\/2021\/08\/IMG_1980-300x200.jpg 300w,http:\/\/floraplus.net\/wp-content\/uploads\/2021\/08\/IMG_1980-1024x683.jpg 640w,http:\/\/floraplus.net\/wp-content\/uploads\/2021\/08\/IMG_1980.jpg 1200w\" sizes=\"auto, 250px\"\/><\/a><\/div><div class=\"sgb-item\"><a href=\"http:\/\/floraplus.net\/?attachment_id=6279\" target=\"_blank\"><img decoding=\"async\" alt=\"\" width=\"300\" height=\"200\" loading=\"lazy\" src=\"http:\/\/floraplus.net\/wp-content\/uploads\/2021\/08\/IMG_1098-300x200.jpg\" srcset=\"http:\/\/floraplus.net\/wp-content\/uploads\/2021\/08\/IMG_1098-300x200.jpg 300w,http:\/\/floraplus.net\/wp-content\/uploads\/2021\/08\/IMG_1098-1024x683.jpg 640w,http:\/\/floraplus.net\/wp-content\/uploads\/2021\/08\/IMG_1098.jpg 1200w\" sizes=\"auto, 250px\"\/><\/a><\/div><div class=\"sgb-item\"><a href=\"http:\/\/floraplus.net\/?attachment_id=6278\" target=\"_blank\"><img decoding=\"async\" alt=\"\" width=\"300\" height=\"200\" loading=\"lazy\" src=\"http:\/\/floraplus.net\/wp-content\/uploads\/2021\/08\/IMG_1021-300x200.jpg\" srcset=\"http:\/\/floraplus.net\/wp-content\/uploads\/2021\/08\/IMG_1021-300x200.jpg 300w,http:\/\/floraplus.net\/wp-content\/uploads\/2021\/08\/IMG_1021-1024x683.jpg 640w,http:\/\/floraplus.net\/wp-content\/uploads\/2021\/08\/IMG_1021.jpg 1200w\" sizes=\"auto, 250px\"\/><\/a><\/div><div class=\"sgb-item\"><a href=\"http:\/\/floraplus.net\/?attachment_id=6277\" target=\"_blank\"><img decoding=\"async\" alt=\"\" width=\"300\" height=\"200\" loading=\"lazy\" src=\"http:\/\/floraplus.net\/wp-content\/uploads\/2021\/08\/IMG_0978-300x200.jpg\" srcset=\"http:\/\/floraplus.net\/wp-content\/uploads\/2021\/08\/IMG_0978-300x200.jpg 300w,http:\/\/floraplus.net\/wp-content\/uploads\/2021\/08\/IMG_0978-1024x683.jpg 640w,http:\/\/floraplus.net\/wp-content\/uploads\/2021\/08\/IMG_0978.jpg 1200w\" sizes=\"auto, 250px\"\/><\/a><\/div><div class=\"sgb-item\"><a href=\"http:\/\/floraplus.net\/?attachment_id=6276\" target=\"_blank\"><img decoding=\"async\" alt=\"\" width=\"300\" height=\"200\" loading=\"lazy\" src=\"http:\/\/floraplus.net\/wp-content\/uploads\/2021\/08\/IMG_0862-300x200.jpg\" srcset=\"http:\/\/floraplus.net\/wp-content\/uploads\/2021\/08\/IMG_0862-300x200.jpg 300w,http:\/\/floraplus.net\/wp-content\/uploads\/2021\/08\/IMG_0862-1024x683.jpg 640w,http:\/\/floraplus.net\/wp-content\/uploads\/2021\/08\/IMG_0862.jpg 1200w\" sizes=\"auto, 250px\"\/><\/a><\/div><div class=\"sgb-item\"><a href=\"http:\/\/floraplus.net\/?attachment_id=6275\" target=\"_blank\"><img decoding=\"async\" alt=\"\" width=\"250\" height=\"300\" loading=\"lazy\" src=\"http:\/\/floraplus.net\/wp-content\/uploads\/2021\/08\/11-2-250x300.jpg\" srcset=\"http:\/\/floraplus.net\/wp-content\/uploads\/2021\/08\/11-2-250x300.jpg 250w,http:\/\/floraplus.net\/wp-content\/uploads\/2021\/08\/11-2-855x1024.jpg 640w,http:\/\/floraplus.net\/wp-content\/uploads\/2021\/08\/11-2.jpg 1195w\" sizes=\"auto, 250px\"\/><\/a><\/div><\/div><\/div><script type=\"application\/json\" class=\"sgb-data\">{\"thumbClickAction\":\"useLightbox\",\"galleryType\":\"pgc_sgb_slider\",\"galleryId\":\"18c1ff78_1628242941113\",\"images\":[{\"id\":6291,\"title\":\"IMG_0810\",\"url\":\"http:\/\/floraplus.net\/wp-content\/uploads\/2021\/08\/IMG_0810.jpg\",\"link\":\"http:\/\/floraplus.net\/?attachment_id=6291\",\"alt\":\"\",\"description\":\"\",\"caption\":\"\",\"mime\":\"image\/jpeg\",\"type\":\"image\",\"width\":1200,\"height\":800,\"sizes\":{\"thumbnail\":{\"height\":150,\"width\":150,\"url\":\"http:\/\/floraplus.net\/wp-content\/uploads\/2021\/08\/IMG_0810-150x150.jpg\",\"orientation\":\"landscape\"},\"medium\":{\"height\":200,\"width\":300,\"url\":\"http:\/\/floraplus.net\/wp-content\/uploads\/2021\/08\/IMG_0810-300x200.jpg\",\"orientation\":\"landscape\"},\"large\":{\"height\":427,\"width\":640,\"url\":\"http:\/\/floraplus.net\/wp-content\/uploads\/2021\/08\/IMG_0810-1024x683.jpg\",\"orientation\":\"landscape\"},\"full\":{\"url\":\"http:\/\/floraplus.net\/wp-content\/uploads\/2021\/08\/IMG_0810.jpg\",\"height\":800,\"width\":1200,\"orientation\":\"landscape\"}},\"meta\":false,\"postlink\":\"http:\/\/floraplus.net\/?attachment_id=6291\"},{\"id\":6290,\"title\":\"IMG_0684\",\"url\":\"http:\/\/floraplus.net\/wp-content\/uploads\/2021\/08\/IMG_0684.jpg\",\"link\":\"http:\/\/floraplus.net\/?attachment_id=6290\",\"alt\":\"\",\"description\":\"\",\"caption\":\"\",\"mime\":\"image\/jpeg\",\"type\":\"image\",\"width\":1200,\"height\":800,\"sizes\":{\"thumbnail\":{\"height\":150,\"width\":150,\"url\":\"http:\/\/floraplus.net\/wp-content\/uploads\/2021\/08\/IMG_0684-150x150.jpg\",\"orientation\":\"landscape\"},\"medium\":{\"height\":200,\"width\":300,\"url\":\"http:\/\/floraplus.net\/wp-content\/uploads\/2021\/08\/IMG_0684-300x200.jpg\",\"orientation\":\"landscape\"},\"large\":{\"height\":427,\"width\":640,\"url\":\"http:\/\/floraplus.net\/wp-content\/uploads\/2021\/08\/IMG_0684-1024x683.jpg\",\"orientation\":\"landscape\"},\"full\":{\"url\":\"http:\/\/floraplus.net\/wp-content\/uploads\/2021\/08\/IMG_0684.jpg\",\"height\":800,\"width\":1200,\"orientation\":\"landscape\"}},\"meta\":false,\"postlink\":\"http:\/\/floraplus.net\/?attachment_id=6290\"},{\"id\":6289,\"title\":\"IMG_0555\",\"url\":\"http:\/\/floraplus.net\/wp-content\/uploads\/2021\/08\/IMG_0555.jpg\",\"link\":\"http:\/\/floraplus.net\/?attachment_id=6289\",\"alt\":\"\",\"description\":\"\",\"caption\":\"\",\"mime\":\"image\/jpeg\",\"type\":\"image\",\"width\":1200,\"height\":800,\"sizes\":{\"thumbnail\":{\"height\":150,\"width\":150,\"url\":\"http:\/\/floraplus.net\/wp-content\/uploads\/2021\/08\/IMG_0555-150x150.jpg\",\"orientation\":\"landscape\"},\"medium\":{\"height\":200,\"width\":300,\"url\":\"http:\/\/floraplus.net\/wp-content\/uploads\/2021\/08\/IMG_0555-300x200.jpg\",\"orientation\":\"landscape\"},\"large\":{\"height\":427,\"width\":640,\"url\":\"http:\/\/floraplus.net\/wp-content\/uploads\/2021\/08\/IMG_0555-1024x683.jpg\",\"orientation\":\"landscape\"},\"full\":{\"url\":\"http:\/\/floraplus.net\/wp-content\/uploads\/2021\/08\/IMG_0555.jpg\",\"height\":800,\"width\":1200,\"orientation\":\"landscape\"}},\"meta\":false,\"postlink\":\"http:\/\/floraplus.net\/?attachment_id=6289\"},{\"id\":6288,\"title\":\"IMG_9904\",\"url\":\"http:\/\/floraplus.net\/wp-content\/uploads\/2021\/08\/IMG_9904.jpg\",\"link\":\"http:\/\/floraplus.net\/?attachment_id=6288\",\"alt\":\"\",\"description\":\"\",\"caption\":\"\",\"mime\":\"image\/jpeg\",\"type\":\"image\",\"width\":1200,\"height\":800,\"sizes\":{\"thumbnail\":{\"height\":150,\"width\":150,\"url\":\"http:\/\/floraplus.net\/wp-content\/uploads\/2021\/08\/IMG_9904-150x150.jpg\",\"orientation\":\"landscape\"},\"medium\":{\"height\":200,\"width\":300,\"url\":\"http:\/\/floraplus.net\/wp-content\/uploads\/2021\/08\/IMG_9904-300x200.jpg\",\"orientation\":\"landscape\"},\"large\":{\"height\":427,\"width\":640,\"url\":\"http:\/\/floraplus.net\/wp-content\/uploads\/2021\/08\/IMG_9904-1024x683.jpg\",\"orientation\":\"landscape\"},\"full\":{\"url\":\"http:\/\/floraplus.net\/wp-content\/uploads\/2021\/08\/IMG_9904.jpg\",\"height\":800,\"width\":1200,\"orientation\":\"landscape\"}},\"meta\":false,\"postlink\":\"http:\/\/floraplus.net\/?attachment_id=6288\"},{\"id\":6287,\"title\":\"IMG_7908\",\"url\":\"http:\/\/floraplus.net\/wp-content\/uploads\/2021\/08\/IMG_7908.jpg\",\"link\":\"http:\/\/floraplus.net\/?attachment_id=6287\",\"alt\":\"\",\"description\":\"\",\"caption\":\"\",\"mime\":\"image\/jpeg\",\"type\":\"image\",\"width\":1200,\"height\":800,\"sizes\":{\"thumbnail\":{\"height\":150,\"width\":150,\"url\":\"http:\/\/floraplus.net\/wp-content\/uploads\/2021\/08\/IMG_7908-150x150.jpg\",\"orientation\":\"landscape\"},\"medium\":{\"height\":200,\"width\":300,\"url\":\"http:\/\/floraplus.net\/wp-content\/uploads\/2021\/08\/IMG_7908-300x200.jpg\",\"orientation\":\"landscape\"},\"large\":{\"height\":427,\"width\":640,\"url\":\"http:\/\/floraplus.net\/wp-content\/uploads\/2021\/08\/IMG_7908-1024x683.jpg\",\"orientation\":\"landscape\"},\"full\":{\"url\":\"http:\/\/floraplus.net\/wp-content\/uploads\/2021\/08\/IMG_7908.jpg\",\"height\":800,\"width\":1200,\"orientation\":\"landscape\"}},\"meta\":false,\"postlink\":\"http:\/\/floraplus.net\/?attachment_id=6287\"},{\"id\":6286,\"title\":\"IMG_5899\",\"url\":\"http:\/\/floraplus.net\/wp-content\/uploads\/2021\/08\/IMG_5899.jpg\",\"link\":\"http:\/\/floraplus.net\/?attachment_id=6286\",\"alt\":\"\",\"description\":\"\",\"caption\":\"\",\"mime\":\"image\/jpeg\",\"type\":\"image\",\"width\":1400,\"height\":933,\"sizes\":{\"thumbnail\":{\"height\":150,\"width\":150,\"url\":\"http:\/\/floraplus.net\/wp-content\/uploads\/2021\/08\/IMG_5899-150x150.jpg\",\"orientation\":\"landscape\"},\"medium\":{\"height\":200,\"width\":300,\"url\":\"http:\/\/floraplus.net\/wp-content\/uploads\/2021\/08\/IMG_5899-300x200.jpg\",\"orientation\":\"landscape\"},\"large\":{\"height\":426,\"width\":640,\"url\":\"http:\/\/floraplus.net\/wp-content\/uploads\/2021\/08\/IMG_5899-1024x682.jpg\",\"orientation\":\"landscape\"},\"full\":{\"url\":\"http:\/\/floraplus.net\/wp-content\/uploads\/2021\/08\/IMG_5899.jpg\",\"height\":933,\"width\":1400,\"orientation\":\"landscape\"}},\"meta\":false,\"postlink\":\"http:\/\/floraplus.net\/?attachment_id=6286\"},{\"id\":6285,\"title\":\"IMG_5881\",\"url\":\"http:\/\/floraplus.net\/wp-content\/uploads\/2021\/08\/IMG_5881.jpg\",\"link\":\"http:\/\/floraplus.net\/?attachment_id=6285\",\"alt\":\"\",\"description\":\"\",\"caption\":\"\",\"mime\":\"image\/jpeg\",\"type\":\"image\",\"width\":1200,\"height\":800,\"sizes\":{\"thumbnail\":{\"height\":150,\"width\":150,\"url\":\"http:\/\/floraplus.net\/wp-content\/uploads\/2021\/08\/IMG_5881-150x150.jpg\",\"orientation\":\"landscape\"},\"medium\":{\"height\":200,\"width\":300,\"url\":\"http:\/\/floraplus.net\/wp-content\/uploads\/2021\/08\/IMG_5881-300x200.jpg\",\"orientation\":\"landscape\"},\"large\":{\"height\":427,\"width\":640,\"url\":\"http:\/\/floraplus.net\/wp-content\/uploads\/2021\/08\/IMG_5881-1024x683.jpg\",\"orientation\":\"landscape\"},\"full\":{\"url\":\"http:\/\/floraplus.net\/wp-content\/uploads\/2021\/08\/IMG_5881.jpg\",\"height\":800,\"width\":1200,\"orientation\":\"landscape\"}},\"meta\":false,\"postlink\":\"http:\/\/floraplus.net\/?attachment_id=6285\"},{\"id\":6284,\"title\":\"IMG_5869\",\"url\":\"http:\/\/floraplus.net\/wp-content\/uploads\/2021\/08\/IMG_5869.jpg\",\"link\":\"http:\/\/floraplus.net\/?attachment_id=6284\",\"alt\":\"\",\"description\":\"\",\"caption\":\"\",\"mime\":\"image\/jpeg\",\"type\":\"image\",\"width\":1200,\"height\":800,\"sizes\":{\"thumbnail\":{\"height\":150,\"width\":150,\"url\":\"http:\/\/floraplus.net\/wp-content\/uploads\/2021\/08\/IMG_5869-150x150.jpg\",\"orientation\":\"landscape\"},\"medium\":{\"height\":200,\"width\":300,\"url\":\"http:\/\/floraplus.net\/wp-content\/uploads\/2021\/08\/IMG_5869-300x200.jpg\",\"orientation\":\"landscape\"},\"large\":{\"height\":427,\"width\":640,\"url\":\"http:\/\/floraplus.net\/wp-content\/uploads\/2021\/08\/IMG_5869-1024x683.jpg\",\"orientation\":\"landscape\"},\"full\":{\"url\":\"http:\/\/floraplus.net\/wp-content\/uploads\/2021\/08\/IMG_5869.jpg\",\"height\":800,\"width\":1200,\"orientation\":\"landscape\"}},\"meta\":false,\"postlink\":\"http:\/\/floraplus.net\/?attachment_id=6284\"},{\"id\":6283,\"title\":\"IMG_5865\",\"url\":\"http:\/\/floraplus.net\/wp-content\/uploads\/2021\/08\/IMG_5865.jpg\",\"link\":\"http:\/\/floraplus.net\/?attachment_id=6283\",\"alt\":\"\",\"description\":\"\",\"caption\":\"\",\"mime\":\"image\/jpeg\",\"type\":\"image\",\"width\":1200,\"height\":800,\"sizes\":{\"thumbnail\":{\"height\":150,\"width\":150,\"url\":\"http:\/\/floraplus.net\/wp-content\/uploads\/2021\/08\/IMG_5865-150x150.jpg\",\"orientation\":\"landscape\"},\"medium\":{\"height\":200,\"width\":300,\"url\":\"http:\/\/floraplus.net\/wp-content\/uploads\/2021\/08\/IMG_5865-300x200.jpg\",\"orientation\":\"landscape\"},\"large\":{\"height\":427,\"width\":640,\"url\":\"http:\/\/floraplus.net\/wp-content\/uploads\/2021\/08\/IMG_5865-1024x683.jpg\",\"orientation\":\"landscape\"},\"full\":{\"url\":\"http:\/\/floraplus.net\/wp-content\/uploads\/2021\/08\/IMG_5865.jpg\",\"height\":800,\"width\":1200,\"orientation\":\"landscape\"}},\"meta\":false,\"postlink\":\"http:\/\/floraplus.net\/?attachment_id=6283\"},{\"id\":6282,\"title\":\"IMG_5397\",\"url\":\"http:\/\/floraplus.net\/wp-content\/uploads\/2021\/08\/IMG_5397.jpg\",\"link\":\"http:\/\/floraplus.net\/?attachment_id=6282\",\"alt\":\"\",\"description\":\"\",\"caption\":\"\",\"mime\":\"image\/jpeg\",\"type\":\"image\",\"width\":1200,\"height\":800,\"sizes\":{\"thumbnail\":{\"height\":150,\"width\":150,\"url\":\"http:\/\/floraplus.net\/wp-content\/uploads\/2021\/08\/IMG_5397-150x150.jpg\",\"orientation\":\"landscape\"},\"medium\":{\"height\":200,\"width\":300,\"url\":\"http:\/\/floraplus.net\/wp-content\/uploads\/2021\/08\/IMG_5397-300x200.jpg\",\"orientation\":\"landscape\"},\"large\":{\"height\":427,\"width\":640,\"url\":\"http:\/\/floraplus.net\/wp-content\/uploads\/2021\/08\/IMG_5397-1024x683.jpg\",\"orientation\":\"landscape\"},\"full\":{\"url\":\"http:\/\/floraplus.net\/wp-content\/uploads\/2021\/08\/IMG_5397.jpg\",\"height\":800,\"width\":1200,\"orientation\":\"landscape\"}},\"meta\":false,\"postlink\":\"http:\/\/floraplus.net\/?attachment_id=6282\"},{\"id\":6281,\"title\":\"IMG_2337\",\"url\":\"http:\/\/floraplus.net\/wp-content\/uploads\/2021\/08\/IMG_2337.jpg\",\"link\":\"http:\/\/floraplus.net\/?attachment_id=6281\",\"alt\":\"\",\"description\":\"\",\"caption\":\"\",\"mime\":\"image\/jpeg\",\"type\":\"image\",\"width\":1400,\"height\":933,\"sizes\":{\"thumbnail\":{\"height\":150,\"width\":150,\"url\":\"http:\/\/floraplus.net\/wp-content\/uploads\/2021\/08\/IMG_2337-150x150.jpg\",\"orientation\":\"landscape\"},\"medium\":{\"height\":200,\"width\":300,\"url\":\"http:\/\/floraplus.net\/wp-content\/uploads\/2021\/08\/IMG_2337-300x200.jpg\",\"orientation\":\"landscape\"},\"large\":{\"height\":426,\"width\":640,\"url\":\"http:\/\/floraplus.net\/wp-content\/uploads\/2021\/08\/IMG_2337-1024x682.jpg\",\"orientation\":\"landscape\"},\"full\":{\"url\":\"http:\/\/floraplus.net\/wp-content\/uploads\/2021\/08\/IMG_2337.jpg\",\"height\":933,\"width\":1400,\"orientation\":\"landscape\"}},\"meta\":false,\"postlink\":\"http:\/\/floraplus.net\/?attachment_id=6281\"},{\"id\":6280,\"title\":\"IMG_1980\",\"url\":\"http:\/\/floraplus.net\/wp-content\/uploads\/2021\/08\/IMG_1980.jpg\",\"link\":\"http:\/\/floraplus.net\/?attachment_id=6280\",\"alt\":\"\",\"description\":\"\",\"caption\":\"\",\"mime\":\"image\/jpeg\",\"type\":\"image\",\"width\":1200,\"height\":800,\"sizes\":{\"thumbnail\":{\"height\":150,\"width\":150,\"url\":\"http:\/\/floraplus.net\/wp-content\/uploads\/2021\/08\/IMG_1980-150x150.jpg\",\"orientation\":\"landscape\"},\"medium\":{\"height\":200,\"width\":300,\"url\":\"http:\/\/floraplus.net\/wp-content\/uploads\/2021\/08\/IMG_1980-300x200.jpg\",\"orientation\":\"landscape\"},\"large\":{\"height\":427,\"width\":640,\"url\":\"http:\/\/floraplus.net\/wp-content\/uploads\/2021\/08\/IMG_1980-1024x683.jpg\",\"orientation\":\"landscape\"},\"full\":{\"url\":\"http:\/\/floraplus.net\/wp-content\/uploads\/2021\/08\/IMG_1980.jpg\",\"height\":800,\"width\":1200,\"orientation\":\"landscape\"}},\"meta\":false,\"postlink\":\"http:\/\/floraplus.net\/?attachment_id=6280\"},{\"id\":6279,\"title\":\"IMG_1098\",\"url\":\"http:\/\/floraplus.net\/wp-content\/uploads\/2021\/08\/IMG_1098.jpg\",\"link\":\"http:\/\/floraplus.net\/?attachment_id=6279\",\"alt\":\"\",\"description\":\"\",\"caption\":\"\",\"mime\":\"image\/jpeg\",\"type\":\"image\",\"width\":1200,\"height\":800,\"sizes\":{\"thumbnail\":{\"height\":150,\"width\":150,\"url\":\"http:\/\/floraplus.net\/wp-content\/uploads\/2021\/08\/IMG_1098-150x150.jpg\",\"orientation\":\"landscape\"},\"medium\":{\"height\":200,\"width\":300,\"url\":\"http:\/\/floraplus.net\/wp-content\/uploads\/2021\/08\/IMG_1098-300x200.jpg\",\"orientation\":\"landscape\"},\"large\":{\"height\":427,\"width\":640,\"url\":\"http:\/\/floraplus.net\/wp-content\/uploads\/2021\/08\/IMG_1098-1024x683.jpg\",\"orientation\":\"landscape\"},\"full\":{\"url\":\"http:\/\/floraplus.net\/wp-content\/uploads\/2021\/08\/IMG_1098.jpg\",\"height\":800,\"width\":1200,\"orientation\":\"landscape\"}},\"meta\":false,\"postlink\":\"http:\/\/floraplus.net\/?attachment_id=6279\"},{\"id\":6278,\"title\":\"IMG_1021\",\"url\":\"http:\/\/floraplus.net\/wp-content\/uploads\/2021\/08\/IMG_1021.jpg\",\"link\":\"http:\/\/floraplus.net\/?attachment_id=6278\",\"alt\":\"\",\"description\":\"\",\"caption\":\"\",\"mime\":\"image\/jpeg\",\"type\":\"image\",\"width\":1200,\"height\":800,\"sizes\":{\"thumbnail\":{\"height\":150,\"width\":150,\"url\":\"http:\/\/floraplus.net\/wp-content\/uploads\/2021\/08\/IMG_1021-150x150.jpg\",\"orientation\":\"landscape\"},\"medium\":{\"height\":200,\"width\":300,\"url\":\"http:\/\/floraplus.net\/wp-content\/uploads\/2021\/08\/IMG_1021-300x200.jpg\",\"orientation\":\"landscape\"},\"large\":{\"height\":427,\"width\":640,\"url\":\"http:\/\/floraplus.net\/wp-content\/uploads\/2021\/08\/IMG_1021-1024x683.jpg\",\"orientation\":\"landscape\"},\"full\":{\"url\":\"http:\/\/floraplus.net\/wp-content\/uploads\/2021\/08\/IMG_1021.jpg\",\"height\":800,\"width\":1200,\"orientation\":\"landscape\"}},\"meta\":false,\"postlink\":\"http:\/\/floraplus.net\/?attachment_id=6278\"},{\"id\":6277,\"title\":\"IMG_0978\",\"url\":\"http:\/\/floraplus.net\/wp-content\/uploads\/2021\/08\/IMG_0978.jpg\",\"link\":\"http:\/\/floraplus.net\/?attachment_id=6277\",\"alt\":\"\",\"description\":\"\",\"caption\":\"\",\"mime\":\"image\/jpeg\",\"type\":\"image\",\"width\":1200,\"height\":800,\"sizes\":{\"thumbnail\":{\"height\":150,\"width\":150,\"url\":\"http:\/\/floraplus.net\/wp-content\/uploads\/2021\/08\/IMG_0978-150x150.jpg\",\"orientation\":\"landscape\"},\"medium\":{\"height\":200,\"width\":300,\"url\":\"http:\/\/floraplus.net\/wp-content\/uploads\/2021\/08\/IMG_0978-300x200.jpg\",\"orientation\":\"landscape\"},\"large\":{\"height\":427,\"width\":640,\"url\":\"http:\/\/floraplus.net\/wp-content\/uploads\/2021\/08\/IMG_0978-1024x683.jpg\",\"orientation\":\"landscape\"},\"full\":{\"url\":\"http:\/\/floraplus.net\/wp-content\/uploads\/2021\/08\/IMG_0978.jpg\",\"height\":800,\"width\":1200,\"orientation\":\"landscape\"}},\"meta\":false,\"postlink\":\"http:\/\/floraplus.net\/?attachment_id=6277\"},{\"id\":6276,\"title\":\"IMG_0862\",\"url\":\"http:\/\/floraplus.net\/wp-content\/uploads\/2021\/08\/IMG_0862.jpg\",\"link\":\"http:\/\/floraplus.net\/?attachment_id=6276\",\"alt\":\"\",\"description\":\"\",\"caption\":\"\",\"mime\":\"image\/jpeg\",\"type\":\"image\",\"width\":1200,\"height\":800,\"sizes\":{\"thumbnail\":{\"height\":150,\"width\":150,\"url\":\"http:\/\/floraplus.net\/wp-content\/uploads\/2021\/08\/IMG_0862-150x150.jpg\",\"orientation\":\"landscape\"},\"medium\":{\"height\":200,\"width\":300,\"url\":\"http:\/\/floraplus.net\/wp-content\/uploads\/2021\/08\/IMG_0862-300x200.jpg\",\"orientation\":\"landscape\"},\"large\":{\"height\":427,\"width\":640,\"url\":\"http:\/\/floraplus.net\/wp-content\/uploads\/2021\/08\/IMG_0862-1024x683.jpg\",\"orientation\":\"landscape\"},\"full\":{\"url\":\"http:\/\/floraplus.net\/wp-content\/uploads\/2021\/08\/IMG_0862.jpg\",\"height\":800,\"width\":1200,\"orientation\":\"landscape\"}},\"meta\":false,\"postlink\":\"http:\/\/floraplus.net\/?attachment_id=6276\"},{\"id\":6275,\"title\":\"11\",\"url\":\"http:\/\/floraplus.net\/wp-content\/uploads\/2021\/08\/11-2.jpg\",\"link\":\"http:\/\/floraplus.net\/?attachment_id=6275\",\"alt\":\"\",\"description\":\"\",\"caption\":\"\",\"mime\":\"image\/jpeg\",\"type\":\"image\",\"width\":1195,\"height\":1432,\"sizes\":{\"thumbnail\":{\"height\":150,\"width\":150,\"url\":\"http:\/\/floraplus.net\/wp-content\/uploads\/2021\/08\/11-2-150x150.jpg\",\"orientation\":\"landscape\"},\"medium\":{\"height\":300,\"width\":250,\"url\":\"http:\/\/floraplus.net\/wp-content\/uploads\/2021\/08\/11-2-250x300.jpg\",\"orientation\":\"portrait\"},\"large\":{\"height\":767,\"width\":640,\"url\":\"http:\/\/floraplus.net\/wp-content\/uploads\/2021\/08\/11-2-855x1024.jpg\",\"orientation\":\"portrait\"},\"full\":{\"url\":\"http:\/\/floraplus.net\/wp-content\/uploads\/2021\/08\/11-2.jpg\",\"height\":1432,\"width\":1195,\"orientation\":\"portrait\"}},\"meta\":false,\"postlink\":\"http:\/\/floraplus.net\/?attachment_id=6275\"}],\"itemsMetaDataCollection\":[],\"galleryData\":\"{\\u0022copyRProtection\\u0022:false,\\u0022copyRAlert\\u0022:\\u0022Hello, this photo is mine!\\u0022,\\u0022sliderScrollNavi\\u0022:false,\\u0022sliderNextPrevAnimation\\u0022:\\u0022animation\\u0022,\\u0022galleryScrollPositionControll\\u0022:false,\\u0022sliderVideoAutoPlay\\u0022:false,\\u0022sliderItemCounterEnable\\u0022:true,\\u0022sliderCaptionSrc\\u0022:\\u0022caption\\u0022,\\u0022sliderItemTitleEnable\\u0022:false,\\u0022sliderItemTitleFontSize\\u0022:18,\\u0022sliderItemTitleTextColor\\u0022:\\u0022rgba(255,255,255,1)\\u0022,\\u0022itemCounterColor\\u0022:\\u0022rgba(255,255,255,1)\\u0022,\\u0022sliderThumbBarEnable\\u0022:true,\\u0022sliderThumbBarHoverColor\\u0022:\\u0022rgba(240,240,240,1)\\u0022,\\u0022sliderBgColor\\u0022:\\u0022rgba(0,0,0,0.8)\\u0022,\\u0022sliderPreloaderColor\\u0022:\\u0022rgba(240,240,240,1)\\u0022,\\u0022sliderHeaderFooterBgColor\\u0022:\\u0022rgba(0,0,0,0.4)\\u0022,\\u0022sliderNavigationColor\\u0022:\\u0022rgba(0,0,0,1)\\u0022,\\u0022sliderNavigationColorOver\\u0022:\\u0022rgba(255,255,255,1)\\u0022,\\u0022sliderNavigationIconColor\\u0022:\\u0022rgba(255,255,255,1)\\u0022,\\u0022sliderNavigationIconColorOver\\u0022:\\u0022rgba(0,0,0,1)\\u0022,\\u0022sliderSlideshow\\u0022:true,\\u0022sliderSlideshowDelay\\u0022:8,\\u0022slideshowIndicatorColor\\u0022:\\u0022rgba(255,255,255,1)\\u0022,\\u0022slideshowIndicatorColorBg\\u0022:\\u0022rgba(255,255,255,0.5)\\u0022,\\u0022sliderThumbSubMenuBackgroundColor\\u0022:\\u0022rgba(255,255,255,0)\\u0022,\\u0022sliderThumbSubMenuBackgroundColorOver\\u0022:\\u0022rgba(255,255,255,1)\\u0022,\\u0022sliderThumbSubMenuIconColor\\u0022:\\u0022rgba(255,255,255,1)\\u0022,\\u0022sliderThumbSubMenuIconHoverColor\\u0022:\\u0022rgba(0,0,0,1)\\u0022,\\u0022sliderSocialShareEnabled\\u0022:true,\\u0022sliderZoomEnable\\u0022:true,\\u0022sliderFullscreenEnabled\\u0022:true,\\u0022modaBgColor\\u0022:\\u0022rgba(0,0,0,0.8)\\u0022,\\u0022modalIconColor\\u0022:\\u0022rgba(255,255,255,1)\\u0022,\\u0022modalIconColorHover\\u0022:\\u0022rgba(255,255,255,0.8)\\u0022,\\u0022shareFacebook\\u0022:true,\\u0022shareTwitter\\u0022:true,\\u0022sharePinterest\\u0022:true,\\u0022sliderItemDownload\\u0022:true,\\u0022shareCopyLink\\u0022:true,\\u0022sharePost\\u0022:\\u0022sharelink\\u0022,\\u0022tagsFilter\\u0022:false,\\u0022tagCloudAll\\u0022:\\u0022All\\u0022,\\u0022tagCloudBgColor\\u0022:\\u0022rgba(153,153,153,1)\\u0022,\\u0022tagCloudBgColorOver\\u0022:\\u0022rgba(253,253,253,1)\\u0022,\\u0022tagCloudTextColor\\u0022:\\u0022rgba(253,253,253,1)\\u0022,\\u0022tagCloudTextColorOver\\u0022:\\u0022rgba(153,153,153,1)\\u0022,\\u0022tagCloudFontSize\\u0022:16,\\u0022deepLinking\\u0022:false,\\u0022useLightbox\\u0022:true,\\u0022thumbClickAction\\u0022:\\u0022useLightbox\\u0022,\\u0022numItemsDisplayed\\u0022:0,\\u0022lazyLoading\\u0022:true,\\u0022contentNoPadding\\u0022:false,\\u0022galleryPreloaderColor\\u0022:\\u0022rgba(230,230,230,1)\\u0022,\\u0022galleryBgColor\\u0022:\\u0022rgba(0,0,0,0)\\u0022,\\u0022galleryBorderRadius\\u0022:0,\\u0022customCSS\\u0022:\\u0022\\u0022,\\u0022collectionThumbRecomendedWidth\\u0022:200,\\u0022thumbSpacing\\u0022:5,\\u0022externalLink\\u0022:true,\\u0022externalLinkDefName\\u0022:\\u0022Read More\\u0022,\\u0022externalLinkTextColor\\u0022:\\u0022rgba(0,0,0,1)\\u0022,\\u0022externalLinkBgColor\\u0022:\\u0022rgba(255,255,255,1)\\u0022,\\u0022externalLinkFontSize\\u0022:18,\\u0022captions\\u0022:true,\\u0022captionSrc\\u0022:\\u0022caption\\u0022,\\u0022captionHAlign\\u0022:\\u0022top\\u0022,\\u0022collectionthumbHoverTitleFontSize\\u0022:18,\\u0022collectionthumbRoundedCorners\\u0022:0,\\u0022collectionthumbHoverTitleTextColor\\u0022:\\u0022rgba(255,255,255,1)\\u0022,\\u0022collectionthumbHoverTitleTextBgColor\\u0022:\\u0022rgba(0,0,0,0.8)\\u0022,\\u0022collectionthumbHoverBgColor\\u0022:\\u0022rgba(0,0,0,0.4)\\u0022,\\u0022collectionThumbSubMenuDownload\\u0022:true,\\u0022collectionThumbSubMenuShare\\u0022:true,\\u0022collectionThumbSubMenuBgColor\\u0022:\\u0022rgba(0,0,0,0.4)\\u0022,\\u0022collectionThumbSubMenuBgColorHover\\u0022:\\u0022rgba(255,255,255,1)\\u0022,\\u0022collectionThumbSubMenuIconColor\\u0022:\\u0022rgba(255,255,255,1)\\u0022,\\u0022collectionThumbSubMenuIconColorHover\\u0022:\\u0022rgba(0,0,0,1)\\u0022,\\u0022galleryType\\u0022:\\u0022pgc_sgb_slider\\u0022,\\u0022align\\u0022:\\u0022\\u0022,\\u0022galleryId\\u0022:\\u002218c1ff78_1628242941113\\u0022,\\u0022tagsListCustomMode\\u0022:false,\\u0022initGalleryByFirstTag\\u0022:false,\\u0022deepLinkingForTag\\u0022:false,\\u0022galleryTagsList\\u0022:[],\\u0022useClobalSettings\\u0022:false,\\u0022orderBy\\u0022:\\u0022custom\\u0022,\\u0022sliderMaxHeight\\u0022:600,\\u0022sliderAdminWidth\\u0022:840,\\u0022responsiveHeight\\u0022:true,\\u0022collectionColumns\\u0022:1,\\u0022sliderAnimation\\u0022:\\u0022animation\\u0022,\\u0022sliderNextPrevNavigation\\u0022:true,\\u0022sliderNextPrevBgColor\\u0022:\\u0022rgba(255,255,255,1)\\u0022,\\u0022sliderNextPrevBgColorHover\\u0022:\\u0022rgba(0,0,0,1)\\u0022,\\u0022sliderNextPrevIconColor\\u0022:\\u0022rgba(0,0,0,1)\\u0022,\\u0022sliderNextPrevIconColorHover\\u0022:\\u0022rgba(255,255,255,1)\\u0022,\\u0022sliderThumbsNavi\\u0022:true,\\u0022sliderThumbsNaviColor\\u0022:\\u0022rgba(255,255,255,1)\\u0022,\\u0022sliderDotNavi\\u0022:false,\\u0022sliderDotNaviBgColor\\u0022:\\u0022rgba(0,0,0,.4)\\u0022,\\u0022sliderDotNaviBgColorHover\\u0022:\\u0022rgba(255,255,255,1)\\u0022,\\u0022autoPlay\\u0022:false,\\u0022autoPlayDelay\\u0022:4,\\u0022autoPlayMouseStoper\\u0022:true,\\u0022settingsModalIsOpen\\u0022:false,\\u0022skin\\u0022:\\u0022slider\\u0022}\",\"sliderMaxHeight\":600,\"sliderAdminWidth\":840,\"responsiveHeight\":true,\"collectionColumns\":1}<\/script><script>(function(){if(window.PGC_SGB && window.PGC_SGB.searcher){window.PGC_SGB.searcher.initBlocks()}})()<\/script><\/div>\n\n\n<p><strong>Floraexpo Antalya 22-15 Eyl\u00fcl 2020 tarihlerinde ANFA\u015e Antalya Fuar ve Kongre Merkezi\u2019nde ger\u00e7ekle\u015fecek. L\u00fctfen not edin!<\/strong><\/p>\n\n\n\n<p>Sekt\u00f6rde her zaman birden fazla fuar se\u00e7ene\u011fi vard\u0131. B\u00fct\u00fcn d\u00fcnyada da b\u00f6yledir bu. Ama baz\u0131lar\u0131 \u00f6ne \u00e7\u0131kar\u2026 Duyuruldu\u011fu anda uluslararas\u0131 ili\u015fkilerinin g\u00fcc\u00fcyle bir ad\u0131m \u00f6nde ba\u015flayan fuarlar vard\u0131r Floraexpo Antalya gibi. Bu ba\u015far\u0131n\u0131n nedeni sekt\u00f6rle kurulan ileti\u015fim, mesleki birikim, zamanlama ve mek\u00e2n se\u00e7imindeki isabettir. Bu arada <strong>The Flower and Plant Show\u2019da ertelendi.<\/strong>Bu durum da Florexpo Antalya sekt\u00f6r\u00fcn tek se\u00e7ene\u011fi haline geldi. \u00dcstelik Antalya sekt\u00f6rdeki ticari hareketin b\u00fct\u00fcn mevsimlere da\u011f\u0131ld\u0131\u011f\u0131 g\u00fc\u00e7l\u00fc bir merkez. D\u00fcnyan\u0131n her yerindeki 255 noktadan Antalya\u2019ya u\u00e7u\u015f olmas\u0131 bu fuar\u0131n sundu\u011fu en b\u00fcy\u00fck avantajlardan biri.<\/p>\n\n\n\n<p><strong>\u0130hracat kanallar\u0131n\u0131 a\u00e7\u0131lacak\u2026<\/strong><\/p>\n\n\n\n<p>Ekonomi her ko\u015fulda b\u00fcy\u00fck f\u0131rsatlar sunar\u2026 \u00d6nemli olan bu f\u0131rsatlar\u0131 g\u00f6rmek ve de\u011ferlendirmektir. Floraexpo Antalya 22-25 Eyl\u00fcl\u2019de size \u00fcr\u00fcnlerinizi, mesle\u011finizi ve i\u015finizi d\u00fcnyaya a\u00e7ma f\u0131rsat\u0131 sunuyor. \u0130klim de\u011fi\u015fikli\u011fi d\u00fcnyan\u0131n baz\u0131 bitki topluluklar\u0131n\u0131 ve \u00fcretim b\u00f6lgelerini \u00f6ne \u00e7\u0131karmaktad\u0131r. Bu nedenle s\u00fcs bitkisi profesyonelleri Antalya\u2019n\u0131n performans\u0131n\u0131 yak\u0131n takibe alm\u0131\u015flard\u0131r. Bu ilgiye cevap veren HYF Fuarc\u0131l\u0131k A.\u015e. \u00dcrd\u00fcn, Irak, Kuveyt, Bahreyn, Katar, Fas, Tunus, Cezayir, L\u00fcbnan, M\u0131s\u0131r Libya gibi sekt\u00f6rel olarak hedef \u00fclkelerde tespit edilen 500 b\u00fcy\u00fck al\u0131c\u0131y\u0131 fuara getirerek 2 g\u00fcn boyunca 5 y\u0131ld\u0131zl\u0131 bir otelde konaklamas\u0131n\u0131 sa\u011flayarak kat\u0131l\u0131mc\u0131 firmalar\u0131n ihracat kanallar\u0131n\u0131 a\u00e7malar\u0131na \u00f6n ayak olacak. &nbsp;<\/p>\n\n\n\n<p><strong>L\u00fctfen not edin\u2026<\/strong><\/p>\n\n\n\n<p>Florexpo Antalya, yurti\u00e7i piyasaya d\u00f6n\u00fck olarak Akdeniz B\u00f6lgesi ba\u015fta olmak \u00fczere T\u00fcrkiye\u2019nin belli ba\u015fl\u0131 b\u00fct\u00fcn b\u00fcy\u00fck otellerinin yetkililerini V\u0130P Kart g\u00f6ndererek fuara davet edecek. Bu yayg\u0131nl\u0131ktaki bir bulu\u015fma \u00f6zellikle i\u00e7 ve d\u0131\u015f mek\u00e2n bitki \u00fcreticilerinin dikkatini \u015fimdiden \u00e7ekmi\u015f durumda. Ayr\u0131ca \u0130n\u015faat Firmalar\u0131, belediyeler, peyzaj mimarlar\u0131 vb. t\u00fcm sekt\u00f6r bile\u015fenleri de bu fuarda olacak. Floraexpo Antalya 22-25 Eyl\u00fcl 2020 tarihlerinde ANFA\u015e Antalya Fuar ve Kongre Merkezi\u2019nde ger\u00e7ekle\u015fecek. L\u00fctfen not edin!<\/p>\n\n\n\n<p><strong>Ba\u011flant\u0131 bilgileri: HYF Tel: 0 312 557 19 09 \u2022 Fax: 0312 557 19 10 info@hyf.com.tr \u2022 www.hyf.com.tr<\/strong><\/p>\n","protected":false},"excerpt":{"rendered":"<p>Floraexpo Antalya 22-15 Eyl\u00fcl 2020 tarihlerinde ANFA\u015e Antalya Fuar ve Kongre Merkezi\u2019nde ger\u00e7ekle\u015fecek. L\u00fctfen not<\/p>\n","protected":false},"author":2,"featured_media":6281,"comment_status":"open","ping_status":"open","sticky":false,"template":"","format":"standard","meta":{"pgc_sgb_lightbox_settings":"","cybocfi_hide_featured_image":"yes","footnotes":""},"categories":[1429,225],"tags":[],"class_list":["post-6293","post","type-post","status-publish","format-standard","has-post-thumbnail","hentry","category-guncel","category-haberler"],"yoast_head":"<!-- This site is optimized with the Yoast SEO Premium plugin v25.4 (Yoast SEO v25.4) - https:\/\/yoast.com\/wordpress\/plugins\/seo\/ -->\n<title>Floraexpo Antalya, 22-25 Eyl\u00fcl\u2019de! - Floraplus<\/title>\n<meta name=\"robots\" content=\"index, follow, max-snippet:-1, max-image-preview:large, max-video-preview:-1\" \/>\n<link rel=\"canonical\" href=\"https:\/\/floraplus.net\/tr_tr\/2021\/08\/06\/floraexpo-antalya-22-25-eylulde\/\" \/>\n<meta property=\"og:locale\" content=\"tr_TR\" \/>\n<meta property=\"og:type\" content=\"article\" \/>\n<meta property=\"og:title\" content=\"Floraexpo Antalya, 22-25 Eyl\u00fcl\u2019de!\" \/>\n<meta property=\"og:description\" content=\"Floraexpo Antalya 22-15 Eyl\u00fcl 2020 tarihlerinde ANFA\u015e Antalya Fuar ve Kongre Merkezi\u2019nde ger\u00e7ekle\u015fecek. L\u00fctfen not\" \/>\n<meta property=\"og:url\" content=\"https:\/\/floraplus.net\/tr_tr\/2021\/08\/06\/floraexpo-antalya-22-25-eylulde\/\" \/>\n<meta property=\"og:site_name\" content=\"Floraplus\" \/>\n<meta property=\"article:publisher\" content=\"https:\/\/www.facebook.com\/floraplusdergisi\" \/>\n<meta property=\"article:published_time\" content=\"2021-08-06T09:49:32+00:00\" \/>\n<meta property=\"article:modified_time\" content=\"2021-09-22T13:02:45+00:00\" \/>\n<meta property=\"og:image\" content=\"https:\/\/floraplus.net\/wp-content\/uploads\/2021\/08\/IMG_2337.jpg\" \/>\n\t<meta property=\"og:image:width\" content=\"1400\" \/>\n\t<meta property=\"og:image:height\" content=\"933\" \/>\n\t<meta property=\"og:image:type\" content=\"image\/jpeg\" \/>\n<meta name=\"author\" content=\"irfan Akg\u00fcnd\u00fcz\" \/>\n<meta name=\"twitter:card\" content=\"summary_large_image\" \/>\n<meta name=\"twitter:label1\" content=\"Yazan:\" \/>\n\t<meta name=\"twitter:data1\" content=\"irfan Akg\u00fcnd\u00fcz\" \/>\n\t<meta name=\"twitter:label2\" content=\"Tahmini okuma s\u00fcresi\" \/>\n\t<meta name=\"twitter:data2\" content=\"2 dakika\" \/>\n<script type=\"application\/ld+json\" class=\"yoast-schema-graph\">{\"@context\":\"https:\/\/schema.org\",\"@graph\":[{\"@type\":\"Article\",\"@id\":\"https:\/\/floraplus.net\/tr_tr\/2021\/08\/06\/floraexpo-antalya-22-25-eylulde\/#article\",\"isPartOf\":{\"@id\":\"https:\/\/floraplus.net\/tr_tr\/2021\/08\/06\/floraexpo-antalya-22-25-eylulde\/\"},\"author\":{\"name\":\"irfan Akg\u00fcnd\u00fcz\",\"@id\":\"https:\/\/floraplus.net\/en\/#\/schema\/person\/9a7fc222338186bc9556396795f1d114\"},\"headline\":\"Floraexpo Antalya, 22-25 Eyl\u00fcl\u2019de!\",\"datePublished\":\"2021-08-06T09:49:32+00:00\",\"dateModified\":\"2021-09-22T13:02:45+00:00\",\"mainEntityOfPage\":{\"@id\":\"https:\/\/floraplus.net\/tr_tr\/2021\/08\/06\/floraexpo-antalya-22-25-eylulde\/\"},\"wordCount\":416,\"commentCount\":0,\"publisher\":{\"@id\":\"https:\/\/floraplus.net\/en\/#organization\"},\"image\":{\"@id\":\"https:\/\/floraplus.net\/tr_tr\/2021\/08\/06\/floraexpo-antalya-22-25-eylulde\/#primaryimage\"},\"thumbnailUrl\":\"https:\/\/floraplus.net\/wp-content\/uploads\/2021\/08\/IMG_2337.jpg\",\"articleSection\":[\"G\u00fcncel\",\"Haberler\"],\"inLanguage\":\"tr\",\"potentialAction\":[{\"@type\":\"CommentAction\",\"name\":\"Comment\",\"target\":[\"https:\/\/floraplus.net\/tr_tr\/2021\/08\/06\/floraexpo-antalya-22-25-eylulde\/#respond\"]}]},{\"@type\":\"WebPage\",\"@id\":\"https:\/\/floraplus.net\/tr_tr\/2021\/08\/06\/floraexpo-antalya-22-25-eylulde\/\",\"url\":\"https:\/\/floraplus.net\/tr_tr\/2021\/08\/06\/floraexpo-antalya-22-25-eylulde\/\",\"name\":\"Floraexpo Antalya, 22-25 Eyl\u00fcl\u2019de! - Floraplus\",\"isPartOf\":{\"@id\":\"https:\/\/floraplus.net\/en\/#website\"},\"primaryImageOfPage\":{\"@id\":\"https:\/\/floraplus.net\/tr_tr\/2021\/08\/06\/floraexpo-antalya-22-25-eylulde\/#primaryimage\"},\"image\":{\"@id\":\"https:\/\/floraplus.net\/tr_tr\/2021\/08\/06\/floraexpo-antalya-22-25-eylulde\/#primaryimage\"},\"thumbnailUrl\":\"https:\/\/floraplus.net\/wp-content\/uploads\/2021\/08\/IMG_2337.jpg\",\"datePublished\":\"2021-08-06T09:49:32+00:00\",\"dateModified\":\"2021-09-22T13:02:45+00:00\",\"breadcrumb\":{\"@id\":\"https:\/\/floraplus.net\/tr_tr\/2021\/08\/06\/floraexpo-antalya-22-25-eylulde\/#breadcrumb\"},\"inLanguage\":\"tr\",\"potentialAction\":[{\"@type\":\"ReadAction\",\"target\":[\"https:\/\/floraplus.net\/tr_tr\/2021\/08\/06\/floraexpo-antalya-22-25-eylulde\/\"]}]},{\"@type\":\"BreadcrumbList\",\"@id\":\"https:\/\/floraplus.net\/tr_tr\/2021\/08\/06\/floraexpo-antalya-22-25-eylulde\/#breadcrumb\",\"itemListElement\":[{\"@type\":\"ListItem\",\"position\":1,\"name\":\"Home\",\"item\":\"https:\/\/floraplus.net\/en\/\"},{\"@type\":\"ListItem\",\"position\":2,\"name\":\"Floraexpo Antalya, 22-25 Eyl\u00fcl\u2019de!\"}]},{\"@type\":\"WebSite\",\"@id\":\"https:\/\/floraplus.net\/en\/#website\",\"url\":\"https:\/\/floraplus.net\/en\/\",\"name\":\"Floraplus\",\"description\":\"Peyzaj, peyzaj mimarl\u0131\u011f\u0131, peyzaj bitkileri, s\u00fcs ve bah\u00e7e\u00a0bitkileri\",\"publisher\":{\"@id\":\"https:\/\/floraplus.net\/en\/#organization\"},\"potentialAction\":[{\"@type\":\"SearchAction\",\"target\":{\"@type\":\"EntryPoint\",\"urlTemplate\":\"https:\/\/floraplus.net\/en\/?s={search_term_string}\"},\"query-input\":{\"@type\":\"PropertyValueSpecification\",\"valueRequired\":true,\"valueName\":\"search_term_string\"}}],\"inLanguage\":\"tr\"},{\"@type\":\"Organization\",\"@id\":\"https:\/\/floraplus.net\/en\/#organization\",\"name\":\"Floraplus\",\"url\":\"https:\/\/floraplus.net\/en\/\",\"logo\":{\"@type\":\"ImageObject\",\"inLanguage\":\"tr\",\"@id\":\"https:\/\/floraplus.net\/en\/#\/schema\/logo\/image\/\",\"url\":\"https:\/\/floraplus.net\/wp-content\/uploads\/2021\/08\/logo-e1627994475388.png\",\"contentUrl\":\"https:\/\/floraplus.net\/wp-content\/uploads\/2021\/08\/logo-e1627994475388.png\",\"width\":251,\"height\":81,\"caption\":\"Floraplus\"},\"image\":{\"@id\":\"https:\/\/floraplus.net\/en\/#\/schema\/logo\/image\/\"},\"sameAs\":[\"https:\/\/www.facebook.com\/floraplusdergisi\",\"https:\/\/www.instagram.com\/floraplusdergisi\/\"]},{\"@type\":\"Person\",\"@id\":\"https:\/\/floraplus.net\/en\/#\/schema\/person\/9a7fc222338186bc9556396795f1d114\",\"name\":\"irfan Akg\u00fcnd\u00fcz\",\"url\":\"https:\/\/floraplus.net\/tr_tr\/author\/irfan\/\"}]}<\/script>\n<!-- \/ Yoast SEO Premium plugin. -->","yoast_head_json":{"title":"Floraexpo Antalya, 22-25 Eyl\u00fcl\u2019de! - Floraplus","robots":{"index":"index","follow":"follow","max-snippet":"max-snippet:-1","max-image-preview":"max-image-preview:large","max-video-preview":"max-video-preview:-1"},"canonical":"https:\/\/floraplus.net\/tr_tr\/2021\/08\/06\/floraexpo-antalya-22-25-eylulde\/","og_locale":"tr_TR","og_type":"article","og_title":"Floraexpo Antalya, 22-25 Eyl\u00fcl\u2019de!","og_description":"Floraexpo Antalya 22-15 Eyl\u00fcl 2020 tarihlerinde ANFA\u015e Antalya Fuar ve Kongre Merkezi\u2019nde ger\u00e7ekle\u015fecek. L\u00fctfen not","og_url":"https:\/\/floraplus.net\/tr_tr\/2021\/08\/06\/floraexpo-antalya-22-25-eylulde\/","og_site_name":"Floraplus","article_publisher":"https:\/\/www.facebook.com\/floraplusdergisi","article_published_time":"2021-08-06T09:49:32+00:00","article_modified_time":"2021-09-22T13:02:45+00:00","og_image":[{"width":1400,"height":933,"url":"https:\/\/floraplus.net\/wp-content\/uploads\/2021\/08\/IMG_2337.jpg","type":"image\/jpeg"}],"author":"irfan Akg\u00fcnd\u00fcz","twitter_card":"summary_large_image","twitter_misc":{"Yazan:":"irfan Akg\u00fcnd\u00fcz","Tahmini okuma s\u00fcresi":"2 dakika"},"schema":{"@context":"https:\/\/schema.org","@graph":[{"@type":"Article","@id":"https:\/\/floraplus.net\/tr_tr\/2021\/08\/06\/floraexpo-antalya-22-25-eylulde\/#article","isPartOf":{"@id":"https:\/\/floraplus.net\/tr_tr\/2021\/08\/06\/floraexpo-antalya-22-25-eylulde\/"},"author":{"name":"irfan Akg\u00fcnd\u00fcz","@id":"https:\/\/floraplus.net\/en\/#\/schema\/person\/9a7fc222338186bc9556396795f1d114"},"headline":"Floraexpo Antalya, 22-25 Eyl\u00fcl\u2019de!","datePublished":"2021-08-06T09:49:32+00:00","dateModified":"2021-09-22T13:02:45+00:00","mainEntityOfPage":{"@id":"https:\/\/floraplus.net\/tr_tr\/2021\/08\/06\/floraexpo-antalya-22-25-eylulde\/"},"wordCount":416,"commentCount":0,"publisher":{"@id":"https:\/\/floraplus.net\/en\/#organization"},"image":{"@id":"https:\/\/floraplus.net\/tr_tr\/2021\/08\/06\/floraexpo-antalya-22-25-eylulde\/#primaryimage"},"thumbnailUrl":"https:\/\/floraplus.net\/wp-content\/uploads\/2021\/08\/IMG_2337.jpg","articleSection":["G\u00fcncel","Haberler"],"inLanguage":"tr","potentialAction":[{"@type":"CommentAction","name":"Comment","target":["https:\/\/floraplus.net\/tr_tr\/2021\/08\/06\/floraexpo-antalya-22-25-eylulde\/#respond"]}]},{"@type":"WebPage","@id":"https:\/\/floraplus.net\/tr_tr\/2021\/08\/06\/floraexpo-antalya-22-25-eylulde\/","url":"https:\/\/floraplus.net\/tr_tr\/2021\/08\/06\/floraexpo-antalya-22-25-eylulde\/","name":"Floraexpo Antalya, 22-25 Eyl\u00fcl\u2019de! - Floraplus","isPartOf":{"@id":"https:\/\/floraplus.net\/en\/#website"},"primaryImageOfPage":{"@id":"https:\/\/floraplus.net\/tr_tr\/2021\/08\/06\/floraexpo-antalya-22-25-eylulde\/#primaryimage"},"image":{"@id":"https:\/\/floraplus.net\/tr_tr\/2021\/08\/06\/floraexpo-antalya-22-25-eylulde\/#primaryimage"},"thumbnailUrl":"https:\/\/floraplus.net\/wp-content\/uploads\/2021\/08\/IMG_2337.jpg","datePublished":"2021-08-06T09:49:32+00:00","dateModified":"2021-09-22T13:02:45+00:00","breadcrumb":{"@id":"https:\/\/floraplus.net\/tr_tr\/2021\/08\/06\/floraexpo-antalya-22-25-eylulde\/#breadcrumb"},"inLanguage":"tr","potentialAction":[{"@type":"ReadAction","target":["https:\/\/floraplus.net\/tr_tr\/2021\/08\/06\/floraexpo-antalya-22-25-eylulde\/"]}]},{"@type":"BreadcrumbList","@id":"https:\/\/floraplus.net\/tr_tr\/2021\/08\/06\/floraexpo-antalya-22-25-eylulde\/#breadcrumb","itemListElement":[{"@type":"ListItem","position":1,"name":"Home","item":"https:\/\/floraplus.net\/en\/"},{"@type":"ListItem","position":2,"name":"Floraexpo Antalya, 22-25 Eyl\u00fcl\u2019de!"}]},{"@type":"WebSite","@id":"https:\/\/floraplus.net\/en\/#website","url":"https:\/\/floraplus.net\/en\/","name":"Floraplus","description":"Peyzaj, peyzaj mimarl\u0131\u011f\u0131, peyzaj bitkileri, s\u00fcs ve bah\u00e7e\u00a0bitkileri","publisher":{"@id":"https:\/\/floraplus.net\/en\/#organization"},"potentialAction":[{"@type":"SearchAction","target":{"@type":"EntryPoint","urlTemplate":"https:\/\/floraplus.net\/en\/?s={search_term_string}"},"query-input":{"@type":"PropertyValueSpecification","valueRequired":true,"valueName":"search_term_string"}}],"inLanguage":"tr"},{"@type":"Organization","@id":"https:\/\/floraplus.net\/en\/#organization","name":"Floraplus","url":"https:\/\/floraplus.net\/en\/","logo":{"@type":"ImageObject","inLanguage":"tr","@id":"https:\/\/floraplus.net\/en\/#\/schema\/logo\/image\/","url":"https:\/\/floraplus.net\/wp-content\/uploads\/2021\/08\/logo-e1627994475388.png","contentUrl":"https:\/\/floraplus.net\/wp-content\/uploads\/2021\/08\/logo-e1627994475388.png","width":251,"height":81,"caption":"Floraplus"},"image":{"@id":"https:\/\/floraplus.net\/en\/#\/schema\/logo\/image\/"},"sameAs":["https:\/\/www.facebook.com\/floraplusdergisi","https:\/\/www.instagram.com\/floraplusdergisi\/"]},{"@type":"Person","@id":"https:\/\/floraplus.net\/en\/#\/schema\/person\/9a7fc222338186bc9556396795f1d114","name":"irfan Akg\u00fcnd\u00fcz","url":"https:\/\/floraplus.net\/tr_tr\/author\/irfan\/"}]}},"_links":{"self":[{"href":"https:\/\/floraplus.net\/tr_tr\/wp-json\/wp\/v2\/posts\/6293","targetHints":{"allow":["GET"]}}],"collection":[{"href":"https:\/\/floraplus.net\/tr_tr\/wp-json\/wp\/v2\/posts"}],"about":[{"href":"https:\/\/floraplus.net\/tr_tr\/wp-json\/wp\/v2\/types\/post"}],"author":[{"embeddable":true,"href":"https:\/\/floraplus.net\/tr_tr\/wp-json\/wp\/v2\/users\/2"}],"replies":[{"embeddable":true,"href":"https:\/\/floraplus.net\/tr_tr\/wp-json\/wp\/v2\/comments?post=6293"}],"version-history":[{"count":2,"href":"https:\/\/floraplus.net\/tr_tr\/wp-json\/wp\/v2\/posts\/6293\/revisions"}],"predecessor-version":[{"id":6388,"href":"https:\/\/floraplus.net\/tr_tr\/wp-json\/wp\/v2\/posts\/6293\/revisions\/6388"}],"wp:featuredmedia":[{"embeddable":true,"href":"https:\/\/floraplus.net\/tr_tr\/wp-json\/wp\/v2\/media\/6281"}],"wp:attachment":[{"href":"https:\/\/floraplus.net\/tr_tr\/wp-json\/wp\/v2\/media?parent=6293"}],"wp:term":[{"taxonomy":"category","embeddable":true,"href":"https:\/\/floraplus.net\/tr_tr\/wp-json\/wp\/v2\/categories?post=6293"},{"taxonomy":"post_tag","embeddable":true,"href":"https:\/\/floraplus.net\/tr_tr\/wp-json\/wp\/v2\/tags?post=6293"}],"curies":[{"name":"wp","href":"https:\/\/api.w.org\/{rel}","templated":true}]}}