{"id":6567,"date":"2022-04-14T11:10:49","date_gmt":"2022-04-14T08:10:49","guid":{"rendered":"http:\/\/floraplus.net\/?p=6567"},"modified":"2022-04-14T18:11:37","modified_gmt":"2022-04-14T15:11:37","slug":"sus-bitkileri-sektorunde-neler-oluyor","status":"publish","type":"post","link":"https:\/\/floraplus.net\/tr_tr\/2022\/04\/14\/sus-bitkileri-sektorunde-neler-oluyor\/","title":{"rendered":"S\u00fcs bitkileri sekt\u00f6r\u00fcnde neler oluyor?"},"content":{"rendered":"<div class=\"pgc-sgb-cb wp-block-pgcsimplygalleryblock-slider \" data-gallery-id=\"06284194\"style=&quot;min-height:400px&quot;><div class=\"sgb-preloader\" id=\"pr_06284194\">\n\t<div class=\"sgb-square\" style=\"background:#d4d4d4\"><\/div>\n\t<div class=\"sgb-square\" style=\"background:#d4d4d4\"><\/div>\n\t<div class=\"sgb-square\" style=\"background:#d4d4d4\"><\/div>\n\t<div class=\"sgb-square\" style=\"background:#d4d4d4\"><\/div><\/div><div class=\"simply-gallery-amp pgc_sgb_slider \" style=\"display: none;\"><div class=\"sgb-gallery\"><div class=\"sgb-item\"><a href=\"http:\/\/floraplus.net\/2022\/04\/14\/ihracat-artisina-yeni-yonetim\/1-21\/\" target=\"_blank\"><img decoding=\"async\" alt=\"\" width=\"300\" height=\"300\" loading=\"lazy\" src=\"http:\/\/floraplus.net\/wp-content\/uploads\/2022\/04\/1-300x300.png\" srcset=\"http:\/\/floraplus.net\/wp-content\/uploads\/2022\/04\/1-300x300.png 300w,http:\/\/floraplus.net\/wp-content\/uploads\/2022\/04\/1-1024x1024.png 640w,http:\/\/floraplus.net\/wp-content\/uploads\/2022\/04\/1.png 1080w\" sizes=\"auto, 250px\"\/><\/a><\/div><div class=\"sgb-item\"><a href=\"http:\/\/floraplus.net\/2022\/04\/14\/ihracat-artisina-yeni-yonetim\/2-18\/\" target=\"_blank\"><img decoding=\"async\" alt=\"\" width=\"300\" height=\"300\" loading=\"lazy\" src=\"http:\/\/floraplus.net\/wp-content\/uploads\/2022\/04\/2-300x300.png\" srcset=\"http:\/\/floraplus.net\/wp-content\/uploads\/2022\/04\/2-300x300.png 300w,http:\/\/floraplus.net\/wp-content\/uploads\/2022\/04\/2-1024x1024.png 640w,http:\/\/floraplus.net\/wp-content\/uploads\/2022\/04\/2.png 1080w\" sizes=\"auto, 250px\"\/><\/a><\/div><div class=\"sgb-item\"><a href=\"http:\/\/floraplus.net\/2022\/04\/14\/ihracat-artisina-yeni-yonetim\/kurul2\/\" target=\"_blank\"><img decoding=\"async\" alt=\"\" width=\"300\" height=\"200\" loading=\"lazy\" src=\"http:\/\/floraplus.net\/wp-content\/uploads\/2022\/04\/kurul2-300x200.jpg\" srcset=\"http:\/\/floraplus.net\/wp-content\/uploads\/2022\/04\/kurul2-300x200.jpg 300w,http:\/\/floraplus.net\/wp-content\/uploads\/2022\/04\/kurul2.jpg 1000w\" sizes=\"auto, 250px\"\/><\/a><\/div><div class=\"sgb-item\"><a href=\"http:\/\/floraplus.net\/2022\/04\/14\/ihracat-artisina-yeni-yonetim\/kurul1\/\" target=\"_blank\"><img decoding=\"async\" alt=\"\" width=\"300\" height=\"200\" loading=\"lazy\" src=\"http:\/\/floraplus.net\/wp-content\/uploads\/2022\/04\/kurul1-300x200.jpg\" srcset=\"http:\/\/floraplus.net\/wp-content\/uploads\/2022\/04\/kurul1-300x200.jpg 300w,http:\/\/floraplus.net\/wp-content\/uploads\/2022\/04\/kurul1.jpg 1000w\" sizes=\"auto, 250px\"\/><\/a><\/div><\/div><\/div><script type=\"application\/json\" class=\"sgb-data\">{\"thumbClickAction\":\"useLightbox\",\"galleryType\":\"pgc_sgb_slider\",\"galleryId\":\"06284194\",\"images\":[{\"id\":6589,\"title\":\"1\",\"url\":\"http:\/\/floraplus.net\/wp-content\/uploads\/2022\/04\/1.png\",\"link\":\"http:\/\/floraplus.net\/2022\/04\/14\/ihracat-artisina-yeni-yonetim\/1-21\/\",\"alt\":\"\",\"description\":\"\",\"caption\":\"\",\"mime\":\"image\/png\",\"type\":\"image\",\"width\":1080,\"height\":1080,\"sizes\":{\"thumbnail\":{\"height\":150,\"width\":150,\"url\":\"http:\/\/floraplus.net\/wp-content\/uploads\/2022\/04\/1-150x150.png\",\"orientation\":\"landscape\"},\"medium\":{\"height\":300,\"width\":300,\"url\":\"http:\/\/floraplus.net\/wp-content\/uploads\/2022\/04\/1-300x300.png\",\"orientation\":\"landscape\"},\"large\":{\"height\":640,\"width\":640,\"url\":\"http:\/\/floraplus.net\/wp-content\/uploads\/2022\/04\/1-1024x1024.png\",\"orientation\":\"landscape\"},\"full\":{\"url\":\"http:\/\/floraplus.net\/wp-content\/uploads\/2022\/04\/1.png\",\"height\":1080,\"width\":1080,\"orientation\":\"landscape\"}},\"meta\":false,\"postlink\":\"http:\/\/floraplus.net\/2022\/04\/14\/ihracat-artisina-yeni-yonetim\/1-21\/\"},{\"id\":6590,\"title\":\"2\",\"url\":\"http:\/\/floraplus.net\/wp-content\/uploads\/2022\/04\/2.png\",\"link\":\"http:\/\/floraplus.net\/2022\/04\/14\/ihracat-artisina-yeni-yonetim\/2-18\/\",\"alt\":\"\",\"description\":\"\",\"caption\":\"\",\"mime\":\"image\/png\",\"type\":\"image\",\"width\":1080,\"height\":1080,\"sizes\":{\"thumbnail\":{\"height\":150,\"width\":150,\"url\":\"http:\/\/floraplus.net\/wp-content\/uploads\/2022\/04\/2-150x150.png\",\"orientation\":\"landscape\"},\"medium\":{\"height\":300,\"width\":300,\"url\":\"http:\/\/floraplus.net\/wp-content\/uploads\/2022\/04\/2-300x300.png\",\"orientation\":\"landscape\"},\"large\":{\"height\":640,\"width\":640,\"url\":\"http:\/\/floraplus.net\/wp-content\/uploads\/2022\/04\/2-1024x1024.png\",\"orientation\":\"landscape\"},\"full\":{\"url\":\"http:\/\/floraplus.net\/wp-content\/uploads\/2022\/04\/2.png\",\"height\":1080,\"width\":1080,\"orientation\":\"landscape\"}},\"meta\":false,\"postlink\":\"http:\/\/floraplus.net\/2022\/04\/14\/ihracat-artisina-yeni-yonetim\/2-18\/\"},{\"id\":6593,\"title\":\"kurul2\",\"url\":\"http:\/\/floraplus.net\/wp-content\/uploads\/2022\/04\/kurul2.jpg\",\"link\":\"http:\/\/floraplus.net\/2022\/04\/14\/ihracat-artisina-yeni-yonetim\/kurul2\/\",\"alt\":\"\",\"description\":\"\",\"caption\":\"\",\"mime\":\"image\/jpeg\",\"type\":\"image\",\"width\":1000,\"height\":666,\"sizes\":{\"thumbnail\":{\"height\":150,\"width\":150,\"url\":\"http:\/\/floraplus.net\/wp-content\/uploads\/2022\/04\/kurul2-150x150.jpg\",\"orientation\":\"landscape\"},\"medium\":{\"height\":200,\"width\":300,\"url\":\"http:\/\/floraplus.net\/wp-content\/uploads\/2022\/04\/kurul2-300x200.jpg\",\"orientation\":\"landscape\"},\"full\":{\"url\":\"http:\/\/floraplus.net\/wp-content\/uploads\/2022\/04\/kurul2.jpg\",\"height\":666,\"width\":1000,\"orientation\":\"landscape\"}},\"meta\":false,\"postlink\":\"http:\/\/floraplus.net\/2022\/04\/14\/ihracat-artisina-yeni-yonetim\/kurul2\/\"},{\"id\":6592,\"title\":\"kurul1\",\"url\":\"http:\/\/floraplus.net\/wp-content\/uploads\/2022\/04\/kurul1.jpg\",\"link\":\"http:\/\/floraplus.net\/2022\/04\/14\/ihracat-artisina-yeni-yonetim\/kurul1\/\",\"alt\":\"\",\"description\":\"\",\"caption\":\"\",\"mime\":\"image\/jpeg\",\"type\":\"image\",\"width\":1000,\"height\":666,\"sizes\":{\"thumbnail\":{\"height\":150,\"width\":150,\"url\":\"http:\/\/floraplus.net\/wp-content\/uploads\/2022\/04\/kurul1-150x150.jpg\",\"orientation\":\"landscape\"},\"medium\":{\"height\":200,\"width\":300,\"url\":\"http:\/\/floraplus.net\/wp-content\/uploads\/2022\/04\/kurul1-300x200.jpg\",\"orientation\":\"landscape\"},\"full\":{\"url\":\"http:\/\/floraplus.net\/wp-content\/uploads\/2022\/04\/kurul1.jpg\",\"height\":666,\"width\":1000,\"orientation\":\"landscape\"}},\"meta\":false,\"postlink\":\"http:\/\/floraplus.net\/2022\/04\/14\/ihracat-artisina-yeni-yonetim\/kurul1\/\"}],\"itemsMetaDataCollection\":[],\"galleryData\":\"{\\u0022copyRProtection\\u0022:false,\\u0022copyRAlert\\u0022:\\u0022Hello, this photo is mine!\\u0022,\\u0022sliderScrollNavi\\u0022:false,\\u0022sliderNextPrevAnimation\\u0022:\\u0022animation\\u0022,\\u0022galleryScrollPositionControll\\u0022:false,\\u0022sliderVideoAutoPlay\\u0022:false,\\u0022sliderVideoLoop\\u0022:false,\\u0022sliderItemCounterEnable\\u0022:true,\\u0022sliderCaptionSrc\\u0022:\\u0022caption\\u0022,\\u0022sliderItemTitleEnable\\u0022:false,\\u0022sliderItemTitleFontSize\\u0022:18,\\u0022sliderItemTitleTextColor\\u0022:\\u0022rgba(255,255,255,1)\\u0022,\\u0022itemCounterColor\\u0022:\\u0022rgba(255,255,255,1)\\u0022,\\u0022sliderThumbBarEnable\\u0022:true,\\u0022sliderThumbBarHoverColor\\u0022:\\u0022rgba(240,240,240,1)\\u0022,\\u0022sliderBgColor\\u0022:\\u0022rgba(0,0,0,0.8)\\u0022,\\u0022sliderPreloaderColor\\u0022:\\u0022rgba(240,240,240,1)\\u0022,\\u0022sliderHeaderFooterBgColor\\u0022:\\u0022rgba(0,0,0,0.4)\\u0022,\\u0022sliderNavigationColor\\u0022:\\u0022rgba(0,0,0,1)\\u0022,\\u0022sliderNavigationColorOver\\u0022:\\u0022rgba(255,255,255,1)\\u0022,\\u0022sliderNavigationIconColor\\u0022:\\u0022rgba(255,255,255,1)\\u0022,\\u0022sliderNavigationIconColorOver\\u0022:\\u0022rgba(0,0,0,1)\\u0022,\\u0022sliderSlideshow\\u0022:true,\\u0022sliderSlideshowDelay\\u0022:8,\\u0022slideshowIndicatorColor\\u0022:\\u0022rgba(255,255,255,1)\\u0022,\\u0022slideshowIndicatorColorBg\\u0022:\\u0022rgba(255,255,255,0.5)\\u0022,\\u0022sliderThumbSubMenuBackgroundColor\\u0022:\\u0022rgba(255,255,255,0)\\u0022,\\u0022sliderThumbSubMenuBackgroundColorOver\\u0022:\\u0022rgba(255,255,255,1)\\u0022,\\u0022sliderThumbSubMenuIconColor\\u0022:\\u0022rgba(255,255,255,1)\\u0022,\\u0022sliderThumbSubMenuIconHoverColor\\u0022:\\u0022rgba(0,0,0,1)\\u0022,\\u0022sliderSocialShareEnabled\\u0022:true,\\u0022sliderZoomEnable\\u0022:true,\\u0022sliderFullscreenEnabled\\u0022:true,\\u0022modaBgColor\\u0022:\\u0022rgba(0,0,0,0.8)\\u0022,\\u0022modalIconColor\\u0022:\\u0022rgba(255,255,255,1)\\u0022,\\u0022modalIconColorHover\\u0022:\\u0022rgba(255,255,255,0.8)\\u0022,\\u0022shareFacebook\\u0022:true,\\u0022shareTwitter\\u0022:true,\\u0022sharePinterest\\u0022:true,\\u0022sliderItemDownload\\u0022:true,\\u0022shareCopyLink\\u0022:true,\\u0022sharePost\\u0022:\\u0022sharelink\\u0022,\\u0022tagsFilter\\u0022:false,\\u0022tagCloudAll\\u0022:\\u0022All\\u0022,\\u0022tagCloudBgColor\\u0022:\\u0022rgba(153,153,153,1)\\u0022,\\u0022tagCloudBgColorOver\\u0022:\\u0022rgba(253,253,253,1)\\u0022,\\u0022tagCloudTextColor\\u0022:\\u0022rgba(253,253,253,1)\\u0022,\\u0022tagCloudTextColorOver\\u0022:\\u0022rgba(153,153,153,1)\\u0022,\\u0022tagCloudFontSize\\u0022:16,\\u0022deepLinking\\u0022:false,\\u0022useLightbox\\u0022:true,\\u0022thumbClickAction\\u0022:\\u0022useLightbox\\u0022,\\u0022numItemsDisplayed\\u0022:0,\\u0022lazyLoading\\u0022:true,\\u0022contentNoPadding\\u0022:false,\\u0022galleryPreloaderColor\\u0022:\\u0022rgba(230,230,230,1)\\u0022,\\u0022galleryBgColor\\u0022:\\u0022rgba(0,0,0,0)\\u0022,\\u0022galleryBorderRadius\\u0022:0,\\u0022customCSS\\u0022:\\u0022\\u0022,\\u0022collectionThumbRecomendedWidth\\u0022:200,\\u0022thumbSpacing\\u0022:5,\\u0022externalLink\\u0022:true,\\u0022externalLinkDefName\\u0022:\\u0022Read More\\u0022,\\u0022externalLinkTextColor\\u0022:\\u0022rgba(0,0,0,1)\\u0022,\\u0022externalLinkBgColor\\u0022:\\u0022rgba(255,255,255,1)\\u0022,\\u0022externalLinkFontSize\\u0022:18,\\u0022captions\\u0022:true,\\u0022captionSrc\\u0022:\\u0022caption\\u0022,\\u0022captionHAlign\\u0022:\\u0022top\\u0022,\\u0022collectionthumbHoverTitleFontSize\\u0022:18,\\u0022collectionthumbRoundedCorners\\u0022:0,\\u0022collectionthumbHoverTitleTextColor\\u0022:\\u0022rgba(255,255,255,1)\\u0022,\\u0022collectionthumbHoverTitleTextBgColor\\u0022:\\u0022rgba(0,0,0,0.8)\\u0022,\\u0022collectionthumbHoverBgColor\\u0022:\\u0022rgba(0,0,0,0.4)\\u0022,\\u0022collectionThumbSubMenuDownload\\u0022:true,\\u0022collectionThumbSubMenuShare\\u0022:true,\\u0022collectionThumbSubMenuBgColor\\u0022:\\u0022rgba(0,0,0,0.4)\\u0022,\\u0022collectionThumbSubMenuBgColorHover\\u0022:\\u0022rgba(255,255,255,1)\\u0022,\\u0022collectionThumbSubMenuIconColor\\u0022:\\u0022rgba(255,255,255,1)\\u0022,\\u0022collectionThumbSubMenuIconColorHover\\u0022:\\u0022rgba(0,0,0,1)\\u0022,\\u0022collectionthumbColorsFilter\\u0022:\\u0022none\\u0022,\\u0022sliderItemBgColor\\u0022:\\u0022rgba(0,0,0,0)\\u0022,\\u0022sliderItemBorderColor\\u0022:\\u0022rgba(255,255,255,1)\\u0022,\\u0022sliderItemBorderWidth\\u0022:0,\\u0022sliderItemFill\\u0022:\\u0022true\\u0022,\\u0022galleryType\\u0022:\\u0022pgc_sgb_slider\\u0022,\\u0022align\\u0022:\\u0022\\u0022,\\u0022galleryId\\u0022:\\u002206284194\\u0022,\\u0022tagsListCustomMode\\u0022:false,\\u0022initGalleryByFirstTag\\u0022:false,\\u0022deepLinkingForTag\\u0022:false,\\u0022galleryTagsList\\u0022:[],\\u0022useClobalSettings\\u0022:false,\\u0022orderBy\\u0022:\\u0022custom\\u0022,\\u0022sliderMaxHeight\\u0022:400,\\u0022sliderAdminWidth\\u0022:840,\\u0022responsiveHeight\\u0022:false,\\u0022collectionColumns\\u0022:3,\\u0022sliderAnimation\\u0022:\\u0022animation\\u0022,\\u0022sliderNextPrevNavigation\\u0022:true,\\u0022sliderNextPrevBgColor\\u0022:\\u0022rgba(255,255,255,1)\\u0022,\\u0022sliderNextPrevBgColorHover\\u0022:\\u0022rgba(0,0,0,1)\\u0022,\\u0022sliderNextPrevIconColor\\u0022:\\u0022rgba(0,0,0,1)\\u0022,\\u0022sliderNextPrevIconColorHover\\u0022:\\u0022rgba(255,255,255,1)\\u0022,\\u0022sliderThumbsNavi\\u0022:true,\\u0022sliderThumbsNaviColor\\u0022:\\u0022rgba(255,255,255,1)\\u0022,\\u0022sliderDotNavi\\u0022:false,\\u0022sliderDotNaviBgColor\\u0022:\\u0022rgba(0,0,0,.4)\\u0022,\\u0022sliderDotNaviBgColorHover\\u0022:\\u0022rgba(255,255,255,1)\\u0022,\\u0022autoPlay\\u0022:false,\\u0022autoPlayDelay\\u0022:4,\\u0022autoPlayMouseStoper\\u0022:true,\\u0022settingsModalIsOpen\\u0022:false}\",\"sliderAdminWidth\":840}<\/script><script>(function(){if(window.PGC_SGB && window.PGC_SGB.searcher){window.PGC_SGB.searcher.initBlocks()}})()<\/script><\/div>\n\n\n<p><strong>D\u00fcnya genelinde s\u00fcs bitkisi ticaret hacmi 43 milyar dolar\u0131n \u00fczerinde. Sekt\u00f6r\u00fcn ihracat\u0131 art\u0131yor, ithalat\u0131 azal\u0131yor. T\u00fcrkiye s\u00fcs bitkisi \u00fcretimi ve ticaretinde b\u00fcy\u00fck bir katma de\u011fer yaratmaya aday g\u00f6r\u00fcn\u00fcyor. Ekonomiye y\u00fcksek katma de\u011fer sa\u011flarken \u00f6nemli istihdam yarat\u0131yor.<\/strong><\/p>\n\n\n\n<p>Ge\u00e7ti\u011fimiz g\u00fcnlerde S\u00fcs Bitkileri ve Mamulleri \u0130hracat\u00e7\u0131lar Birli\u011fi, AIPH ve Floculture International Dergisi i\u015f birli\u011fi ile d\u00fczenlenen \u00e7evrimi\u00e7i bir seminerde \u201cT\u00fcrkiye\u2019den s\u00fcs bitkileri nas\u0131l tedarik edilir, ne ithal edilir?\u201d konusunu ele al\u0131nd\u0131. Floraplus Dergisi olarak takip etti\u011fimiz bu seminerden \u00f6nemli notlar\u0131 sizler i\u00e7in derledik.<\/p>\n\n\n\n<p>S\u00fcs bitkileri sekt\u00f6r\u00fcnde T\u00fcrkiye, son y\u0131llarda hem \u00fcretim hem ihracat a\u00e7\u0131s\u0131ndan b\u00fcy\u00fck bir geli\u015fim g\u00f6sterdi. Sekt\u00f6r, h\u0131z kesmeden b\u00fcy\u00fcmeye devam ediyor. \u00dcretimden ihracata kadar hemen her kademede sekt\u00f6r\u00fc desteklediklerini s\u00f6yleyen S\u00fcs Bitkileri ve Mamulleri \u0130hracat\u00e7\u0131lar Birli\u011fi Y\u00f6netim Kurulu Ba\u015fkan\u0131 \u0130smail Y\u0131lmaz: \u201c\u00dclkemiz iklimsel ve co\u011frafi avantajlar\u0131n\u0131n yan\u0131nda dinamik bir firma yap\u0131lanmas\u0131na da sahip. Sekt\u00f6r\u00fcm\u00fczde 300\u2019den fazla ihracat\u00e7\u0131 firmam\u0131z var. Sekt\u00f6r ihracat\u0131m\u0131z her y\u0131l art\u0131yor ve 2021 y\u0131l\u0131nda yakla\u015f\u0131k olarak 150 milyon dolarl\u0131k bir ihracat ger\u00e7ekle\u015ftirdik\u201d a\u00e7\u0131klamas\u0131n\u0131 yapt\u0131.<\/p>\n\n\n\n<h2 class=\"wp-block-heading\"><strong>1 milyar dolarl\u0131k \u00fcretim de\u011ferine sahip<\/strong><\/h2>\n\n\n\n<p>\u00dcr\u00fcn gruplar\u0131na g\u00f6re \u00fcretim alanlar\u0131na bak\u0131ld\u0131\u011f\u0131nda, y\u00fczde 73\u2019l\u00fck pay\u0131yla d\u0131\u015f mek\u00e2n s\u00fcs bitkileri \u00e7o\u011funlu\u011fu olu\u015fturuyor. Bunu s\u0131ras\u0131yla y\u00fczde 23 kesme \u00e7i\u00e7ek, y\u00fczde 3 i\u00e7 mek\u00e2n s\u00fcs bitkileri ve y\u00fczde 1 ile de \u00e7i\u00e7ek so\u011fan\u0131 izliyor. S\u00fcs bitkileri sekt\u00f6r\u00fc 80 bin do\u011frudan, 500 bin dolayl\u0131 istihdam ile 55 bin dekar alanda 1 milyar dolarl\u0131k \u00fcretim de\u011ferine sahip.<\/p>\n\n\n\n<p>Ge\u00e7ti\u011fimiz y\u0131l T\u00fcrk s\u00fcs bitkileri ihracat de\u011feri 147 milyon 634 bin dolard\u0131 ve toplam 79 \u00fclkeye ula\u015f\u0131ld\u0131. S\u00fcs bitkileri ihracat ve ithalat\u0131 hakk\u0131nda S\u00fcs Bitkileri ve Mamulleri \u0130hracat\u00e7\u0131lar Birli\u011fi Y\u00f6netim Kurulu \u00dcyesi Umut Sakarya, \u015fu bilgileri verdi: \u201c2020-2021 y\u0131l\u0131 ihracat\u0131na bak\u0131ld\u0131\u011f\u0131nda ana ihracat\u0131n canl\u0131 bitkiler k\u0131sm\u0131nda oldu\u011fu g\u00f6r\u00fcl\u00fcyor. \u0130hracatta ikinci olarak kesme \u00e7i\u00e7ek geliyor ve yosunlar ile \u00e7i\u00e7ek so\u011fanlar\u0131 sonras\u0131nda geliyor. \u0130hracat pazarlar\u0131na bak\u0131ld\u0131\u011f\u0131nda ise Hollanda liderlik ederek ilk s\u0131rada yer al\u0131yor. Ge\u00e7ti\u011fimiz sene T\u00fcrkiye\u2019nin s\u00fcs bitkilerinde toplam ithalat\u0131 ise 53 milyon dolard\u0131. Hollanda bu ithalat\u0131n ba\u015f\u0131nda yer al\u0131yor. Sonras\u0131nda ise \u0130talya, Fransa, \u00c7in, \u0130spanya, Almanya, Costa Rika ve Kenya geliyor. Hollanda, Costa Rika ve \u00c7in\u2019den kesme \u00e7i\u00e7ek ithal ederken di\u011ferlerinden ise daha \u00e7ok d\u0131\u015f mek\u00e2n s\u00fcs bitkileri al\u0131yoruz.&#8221;<\/p>\n\n\n\n<figure class=\"wp-block-image size-full is-resized\"><img loading=\"lazy\" decoding=\"async\" src=\"http:\/\/floraplus.net\/wp-content\/uploads\/2022\/04\/plant-import.png\" alt=\"\" class=\"wp-image-6572\" width=\"840\" height=\"495\"\/><figcaption><strong>2021 y\u0131l\u0131nda yap\u0131lan s\u00fcs bitkileri ithalat\u0131 tablosu (\u00fclkeler ve \u00fcretim gruplar\u0131)<\/strong><\/figcaption><\/figure>\n\n\n\n<figure class=\"wp-block-image size-full\"><img decoding=\"async\" src=\"http:\/\/floraplus.net\/wp-content\/uploads\/2022\/04\/ornamental-plant-export-2020-2021.png\" alt=\"\" class=\"wp-image-6571\"\/><figcaption><strong>2021 y\u0131l\u0131nda yap\u0131lan s\u00fcs bitkileri ihracat\u0131 tablosu (\u00fcr\u00fcn gruplar\u0131)<\/strong><\/figcaption><\/figure>\n\n\n\n<h2 class=\"wp-block-heading\"><strong>Sekt\u00f6rde karbon ayak izi \u00e7ok fazla!<\/strong><\/h2>\n\n\n\n<p>\u0130klim krizi ile daha da \u00f6nemli hale gelen sekt\u00f6r\u00fcn bir ba\u015fka kolu olan s\u00fcrd\u00fcr\u00fclebilirlik, geli\u015fmi\u015f \u00fclkelerin \u00f6nem verdi\u011fi bir alan. Sand\u0131\u011f\u0131m\u0131z\u0131n aksine bah\u00e7ecilikte de karbon ayak izlerine s\u0131k\u00e7a rastlamak \u00e7ok m\u00fcmk\u00fcn. Fidanl\u0131ktan tohuma, perakende sat\u0131\u015ftan t\u00fcketiciye kadar tedarik zinciri boyunca karbon ayak izlerini bulabilirsiniz. Yeti\u015ftirilen \u00e7i\u00e7eklerde su t\u00fcketiminin fazla olmas\u0131, seralarda yeti\u015ftirilen bitkilerin karbon ayak izleri ve tedarik zincirlerindeki uygulamalar gibi konular\u0131n ele al\u0131narak, iklim de\u011fi\u015fikli\u011finin daha da hissedilir oldu\u011fu bug\u00fcnlerde tekrar g\u00f6zden ge\u00e7irilmesi ve \u00e7evreci \u00e7\u00f6z\u00fcmlerin \u00f6nerilmesini g\u00fcndeme getiriyor.<\/p>\n\n\n\n<p>Bu noktada sekt\u00f6r\u00fcn \u00f6zellikle perakende tedarik zinciri k\u0131sm\u0131nda ya\u015fanan \u00e7evresel zorluklar\u0131n, karbon ayak izlerinin ve k\u00f6t\u00fc \u00e7al\u0131\u015fma \u015fartlar\u0131n\u0131n iyile\u015ftirilmesi gerekti\u011fine dikkat \u00e7eken \u0130ngiltere Coventry \u00dcniversitesi S\u00fcrd\u00fcr\u00fclebilir Ekonomiler B\u00f6l\u00fcm\u00fc \u00d6\u011fretim G\u00f6revlisi Dr. David Bek, bununla ilgili Avrupa Komisyonu\u2019ndan ge\u00e7en bir yasa teklifinin oldu\u011fu bilgisini verdi. Beck, sekt\u00f6r\u00fcn lojistik aya\u011f\u0131yla ilgili ise deniz ta\u015f\u0131mac\u0131l\u0131\u011f\u0131n\u0131n %84 ila 95 oran\u0131nda karbon emisyonunu azaltt\u0131\u011f\u0131na dikkat \u00e7ekti.<\/p>\n\n\n\n<figure class=\"wp-block-image size-full\"><img decoding=\"async\" src=\"http:\/\/floraplus.net\/wp-content\/uploads\/2022\/04\/carbon.png\" alt=\"\" class=\"wp-image-6570\"\/><\/figure>\n","protected":false},"excerpt":{"rendered":"<p>D\u00fcnya genelinde s\u00fcs bitkisi ticaret hacmi 43 milyar dolar\u0131n \u00fczerinde. Sekt\u00f6r\u00fcn ihracat\u0131 art\u0131yor, ithalat\u0131 azal\u0131yor.<\/p>\n","protected":false},"author":3,"featured_media":6593,"comment_status":"open","ping_status":"open","sticky":false,"template":"","format":"standard","meta":{"pgc_sgb_lightbox_settings":"","cybocfi_hide_featured_image":"","footnotes":""},"categories":[1,225],"tags":[1437,1441,1442,1440],"class_list":["post-6567","post","type-post","status-publish","format-standard","has-post-thumbnail","hentry","category-genel","category-haberler","tag-ihracat-2","tag-ithalat-2","tag-karbon-ayakizi","tag-sektor"],"yoast_head":"<!-- This site is optimized with the Yoast SEO Premium plugin v25.4 (Yoast SEO v25.4) - https:\/\/yoast.com\/wordpress\/plugins\/seo\/ -->\n<title>S\u00fcs bitkileri sekt\u00f6r\u00fcnde neler oluyor? - Floraplus<\/title>\n<meta name=\"robots\" content=\"index, follow, max-snippet:-1, max-image-preview:large, max-video-preview:-1\" \/>\n<link rel=\"canonical\" href=\"http:\/\/floraplus.net\/tr_tr\/2022\/04\/14\/sus-bitkileri-sektorunde-neler-oluyor\/\" \/>\n<meta property=\"og:locale\" content=\"tr_TR\" \/>\n<meta property=\"og:type\" content=\"article\" \/>\n<meta property=\"og:title\" content=\"S\u00fcs bitkileri sekt\u00f6r\u00fcnde neler oluyor?\" \/>\n<meta property=\"og:description\" content=\"D\u00fcnya genelinde s\u00fcs bitkisi ticaret hacmi 43 milyar dolar\u0131n \u00fczerinde. Sekt\u00f6r\u00fcn ihracat\u0131 art\u0131yor, ithalat\u0131 azal\u0131yor.\" \/>\n<meta property=\"og:url\" content=\"http:\/\/floraplus.net\/tr_tr\/2022\/04\/14\/sus-bitkileri-sektorunde-neler-oluyor\/\" \/>\n<meta property=\"og:site_name\" content=\"Floraplus\" \/>\n<meta property=\"article:publisher\" content=\"https:\/\/www.facebook.com\/floraplusdergisi\" \/>\n<meta property=\"article:published_time\" content=\"2022-04-14T08:10:49+00:00\" \/>\n<meta property=\"article:modified_time\" content=\"2022-04-14T15:11:37+00:00\" \/>\n<meta property=\"og:image\" content=\"https:\/\/floraplus.net\/wp-content\/uploads\/2022\/04\/kurul2.jpg\" \/>\n\t<meta property=\"og:image:width\" content=\"1000\" \/>\n\t<meta property=\"og:image:height\" content=\"666\" \/>\n\t<meta property=\"og:image:type\" content=\"image\/jpeg\" \/>\n<meta name=\"twitter:card\" content=\"summary_large_image\" \/>\n<meta name=\"twitter:label1\" content=\"Yazan:\" \/>\n\t<meta name=\"twitter:data1\" content=\"\" \/>\n\t<meta name=\"twitter:label2\" content=\"Tahmini okuma s\u00fcresi\" \/>\n\t<meta name=\"twitter:data2\" content=\"4 dakika\" \/>\n<script type=\"application\/ld+json\" class=\"yoast-schema-graph\">{\"@context\":\"https:\/\/schema.org\",\"@graph\":[{\"@type\":\"Article\",\"@id\":\"http:\/\/floraplus.net\/tr_tr\/2022\/04\/14\/sus-bitkileri-sektorunde-neler-oluyor\/#article\",\"isPartOf\":{\"@id\":\"http:\/\/floraplus.net\/tr_tr\/2022\/04\/14\/sus-bitkileri-sektorunde-neler-oluyor\/\"},\"author\":{\"name\":\"\",\"@id\":\"\"},\"headline\":\"S\u00fcs bitkileri sekt\u00f6r\u00fcnde neler oluyor?\",\"datePublished\":\"2022-04-14T08:10:49+00:00\",\"dateModified\":\"2022-04-14T15:11:37+00:00\",\"mainEntityOfPage\":{\"@id\":\"http:\/\/floraplus.net\/tr_tr\/2022\/04\/14\/sus-bitkileri-sektorunde-neler-oluyor\/\"},\"wordCount\":728,\"commentCount\":0,\"publisher\":{\"@id\":\"https:\/\/floraplus.net\/en\/#organization\"},\"image\":{\"@id\":\"http:\/\/floraplus.net\/tr_tr\/2022\/04\/14\/sus-bitkileri-sektorunde-neler-oluyor\/#primaryimage\"},\"thumbnailUrl\":\"https:\/\/floraplus.net\/wp-content\/uploads\/2022\/04\/kurul2.jpg\",\"keywords\":[\"ihracat\",\"ithalat\",\"karbon ayakizi\",\"sekt\u00f6r\"],\"articleSection\":{\"1\":\"Haberler\"},\"inLanguage\":\"tr\",\"potentialAction\":[{\"@type\":\"CommentAction\",\"name\":\"Comment\",\"target\":[\"http:\/\/floraplus.net\/tr_tr\/2022\/04\/14\/sus-bitkileri-sektorunde-neler-oluyor\/#respond\"]}]},{\"@type\":\"WebPage\",\"@id\":\"http:\/\/floraplus.net\/tr_tr\/2022\/04\/14\/sus-bitkileri-sektorunde-neler-oluyor\/\",\"url\":\"http:\/\/floraplus.net\/tr_tr\/2022\/04\/14\/sus-bitkileri-sektorunde-neler-oluyor\/\",\"name\":\"S\u00fcs bitkileri sekt\u00f6r\u00fcnde neler oluyor? - Floraplus\",\"isPartOf\":{\"@id\":\"https:\/\/floraplus.net\/en\/#website\"},\"primaryImageOfPage\":{\"@id\":\"http:\/\/floraplus.net\/tr_tr\/2022\/04\/14\/sus-bitkileri-sektorunde-neler-oluyor\/#primaryimage\"},\"image\":{\"@id\":\"http:\/\/floraplus.net\/tr_tr\/2022\/04\/14\/sus-bitkileri-sektorunde-neler-oluyor\/#primaryimage\"},\"thumbnailUrl\":\"https:\/\/floraplus.net\/wp-content\/uploads\/2022\/04\/kurul2.jpg\",\"datePublished\":\"2022-04-14T08:10:49+00:00\",\"dateModified\":\"2022-04-14T15:11:37+00:00\",\"breadcrumb\":{\"@id\":\"http:\/\/floraplus.net\/tr_tr\/2022\/04\/14\/sus-bitkileri-sektorunde-neler-oluyor\/#breadcrumb\"},\"inLanguage\":\"tr\",\"potentialAction\":[{\"@type\":\"ReadAction\",\"target\":[\"http:\/\/floraplus.net\/tr_tr\/2022\/04\/14\/sus-bitkileri-sektorunde-neler-oluyor\/\"]}]},{\"@type\":\"ImageObject\",\"inLanguage\":\"tr\",\"@id\":\"http:\/\/floraplus.net\/tr_tr\/2022\/04\/14\/sus-bitkileri-sektorunde-neler-oluyor\/#primaryimage\",\"url\":\"https:\/\/floraplus.net\/wp-content\/uploads\/2022\/04\/kurul2.jpg\",\"contentUrl\":\"https:\/\/floraplus.net\/wp-content\/uploads\/2022\/04\/kurul2.jpg\",\"width\":1000,\"height\":666},{\"@type\":\"BreadcrumbList\",\"@id\":\"http:\/\/floraplus.net\/tr_tr\/2022\/04\/14\/sus-bitkileri-sektorunde-neler-oluyor\/#breadcrumb\",\"itemListElement\":[{\"@type\":\"ListItem\",\"position\":1,\"name\":\"Home\",\"item\":\"https:\/\/floraplus.net\/en\/\"},{\"@type\":\"ListItem\",\"position\":2,\"name\":\"S\u00fcs bitkileri sekt\u00f6r\u00fcnde neler oluyor?\"}]},{\"@type\":\"WebSite\",\"@id\":\"https:\/\/floraplus.net\/en\/#website\",\"url\":\"https:\/\/floraplus.net\/en\/\",\"name\":\"Floraplus\",\"description\":\"Peyzaj, peyzaj mimarl\u0131\u011f\u0131, peyzaj bitkileri, s\u00fcs ve bah\u00e7e\u00a0bitkileri\",\"publisher\":{\"@id\":\"https:\/\/floraplus.net\/en\/#organization\"},\"potentialAction\":[{\"@type\":\"SearchAction\",\"target\":{\"@type\":\"EntryPoint\",\"urlTemplate\":\"https:\/\/floraplus.net\/en\/?s={search_term_string}\"},\"query-input\":{\"@type\":\"PropertyValueSpecification\",\"valueRequired\":true,\"valueName\":\"search_term_string\"}}],\"inLanguage\":\"tr\"},{\"@type\":\"Organization\",\"@id\":\"https:\/\/floraplus.net\/en\/#organization\",\"name\":\"Floraplus\",\"url\":\"https:\/\/floraplus.net\/en\/\",\"logo\":{\"@type\":\"ImageObject\",\"inLanguage\":\"tr\",\"@id\":\"https:\/\/floraplus.net\/en\/#\/schema\/logo\/image\/\",\"url\":\"https:\/\/floraplus.net\/wp-content\/uploads\/2021\/08\/logo-e1627994475388.png\",\"contentUrl\":\"https:\/\/floraplus.net\/wp-content\/uploads\/2021\/08\/logo-e1627994475388.png\",\"width\":251,\"height\":81,\"caption\":\"Floraplus\"},\"image\":{\"@id\":\"https:\/\/floraplus.net\/en\/#\/schema\/logo\/image\/\"},\"sameAs\":[\"https:\/\/www.facebook.com\/floraplusdergisi\",\"https:\/\/www.instagram.com\/floraplusdergisi\/\"]},{\"@type\":\"Person\",\"@id\":\"\",\"url\":\"https:\/\/floraplus.net\/tr_tr\/author\/\"}]}<\/script>\n<!-- \/ Yoast SEO Premium plugin. -->","yoast_head_json":{"title":"S\u00fcs bitkileri sekt\u00f6r\u00fcnde neler oluyor? - Floraplus","robots":{"index":"index","follow":"follow","max-snippet":"max-snippet:-1","max-image-preview":"max-image-preview:large","max-video-preview":"max-video-preview:-1"},"canonical":"http:\/\/floraplus.net\/tr_tr\/2022\/04\/14\/sus-bitkileri-sektorunde-neler-oluyor\/","og_locale":"tr_TR","og_type":"article","og_title":"S\u00fcs bitkileri sekt\u00f6r\u00fcnde neler oluyor?","og_description":"D\u00fcnya genelinde s\u00fcs bitkisi ticaret hacmi 43 milyar dolar\u0131n \u00fczerinde. Sekt\u00f6r\u00fcn ihracat\u0131 art\u0131yor, ithalat\u0131 azal\u0131yor.","og_url":"http:\/\/floraplus.net\/tr_tr\/2022\/04\/14\/sus-bitkileri-sektorunde-neler-oluyor\/","og_site_name":"Floraplus","article_publisher":"https:\/\/www.facebook.com\/floraplusdergisi","article_published_time":"2022-04-14T08:10:49+00:00","article_modified_time":"2022-04-14T15:11:37+00:00","og_image":[{"width":1000,"height":666,"url":"https:\/\/floraplus.net\/wp-content\/uploads\/2022\/04\/kurul2.jpg","type":"image\/jpeg"}],"twitter_card":"summary_large_image","twitter_misc":{"Yazan:":"","Tahmini okuma s\u00fcresi":"4 dakika"},"schema":{"@context":"https:\/\/schema.org","@graph":[{"@type":"Article","@id":"http:\/\/floraplus.net\/tr_tr\/2022\/04\/14\/sus-bitkileri-sektorunde-neler-oluyor\/#article","isPartOf":{"@id":"http:\/\/floraplus.net\/tr_tr\/2022\/04\/14\/sus-bitkileri-sektorunde-neler-oluyor\/"},"author":{"name":"","@id":""},"headline":"S\u00fcs bitkileri sekt\u00f6r\u00fcnde neler oluyor?","datePublished":"2022-04-14T08:10:49+00:00","dateModified":"2022-04-14T15:11:37+00:00","mainEntityOfPage":{"@id":"http:\/\/floraplus.net\/tr_tr\/2022\/04\/14\/sus-bitkileri-sektorunde-neler-oluyor\/"},"wordCount":728,"commentCount":0,"publisher":{"@id":"https:\/\/floraplus.net\/en\/#organization"},"image":{"@id":"http:\/\/floraplus.net\/tr_tr\/2022\/04\/14\/sus-bitkileri-sektorunde-neler-oluyor\/#primaryimage"},"thumbnailUrl":"https:\/\/floraplus.net\/wp-content\/uploads\/2022\/04\/kurul2.jpg","keywords":["ihracat","ithalat","karbon ayakizi","sekt\u00f6r"],"articleSection":{"1":"Haberler"},"inLanguage":"tr","potentialAction":[{"@type":"CommentAction","name":"Comment","target":["http:\/\/floraplus.net\/tr_tr\/2022\/04\/14\/sus-bitkileri-sektorunde-neler-oluyor\/#respond"]}]},{"@type":"WebPage","@id":"http:\/\/floraplus.net\/tr_tr\/2022\/04\/14\/sus-bitkileri-sektorunde-neler-oluyor\/","url":"http:\/\/floraplus.net\/tr_tr\/2022\/04\/14\/sus-bitkileri-sektorunde-neler-oluyor\/","name":"S\u00fcs bitkileri sekt\u00f6r\u00fcnde neler oluyor? - Floraplus","isPartOf":{"@id":"https:\/\/floraplus.net\/en\/#website"},"primaryImageOfPage":{"@id":"http:\/\/floraplus.net\/tr_tr\/2022\/04\/14\/sus-bitkileri-sektorunde-neler-oluyor\/#primaryimage"},"image":{"@id":"http:\/\/floraplus.net\/tr_tr\/2022\/04\/14\/sus-bitkileri-sektorunde-neler-oluyor\/#primaryimage"},"thumbnailUrl":"https:\/\/floraplus.net\/wp-content\/uploads\/2022\/04\/kurul2.jpg","datePublished":"2022-04-14T08:10:49+00:00","dateModified":"2022-04-14T15:11:37+00:00","breadcrumb":{"@id":"http:\/\/floraplus.net\/tr_tr\/2022\/04\/14\/sus-bitkileri-sektorunde-neler-oluyor\/#breadcrumb"},"inLanguage":"tr","potentialAction":[{"@type":"ReadAction","target":["http:\/\/floraplus.net\/tr_tr\/2022\/04\/14\/sus-bitkileri-sektorunde-neler-oluyor\/"]}]},{"@type":"ImageObject","inLanguage":"tr","@id":"http:\/\/floraplus.net\/tr_tr\/2022\/04\/14\/sus-bitkileri-sektorunde-neler-oluyor\/#primaryimage","url":"https:\/\/floraplus.net\/wp-content\/uploads\/2022\/04\/kurul2.jpg","contentUrl":"https:\/\/floraplus.net\/wp-content\/uploads\/2022\/04\/kurul2.jpg","width":1000,"height":666},{"@type":"BreadcrumbList","@id":"http:\/\/floraplus.net\/tr_tr\/2022\/04\/14\/sus-bitkileri-sektorunde-neler-oluyor\/#breadcrumb","itemListElement":[{"@type":"ListItem","position":1,"name":"Home","item":"https:\/\/floraplus.net\/en\/"},{"@type":"ListItem","position":2,"name":"S\u00fcs bitkileri sekt\u00f6r\u00fcnde neler oluyor?"}]},{"@type":"WebSite","@id":"https:\/\/floraplus.net\/en\/#website","url":"https:\/\/floraplus.net\/en\/","name":"Floraplus","description":"Peyzaj, peyzaj mimarl\u0131\u011f\u0131, peyzaj bitkileri, s\u00fcs ve bah\u00e7e\u00a0bitkileri","publisher":{"@id":"https:\/\/floraplus.net\/en\/#organization"},"potentialAction":[{"@type":"SearchAction","target":{"@type":"EntryPoint","urlTemplate":"https:\/\/floraplus.net\/en\/?s={search_term_string}"},"query-input":{"@type":"PropertyValueSpecification","valueRequired":true,"valueName":"search_term_string"}}],"inLanguage":"tr"},{"@type":"Organization","@id":"https:\/\/floraplus.net\/en\/#organization","name":"Floraplus","url":"https:\/\/floraplus.net\/en\/","logo":{"@type":"ImageObject","inLanguage":"tr","@id":"https:\/\/floraplus.net\/en\/#\/schema\/logo\/image\/","url":"https:\/\/floraplus.net\/wp-content\/uploads\/2021\/08\/logo-e1627994475388.png","contentUrl":"https:\/\/floraplus.net\/wp-content\/uploads\/2021\/08\/logo-e1627994475388.png","width":251,"height":81,"caption":"Floraplus"},"image":{"@id":"https:\/\/floraplus.net\/en\/#\/schema\/logo\/image\/"},"sameAs":["https:\/\/www.facebook.com\/floraplusdergisi","https:\/\/www.instagram.com\/floraplusdergisi\/"]},{"@type":"Person","@id":"","url":"https:\/\/floraplus.net\/tr_tr\/author\/"}]}},"_links":{"self":[{"href":"https:\/\/floraplus.net\/tr_tr\/wp-json\/wp\/v2\/posts\/6567","targetHints":{"allow":["GET"]}}],"collection":[{"href":"https:\/\/floraplus.net\/tr_tr\/wp-json\/wp\/v2\/posts"}],"about":[{"href":"https:\/\/floraplus.net\/tr_tr\/wp-json\/wp\/v2\/types\/post"}],"author":[{"embeddable":true,"href":"https:\/\/floraplus.net\/tr_tr\/wp-json\/wp\/v2\/users\/3"}],"replies":[{"embeddable":true,"href":"https:\/\/floraplus.net\/tr_tr\/wp-json\/wp\/v2\/comments?post=6567"}],"version-history":[{"count":3,"href":"https:\/\/floraplus.net\/tr_tr\/wp-json\/wp\/v2\/posts\/6567\/revisions"}],"predecessor-version":[{"id":6601,"href":"https:\/\/floraplus.net\/tr_tr\/wp-json\/wp\/v2\/posts\/6567\/revisions\/6601"}],"wp:featuredmedia":[{"embeddable":true,"href":"https:\/\/floraplus.net\/tr_tr\/wp-json\/wp\/v2\/media\/6593"}],"wp:attachment":[{"href":"https:\/\/floraplus.net\/tr_tr\/wp-json\/wp\/v2\/media?parent=6567"}],"wp:term":[{"taxonomy":"category","embeddable":true,"href":"https:\/\/floraplus.net\/tr_tr\/wp-json\/wp\/v2\/categories?post=6567"},{"taxonomy":"post_tag","embeddable":true,"href":"https:\/\/floraplus.net\/tr_tr\/wp-json\/wp\/v2\/tags?post=6567"}],"curies":[{"name":"wp","href":"https:\/\/api.w.org\/{rel}","templated":true}]}}