{"id":6691,"date":"2022-08-25T14:00:56","date_gmt":"2022-08-25T11:00:56","guid":{"rendered":"http:\/\/floraplus.net\/?p=6691"},"modified":"2022-08-25T14:00:58","modified_gmt":"2022-08-25T11:00:58","slug":"peyzaj-istanbul-peyzaj-turkiyedir","status":"publish","type":"post","link":"https:\/\/floraplus.net\/tr_tr\/2022\/08\/25\/peyzaj-istanbul-peyzaj-turkiyedir\/","title":{"rendered":"Peyzaj \u0130stanbul peyzaj T\u00fcrkiye\u2019dir\u2026"},"content":{"rendered":"\n<p><strong>Yenilenen bilgiler yakla\u015fan iklim felaketine kar\u015f\u0131 uyar\u0131c\u0131, d\u00f6n\u00fc\u015ft\u00fcr\u00fcc\u00fc bir rol oynamal\u0131\u2026 \u00dclkemizdeki b\u00fct\u00fcn yerel karar vericileri, tasar\u0131m ve uygulamac\u0131lar\u0131 hatta e\u011fitim kurumlar\u0131n\u0131 \u015fimdiden Peyzaj \u0130stanbul\u2019a davet ediyoruz!<\/strong><\/p>\n\n\n\n<p>\u0130stanbul\u2019da yap\u0131lan her peyzaj uygulamas\u0131 di\u011fer \u015fehirleri de etkiledi. \u015eehir giri\u015fleri, \u015fevler, ref\u00fcjler mevsimlik ve renkli \u00e7al\u0131larla doldu ta\u015ft\u0131. Dikey bah\u00e7eler abart\u0131ld\u0131. Bu abart\u0131 \u00fcreticilerin, sekt\u00f6r\u00fcn dengesini bozdu. Herkes abart\u0131n\u0131n amac\u0131n\u0131 iyi biliyordu. Bug\u00fcn sekt\u00f6rdeki \u201cta\u015flar yerine oturuyor\u201d. Artan maliyetlere, finansman ve kredisizli\u011fe ra\u011fmen yeti\u015ftiriciler ihracata d\u00f6n\u00fck \u00fcretimi s\u00fcrd\u00fcr\u00fcyor.<\/p>\n\n\n\n<p>\u015eehirlerde ki\u015fi ba\u015f\u0131na d\u00fc\u015fen aktif ye\u015fil alan\u0131 artt\u0131rmak\u2026 \u0130klim krizinin tetikledi\u011fi kentsel \u0131s\u0131 adas\u0131 art\u0131\u015f\u0131n\u0131 azaltmak\u2026 B\u00fct\u00fcn canl\u0131lar ve yaban hayat\u0131n\u0131n devam\u0131n\u0131 sa\u011flayan yap\u0131l\u0131 peyzaj tercihlerini \u00f6ne almak \u015fart art\u0131k! \u0130BB Park Bah\u00e7eler ve Ye\u015fil Alanlar Dairesi\u2019nde biriken yeni bilgiler ve veriler fuar boyunca bu konular\u0131n g\u00fcndemde olaca\u011f\u0131n\u0131 g\u00f6steriyor.<\/p>\n\n\n\n<p>Yeni bilgilerin yakla\u015fan iklim felaketine kar\u015f\u0131 uyar\u0131c\u0131, d\u00f6n\u00fc\u015ft\u00fcr\u00fcc\u00fc bir rol oynayabilmesi i\u00e7in \u00fclkemizdeki b\u00fct\u00fcn yerel karar vericileri, tasar\u0131m ve uygulamac\u0131lar\u0131 hatta e\u011fitim kurumlar\u0131n\u0131 \u015fimdiden Peyzaj \u0130stanbul\u2019a davet ediyoruz!<\/p>\n","protected":false},"excerpt":{"rendered":"<p>Yenilenen bilgiler yakla\u015fan iklim felaketine kar\u015f\u0131 uyar\u0131c\u0131, d\u00f6n\u00fc\u015ft\u00fcr\u00fcc\u00fc bir rol oynamal\u0131\u2026 \u00dclkemizdeki b\u00fct\u00fcn yerel karar<\/p>\n","protected":false},"author":1,"featured_media":6692,"comment_status":"open","ping_status":"open","sticky":false,"template":"","format":"standard","meta":{"pgc_sgb_lightbox_settings":"","cybocfi_hide_featured_image":"","footnotes":""},"categories":[1,1429,225,1431],"tags":[665,1479,1480,1477,1087,1478,1465],"class_list":["post-6691","post","type-post","status-publish","format-standard","has-post-thumbnail","hentry","category-genel","category-guncel","category-haberler","category-slider","tag-fuar","tag-ibb","tag-ibb-park-bahceler-dairesi","tag-istanbul-peyzaj","tag-peyzaj","tag-peyzaj-fuari","tag-peyzaj-istanbul-fuari"],"yoast_head":"<!-- This site is optimized with the Yoast SEO Premium plugin v25.4 (Yoast SEO v25.4) - https:\/\/yoast.com\/wordpress\/plugins\/seo\/ -->\n<title>Peyzaj \u0130stanbul peyzaj T\u00fcrkiye\u2019dir\u2026 - Floraplus<\/title>\n<meta name=\"robots\" content=\"index, follow, max-snippet:-1, max-image-preview:large, max-video-preview:-1\" \/>\n<link rel=\"canonical\" href=\"https:\/\/floraplus.net\/tr_tr\/2022\/08\/25\/peyzaj-istanbul-peyzaj-turkiyedir\/\" \/>\n<meta property=\"og:locale\" content=\"tr_TR\" \/>\n<meta property=\"og:type\" content=\"article\" \/>\n<meta property=\"og:title\" content=\"Peyzaj \u0130stanbul peyzaj T\u00fcrkiye\u2019dir\u2026\" \/>\n<meta property=\"og:description\" content=\"Yenilenen bilgiler yakla\u015fan iklim felaketine kar\u015f\u0131 uyar\u0131c\u0131, d\u00f6n\u00fc\u015ft\u00fcr\u00fcc\u00fc bir rol oynamal\u0131\u2026 \u00dclkemizdeki b\u00fct\u00fcn yerel karar\" \/>\n<meta property=\"og:url\" content=\"https:\/\/floraplus.net\/tr_tr\/2022\/08\/25\/peyzaj-istanbul-peyzaj-turkiyedir\/\" \/>\n<meta property=\"og:site_name\" content=\"Floraplus\" \/>\n<meta property=\"article:publisher\" content=\"https:\/\/www.facebook.com\/floraplusdergisi\" \/>\n<meta property=\"article:published_time\" content=\"2022-08-25T11:00:56+00:00\" \/>\n<meta property=\"article:modified_time\" content=\"2022-08-25T11:00:58+00:00\" \/>\n<meta property=\"og:image\" content=\"https:\/\/floraplus.net\/wp-content\/uploads\/2022\/08\/WhatsApp-Image-2022-08-25-at-13.55.02.jpeg\" \/>\n\t<meta property=\"og:image:width\" content=\"1080\" \/>\n\t<meta property=\"og:image:height\" content=\"1080\" \/>\n\t<meta property=\"og:image:type\" content=\"image\/jpeg\" \/>\n<meta name=\"author\" content=\"floraplus_admin\" \/>\n<meta name=\"twitter:card\" content=\"summary_large_image\" \/>\n<meta name=\"twitter:label1\" content=\"Yazan:\" \/>\n\t<meta name=\"twitter:data1\" content=\"floraplus_admin\" \/>\n\t<meta name=\"twitter:label2\" content=\"Tahmini okuma s\u00fcresi\" \/>\n\t<meta name=\"twitter:data2\" content=\"1 dakika\" \/>\n<script type=\"application\/ld+json\" class=\"yoast-schema-graph\">{\"@context\":\"https:\/\/schema.org\",\"@graph\":[{\"@type\":\"Article\",\"@id\":\"https:\/\/floraplus.net\/tr_tr\/2022\/08\/25\/peyzaj-istanbul-peyzaj-turkiyedir\/#article\",\"isPartOf\":{\"@id\":\"https:\/\/floraplus.net\/tr_tr\/2022\/08\/25\/peyzaj-istanbul-peyzaj-turkiyedir\/\"},\"author\":{\"name\":\"floraplus_admin\",\"@id\":\"https:\/\/floraplus.net\/en\/#\/schema\/person\/7263fcd2e50448ecd875951558a1f277\"},\"headline\":\"Peyzaj \u0130stanbul peyzaj T\u00fcrkiye\u2019dir\u2026\",\"datePublished\":\"2022-08-25T11:00:56+00:00\",\"dateModified\":\"2022-08-25T11:00:58+00:00\",\"mainEntityOfPage\":{\"@id\":\"https:\/\/floraplus.net\/tr_tr\/2022\/08\/25\/peyzaj-istanbul-peyzaj-turkiyedir\/\"},\"wordCount\":234,\"commentCount\":0,\"publisher\":{\"@id\":\"https:\/\/floraplus.net\/en\/#organization\"},\"image\":{\"@id\":\"https:\/\/floraplus.net\/tr_tr\/2022\/08\/25\/peyzaj-istanbul-peyzaj-turkiyedir\/#primaryimage\"},\"thumbnailUrl\":\"https:\/\/floraplus.net\/wp-content\/uploads\/2022\/08\/WhatsApp-Image-2022-08-25-at-13.55.02.jpeg\",\"keywords\":[\"fuar\",\"\u0130BB\",\"\u0130BB park bah\u00e7eler dairesi\",\"istanbul peyzaj\",\"Peyzaj\",\"peyzaj fuar\u0131\",\"peyzaj istanbul fuar\u0131\"],\"articleSection\":{\"1\":\"G\u00fcncel\",\"2\":\"Haberler\",\"3\":\"Slider\"},\"inLanguage\":\"tr\",\"potentialAction\":[{\"@type\":\"CommentAction\",\"name\":\"Comment\",\"target\":[\"https:\/\/floraplus.net\/tr_tr\/2022\/08\/25\/peyzaj-istanbul-peyzaj-turkiyedir\/#respond\"]}]},{\"@type\":\"WebPage\",\"@id\":\"https:\/\/floraplus.net\/tr_tr\/2022\/08\/25\/peyzaj-istanbul-peyzaj-turkiyedir\/\",\"url\":\"https:\/\/floraplus.net\/tr_tr\/2022\/08\/25\/peyzaj-istanbul-peyzaj-turkiyedir\/\",\"name\":\"Peyzaj \u0130stanbul peyzaj T\u00fcrkiye\u2019dir\u2026 - Floraplus\",\"isPartOf\":{\"@id\":\"https:\/\/floraplus.net\/en\/#website\"},\"primaryImageOfPage\":{\"@id\":\"https:\/\/floraplus.net\/tr_tr\/2022\/08\/25\/peyzaj-istanbul-peyzaj-turkiyedir\/#primaryimage\"},\"image\":{\"@id\":\"https:\/\/floraplus.net\/tr_tr\/2022\/08\/25\/peyzaj-istanbul-peyzaj-turkiyedir\/#primaryimage\"},\"thumbnailUrl\":\"https:\/\/floraplus.net\/wp-content\/uploads\/2022\/08\/WhatsApp-Image-2022-08-25-at-13.55.02.jpeg\",\"datePublished\":\"2022-08-25T11:00:56+00:00\",\"dateModified\":\"2022-08-25T11:00:58+00:00\",\"breadcrumb\":{\"@id\":\"https:\/\/floraplus.net\/tr_tr\/2022\/08\/25\/peyzaj-istanbul-peyzaj-turkiyedir\/#breadcrumb\"},\"inLanguage\":\"tr\",\"potentialAction\":[{\"@type\":\"ReadAction\",\"target\":[\"https:\/\/floraplus.net\/tr_tr\/2022\/08\/25\/peyzaj-istanbul-peyzaj-turkiyedir\/\"]}]},{\"@type\":\"ImageObject\",\"inLanguage\":\"tr\",\"@id\":\"https:\/\/floraplus.net\/tr_tr\/2022\/08\/25\/peyzaj-istanbul-peyzaj-turkiyedir\/#primaryimage\",\"url\":\"https:\/\/floraplus.net\/wp-content\/uploads\/2022\/08\/WhatsApp-Image-2022-08-25-at-13.55.02.jpeg\",\"contentUrl\":\"https:\/\/floraplus.net\/wp-content\/uploads\/2022\/08\/WhatsApp-Image-2022-08-25-at-13.55.02.jpeg\",\"width\":1080,\"height\":1080},{\"@type\":\"BreadcrumbList\",\"@id\":\"https:\/\/floraplus.net\/tr_tr\/2022\/08\/25\/peyzaj-istanbul-peyzaj-turkiyedir\/#breadcrumb\",\"itemListElement\":[{\"@type\":\"ListItem\",\"position\":1,\"name\":\"Home\",\"item\":\"https:\/\/floraplus.net\/en\/\"},{\"@type\":\"ListItem\",\"position\":2,\"name\":\"Peyzaj \u0130stanbul peyzaj T\u00fcrkiye\u2019dir\u2026\"}]},{\"@type\":\"WebSite\",\"@id\":\"https:\/\/floraplus.net\/en\/#website\",\"url\":\"https:\/\/floraplus.net\/en\/\",\"name\":\"Floraplus\",\"description\":\"Peyzaj, peyzaj mimarl\u0131\u011f\u0131, peyzaj bitkileri, s\u00fcs ve bah\u00e7e\u00a0bitkileri\",\"publisher\":{\"@id\":\"https:\/\/floraplus.net\/en\/#organization\"},\"potentialAction\":[{\"@type\":\"SearchAction\",\"target\":{\"@type\":\"EntryPoint\",\"urlTemplate\":\"https:\/\/floraplus.net\/en\/?s={search_term_string}\"},\"query-input\":{\"@type\":\"PropertyValueSpecification\",\"valueRequired\":true,\"valueName\":\"search_term_string\"}}],\"inLanguage\":\"tr\"},{\"@type\":\"Organization\",\"@id\":\"https:\/\/floraplus.net\/en\/#organization\",\"name\":\"Floraplus\",\"url\":\"https:\/\/floraplus.net\/en\/\",\"logo\":{\"@type\":\"ImageObject\",\"inLanguage\":\"tr\",\"@id\":\"https:\/\/floraplus.net\/en\/#\/schema\/logo\/image\/\",\"url\":\"https:\/\/floraplus.net\/wp-content\/uploads\/2021\/08\/logo-e1627994475388.png\",\"contentUrl\":\"https:\/\/floraplus.net\/wp-content\/uploads\/2021\/08\/logo-e1627994475388.png\",\"width\":251,\"height\":81,\"caption\":\"Floraplus\"},\"image\":{\"@id\":\"https:\/\/floraplus.net\/en\/#\/schema\/logo\/image\/\"},\"sameAs\":[\"https:\/\/www.facebook.com\/floraplusdergisi\",\"https:\/\/www.instagram.com\/floraplusdergisi\/\"]},{\"@type\":\"Person\",\"@id\":\"https:\/\/floraplus.net\/en\/#\/schema\/person\/7263fcd2e50448ecd875951558a1f277\",\"name\":\"floraplus_admin\",\"sameAs\":[\"http:\/\/test.floraplus.net\"],\"url\":\"https:\/\/floraplus.net\/tr_tr\/author\/floraplus_admin\/\"}]}<\/script>\n<!-- \/ Yoast SEO Premium plugin. -->","yoast_head_json":{"title":"Peyzaj \u0130stanbul peyzaj T\u00fcrkiye\u2019dir\u2026 - Floraplus","robots":{"index":"index","follow":"follow","max-snippet":"max-snippet:-1","max-image-preview":"max-image-preview:large","max-video-preview":"max-video-preview:-1"},"canonical":"https:\/\/floraplus.net\/tr_tr\/2022\/08\/25\/peyzaj-istanbul-peyzaj-turkiyedir\/","og_locale":"tr_TR","og_type":"article","og_title":"Peyzaj \u0130stanbul peyzaj T\u00fcrkiye\u2019dir\u2026","og_description":"Yenilenen bilgiler yakla\u015fan iklim felaketine kar\u015f\u0131 uyar\u0131c\u0131, d\u00f6n\u00fc\u015ft\u00fcr\u00fcc\u00fc bir rol oynamal\u0131\u2026 \u00dclkemizdeki b\u00fct\u00fcn yerel karar","og_url":"https:\/\/floraplus.net\/tr_tr\/2022\/08\/25\/peyzaj-istanbul-peyzaj-turkiyedir\/","og_site_name":"Floraplus","article_publisher":"https:\/\/www.facebook.com\/floraplusdergisi","article_published_time":"2022-08-25T11:00:56+00:00","article_modified_time":"2022-08-25T11:00:58+00:00","og_image":[{"width":1080,"height":1080,"url":"https:\/\/floraplus.net\/wp-content\/uploads\/2022\/08\/WhatsApp-Image-2022-08-25-at-13.55.02.jpeg","type":"image\/jpeg"}],"author":"floraplus_admin","twitter_card":"summary_large_image","twitter_misc":{"Yazan:":"floraplus_admin","Tahmini okuma s\u00fcresi":"1 dakika"},"schema":{"@context":"https:\/\/schema.org","@graph":[{"@type":"Article","@id":"https:\/\/floraplus.net\/tr_tr\/2022\/08\/25\/peyzaj-istanbul-peyzaj-turkiyedir\/#article","isPartOf":{"@id":"https:\/\/floraplus.net\/tr_tr\/2022\/08\/25\/peyzaj-istanbul-peyzaj-turkiyedir\/"},"author":{"name":"floraplus_admin","@id":"https:\/\/floraplus.net\/en\/#\/schema\/person\/7263fcd2e50448ecd875951558a1f277"},"headline":"Peyzaj \u0130stanbul peyzaj T\u00fcrkiye\u2019dir\u2026","datePublished":"2022-08-25T11:00:56+00:00","dateModified":"2022-08-25T11:00:58+00:00","mainEntityOfPage":{"@id":"https:\/\/floraplus.net\/tr_tr\/2022\/08\/25\/peyzaj-istanbul-peyzaj-turkiyedir\/"},"wordCount":234,"commentCount":0,"publisher":{"@id":"https:\/\/floraplus.net\/en\/#organization"},"image":{"@id":"https:\/\/floraplus.net\/tr_tr\/2022\/08\/25\/peyzaj-istanbul-peyzaj-turkiyedir\/#primaryimage"},"thumbnailUrl":"https:\/\/floraplus.net\/wp-content\/uploads\/2022\/08\/WhatsApp-Image-2022-08-25-at-13.55.02.jpeg","keywords":["fuar","\u0130BB","\u0130BB park bah\u00e7eler dairesi","istanbul peyzaj","Peyzaj","peyzaj fuar\u0131","peyzaj istanbul fuar\u0131"],"articleSection":{"1":"G\u00fcncel","2":"Haberler","3":"Slider"},"inLanguage":"tr","potentialAction":[{"@type":"CommentAction","name":"Comment","target":["https:\/\/floraplus.net\/tr_tr\/2022\/08\/25\/peyzaj-istanbul-peyzaj-turkiyedir\/#respond"]}]},{"@type":"WebPage","@id":"https:\/\/floraplus.net\/tr_tr\/2022\/08\/25\/peyzaj-istanbul-peyzaj-turkiyedir\/","url":"https:\/\/floraplus.net\/tr_tr\/2022\/08\/25\/peyzaj-istanbul-peyzaj-turkiyedir\/","name":"Peyzaj \u0130stanbul peyzaj T\u00fcrkiye\u2019dir\u2026 - Floraplus","isPartOf":{"@id":"https:\/\/floraplus.net\/en\/#website"},"primaryImageOfPage":{"@id":"https:\/\/floraplus.net\/tr_tr\/2022\/08\/25\/peyzaj-istanbul-peyzaj-turkiyedir\/#primaryimage"},"image":{"@id":"https:\/\/floraplus.net\/tr_tr\/2022\/08\/25\/peyzaj-istanbul-peyzaj-turkiyedir\/#primaryimage"},"thumbnailUrl":"https:\/\/floraplus.net\/wp-content\/uploads\/2022\/08\/WhatsApp-Image-2022-08-25-at-13.55.02.jpeg","datePublished":"2022-08-25T11:00:56+00:00","dateModified":"2022-08-25T11:00:58+00:00","breadcrumb":{"@id":"https:\/\/floraplus.net\/tr_tr\/2022\/08\/25\/peyzaj-istanbul-peyzaj-turkiyedir\/#breadcrumb"},"inLanguage":"tr","potentialAction":[{"@type":"ReadAction","target":["https:\/\/floraplus.net\/tr_tr\/2022\/08\/25\/peyzaj-istanbul-peyzaj-turkiyedir\/"]}]},{"@type":"ImageObject","inLanguage":"tr","@id":"https:\/\/floraplus.net\/tr_tr\/2022\/08\/25\/peyzaj-istanbul-peyzaj-turkiyedir\/#primaryimage","url":"https:\/\/floraplus.net\/wp-content\/uploads\/2022\/08\/WhatsApp-Image-2022-08-25-at-13.55.02.jpeg","contentUrl":"https:\/\/floraplus.net\/wp-content\/uploads\/2022\/08\/WhatsApp-Image-2022-08-25-at-13.55.02.jpeg","width":1080,"height":1080},{"@type":"BreadcrumbList","@id":"https:\/\/floraplus.net\/tr_tr\/2022\/08\/25\/peyzaj-istanbul-peyzaj-turkiyedir\/#breadcrumb","itemListElement":[{"@type":"ListItem","position":1,"name":"Home","item":"https:\/\/floraplus.net\/en\/"},{"@type":"ListItem","position":2,"name":"Peyzaj \u0130stanbul peyzaj T\u00fcrkiye\u2019dir\u2026"}]},{"@type":"WebSite","@id":"https:\/\/floraplus.net\/en\/#website","url":"https:\/\/floraplus.net\/en\/","name":"Floraplus","description":"Peyzaj, peyzaj mimarl\u0131\u011f\u0131, peyzaj bitkileri, s\u00fcs ve bah\u00e7e\u00a0bitkileri","publisher":{"@id":"https:\/\/floraplus.net\/en\/#organization"},"potentialAction":[{"@type":"SearchAction","target":{"@type":"EntryPoint","urlTemplate":"https:\/\/floraplus.net\/en\/?s={search_term_string}"},"query-input":{"@type":"PropertyValueSpecification","valueRequired":true,"valueName":"search_term_string"}}],"inLanguage":"tr"},{"@type":"Organization","@id":"https:\/\/floraplus.net\/en\/#organization","name":"Floraplus","url":"https:\/\/floraplus.net\/en\/","logo":{"@type":"ImageObject","inLanguage":"tr","@id":"https:\/\/floraplus.net\/en\/#\/schema\/logo\/image\/","url":"https:\/\/floraplus.net\/wp-content\/uploads\/2021\/08\/logo-e1627994475388.png","contentUrl":"https:\/\/floraplus.net\/wp-content\/uploads\/2021\/08\/logo-e1627994475388.png","width":251,"height":81,"caption":"Floraplus"},"image":{"@id":"https:\/\/floraplus.net\/en\/#\/schema\/logo\/image\/"},"sameAs":["https:\/\/www.facebook.com\/floraplusdergisi","https:\/\/www.instagram.com\/floraplusdergisi\/"]},{"@type":"Person","@id":"https:\/\/floraplus.net\/en\/#\/schema\/person\/7263fcd2e50448ecd875951558a1f277","name":"floraplus_admin","sameAs":["http:\/\/test.floraplus.net"],"url":"https:\/\/floraplus.net\/tr_tr\/author\/floraplus_admin\/"}]}},"_links":{"self":[{"href":"https:\/\/floraplus.net\/tr_tr\/wp-json\/wp\/v2\/posts\/6691","targetHints":{"allow":["GET"]}}],"collection":[{"href":"https:\/\/floraplus.net\/tr_tr\/wp-json\/wp\/v2\/posts"}],"about":[{"href":"https:\/\/floraplus.net\/tr_tr\/wp-json\/wp\/v2\/types\/post"}],"author":[{"embeddable":true,"href":"https:\/\/floraplus.net\/tr_tr\/wp-json\/wp\/v2\/users\/1"}],"replies":[{"embeddable":true,"href":"https:\/\/floraplus.net\/tr_tr\/wp-json\/wp\/v2\/comments?post=6691"}],"version-history":[{"count":1,"href":"https:\/\/floraplus.net\/tr_tr\/wp-json\/wp\/v2\/posts\/6691\/revisions"}],"predecessor-version":[{"id":6693,"href":"https:\/\/floraplus.net\/tr_tr\/wp-json\/wp\/v2\/posts\/6691\/revisions\/6693"}],"wp:featuredmedia":[{"embeddable":true,"href":"https:\/\/floraplus.net\/tr_tr\/wp-json\/wp\/v2\/media\/6692"}],"wp:attachment":[{"href":"https:\/\/floraplus.net\/tr_tr\/wp-json\/wp\/v2\/media?parent=6691"}],"wp:term":[{"taxonomy":"category","embeddable":true,"href":"https:\/\/floraplus.net\/tr_tr\/wp-json\/wp\/v2\/categories?post=6691"},{"taxonomy":"post_tag","embeddable":true,"href":"https:\/\/floraplus.net\/tr_tr\/wp-json\/wp\/v2\/tags?post=6691"}],"curies":[{"name":"wp","href":"https:\/\/api.w.org\/{rel}","templated":true}]}}