{"id":6903,"date":"2024-07-30T13:42:16","date_gmt":"2024-07-30T10:42:16","guid":{"rendered":"https:\/\/floraplus.net\/?p=6903"},"modified":"2024-07-30T14:22:37","modified_gmt":"2024-07-30T11:22:37","slug":"yesil-istanbul-icin-soylemek-ve-yapmak","status":"publish","type":"post","link":"https:\/\/floraplus.net\/tr_tr\/2024\/07\/30\/yesil-istanbul-icin-soylemek-ve-yapmak\/","title":{"rendered":"Ye\u015fil \u0130stanbul i\u00e7in s\u00f6ylemek ve yapmak\u2026"},"content":{"rendered":"\n<p><strong>\u0130stanbul B\u00fcy\u00fck\u015fehir Belediyesi \u201cYe\u015fil Altyap\u0131, S\u00fcrd\u00fcr\u00fclebilirlik\u201d gibi \u00e7ok kullan\u0131lan ve dillere pelesenk olmu\u015f bir alanda fiili \u00f6rnekler olu\u015fturmaya \u00f6zen g\u00f6steriyor.<\/strong><\/p>\n\n\n<div class=\"pgc-sgb-cb wp-block-pgcsimplygalleryblock-slider \" data-gallery-id=\"0ae08046\"style=&quot;min-height:680px&quot;><div class=\"sgb-preloader\" id=\"pr_0ae08046\">\n\t<div class=\"sgb-square\" style=\"background:#d4d4d4\"><\/div>\n\t<div class=\"sgb-square\" style=\"background:#d4d4d4\"><\/div>\n\t<div class=\"sgb-square\" style=\"background:#d4d4d4\"><\/div>\n\t<div class=\"sgb-square\" style=\"background:#d4d4d4\"><\/div><\/div><div class=\"simply-gallery-amp pgc_sgb_slider \" style=\"display: none;\"><div class=\"sgb-gallery\"><div class=\"sgb-item\"><a href=\"https:\/\/floraplus.net\/2024\/07\/30\/yesil-istanbul-icin-soylemek-ve-yapmak\/7-6\/\" target=\"_blank\"><img decoding=\"async\" alt=\"\" width=\"300\" height=\"169\" loading=\"lazy\" src=\"https:\/\/floraplus.net\/wp-content\/uploads\/2024\/07\/7-300x169.jpeg\" srcset=\"https:\/\/floraplus.net\/wp-content\/uploads\/2024\/07\/7-300x169.jpeg 300w,https:\/\/floraplus.net\/wp-content\/uploads\/2024\/07\/7-1024x576.jpeg 640w,https:\/\/floraplus.net\/wp-content\/uploads\/2024\/07\/7.jpeg 2048w\" sizes=\"auto, 250px\"\/><\/a><div class=\"sgb-item-caption\"><em>\u0130stanbul B\u00fcy\u00fck\u015fehir Belediye Ba\u015fkan\u0131 ve di\u011fer yetkililer B\u00fcy\u00fckdere Fidanl\u0131\u011f\u0131\u2019ndaki \u00e7al\u0131\u015fmalar\u0131 yerinde inceledi.  <\/em><\/div><\/div><div class=\"sgb-item\"><a href=\"https:\/\/floraplus.net\/2024\/07\/30\/yesil-istanbul-icin-soylemek-ve-yapmak\/1-26\/\" target=\"_blank\"><img decoding=\"async\" alt=\"\" width=\"300\" height=\"169\" loading=\"lazy\" src=\"https:\/\/floraplus.net\/wp-content\/uploads\/2024\/07\/1-300x169.jpeg\" srcset=\"https:\/\/floraplus.net\/wp-content\/uploads\/2024\/07\/1-300x169.jpeg 300w,https:\/\/floraplus.net\/wp-content\/uploads\/2024\/07\/1-1024x576.jpeg 640w,https:\/\/floraplus.net\/wp-content\/uploads\/2024\/07\/1.jpeg 2048w\" sizes=\"auto, 250px\"\/><\/a><\/div><div class=\"sgb-item\"><a href=\"https:\/\/floraplus.net\/2024\/07\/30\/yesil-istanbul-icin-soylemek-ve-yapmak\/2-23\/\" target=\"_blank\"><img decoding=\"async\" alt=\"\" width=\"169\" height=\"300\" loading=\"lazy\" src=\"https:\/\/floraplus.net\/wp-content\/uploads\/2024\/07\/2-169x300.jpg\" srcset=\"https:\/\/floraplus.net\/wp-content\/uploads\/2024\/07\/2-169x300.jpg 169w,https:\/\/floraplus.net\/wp-content\/uploads\/2024\/07\/2-576x1024.jpg 576w,https:\/\/floraplus.net\/wp-content\/uploads\/2024\/07\/2-scaled.jpg 1440w\" sizes=\"auto, 250px\"\/><\/a><div class=\"sgb-item-caption\"><em>\u0130BB Park Bah\u00e7e ve Ye\u015fil Alanlar Daire Ba\u015fkan\u0131 Prof. Dr. Tu\u011fba \u00d6lmez Hanc\u0131, Athena Fuarc\u0131l\u0131k Y\u00f6netim Kurulu Ba\u015fkan\u0131 Mustafa G\u00fcltekin G\u00f6kg\u00fcl WUP Sempozyum \u00fczerine g\u00f6r\u00fc\u015ft\u00fcler. <\/em><\/div><\/div><div class=\"sgb-item\"><a href=\"https:\/\/floraplus.net\/2024\/07\/30\/yesil-istanbul-icin-soylemek-ve-yapmak\/3-23\/\" target=\"_blank\"><img decoding=\"async\" alt=\"\" width=\"300\" height=\"169\" loading=\"lazy\" src=\"https:\/\/floraplus.net\/wp-content\/uploads\/2024\/07\/3-300x169.jpeg\" srcset=\"https:\/\/floraplus.net\/wp-content\/uploads\/2024\/07\/3-300x169.jpeg 300w,https:\/\/floraplus.net\/wp-content\/uploads\/2024\/07\/3-1024x576.jpeg 640w,https:\/\/floraplus.net\/wp-content\/uploads\/2024\/07\/3.jpeg 2048w\" sizes=\"auto, 250px\"\/><\/a><\/div><div class=\"sgb-item\"><a href=\"https:\/\/floraplus.net\/2024\/07\/30\/yesil-istanbul-icin-soylemek-ve-yapmak\/4-16\/\" target=\"_blank\"><img decoding=\"async\" alt=\"\" width=\"300\" height=\"169\" loading=\"lazy\" src=\"https:\/\/floraplus.net\/wp-content\/uploads\/2024\/07\/4-300x169.jpeg\" srcset=\"https:\/\/floraplus.net\/wp-content\/uploads\/2024\/07\/4-300x169.jpeg 300w,https:\/\/floraplus.net\/wp-content\/uploads\/2024\/07\/4-1024x576.jpeg 640w,https:\/\/floraplus.net\/wp-content\/uploads\/2024\/07\/4.jpeg 2048w\" sizes=\"auto, 250px\"\/><\/a><\/div><div class=\"sgb-item\"><a href=\"https:\/\/floraplus.net\/2024\/07\/30\/yesil-istanbul-icin-soylemek-ve-yapmak\/5-17\/\" target=\"_blank\"><img decoding=\"async\" alt=\"\" width=\"300\" height=\"169\" loading=\"lazy\" src=\"https:\/\/floraplus.net\/wp-content\/uploads\/2024\/07\/5-300x169.jpeg\" srcset=\"https:\/\/floraplus.net\/wp-content\/uploads\/2024\/07\/5-300x169.jpeg 300w,https:\/\/floraplus.net\/wp-content\/uploads\/2024\/07\/5-1024x576.jpeg 640w,https:\/\/floraplus.net\/wp-content\/uploads\/2024\/07\/5.jpeg 2048w\" sizes=\"auto, 250px\"\/><\/a><\/div><div class=\"sgb-item\"><a href=\"https:\/\/floraplus.net\/2024\/07\/30\/yesil-istanbul-icin-soylemek-ve-yapmak\/6-10\/\" target=\"_blank\"><img decoding=\"async\" alt=\"\" width=\"300\" height=\"169\" loading=\"lazy\" src=\"https:\/\/floraplus.net\/wp-content\/uploads\/2024\/07\/6-300x169.jpeg\" srcset=\"https:\/\/floraplus.net\/wp-content\/uploads\/2024\/07\/6-300x169.jpeg 300w,https:\/\/floraplus.net\/wp-content\/uploads\/2024\/07\/6-1024x576.jpeg 640w,https:\/\/floraplus.net\/wp-content\/uploads\/2024\/07\/6.jpeg 2048w\" sizes=\"auto, 250px\"\/><\/a><\/div><div class=\"sgb-item\"><a href=\"https:\/\/floraplus.net\/2024\/07\/30\/yesil-istanbul-icin-soylemek-ve-yapmak\/8-8\/\" target=\"_blank\"><img decoding=\"async\" alt=\"\" width=\"300\" height=\"169\" loading=\"lazy\" src=\"https:\/\/floraplus.net\/wp-content\/uploads\/2024\/07\/8-300x169.jpeg\" srcset=\"https:\/\/floraplus.net\/wp-content\/uploads\/2024\/07\/8-300x169.jpeg 300w,https:\/\/floraplus.net\/wp-content\/uploads\/2024\/07\/8-1024x576.jpeg 640w,https:\/\/floraplus.net\/wp-content\/uploads\/2024\/07\/8.jpeg 2048w\" sizes=\"auto, 250px\"\/><\/a><\/div><div class=\"sgb-item\"><a href=\"https:\/\/floraplus.net\/2024\/07\/30\/yesil-istanbul-icin-soylemek-ve-yapmak\/9-6\/\" target=\"_blank\"><img decoding=\"async\" alt=\"\" width=\"300\" height=\"169\" loading=\"lazy\" src=\"https:\/\/floraplus.net\/wp-content\/uploads\/2024\/07\/9-300x169.jpeg\" srcset=\"https:\/\/floraplus.net\/wp-content\/uploads\/2024\/07\/9-300x169.jpeg 300w,https:\/\/floraplus.net\/wp-content\/uploads\/2024\/07\/9-1024x576.jpeg 640w,https:\/\/floraplus.net\/wp-content\/uploads\/2024\/07\/9.jpeg 2048w\" sizes=\"auto, 250px\"\/><\/a><\/div><\/div><\/div><script type=\"application\/json\" class=\"sgb-data\">{\"captionHAlign\":\"bottom\",\"sliderMaxHeight\":680,\"sliderAdminWidth\":840,\"collectionColumns\":1,\"galleryType\":\"pgc_sgb_slider\",\"galleryId\":\"0ae08046\",\"images\":[{\"id\":6915,\"title\":\"7\",\"url\":\"https:\/\/floraplus.net\/wp-content\/uploads\/2024\/07\/7.jpeg\",\"link\":\"https:\/\/floraplus.net\/2024\/07\/30\/yesil-istanbul-icin-soylemek-ve-yapmak\/7-6\/\",\"alt\":\"\",\"description\":\"\",\"caption\":\"\u0130stanbul B\u00fcy\u00fck\u015fehir Belediye Ba\u015fkan\u0131 ve di\u011fer yetkililer B\u00fcy\u00fckdere Fidanl\u0131\u011f\u0131\u2019ndaki \u00e7al\u0131\u015fmalar\u0131 yerinde inceledi.  \",\"mime\":\"image\/jpeg\",\"type\":\"image\",\"width\":2048,\"height\":1152,\"sizes\":{\"thumbnail\":{\"height\":150,\"width\":150,\"url\":\"https:\/\/floraplus.net\/wp-content\/uploads\/2024\/07\/7-150x150.jpeg\",\"orientation\":\"landscape\"},\"medium\":{\"height\":169,\"width\":300,\"url\":\"https:\/\/floraplus.net\/wp-content\/uploads\/2024\/07\/7-300x169.jpeg\",\"orientation\":\"landscape\"},\"large\":{\"height\":360,\"width\":640,\"url\":\"https:\/\/floraplus.net\/wp-content\/uploads\/2024\/07\/7-1024x576.jpeg\",\"orientation\":\"landscape\"},\"full\":{\"url\":\"https:\/\/floraplus.net\/wp-content\/uploads\/2024\/07\/7.jpeg\",\"height\":1152,\"width\":2048,\"orientation\":\"landscape\"}},\"meta\":false,\"postlink\":\"https:\/\/floraplus.net\/2024\/07\/30\/yesil-istanbul-icin-soylemek-ve-yapmak\/7-6\/\"},{\"id\":6905,\"title\":\"1\",\"url\":\"https:\/\/floraplus.net\/wp-content\/uploads\/2024\/07\/1.jpeg\",\"link\":\"https:\/\/floraplus.net\/2024\/07\/30\/yesil-istanbul-icin-soylemek-ve-yapmak\/1-26\/\",\"alt\":\"\",\"description\":\"\",\"caption\":\"\",\"mime\":\"image\/jpeg\",\"type\":\"image\",\"width\":2048,\"height\":1152,\"sizes\":{\"thumbnail\":{\"height\":150,\"width\":150,\"url\":\"https:\/\/floraplus.net\/wp-content\/uploads\/2024\/07\/1-150x150.jpeg\",\"orientation\":\"landscape\"},\"medium\":{\"height\":169,\"width\":300,\"url\":\"https:\/\/floraplus.net\/wp-content\/uploads\/2024\/07\/1-300x169.jpeg\",\"orientation\":\"landscape\"},\"large\":{\"height\":360,\"width\":640,\"url\":\"https:\/\/floraplus.net\/wp-content\/uploads\/2024\/07\/1-1024x576.jpeg\",\"orientation\":\"landscape\"},\"full\":{\"url\":\"https:\/\/floraplus.net\/wp-content\/uploads\/2024\/07\/1.jpeg\",\"height\":1152,\"width\":2048,\"orientation\":\"landscape\"}},\"meta\":false,\"postlink\":\"https:\/\/floraplus.net\/2024\/07\/30\/yesil-istanbul-icin-soylemek-ve-yapmak\/1-26\/\"},{\"id\":6906,\"title\":\"2\",\"url\":\"https:\/\/floraplus.net\/wp-content\/uploads\/2024\/07\/2-scaled.jpg\",\"link\":\"https:\/\/floraplus.net\/2024\/07\/30\/yesil-istanbul-icin-soylemek-ve-yapmak\/2-23\/\",\"alt\":\"\",\"description\":\"\",\"caption\":\"\u0130BB Park Bah\u00e7e ve Ye\u015fil Alanlar Daire Ba\u015fkan\u0131 Prof. Dr. Tu\u011fba \u00d6lmez Hanc\u0131, Athena Fuarc\u0131l\u0131k Y\u00f6netim Kurulu Ba\u015fkan\u0131 Mustafa G\u00fcltekin G\u00f6kg\u00fcl WUP Sempozyum \u00fczerine g\u00f6r\u00fc\u015ft\u00fcler. \",\"mime\":\"image\/jpeg\",\"type\":\"image\",\"width\":1440,\"height\":2560,\"sizes\":{\"thumbnail\":{\"height\":150,\"width\":150,\"url\":\"https:\/\/floraplus.net\/wp-content\/uploads\/2024\/07\/2-150x150.jpg\",\"orientation\":\"landscape\"},\"medium\":{\"height\":300,\"width\":169,\"url\":\"https:\/\/floraplus.net\/wp-content\/uploads\/2024\/07\/2-169x300.jpg\",\"orientation\":\"portrait\"},\"large\":{\"height\":1024,\"width\":576,\"url\":\"https:\/\/floraplus.net\/wp-content\/uploads\/2024\/07\/2-576x1024.jpg\",\"orientation\":\"portrait\"},\"full\":{\"url\":\"https:\/\/floraplus.net\/wp-content\/uploads\/2024\/07\/2-scaled.jpg\",\"height\":2560,\"width\":1440,\"orientation\":\"portrait\"}},\"meta\":false,\"postlink\":\"https:\/\/floraplus.net\/2024\/07\/30\/yesil-istanbul-icin-soylemek-ve-yapmak\/2-23\/\"},{\"id\":6908,\"title\":\"3\",\"url\":\"https:\/\/floraplus.net\/wp-content\/uploads\/2024\/07\/3.jpeg\",\"link\":\"https:\/\/floraplus.net\/2024\/07\/30\/yesil-istanbul-icin-soylemek-ve-yapmak\/3-23\/\",\"alt\":\"\",\"description\":\"\",\"caption\":\"\",\"mime\":\"image\/jpeg\",\"type\":\"image\",\"width\":2048,\"height\":1152,\"sizes\":{\"thumbnail\":{\"height\":150,\"width\":150,\"url\":\"https:\/\/floraplus.net\/wp-content\/uploads\/2024\/07\/3-150x150.jpeg\",\"orientation\":\"landscape\"},\"medium\":{\"height\":169,\"width\":300,\"url\":\"https:\/\/floraplus.net\/wp-content\/uploads\/2024\/07\/3-300x169.jpeg\",\"orientation\":\"landscape\"},\"large\":{\"height\":360,\"width\":640,\"url\":\"https:\/\/floraplus.net\/wp-content\/uploads\/2024\/07\/3-1024x576.jpeg\",\"orientation\":\"landscape\"},\"full\":{\"url\":\"https:\/\/floraplus.net\/wp-content\/uploads\/2024\/07\/3.jpeg\",\"height\":1152,\"width\":2048,\"orientation\":\"landscape\"}},\"meta\":false,\"postlink\":\"https:\/\/floraplus.net\/2024\/07\/30\/yesil-istanbul-icin-soylemek-ve-yapmak\/3-23\/\"},{\"id\":6910,\"title\":\"4\",\"url\":\"https:\/\/floraplus.net\/wp-content\/uploads\/2024\/07\/4.jpeg\",\"link\":\"https:\/\/floraplus.net\/2024\/07\/30\/yesil-istanbul-icin-soylemek-ve-yapmak\/4-16\/\",\"alt\":\"\",\"description\":\"\",\"caption\":\"\",\"mime\":\"image\/jpeg\",\"type\":\"image\",\"width\":2048,\"height\":1152,\"sizes\":{\"thumbnail\":{\"height\":150,\"width\":150,\"url\":\"https:\/\/floraplus.net\/wp-content\/uploads\/2024\/07\/4-150x150.jpeg\",\"orientation\":\"landscape\"},\"medium\":{\"height\":169,\"width\":300,\"url\":\"https:\/\/floraplus.net\/wp-content\/uploads\/2024\/07\/4-300x169.jpeg\",\"orientation\":\"landscape\"},\"large\":{\"height\":360,\"width\":640,\"url\":\"https:\/\/floraplus.net\/wp-content\/uploads\/2024\/07\/4-1024x576.jpeg\",\"orientation\":\"landscape\"},\"full\":{\"url\":\"https:\/\/floraplus.net\/wp-content\/uploads\/2024\/07\/4.jpeg\",\"height\":1152,\"width\":2048,\"orientation\":\"landscape\"}},\"meta\":false,\"postlink\":\"https:\/\/floraplus.net\/2024\/07\/30\/yesil-istanbul-icin-soylemek-ve-yapmak\/4-16\/\"},{\"id\":6911,\"title\":\"5\",\"url\":\"https:\/\/floraplus.net\/wp-content\/uploads\/2024\/07\/5.jpeg\",\"link\":\"https:\/\/floraplus.net\/2024\/07\/30\/yesil-istanbul-icin-soylemek-ve-yapmak\/5-17\/\",\"alt\":\"\",\"description\":\"\",\"caption\":\"\",\"mime\":\"image\/jpeg\",\"type\":\"image\",\"width\":2048,\"height\":1152,\"sizes\":{\"thumbnail\":{\"height\":150,\"width\":150,\"url\":\"https:\/\/floraplus.net\/wp-content\/uploads\/2024\/07\/5-150x150.jpeg\",\"orientation\":\"landscape\"},\"medium\":{\"height\":169,\"width\":300,\"url\":\"https:\/\/floraplus.net\/wp-content\/uploads\/2024\/07\/5-300x169.jpeg\",\"orientation\":\"landscape\"},\"large\":{\"height\":360,\"width\":640,\"url\":\"https:\/\/floraplus.net\/wp-content\/uploads\/2024\/07\/5-1024x576.jpeg\",\"orientation\":\"landscape\"},\"full\":{\"url\":\"https:\/\/floraplus.net\/wp-content\/uploads\/2024\/07\/5.jpeg\",\"height\":1152,\"width\":2048,\"orientation\":\"landscape\"}},\"meta\":false,\"postlink\":\"https:\/\/floraplus.net\/2024\/07\/30\/yesil-istanbul-icin-soylemek-ve-yapmak\/5-17\/\"},{\"id\":6914,\"title\":\"6\",\"url\":\"https:\/\/floraplus.net\/wp-content\/uploads\/2024\/07\/6.jpeg\",\"link\":\"https:\/\/floraplus.net\/2024\/07\/30\/yesil-istanbul-icin-soylemek-ve-yapmak\/6-10\/\",\"alt\":\"\",\"description\":\"\",\"caption\":\"\",\"mime\":\"image\/jpeg\",\"type\":\"image\",\"width\":2048,\"height\":1152,\"sizes\":{\"thumbnail\":{\"height\":150,\"width\":150,\"url\":\"https:\/\/floraplus.net\/wp-content\/uploads\/2024\/07\/6-150x150.jpeg\",\"orientation\":\"landscape\"},\"medium\":{\"height\":169,\"width\":300,\"url\":\"https:\/\/floraplus.net\/wp-content\/uploads\/2024\/07\/6-300x169.jpeg\",\"orientation\":\"landscape\"},\"large\":{\"height\":360,\"width\":640,\"url\":\"https:\/\/floraplus.net\/wp-content\/uploads\/2024\/07\/6-1024x576.jpeg\",\"orientation\":\"landscape\"},\"full\":{\"url\":\"https:\/\/floraplus.net\/wp-content\/uploads\/2024\/07\/6.jpeg\",\"height\":1152,\"width\":2048,\"orientation\":\"landscape\"}},\"meta\":false,\"postlink\":\"https:\/\/floraplus.net\/2024\/07\/30\/yesil-istanbul-icin-soylemek-ve-yapmak\/6-10\/\"},{\"id\":6918,\"title\":\"8\",\"url\":\"https:\/\/floraplus.net\/wp-content\/uploads\/2024\/07\/8.jpeg\",\"link\":\"https:\/\/floraplus.net\/2024\/07\/30\/yesil-istanbul-icin-soylemek-ve-yapmak\/8-8\/\",\"alt\":\"\",\"description\":\"\",\"caption\":\"\",\"mime\":\"image\/jpeg\",\"type\":\"image\",\"width\":2048,\"height\":1152,\"sizes\":{\"thumbnail\":{\"height\":150,\"width\":150,\"url\":\"https:\/\/floraplus.net\/wp-content\/uploads\/2024\/07\/8-150x150.jpeg\",\"orientation\":\"landscape\"},\"medium\":{\"height\":169,\"width\":300,\"url\":\"https:\/\/floraplus.net\/wp-content\/uploads\/2024\/07\/8-300x169.jpeg\",\"orientation\":\"landscape\"},\"large\":{\"height\":360,\"width\":640,\"url\":\"https:\/\/floraplus.net\/wp-content\/uploads\/2024\/07\/8-1024x576.jpeg\",\"orientation\":\"landscape\"},\"full\":{\"url\":\"https:\/\/floraplus.net\/wp-content\/uploads\/2024\/07\/8.jpeg\",\"height\":1152,\"width\":2048,\"orientation\":\"landscape\"}},\"meta\":false,\"postlink\":\"https:\/\/floraplus.net\/2024\/07\/30\/yesil-istanbul-icin-soylemek-ve-yapmak\/8-8\/\"},{\"id\":6919,\"title\":\"9\",\"url\":\"https:\/\/floraplus.net\/wp-content\/uploads\/2024\/07\/9.jpeg\",\"link\":\"https:\/\/floraplus.net\/2024\/07\/30\/yesil-istanbul-icin-soylemek-ve-yapmak\/9-6\/\",\"alt\":\"\",\"description\":\"\",\"caption\":\"\",\"mime\":\"image\/jpeg\",\"type\":\"image\",\"width\":2048,\"height\":1152,\"sizes\":{\"thumbnail\":{\"height\":150,\"width\":150,\"url\":\"https:\/\/floraplus.net\/wp-content\/uploads\/2024\/07\/9-150x150.jpeg\",\"orientation\":\"landscape\"},\"medium\":{\"height\":169,\"width\":300,\"url\":\"https:\/\/floraplus.net\/wp-content\/uploads\/2024\/07\/9-300x169.jpeg\",\"orientation\":\"landscape\"},\"large\":{\"height\":360,\"width\":640,\"url\":\"https:\/\/floraplus.net\/wp-content\/uploads\/2024\/07\/9-1024x576.jpeg\",\"orientation\":\"landscape\"},\"full\":{\"url\":\"https:\/\/floraplus.net\/wp-content\/uploads\/2024\/07\/9.jpeg\",\"height\":1152,\"width\":2048,\"orientation\":\"landscape\"}},\"meta\":false,\"postlink\":\"https:\/\/floraplus.net\/2024\/07\/30\/yesil-istanbul-icin-soylemek-ve-yapmak\/9-6\/\"}],\"itemsMetaDataCollection\":[]}<\/script><script>(function(){if(window.PGC_SGB && window.PGC_SGB.searcher){window.PGC_SGB.searcher.initBlocks()}})()<\/script><\/div>\n\n\n<p><\/p>\n\n\n\n<p><strong>\u0130<\/strong>klim krizi, vah\u015fi yap\u0131la\u015fma kentlerin eko sistemlerinde \u00fczerinde \u00e7ok b\u00fcy\u00fck bir bask\u0131 olu\u015fturuyor. \u0130stanbul peyzaj\u0131nda yerel y\u00f6netimlerin mevsimlik \u00e7i\u00e7eklerin yo\u011fun kullan\u0131ld\u0131\u011f\u0131, \u201cye\u015file ve renge bezedik, kentimiz \u00e7i\u00e7ek a\u00e7t\u0131\u201d gibi al\u0131\u015f\u0131lagelmi\u015f harc\u0131alem laflar\u0131n \u00f6tesine ge\u00e7en bir de\u011fi\u015fim ya\u015fan\u0131yor.<\/p>\n\n\n\n<p>\u0130stanbul B\u00fcy\u00fck\u015fehir Belediyesi Park Bah\u00e7e ve Ye\u015fil Alanlar Daire Ba\u015fkanl\u0131\u011f\u0131, d\u00fcnyadaki b\u00fcy\u00fck\u015fehirlerin ya\u015fad\u0131\u011f\u0131 paradigmatik de\u011fi\u015fimleri inceleyerek, b\u00fct\u00fcnl\u00fckl\u00fc bir bak\u0131\u015f a\u00e7\u0131s\u0131yla kentin ye\u015fil d\u00f6n\u00fc\u015f\u00fcm\u00fcn\u00fc yeniden yorumlad\u0131. Kentsel ekosistem yeniden tarif edildi ve tan\u0131mland\u0131. Olu\u015fturulan &#8220;Kentsel Ekosistem Restorasyon Plan\u0131&#8221; ile birlikte di\u011fer yerel y\u00f6netimlere de \u00f6rnek olu\u015fturacak bir\u00e7ok yeni ad\u0131mlar at\u0131ld\u0131, at\u0131l\u0131yor.<\/p>\n\n\n\n<p>\u00d6rne\u011fin UNEP, (Birle\u015fmi\u015f Milletler \u00c7evre Program\u0131) \u0130stanbul B\u00fcy\u00fck\u015fehir Belediyesi Park Bah\u00e7e ve Ye\u015fil Alanlar Dairesi Ba\u015fkanl\u0131\u011f\u0131 \u201cKentsel Ekosistem Restorasyon Plan\u0131\u201d ile \u0130stanbul\u2019u rol model olarak g\u00f6stermi\u015fti. \u0130BB Park Bah\u00e7e ve Ye\u015fil Alanlar Daire Ba\u015fkanl\u0131\u011f\u0131, UNEP \u00e7al\u0131\u015fmalar\u0131 kapsam\u0131nda \u201cKentsel Do\u011fa Program\u0131 Uzmanlar Toplant\u0131s\u0131\u201dnda D\u00fcnya Bankas\u0131 ve \u00e7e\u015fitli uluslararas\u0131 kurulu\u015flar\u0131n temsilcileriyle bulu\u015farak onlara \u0130BB Ye\u015fil \u0130stanbul projelerini anlatt\u0131.<\/p>\n\n\n\n<p>B\u00fcy\u00fckdere Atat\u00fcrk Fidanl\u0131\u011f\u0131&#8217;nda uygulanan ya\u011fmur suyu hasad\u0131 projesi \u0130stanbul\u2019un su kaynaklar\u0131n\u0131 verimli bir \u015fekilde de\u011ferlendirmeye \u00f6rnek olu\u015fturuyor. Fidanl\u0131kta toplanan ya\u011fmur sular\u0131, fidanl\u0131ktaki bitkilerin sulanmas\u0131nda ve \u00e7evresel su kaynaklar\u0131n\u0131n korunmas\u0131nda rol oynuyor. \u0130stanbul\u2019da benzer \u00f6rneklerin \u00e7o\u011falarak artaca\u011f\u0131n\u0131 tahmin etmek zor de\u011fil.<\/p>\n\n\n\n<p>\u00d6te yandan \u0130stanbul B\u00fcy\u00fck\u015fehir Belediyesi g\u00fcne\u015f enerji santralleri konusunda da ciddi ad\u0131mlar atarak karbon sal\u0131n\u0131m\u0131n\u0131 azaltmaya d\u00f6n\u00fck yat\u0131r\u0131mlar\u0131n\u0131 da s\u00fcrd\u00fcr\u00fcyor. \u0130BB G\u00fcne\u015f Enerjisi Santrali (GES) projeleriyle bug\u00fcne kadar 60 tesiste toplam 7.866 KWp kurulu g\u00fcce ula\u015fm\u0131\u015f ve sayede y\u0131lda 5.149 ton karbondioksit sal\u0131n\u0131m\u0131 engelleniyor.&nbsp;<\/p>\n\n\n\n<p>Ayr\u0131ca yine ge\u00e7ti\u011fimiz aylarda Athena Fuarc\u0131l\u0131k Y\u00f6netimi, \u0130stanbul B\u00fcy\u00fck\u015fehir Belediyesi Park Bah\u00e7e ve Ye\u015fil Alanlar Dairesi Ba\u015fkanl\u0131\u011f\u0131 ile Peyzaj \u0130stanbul 2024 Fuar\u0131 i\u00e7inde ger\u00e7ekle\u015fecek WUP Sempozyumu\u2019nu da ele ald\u0131lar. Sempozyumun konu ba\u015fl\u0131klar\u0131, davet edilecek yabanc\u0131 konu\u015fmac\u0131lar \u00fczerine g\u00fcndem olu\u015fturuldu ve WUP y\u00f6netimi ile bir toplant\u0131 ger\u00e7ekle\u015ftirilerek WUP Sempozyumu\u2019nun ana temalar\u0131 belirlendi.<\/p>\n","protected":false},"excerpt":{"rendered":"<p>\u0130stanbul B\u00fcy\u00fck\u015fehir Belediyesi \u201cYe\u015fil Altyap\u0131, S\u00fcrd\u00fcr\u00fclebilirlik\u201d gibi \u00e7ok kullan\u0131lan ve dillere pelesenk olmu\u015f bir alanda<\/p>\n","protected":false},"author":1,"featured_media":6905,"comment_status":"open","ping_status":"open","sticky":false,"template":"","format":"standard","meta":{"pgc_sgb_lightbox_settings":"","cybocfi_hide_featured_image":"","footnotes":""},"categories":[1432,1,1429,225],"tags":[],"class_list":["post-6903","post","type-post","status-publish","format-standard","has-post-thumbnail","hentry","category-editorden","category-genel","category-guncel","category-haberler"],"yoast_head":"<!-- This site is optimized with the Yoast SEO Premium plugin v25.4 (Yoast SEO v25.4) - https:\/\/yoast.com\/wordpress\/plugins\/seo\/ -->\n<title>Ye\u015fil \u0130stanbul i\u00e7in s\u00f6ylemek ve yapmak\u2026 - Floraplus<\/title>\n<meta name=\"robots\" content=\"index, follow, max-snippet:-1, max-image-preview:large, max-video-preview:-1\" \/>\n<link rel=\"canonical\" href=\"https:\/\/floraplus.net\/tr_tr\/2024\/07\/30\/yesil-istanbul-icin-soylemek-ve-yapmak\/\" \/>\n<meta property=\"og:locale\" content=\"tr_TR\" \/>\n<meta property=\"og:type\" content=\"article\" \/>\n<meta property=\"og:title\" content=\"Ye\u015fil \u0130stanbul i\u00e7in s\u00f6ylemek ve yapmak\u2026\" \/>\n<meta property=\"og:description\" content=\"\u0130stanbul B\u00fcy\u00fck\u015fehir Belediyesi \u201cYe\u015fil Altyap\u0131, S\u00fcrd\u00fcr\u00fclebilirlik\u201d gibi \u00e7ok kullan\u0131lan ve dillere pelesenk olmu\u015f bir alanda\" \/>\n<meta property=\"og:url\" content=\"https:\/\/floraplus.net\/tr_tr\/2024\/07\/30\/yesil-istanbul-icin-soylemek-ve-yapmak\/\" \/>\n<meta property=\"og:site_name\" content=\"Floraplus\" \/>\n<meta property=\"article:publisher\" content=\"https:\/\/www.facebook.com\/floraplusdergisi\" \/>\n<meta property=\"article:published_time\" content=\"2024-07-30T10:42:16+00:00\" \/>\n<meta property=\"article:modified_time\" content=\"2024-07-30T11:22:37+00:00\" \/>\n<meta property=\"og:image\" content=\"https:\/\/floraplus.net\/wp-content\/uploads\/2024\/07\/1.jpeg\" \/>\n\t<meta property=\"og:image:width\" content=\"2048\" \/>\n\t<meta property=\"og:image:height\" content=\"1152\" \/>\n\t<meta property=\"og:image:type\" content=\"image\/jpeg\" \/>\n<meta name=\"author\" content=\"floraplus_admin\" \/>\n<meta name=\"twitter:card\" content=\"summary_large_image\" \/>\n<meta name=\"twitter:label1\" content=\"Yazan:\" \/>\n\t<meta name=\"twitter:data1\" content=\"floraplus_admin\" \/>\n\t<meta name=\"twitter:label2\" content=\"Tahmini okuma s\u00fcresi\" \/>\n\t<meta name=\"twitter:data2\" content=\"3 dakika\" \/>\n<script type=\"application\/ld+json\" class=\"yoast-schema-graph\">{\"@context\":\"https:\/\/schema.org\",\"@graph\":[{\"@type\":\"Article\",\"@id\":\"https:\/\/floraplus.net\/tr_tr\/2024\/07\/30\/yesil-istanbul-icin-soylemek-ve-yapmak\/#article\",\"isPartOf\":{\"@id\":\"https:\/\/floraplus.net\/tr_tr\/2024\/07\/30\/yesil-istanbul-icin-soylemek-ve-yapmak\/\"},\"author\":{\"name\":\"floraplus_admin\",\"@id\":\"https:\/\/floraplus.net\/en\/#\/schema\/person\/7263fcd2e50448ecd875951558a1f277\"},\"headline\":\"Ye\u015fil \u0130stanbul i\u00e7in s\u00f6ylemek ve yapmak\u2026\",\"datePublished\":\"2024-07-30T10:42:16+00:00\",\"dateModified\":\"2024-07-30T11:22:37+00:00\",\"mainEntityOfPage\":{\"@id\":\"https:\/\/floraplus.net\/tr_tr\/2024\/07\/30\/yesil-istanbul-icin-soylemek-ve-yapmak\/\"},\"wordCount\":523,\"commentCount\":0,\"publisher\":{\"@id\":\"https:\/\/floraplus.net\/en\/#organization\"},\"image\":{\"@id\":\"https:\/\/floraplus.net\/tr_tr\/2024\/07\/30\/yesil-istanbul-icin-soylemek-ve-yapmak\/#primaryimage\"},\"thumbnailUrl\":\"https:\/\/floraplus.net\/wp-content\/uploads\/2024\/07\/1.jpeg\",\"articleSection\":{\"0\":\"Edit\u00f6rden\",\"2\":\"G\u00fcncel\",\"3\":\"Haberler\"},\"inLanguage\":\"tr\",\"potentialAction\":[{\"@type\":\"CommentAction\",\"name\":\"Comment\",\"target\":[\"https:\/\/floraplus.net\/tr_tr\/2024\/07\/30\/yesil-istanbul-icin-soylemek-ve-yapmak\/#respond\"]}]},{\"@type\":\"WebPage\",\"@id\":\"https:\/\/floraplus.net\/tr_tr\/2024\/07\/30\/yesil-istanbul-icin-soylemek-ve-yapmak\/\",\"url\":\"https:\/\/floraplus.net\/tr_tr\/2024\/07\/30\/yesil-istanbul-icin-soylemek-ve-yapmak\/\",\"name\":\"Ye\u015fil \u0130stanbul i\u00e7in s\u00f6ylemek ve yapmak\u2026 - Floraplus\",\"isPartOf\":{\"@id\":\"https:\/\/floraplus.net\/en\/#website\"},\"primaryImageOfPage\":{\"@id\":\"https:\/\/floraplus.net\/tr_tr\/2024\/07\/30\/yesil-istanbul-icin-soylemek-ve-yapmak\/#primaryimage\"},\"image\":{\"@id\":\"https:\/\/floraplus.net\/tr_tr\/2024\/07\/30\/yesil-istanbul-icin-soylemek-ve-yapmak\/#primaryimage\"},\"thumbnailUrl\":\"https:\/\/floraplus.net\/wp-content\/uploads\/2024\/07\/1.jpeg\",\"datePublished\":\"2024-07-30T10:42:16+00:00\",\"dateModified\":\"2024-07-30T11:22:37+00:00\",\"breadcrumb\":{\"@id\":\"https:\/\/floraplus.net\/tr_tr\/2024\/07\/30\/yesil-istanbul-icin-soylemek-ve-yapmak\/#breadcrumb\"},\"inLanguage\":\"tr\",\"potentialAction\":[{\"@type\":\"ReadAction\",\"target\":[\"https:\/\/floraplus.net\/tr_tr\/2024\/07\/30\/yesil-istanbul-icin-soylemek-ve-yapmak\/\"]}]},{\"@type\":\"ImageObject\",\"inLanguage\":\"tr\",\"@id\":\"https:\/\/floraplus.net\/tr_tr\/2024\/07\/30\/yesil-istanbul-icin-soylemek-ve-yapmak\/#primaryimage\",\"url\":\"https:\/\/floraplus.net\/wp-content\/uploads\/2024\/07\/1.jpeg\",\"contentUrl\":\"https:\/\/floraplus.net\/wp-content\/uploads\/2024\/07\/1.jpeg\",\"width\":2048,\"height\":1152},{\"@type\":\"BreadcrumbList\",\"@id\":\"https:\/\/floraplus.net\/tr_tr\/2024\/07\/30\/yesil-istanbul-icin-soylemek-ve-yapmak\/#breadcrumb\",\"itemListElement\":[{\"@type\":\"ListItem\",\"position\":1,\"name\":\"Home\",\"item\":\"https:\/\/floraplus.net\/en\/\"},{\"@type\":\"ListItem\",\"position\":2,\"name\":\"Ye\u015fil \u0130stanbul i\u00e7in s\u00f6ylemek ve yapmak\u2026\"}]},{\"@type\":\"WebSite\",\"@id\":\"https:\/\/floraplus.net\/en\/#website\",\"url\":\"https:\/\/floraplus.net\/en\/\",\"name\":\"Floraplus\",\"description\":\"Peyzaj, peyzaj mimarl\u0131\u011f\u0131, peyzaj bitkileri, s\u00fcs ve bah\u00e7e\u00a0bitkileri\",\"publisher\":{\"@id\":\"https:\/\/floraplus.net\/en\/#organization\"},\"potentialAction\":[{\"@type\":\"SearchAction\",\"target\":{\"@type\":\"EntryPoint\",\"urlTemplate\":\"https:\/\/floraplus.net\/en\/?s={search_term_string}\"},\"query-input\":{\"@type\":\"PropertyValueSpecification\",\"valueRequired\":true,\"valueName\":\"search_term_string\"}}],\"inLanguage\":\"tr\"},{\"@type\":\"Organization\",\"@id\":\"https:\/\/floraplus.net\/en\/#organization\",\"name\":\"Floraplus\",\"url\":\"https:\/\/floraplus.net\/en\/\",\"logo\":{\"@type\":\"ImageObject\",\"inLanguage\":\"tr\",\"@id\":\"https:\/\/floraplus.net\/en\/#\/schema\/logo\/image\/\",\"url\":\"https:\/\/floraplus.net\/wp-content\/uploads\/2021\/08\/logo-e1627994475388.png\",\"contentUrl\":\"https:\/\/floraplus.net\/wp-content\/uploads\/2021\/08\/logo-e1627994475388.png\",\"width\":251,\"height\":81,\"caption\":\"Floraplus\"},\"image\":{\"@id\":\"https:\/\/floraplus.net\/en\/#\/schema\/logo\/image\/\"},\"sameAs\":[\"https:\/\/www.facebook.com\/floraplusdergisi\",\"https:\/\/www.instagram.com\/floraplusdergisi\/\"]},{\"@type\":\"Person\",\"@id\":\"https:\/\/floraplus.net\/en\/#\/schema\/person\/7263fcd2e50448ecd875951558a1f277\",\"name\":\"floraplus_admin\",\"sameAs\":[\"http:\/\/test.floraplus.net\"],\"url\":\"https:\/\/floraplus.net\/tr_tr\/author\/floraplus_admin\/\"}]}<\/script>\n<!-- \/ Yoast SEO Premium plugin. -->","yoast_head_json":{"title":"Ye\u015fil \u0130stanbul i\u00e7in s\u00f6ylemek ve yapmak\u2026 - Floraplus","robots":{"index":"index","follow":"follow","max-snippet":"max-snippet:-1","max-image-preview":"max-image-preview:large","max-video-preview":"max-video-preview:-1"},"canonical":"https:\/\/floraplus.net\/tr_tr\/2024\/07\/30\/yesil-istanbul-icin-soylemek-ve-yapmak\/","og_locale":"tr_TR","og_type":"article","og_title":"Ye\u015fil \u0130stanbul i\u00e7in s\u00f6ylemek ve yapmak\u2026","og_description":"\u0130stanbul B\u00fcy\u00fck\u015fehir Belediyesi \u201cYe\u015fil Altyap\u0131, S\u00fcrd\u00fcr\u00fclebilirlik\u201d gibi \u00e7ok kullan\u0131lan ve dillere pelesenk olmu\u015f bir alanda","og_url":"https:\/\/floraplus.net\/tr_tr\/2024\/07\/30\/yesil-istanbul-icin-soylemek-ve-yapmak\/","og_site_name":"Floraplus","article_publisher":"https:\/\/www.facebook.com\/floraplusdergisi","article_published_time":"2024-07-30T10:42:16+00:00","article_modified_time":"2024-07-30T11:22:37+00:00","og_image":[{"width":2048,"height":1152,"url":"https:\/\/floraplus.net\/wp-content\/uploads\/2024\/07\/1.jpeg","type":"image\/jpeg"}],"author":"floraplus_admin","twitter_card":"summary_large_image","twitter_misc":{"Yazan:":"floraplus_admin","Tahmini okuma s\u00fcresi":"3 dakika"},"schema":{"@context":"https:\/\/schema.org","@graph":[{"@type":"Article","@id":"https:\/\/floraplus.net\/tr_tr\/2024\/07\/30\/yesil-istanbul-icin-soylemek-ve-yapmak\/#article","isPartOf":{"@id":"https:\/\/floraplus.net\/tr_tr\/2024\/07\/30\/yesil-istanbul-icin-soylemek-ve-yapmak\/"},"author":{"name":"floraplus_admin","@id":"https:\/\/floraplus.net\/en\/#\/schema\/person\/7263fcd2e50448ecd875951558a1f277"},"headline":"Ye\u015fil \u0130stanbul i\u00e7in s\u00f6ylemek ve yapmak\u2026","datePublished":"2024-07-30T10:42:16+00:00","dateModified":"2024-07-30T11:22:37+00:00","mainEntityOfPage":{"@id":"https:\/\/floraplus.net\/tr_tr\/2024\/07\/30\/yesil-istanbul-icin-soylemek-ve-yapmak\/"},"wordCount":523,"commentCount":0,"publisher":{"@id":"https:\/\/floraplus.net\/en\/#organization"},"image":{"@id":"https:\/\/floraplus.net\/tr_tr\/2024\/07\/30\/yesil-istanbul-icin-soylemek-ve-yapmak\/#primaryimage"},"thumbnailUrl":"https:\/\/floraplus.net\/wp-content\/uploads\/2024\/07\/1.jpeg","articleSection":{"0":"Edit\u00f6rden","2":"G\u00fcncel","3":"Haberler"},"inLanguage":"tr","potentialAction":[{"@type":"CommentAction","name":"Comment","target":["https:\/\/floraplus.net\/tr_tr\/2024\/07\/30\/yesil-istanbul-icin-soylemek-ve-yapmak\/#respond"]}]},{"@type":"WebPage","@id":"https:\/\/floraplus.net\/tr_tr\/2024\/07\/30\/yesil-istanbul-icin-soylemek-ve-yapmak\/","url":"https:\/\/floraplus.net\/tr_tr\/2024\/07\/30\/yesil-istanbul-icin-soylemek-ve-yapmak\/","name":"Ye\u015fil \u0130stanbul i\u00e7in s\u00f6ylemek ve yapmak\u2026 - Floraplus","isPartOf":{"@id":"https:\/\/floraplus.net\/en\/#website"},"primaryImageOfPage":{"@id":"https:\/\/floraplus.net\/tr_tr\/2024\/07\/30\/yesil-istanbul-icin-soylemek-ve-yapmak\/#primaryimage"},"image":{"@id":"https:\/\/floraplus.net\/tr_tr\/2024\/07\/30\/yesil-istanbul-icin-soylemek-ve-yapmak\/#primaryimage"},"thumbnailUrl":"https:\/\/floraplus.net\/wp-content\/uploads\/2024\/07\/1.jpeg","datePublished":"2024-07-30T10:42:16+00:00","dateModified":"2024-07-30T11:22:37+00:00","breadcrumb":{"@id":"https:\/\/floraplus.net\/tr_tr\/2024\/07\/30\/yesil-istanbul-icin-soylemek-ve-yapmak\/#breadcrumb"},"inLanguage":"tr","potentialAction":[{"@type":"ReadAction","target":["https:\/\/floraplus.net\/tr_tr\/2024\/07\/30\/yesil-istanbul-icin-soylemek-ve-yapmak\/"]}]},{"@type":"ImageObject","inLanguage":"tr","@id":"https:\/\/floraplus.net\/tr_tr\/2024\/07\/30\/yesil-istanbul-icin-soylemek-ve-yapmak\/#primaryimage","url":"https:\/\/floraplus.net\/wp-content\/uploads\/2024\/07\/1.jpeg","contentUrl":"https:\/\/floraplus.net\/wp-content\/uploads\/2024\/07\/1.jpeg","width":2048,"height":1152},{"@type":"BreadcrumbList","@id":"https:\/\/floraplus.net\/tr_tr\/2024\/07\/30\/yesil-istanbul-icin-soylemek-ve-yapmak\/#breadcrumb","itemListElement":[{"@type":"ListItem","position":1,"name":"Home","item":"https:\/\/floraplus.net\/en\/"},{"@type":"ListItem","position":2,"name":"Ye\u015fil \u0130stanbul i\u00e7in s\u00f6ylemek ve yapmak\u2026"}]},{"@type":"WebSite","@id":"https:\/\/floraplus.net\/en\/#website","url":"https:\/\/floraplus.net\/en\/","name":"Floraplus","description":"Peyzaj, peyzaj mimarl\u0131\u011f\u0131, peyzaj bitkileri, s\u00fcs ve bah\u00e7e\u00a0bitkileri","publisher":{"@id":"https:\/\/floraplus.net\/en\/#organization"},"potentialAction":[{"@type":"SearchAction","target":{"@type":"EntryPoint","urlTemplate":"https:\/\/floraplus.net\/en\/?s={search_term_string}"},"query-input":{"@type":"PropertyValueSpecification","valueRequired":true,"valueName":"search_term_string"}}],"inLanguage":"tr"},{"@type":"Organization","@id":"https:\/\/floraplus.net\/en\/#organization","name":"Floraplus","url":"https:\/\/floraplus.net\/en\/","logo":{"@type":"ImageObject","inLanguage":"tr","@id":"https:\/\/floraplus.net\/en\/#\/schema\/logo\/image\/","url":"https:\/\/floraplus.net\/wp-content\/uploads\/2021\/08\/logo-e1627994475388.png","contentUrl":"https:\/\/floraplus.net\/wp-content\/uploads\/2021\/08\/logo-e1627994475388.png","width":251,"height":81,"caption":"Floraplus"},"image":{"@id":"https:\/\/floraplus.net\/en\/#\/schema\/logo\/image\/"},"sameAs":["https:\/\/www.facebook.com\/floraplusdergisi","https:\/\/www.instagram.com\/floraplusdergisi\/"]},{"@type":"Person","@id":"https:\/\/floraplus.net\/en\/#\/schema\/person\/7263fcd2e50448ecd875951558a1f277","name":"floraplus_admin","sameAs":["http:\/\/test.floraplus.net"],"url":"https:\/\/floraplus.net\/tr_tr\/author\/floraplus_admin\/"}]}},"_links":{"self":[{"href":"https:\/\/floraplus.net\/tr_tr\/wp-json\/wp\/v2\/posts\/6903","targetHints":{"allow":["GET"]}}],"collection":[{"href":"https:\/\/floraplus.net\/tr_tr\/wp-json\/wp\/v2\/posts"}],"about":[{"href":"https:\/\/floraplus.net\/tr_tr\/wp-json\/wp\/v2\/types\/post"}],"author":[{"embeddable":true,"href":"https:\/\/floraplus.net\/tr_tr\/wp-json\/wp\/v2\/users\/1"}],"replies":[{"embeddable":true,"href":"https:\/\/floraplus.net\/tr_tr\/wp-json\/wp\/v2\/comments?post=6903"}],"version-history":[{"count":9,"href":"https:\/\/floraplus.net\/tr_tr\/wp-json\/wp\/v2\/posts\/6903\/revisions"}],"predecessor-version":[{"id":6958,"href":"https:\/\/floraplus.net\/tr_tr\/wp-json\/wp\/v2\/posts\/6903\/revisions\/6958"}],"wp:featuredmedia":[{"embeddable":true,"href":"https:\/\/floraplus.net\/tr_tr\/wp-json\/wp\/v2\/media\/6905"}],"wp:attachment":[{"href":"https:\/\/floraplus.net\/tr_tr\/wp-json\/wp\/v2\/media?parent=6903"}],"wp:term":[{"taxonomy":"category","embeddable":true,"href":"https:\/\/floraplus.net\/tr_tr\/wp-json\/wp\/v2\/categories?post=6903"},{"taxonomy":"post_tag","embeddable":true,"href":"https:\/\/floraplus.net\/tr_tr\/wp-json\/wp\/v2\/tags?post=6903"}],"curies":[{"name":"wp","href":"https:\/\/api.w.org\/{rel}","templated":true}]}}