{"id":7116,"date":"2024-09-24T14:37:47","date_gmt":"2024-09-24T11:37:47","guid":{"rendered":"https:\/\/floraplus.net\/?p=7116"},"modified":"2024-09-24T14:40:06","modified_gmt":"2024-09-24T11:40:06","slug":"odemise-davetlisiniz","status":"publish","type":"post","link":"https:\/\/floraplus.net\/tr_tr\/2024\/09\/24\/odemise-davetlisiniz\/","title":{"rendered":"\u00d6demi\u015f\u2019e davetlisiniz!"},"content":{"rendered":"\n<figure class=\"wp-block-image size-large\"><img loading=\"lazy\" decoding=\"async\" width=\"1024\" height=\"1024\" src=\"https:\/\/floraplus.net\/wp-content\/uploads\/2024\/09\/ODEMIS-SERGI-1024x1024.jpg\" alt=\"\" class=\"wp-image-7117\" srcset=\"https:\/\/floraplus.net\/wp-content\/uploads\/2024\/09\/ODEMIS-SERGI-1024x1024.jpg 1024w, https:\/\/floraplus.net\/wp-content\/uploads\/2024\/09\/ODEMIS-SERGI-300x300.jpg 300w, https:\/\/floraplus.net\/wp-content\/uploads\/2024\/09\/ODEMIS-SERGI-150x150.jpg 150w, https:\/\/floraplus.net\/wp-content\/uploads\/2024\/09\/ODEMIS-SERGI-768x768.jpg 768w, https:\/\/floraplus.net\/wp-content\/uploads\/2024\/09\/ODEMIS-SERGI.jpg 1440w\" sizes=\"auto, (max-width: 1024px) 100vw, 1024px\" \/><\/figure>\n\n\n\n<p>\u00d6demi\u015f T\u00fcrkiye\u2019de ilk defa bitki sergisiyle sekt\u00f6rel bulu\u015fman\u0131n \u00f6nc\u00fcs\u00fc olmu\u015ftu.\u00a0 Bu defa 19. \u00d6demi\u015f \u00d6demi\u015f S\u00fcs Bitkileri ve Fidanc\u0131l\u0131k Sergisi 24-27 Ekim 2024\u2019te a\u00e7\u0131l\u0131yor ve sekt\u00f6r mensuplar\u0131n\u0131 bulu\u015fturuyor. B\u00fct\u00fcn peyzaj mimarlar\u0131; \u00fcreticiler ve sekt\u00f6rel ki\u015fi ve kurulu\u015flar davetlidir.<\/p>\n\n\n\n<p><\/p>\n","protected":false},"excerpt":{"rendered":"<p>\u00d6demi\u015f T\u00fcrkiye\u2019de ilk defa bitki sergisiyle sekt\u00f6rel bulu\u015fman\u0131n \u00f6nc\u00fcs\u00fc olmu\u015ftu.\u00a0 Bu defa 19. \u00d6demi\u015f \u00d6demi\u015f<\/p>\n","protected":false},"author":1,"featured_media":7119,"comment_status":"open","ping_status":"open","sticky":false,"template":"","format":"standard","meta":{"pgc_sgb_lightbox_settings":"","cybocfi_hide_featured_image":"","footnotes":""},"categories":[1,1429,225],"tags":[],"class_list":["post-7116","post","type-post","status-publish","format-standard","has-post-thumbnail","hentry","category-genel","category-guncel","category-haberler"],"yoast_head":"<!-- This site is optimized with the Yoast SEO Premium plugin v25.4 (Yoast SEO v25.4) - https:\/\/yoast.com\/wordpress\/plugins\/seo\/ -->\n<title>\u00d6demi\u015f\u2019e davetlisiniz! - Floraplus<\/title>\n<meta name=\"robots\" content=\"index, follow, max-snippet:-1, max-image-preview:large, max-video-preview:-1\" \/>\n<link rel=\"canonical\" href=\"https:\/\/floraplus.net\/tr_tr\/2024\/09\/24\/odemise-davetlisiniz\/\" \/>\n<meta property=\"og:locale\" content=\"tr_TR\" \/>\n<meta property=\"og:type\" content=\"article\" \/>\n<meta property=\"og:title\" content=\"\u00d6demi\u015f\u2019e davetlisiniz!\" \/>\n<meta property=\"og:description\" content=\"\u00d6demi\u015f T\u00fcrkiye\u2019de ilk defa bitki sergisiyle sekt\u00f6rel bulu\u015fman\u0131n \u00f6nc\u00fcs\u00fc olmu\u015ftu.\u00a0 Bu defa 19. \u00d6demi\u015f \u00d6demi\u015f\" \/>\n<meta property=\"og:url\" content=\"https:\/\/floraplus.net\/tr_tr\/2024\/09\/24\/odemise-davetlisiniz\/\" \/>\n<meta property=\"og:site_name\" content=\"Floraplus\" \/>\n<meta property=\"article:publisher\" content=\"https:\/\/www.facebook.com\/floraplusdergisi\" \/>\n<meta property=\"article:published_time\" content=\"2024-09-24T11:37:47+00:00\" \/>\n<meta property=\"article:modified_time\" content=\"2024-09-24T11:40:06+00:00\" \/>\n<meta property=\"og:image\" content=\"https:\/\/floraplus.net\/wp-content\/uploads\/2024\/09\/odemis-sergi.png\" \/>\n\t<meta property=\"og:image:width\" content=\"640\" \/>\n\t<meta property=\"og:image:height\" content=\"480\" \/>\n\t<meta property=\"og:image:type\" content=\"image\/png\" \/>\n<meta name=\"author\" content=\"floraplus_admin\" \/>\n<meta name=\"twitter:card\" content=\"summary_large_image\" \/>\n<meta name=\"twitter:label1\" content=\"Yazan:\" \/>\n\t<meta name=\"twitter:data1\" content=\"floraplus_admin\" \/>\n<script type=\"application\/ld+json\" class=\"yoast-schema-graph\">{\"@context\":\"https:\/\/schema.org\",\"@graph\":[{\"@type\":\"Article\",\"@id\":\"https:\/\/floraplus.net\/tr_tr\/2024\/09\/24\/odemise-davetlisiniz\/#article\",\"isPartOf\":{\"@id\":\"https:\/\/floraplus.net\/tr_tr\/2024\/09\/24\/odemise-davetlisiniz\/\"},\"author\":{\"name\":\"floraplus_admin\",\"@id\":\"https:\/\/floraplus.net\/en\/#\/schema\/person\/7263fcd2e50448ecd875951558a1f277\"},\"headline\":\"\u00d6demi\u015f\u2019e davetlisiniz!\",\"datePublished\":\"2024-09-24T11:37:47+00:00\",\"dateModified\":\"2024-09-24T11:40:06+00:00\",\"mainEntityOfPage\":{\"@id\":\"https:\/\/floraplus.net\/tr_tr\/2024\/09\/24\/odemise-davetlisiniz\/\"},\"wordCount\":60,\"commentCount\":0,\"publisher\":{\"@id\":\"https:\/\/floraplus.net\/en\/#organization\"},\"image\":{\"@id\":\"https:\/\/floraplus.net\/tr_tr\/2024\/09\/24\/odemise-davetlisiniz\/#primaryimage\"},\"thumbnailUrl\":\"https:\/\/floraplus.net\/wp-content\/uploads\/2024\/09\/odemis-sergi.png\",\"articleSection\":{\"1\":\"G\u00fcncel\",\"2\":\"Haberler\"},\"inLanguage\":\"tr\",\"potentialAction\":[{\"@type\":\"CommentAction\",\"name\":\"Comment\",\"target\":[\"https:\/\/floraplus.net\/tr_tr\/2024\/09\/24\/odemise-davetlisiniz\/#respond\"]}]},{\"@type\":\"WebPage\",\"@id\":\"https:\/\/floraplus.net\/tr_tr\/2024\/09\/24\/odemise-davetlisiniz\/\",\"url\":\"https:\/\/floraplus.net\/tr_tr\/2024\/09\/24\/odemise-davetlisiniz\/\",\"name\":\"\u00d6demi\u015f\u2019e davetlisiniz! - Floraplus\",\"isPartOf\":{\"@id\":\"https:\/\/floraplus.net\/en\/#website\"},\"primaryImageOfPage\":{\"@id\":\"https:\/\/floraplus.net\/tr_tr\/2024\/09\/24\/odemise-davetlisiniz\/#primaryimage\"},\"image\":{\"@id\":\"https:\/\/floraplus.net\/tr_tr\/2024\/09\/24\/odemise-davetlisiniz\/#primaryimage\"},\"thumbnailUrl\":\"https:\/\/floraplus.net\/wp-content\/uploads\/2024\/09\/odemis-sergi.png\",\"datePublished\":\"2024-09-24T11:37:47+00:00\",\"dateModified\":\"2024-09-24T11:40:06+00:00\",\"breadcrumb\":{\"@id\":\"https:\/\/floraplus.net\/tr_tr\/2024\/09\/24\/odemise-davetlisiniz\/#breadcrumb\"},\"inLanguage\":\"tr\",\"potentialAction\":[{\"@type\":\"ReadAction\",\"target\":[\"https:\/\/floraplus.net\/tr_tr\/2024\/09\/24\/odemise-davetlisiniz\/\"]}]},{\"@type\":\"ImageObject\",\"inLanguage\":\"tr\",\"@id\":\"https:\/\/floraplus.net\/tr_tr\/2024\/09\/24\/odemise-davetlisiniz\/#primaryimage\",\"url\":\"https:\/\/floraplus.net\/wp-content\/uploads\/2024\/09\/odemis-sergi.png\",\"contentUrl\":\"https:\/\/floraplus.net\/wp-content\/uploads\/2024\/09\/odemis-sergi.png\",\"width\":640,\"height\":480},{\"@type\":\"BreadcrumbList\",\"@id\":\"https:\/\/floraplus.net\/tr_tr\/2024\/09\/24\/odemise-davetlisiniz\/#breadcrumb\",\"itemListElement\":[{\"@type\":\"ListItem\",\"position\":1,\"name\":\"Home\",\"item\":\"https:\/\/floraplus.net\/en\/\"},{\"@type\":\"ListItem\",\"position\":2,\"name\":\"\u00d6demi\u015f\u2019e davetlisiniz!\"}]},{\"@type\":\"WebSite\",\"@id\":\"https:\/\/floraplus.net\/en\/#website\",\"url\":\"https:\/\/floraplus.net\/en\/\",\"name\":\"Floraplus\",\"description\":\"Peyzaj, peyzaj mimarl\u0131\u011f\u0131, peyzaj bitkileri, s\u00fcs ve bah\u00e7e\u00a0bitkileri\",\"publisher\":{\"@id\":\"https:\/\/floraplus.net\/en\/#organization\"},\"potentialAction\":[{\"@type\":\"SearchAction\",\"target\":{\"@type\":\"EntryPoint\",\"urlTemplate\":\"https:\/\/floraplus.net\/en\/?s={search_term_string}\"},\"query-input\":{\"@type\":\"PropertyValueSpecification\",\"valueRequired\":true,\"valueName\":\"search_term_string\"}}],\"inLanguage\":\"tr\"},{\"@type\":\"Organization\",\"@id\":\"https:\/\/floraplus.net\/en\/#organization\",\"name\":\"Floraplus\",\"url\":\"https:\/\/floraplus.net\/en\/\",\"logo\":{\"@type\":\"ImageObject\",\"inLanguage\":\"tr\",\"@id\":\"https:\/\/floraplus.net\/en\/#\/schema\/logo\/image\/\",\"url\":\"https:\/\/floraplus.net\/wp-content\/uploads\/2021\/08\/logo-e1627994475388.png\",\"contentUrl\":\"https:\/\/floraplus.net\/wp-content\/uploads\/2021\/08\/logo-e1627994475388.png\",\"width\":251,\"height\":81,\"caption\":\"Floraplus\"},\"image\":{\"@id\":\"https:\/\/floraplus.net\/en\/#\/schema\/logo\/image\/\"},\"sameAs\":[\"https:\/\/www.facebook.com\/floraplusdergisi\",\"https:\/\/www.instagram.com\/floraplusdergisi\/\"]},{\"@type\":\"Person\",\"@id\":\"https:\/\/floraplus.net\/en\/#\/schema\/person\/7263fcd2e50448ecd875951558a1f277\",\"name\":\"floraplus_admin\",\"sameAs\":[\"http:\/\/test.floraplus.net\"],\"url\":\"https:\/\/floraplus.net\/tr_tr\/author\/floraplus_admin\/\"}]}<\/script>\n<!-- \/ Yoast SEO Premium plugin. -->","yoast_head_json":{"title":"\u00d6demi\u015f\u2019e davetlisiniz! - Floraplus","robots":{"index":"index","follow":"follow","max-snippet":"max-snippet:-1","max-image-preview":"max-image-preview:large","max-video-preview":"max-video-preview:-1"},"canonical":"https:\/\/floraplus.net\/tr_tr\/2024\/09\/24\/odemise-davetlisiniz\/","og_locale":"tr_TR","og_type":"article","og_title":"\u00d6demi\u015f\u2019e davetlisiniz!","og_description":"\u00d6demi\u015f T\u00fcrkiye\u2019de ilk defa bitki sergisiyle sekt\u00f6rel bulu\u015fman\u0131n \u00f6nc\u00fcs\u00fc olmu\u015ftu.\u00a0 Bu defa 19. \u00d6demi\u015f \u00d6demi\u015f","og_url":"https:\/\/floraplus.net\/tr_tr\/2024\/09\/24\/odemise-davetlisiniz\/","og_site_name":"Floraplus","article_publisher":"https:\/\/www.facebook.com\/floraplusdergisi","article_published_time":"2024-09-24T11:37:47+00:00","article_modified_time":"2024-09-24T11:40:06+00:00","og_image":[{"width":640,"height":480,"url":"https:\/\/floraplus.net\/wp-content\/uploads\/2024\/09\/odemis-sergi.png","type":"image\/png"}],"author":"floraplus_admin","twitter_card":"summary_large_image","twitter_misc":{"Yazan:":"floraplus_admin"},"schema":{"@context":"https:\/\/schema.org","@graph":[{"@type":"Article","@id":"https:\/\/floraplus.net\/tr_tr\/2024\/09\/24\/odemise-davetlisiniz\/#article","isPartOf":{"@id":"https:\/\/floraplus.net\/tr_tr\/2024\/09\/24\/odemise-davetlisiniz\/"},"author":{"name":"floraplus_admin","@id":"https:\/\/floraplus.net\/en\/#\/schema\/person\/7263fcd2e50448ecd875951558a1f277"},"headline":"\u00d6demi\u015f\u2019e davetlisiniz!","datePublished":"2024-09-24T11:37:47+00:00","dateModified":"2024-09-24T11:40:06+00:00","mainEntityOfPage":{"@id":"https:\/\/floraplus.net\/tr_tr\/2024\/09\/24\/odemise-davetlisiniz\/"},"wordCount":60,"commentCount":0,"publisher":{"@id":"https:\/\/floraplus.net\/en\/#organization"},"image":{"@id":"https:\/\/floraplus.net\/tr_tr\/2024\/09\/24\/odemise-davetlisiniz\/#primaryimage"},"thumbnailUrl":"https:\/\/floraplus.net\/wp-content\/uploads\/2024\/09\/odemis-sergi.png","articleSection":{"1":"G\u00fcncel","2":"Haberler"},"inLanguage":"tr","potentialAction":[{"@type":"CommentAction","name":"Comment","target":["https:\/\/floraplus.net\/tr_tr\/2024\/09\/24\/odemise-davetlisiniz\/#respond"]}]},{"@type":"WebPage","@id":"https:\/\/floraplus.net\/tr_tr\/2024\/09\/24\/odemise-davetlisiniz\/","url":"https:\/\/floraplus.net\/tr_tr\/2024\/09\/24\/odemise-davetlisiniz\/","name":"\u00d6demi\u015f\u2019e davetlisiniz! - Floraplus","isPartOf":{"@id":"https:\/\/floraplus.net\/en\/#website"},"primaryImageOfPage":{"@id":"https:\/\/floraplus.net\/tr_tr\/2024\/09\/24\/odemise-davetlisiniz\/#primaryimage"},"image":{"@id":"https:\/\/floraplus.net\/tr_tr\/2024\/09\/24\/odemise-davetlisiniz\/#primaryimage"},"thumbnailUrl":"https:\/\/floraplus.net\/wp-content\/uploads\/2024\/09\/odemis-sergi.png","datePublished":"2024-09-24T11:37:47+00:00","dateModified":"2024-09-24T11:40:06+00:00","breadcrumb":{"@id":"https:\/\/floraplus.net\/tr_tr\/2024\/09\/24\/odemise-davetlisiniz\/#breadcrumb"},"inLanguage":"tr","potentialAction":[{"@type":"ReadAction","target":["https:\/\/floraplus.net\/tr_tr\/2024\/09\/24\/odemise-davetlisiniz\/"]}]},{"@type":"ImageObject","inLanguage":"tr","@id":"https:\/\/floraplus.net\/tr_tr\/2024\/09\/24\/odemise-davetlisiniz\/#primaryimage","url":"https:\/\/floraplus.net\/wp-content\/uploads\/2024\/09\/odemis-sergi.png","contentUrl":"https:\/\/floraplus.net\/wp-content\/uploads\/2024\/09\/odemis-sergi.png","width":640,"height":480},{"@type":"BreadcrumbList","@id":"https:\/\/floraplus.net\/tr_tr\/2024\/09\/24\/odemise-davetlisiniz\/#breadcrumb","itemListElement":[{"@type":"ListItem","position":1,"name":"Home","item":"https:\/\/floraplus.net\/en\/"},{"@type":"ListItem","position":2,"name":"\u00d6demi\u015f\u2019e davetlisiniz!"}]},{"@type":"WebSite","@id":"https:\/\/floraplus.net\/en\/#website","url":"https:\/\/floraplus.net\/en\/","name":"Floraplus","description":"Peyzaj, peyzaj mimarl\u0131\u011f\u0131, peyzaj bitkileri, s\u00fcs ve bah\u00e7e\u00a0bitkileri","publisher":{"@id":"https:\/\/floraplus.net\/en\/#organization"},"potentialAction":[{"@type":"SearchAction","target":{"@type":"EntryPoint","urlTemplate":"https:\/\/floraplus.net\/en\/?s={search_term_string}"},"query-input":{"@type":"PropertyValueSpecification","valueRequired":true,"valueName":"search_term_string"}}],"inLanguage":"tr"},{"@type":"Organization","@id":"https:\/\/floraplus.net\/en\/#organization","name":"Floraplus","url":"https:\/\/floraplus.net\/en\/","logo":{"@type":"ImageObject","inLanguage":"tr","@id":"https:\/\/floraplus.net\/en\/#\/schema\/logo\/image\/","url":"https:\/\/floraplus.net\/wp-content\/uploads\/2021\/08\/logo-e1627994475388.png","contentUrl":"https:\/\/floraplus.net\/wp-content\/uploads\/2021\/08\/logo-e1627994475388.png","width":251,"height":81,"caption":"Floraplus"},"image":{"@id":"https:\/\/floraplus.net\/en\/#\/schema\/logo\/image\/"},"sameAs":["https:\/\/www.facebook.com\/floraplusdergisi","https:\/\/www.instagram.com\/floraplusdergisi\/"]},{"@type":"Person","@id":"https:\/\/floraplus.net\/en\/#\/schema\/person\/7263fcd2e50448ecd875951558a1f277","name":"floraplus_admin","sameAs":["http:\/\/test.floraplus.net"],"url":"https:\/\/floraplus.net\/tr_tr\/author\/floraplus_admin\/"}]}},"_links":{"self":[{"href":"https:\/\/floraplus.net\/tr_tr\/wp-json\/wp\/v2\/posts\/7116","targetHints":{"allow":["GET"]}}],"collection":[{"href":"https:\/\/floraplus.net\/tr_tr\/wp-json\/wp\/v2\/posts"}],"about":[{"href":"https:\/\/floraplus.net\/tr_tr\/wp-json\/wp\/v2\/types\/post"}],"author":[{"embeddable":true,"href":"https:\/\/floraplus.net\/tr_tr\/wp-json\/wp\/v2\/users\/1"}],"replies":[{"embeddable":true,"href":"https:\/\/floraplus.net\/tr_tr\/wp-json\/wp\/v2\/comments?post=7116"}],"version-history":[{"count":1,"href":"https:\/\/floraplus.net\/tr_tr\/wp-json\/wp\/v2\/posts\/7116\/revisions"}],"predecessor-version":[{"id":7118,"href":"https:\/\/floraplus.net\/tr_tr\/wp-json\/wp\/v2\/posts\/7116\/revisions\/7118"}],"wp:featuredmedia":[{"embeddable":true,"href":"https:\/\/floraplus.net\/tr_tr\/wp-json\/wp\/v2\/media\/7119"}],"wp:attachment":[{"href":"https:\/\/floraplus.net\/tr_tr\/wp-json\/wp\/v2\/media?parent=7116"}],"wp:term":[{"taxonomy":"category","embeddable":true,"href":"https:\/\/floraplus.net\/tr_tr\/wp-json\/wp\/v2\/categories?post=7116"},{"taxonomy":"post_tag","embeddable":true,"href":"https:\/\/floraplus.net\/tr_tr\/wp-json\/wp\/v2\/tags?post=7116"}],"curies":[{"name":"wp","href":"https:\/\/api.w.org\/{rel}","templated":true}]}}