{"id":7786,"date":"2025-04-25T12:40:23","date_gmt":"2025-04-25T09:40:23","guid":{"rendered":"https:\/\/floraplus.net\/?p=7786"},"modified":"2025-04-25T14:23:31","modified_gmt":"2025-04-25T11:23:31","slug":"cimden-vazgecilebilir-mi","status":"publish","type":"post","link":"https:\/\/floraplus.net\/tr_tr\/2025\/04\/25\/cimden-vazgecilebilir-mi\/","title":{"rendered":"\u00c7imden vazge\u00e7ilebilir mi?"},"content":{"rendered":"<div class=\"pgc-sgb-cb wp-block-pgcsimplygalleryblock-slider \" data-gallery-id=\"93996901\"style=&quot;min-height:900px&quot;><div class=\"sgb-preloader\" id=\"pr_93996901\">\n\t<div class=\"sgb-square\" style=\"background:#d4d4d4\"><\/div>\n\t<div class=\"sgb-square\" style=\"background:#d4d4d4\"><\/div>\n\t<div class=\"sgb-square\" style=\"background:#d4d4d4\"><\/div>\n\t<div class=\"sgb-square\" style=\"background:#d4d4d4\"><\/div><\/div><div class=\"simply-gallery-amp pgc_sgb_slider \" style=\"display: none;\"><div class=\"sgb-gallery\"><div class=\"sgb-item\"><a href=\"https:\/\/floraplus.net\/2025\/04\/25\/cimden-vazgecilebilir-mi\/1-35\/\" target=\"_blank\"><img decoding=\"async\" alt=\"Soldan sa\u011fa \nEbru Turgut (Adana Peyzaj Mimarlar\u0131 Odas\u0131 \u015eube Ba\u015fkan\u0131)\nErsin \u00d6zbadem (Adana Peyzaj Mimarlar\u0131 Odas\u0131 2.Ba\u015fkan\u0131\nNazl\u0131 P\u0131nar \u00dcNL\u00dc (Peyzaj Mimar\u0131-\u00c7ukurova Belediyesi Ba\u015fkan Yard\u0131mc\u0131s\u0131) \nAhmet G\u00fclg\u00fcn (Ziraat M\u00fchendisi)\n\u00d6zlem Aytok (PMO Adana \u015eube Y\u00f6netim Kurulu \u00dcyesi) \nMehmet Ali Derse (PMO Adana \u015eube Y\u00f6netim Kurulu \u00dcyesi)\n\" width=\"240\" height=\"300\" loading=\"lazy\" src=\"https:\/\/floraplus.net\/wp-content\/uploads\/2025\/04\/1-1-240x300.jpg\" srcset=\"https:\/\/floraplus.net\/wp-content\/uploads\/2025\/04\/1-1-240x300.jpg 240w,https:\/\/floraplus.net\/wp-content\/uploads\/2025\/04\/1-1-820x1024.jpg 820w,https:\/\/floraplus.net\/wp-content\/uploads\/2025\/04\/1-1.jpg 1440w\" sizes=\"auto, 250px\"\/><\/a><div class=\"sgb-item-caption\"><em>Soldan sa\u011fa \nEbru Turgut (Adana Peyzaj Mimarlar\u0131 Odas\u0131 \u015eube Ba\u015fkan\u0131)\nErsin \u00d6zbadem (Adana Peyzaj Mimarlar\u0131 Odas\u0131 2.Ba\u015fkan\u0131\nNazl\u0131 P\u0131nar \u00dcNL\u00dc (Peyzaj Mimar\u0131-\u00c7ukurova Belediyesi Ba\u015fkan Yard\u0131mc\u0131s\u0131) \nAhmet G\u00fclg\u00fcn (Ziraat M\u00fchendisi)\n\u00d6zlem Aytok (PMO Adana \u015eube Y\u00f6netim Kurulu \u00dcyesi) \nMehmet Ali Derse (PMO Adana \u015eube Y\u00f6netim Kurulu \u00dcyesi)\n<\/em><\/div><\/div><div class=\"sgb-item\"><a href=\"https:\/\/floraplus.net\/2025\/04\/25\/cimden-vazgecilebilir-mi\/2-31\/\" target=\"_blank\"><img decoding=\"async\" alt=\"\" width=\"300\" height=\"300\" loading=\"lazy\" src=\"https:\/\/floraplus.net\/wp-content\/uploads\/2025\/04\/2-300x300.jpg\" srcset=\"https:\/\/floraplus.net\/wp-content\/uploads\/2025\/04\/2-300x300.jpg 300w,https:\/\/floraplus.net\/wp-content\/uploads\/2025\/04\/2-1024x1024.jpg 1024w,https:\/\/floraplus.net\/wp-content\/uploads\/2025\/04\/2.jpg 1440w\" sizes=\"auto, 250px\"\/><\/a><\/div><div class=\"sgb-item\"><a href=\"https:\/\/floraplus.net\/2025\/04\/25\/cimden-vazgecilebilir-mi\/3-36\/\" target=\"_blank\"><img decoding=\"async\" alt=\"\" width=\"240\" height=\"300\" loading=\"lazy\" src=\"https:\/\/floraplus.net\/wp-content\/uploads\/2025\/04\/3-1-240x300.jpg\" srcset=\"https:\/\/floraplus.net\/wp-content\/uploads\/2025\/04\/3-1-240x300.jpg 240w,https:\/\/floraplus.net\/wp-content\/uploads\/2025\/04\/3-1-820x1024.jpg 820w,https:\/\/floraplus.net\/wp-content\/uploads\/2025\/04\/3-1.jpg 1440w\" sizes=\"auto, 250px\"\/><\/a><\/div><div class=\"sgb-item\"><a href=\"https:\/\/floraplus.net\/2025\/04\/25\/cimden-vazgecilebilir-mi\/4-23\/\" target=\"_blank\"><img decoding=\"async\" alt=\"\" width=\"240\" height=\"300\" loading=\"lazy\" src=\"https:\/\/floraplus.net\/wp-content\/uploads\/2025\/04\/4-240x300.jpg\" srcset=\"https:\/\/floraplus.net\/wp-content\/uploads\/2025\/04\/4-240x300.jpg 240w,https:\/\/floraplus.net\/wp-content\/uploads\/2025\/04\/4-820x1024.jpg 820w,https:\/\/floraplus.net\/wp-content\/uploads\/2025\/04\/4.jpg 1440w\" sizes=\"auto, 250px\"\/><\/a><\/div><div class=\"sgb-item\"><a href=\"https:\/\/floraplus.net\/2025\/04\/25\/cimden-vazgecilebilir-mi\/5-21\/\" target=\"_blank\"><img decoding=\"async\" alt=\"\" width=\"240\" height=\"300\" loading=\"lazy\" src=\"https:\/\/floraplus.net\/wp-content\/uploads\/2025\/04\/5-240x300.jpg\" srcset=\"https:\/\/floraplus.net\/wp-content\/uploads\/2025\/04\/5-240x300.jpg 240w,https:\/\/floraplus.net\/wp-content\/uploads\/2025\/04\/5-819x1024.jpg 819w,https:\/\/floraplus.net\/wp-content\/uploads\/2025\/04\/5.jpg 1440w\" sizes=\"auto, 250px\"\/><\/a><\/div><div class=\"sgb-item\"><a href=\"https:\/\/floraplus.net\/2025\/04\/25\/cimden-vazgecilebilir-mi\/6-14\/\" target=\"_blank\"><img decoding=\"async\" alt=\"\" width=\"240\" height=\"300\" loading=\"lazy\" src=\"https:\/\/floraplus.net\/wp-content\/uploads\/2025\/04\/6-240x300.jpg\" srcset=\"https:\/\/floraplus.net\/wp-content\/uploads\/2025\/04\/6-240x300.jpg 240w,https:\/\/floraplus.net\/wp-content\/uploads\/2025\/04\/6-819x1024.jpg 819w,https:\/\/floraplus.net\/wp-content\/uploads\/2025\/04\/6.jpg 1200w\" sizes=\"auto, 250px\"\/><\/a><\/div><div class=\"sgb-item\"><a href=\"https:\/\/floraplus.net\/2025\/04\/25\/cimden-vazgecilebilir-mi\/7-8\/\" target=\"_blank\"><img decoding=\"async\" alt=\"\" width=\"240\" height=\"300\" loading=\"lazy\" src=\"https:\/\/floraplus.net\/wp-content\/uploads\/2025\/04\/7-240x300.jpg\" srcset=\"https:\/\/floraplus.net\/wp-content\/uploads\/2025\/04\/7-240x300.jpg 240w,https:\/\/floraplus.net\/wp-content\/uploads\/2025\/04\/7-819x1024.jpg 819w,https:\/\/floraplus.net\/wp-content\/uploads\/2025\/04\/7.jpg 1440w\" sizes=\"auto, 250px\"\/><\/a><\/div><div class=\"sgb-item\"><a href=\"https:\/\/floraplus.net\/2025\/04\/25\/cimden-vazgecilebilir-mi\/ziraat-muhendisi-ahmet-gulgun-gulgun-peyzaj\/\" target=\"_blank\"><img decoding=\"async\" alt=\"\" width=\"300\" height=\"297\" loading=\"lazy\" src=\"https:\/\/floraplus.net\/wp-content\/uploads\/2025\/04\/Ziraat-muhendisi-Ahmet-Gulgun-Gulgun-Peyzaj-300x297.jpg\" srcset=\"https:\/\/floraplus.net\/wp-content\/uploads\/2025\/04\/Ziraat-muhendisi-Ahmet-Gulgun-Gulgun-Peyzaj-300x297.jpg 300w,https:\/\/floraplus.net\/wp-content\/uploads\/2025\/04\/Ziraat-muhendisi-Ahmet-Gulgun-Gulgun-Peyzaj-1024x1012.jpg 1024w,https:\/\/floraplus.net\/wp-content\/uploads\/2025\/04\/Ziraat-muhendisi-Ahmet-Gulgun-Gulgun-Peyzaj-scaled.jpg 2560w\" sizes=\"auto, 250px\"\/><\/a><\/div><\/div><\/div><script type=\"application\/json\" class=\"sgb-data\">{\"captionHAlign\":\"bottom\",\"sliderMaxHeight\":900,\"sliderAdminWidth\":840,\"collectionColumns\":1,\"galleryType\":\"pgc_sgb_slider\",\"galleryId\":\"93996901\",\"images\":[{\"id\":7787,\"title\":\"1\",\"url\":\"https:\/\/floraplus.net\/wp-content\/uploads\/2025\/04\/1-1.jpg\",\"link\":\"https:\/\/floraplus.net\/2025\/04\/25\/cimden-vazgecilebilir-mi\/1-35\/\",\"alt\":\"Soldan sa\u011fa \\nEbru Turgut (Adana Peyzaj Mimarlar\u0131 Odas\u0131 \u015eube Ba\u015fkan\u0131)\\nErsin \u00d6zbadem (Adana Peyzaj Mimarlar\u0131 Odas\u0131 2.Ba\u015fkan\u0131\\nNazl\u0131 P\u0131nar \u00dcNL\u00dc (Peyzaj Mimar\u0131-\u00c7ukurova Belediyesi Ba\u015fkan Yard\u0131mc\u0131s\u0131) \\nAhmet G\u00fclg\u00fcn (Ziraat M\u00fchendisi)\\n\u00d6zlem Aytok (PMO Adana \u015eube Y\u00f6netim Kurulu \u00dcyesi) \\nMehmet Ali Derse (PMO Adana \u015eube Y\u00f6netim Kurulu \u00dcyesi)\\n\",\"description\":\"Soldan sa\u011fa \\nEbru Turgut (Adana Peyzaj Mimarlar\u0131 Odas\u0131 \u015eube Ba\u015fkan\u0131)\\nErsin \u00d6zbadem (Adana Peyzaj Mimarlar\u0131 Odas\u0131 2.Ba\u015fkan\u0131\\nNazl\u0131 P\u0131nar \u00dcNL\u00dc (Peyzaj Mimar\u0131-\u00c7ukurova Belediyesi Ba\u015fkan Yard\u0131mc\u0131s\u0131) \\nAhmet G\u00fclg\u00fcn (Ziraat M\u00fchendisi)\\n\u00d6zlem Aytok (PMO Adana \u015eube Y\u00f6netim Kurulu \u00dcyesi) \\nMehmet Ali Derse (PMO Adana \u015eube Y\u00f6netim Kurulu \u00dcyesi)\\n\",\"caption\":\"Soldan sa\u011fa \\nEbru Turgut (Adana Peyzaj Mimarlar\u0131 Odas\u0131 \u015eube Ba\u015fkan\u0131)\\nErsin \u00d6zbadem (Adana Peyzaj Mimarlar\u0131 Odas\u0131 2.Ba\u015fkan\u0131\\nNazl\u0131 P\u0131nar \u00dcNL\u00dc (Peyzaj Mimar\u0131-\u00c7ukurova Belediyesi Ba\u015fkan Yard\u0131mc\u0131s\u0131) \\nAhmet G\u00fclg\u00fcn (Ziraat M\u00fchendisi)\\n\u00d6zlem Aytok (PMO Adana \u015eube Y\u00f6netim Kurulu \u00dcyesi) \\nMehmet Ali Derse (PMO Adana \u015eube Y\u00f6netim Kurulu \u00dcyesi)\\n\",\"mime\":\"image\/jpeg\",\"type\":\"image\",\"width\":1440,\"height\":1799,\"sizes\":{\"thumbnail\":{\"height\":150,\"width\":150,\"url\":\"https:\/\/floraplus.net\/wp-content\/uploads\/2025\/04\/1-1-150x150.jpg\",\"orientation\":\"landscape\"},\"medium\":{\"height\":300,\"width\":240,\"url\":\"https:\/\/floraplus.net\/wp-content\/uploads\/2025\/04\/1-1-240x300.jpg\",\"orientation\":\"portrait\"},\"large\":{\"height\":1024,\"width\":820,\"url\":\"https:\/\/floraplus.net\/wp-content\/uploads\/2025\/04\/1-1-820x1024.jpg\",\"orientation\":\"portrait\"},\"full\":{\"url\":\"https:\/\/floraplus.net\/wp-content\/uploads\/2025\/04\/1-1.jpg\",\"height\":1799,\"width\":1440,\"orientation\":\"portrait\"}},\"imageMeta\":{\"aperture\":\"0\",\"credit\":\"\",\"camera\":\"\",\"caption\":\"\",\"created_timestamp\":\"0\",\"copyright\":\"\",\"focal_length\":\"0\",\"iso\":\"0\",\"shutter_speed\":\"0\",\"title\":\"\",\"orientation\":\"0\",\"keywords\":[]},\"meta\":false,\"postlink\":\"https:\/\/floraplus.net\/2025\/04\/25\/cimden-vazgecilebilir-mi\/1-35\/\"},{\"id\":7788,\"title\":\"2\",\"url\":\"https:\/\/floraplus.net\/wp-content\/uploads\/2025\/04\/2.jpg\",\"link\":\"https:\/\/floraplus.net\/2025\/04\/25\/cimden-vazgecilebilir-mi\/2-31\/\",\"alt\":\"\",\"description\":\"\",\"caption\":\"\",\"mime\":\"image\/jpeg\",\"type\":\"image\",\"width\":1440,\"height\":1440,\"sizes\":{\"thumbnail\":{\"height\":150,\"width\":150,\"url\":\"https:\/\/floraplus.net\/wp-content\/uploads\/2025\/04\/2-150x150.jpg\",\"orientation\":\"landscape\"},\"medium\":{\"height\":300,\"width\":300,\"url\":\"https:\/\/floraplus.net\/wp-content\/uploads\/2025\/04\/2-300x300.jpg\",\"orientation\":\"landscape\"},\"large\":{\"height\":1024,\"width\":1024,\"url\":\"https:\/\/floraplus.net\/wp-content\/uploads\/2025\/04\/2-1024x1024.jpg\",\"orientation\":\"landscape\"},\"full\":{\"url\":\"https:\/\/floraplus.net\/wp-content\/uploads\/2025\/04\/2.jpg\",\"height\":1440,\"width\":1440,\"orientation\":\"landscape\"}},\"imageMeta\":{\"aperture\":\"0\",\"credit\":\"\",\"camera\":\"\",\"caption\":\"\",\"created_timestamp\":\"0\",\"copyright\":\"\",\"focal_length\":\"0\",\"iso\":\"0\",\"shutter_speed\":\"0\",\"title\":\"\",\"orientation\":\"0\",\"keywords\":[]},\"meta\":false,\"postlink\":\"https:\/\/floraplus.net\/2025\/04\/25\/cimden-vazgecilebilir-mi\/2-31\/\"},{\"id\":7790,\"title\":\"3\",\"url\":\"https:\/\/floraplus.net\/wp-content\/uploads\/2025\/04\/3-1.jpg\",\"link\":\"https:\/\/floraplus.net\/2025\/04\/25\/cimden-vazgecilebilir-mi\/3-36\/\",\"alt\":\"\",\"description\":\"\",\"caption\":\"\",\"mime\":\"image\/jpeg\",\"type\":\"image\",\"width\":1440,\"height\":1799,\"sizes\":{\"thumbnail\":{\"height\":150,\"width\":150,\"url\":\"https:\/\/floraplus.net\/wp-content\/uploads\/2025\/04\/3-1-150x150.jpg\",\"orientation\":\"landscape\"},\"medium\":{\"height\":300,\"width\":240,\"url\":\"https:\/\/floraplus.net\/wp-content\/uploads\/2025\/04\/3-1-240x300.jpg\",\"orientation\":\"portrait\"},\"large\":{\"height\":1024,\"width\":820,\"url\":\"https:\/\/floraplus.net\/wp-content\/uploads\/2025\/04\/3-1-820x1024.jpg\",\"orientation\":\"portrait\"},\"full\":{\"url\":\"https:\/\/floraplus.net\/wp-content\/uploads\/2025\/04\/3-1.jpg\",\"height\":1799,\"width\":1440,\"orientation\":\"portrait\"}},\"imageMeta\":{\"aperture\":\"0\",\"credit\":\"\",\"camera\":\"\",\"caption\":\"\",\"created_timestamp\":\"0\",\"copyright\":\"\",\"focal_length\":\"0\",\"iso\":\"0\",\"shutter_speed\":\"0\",\"title\":\"\",\"orientation\":\"0\",\"keywords\":[]},\"meta\":false,\"postlink\":\"https:\/\/floraplus.net\/2025\/04\/25\/cimden-vazgecilebilir-mi\/3-36\/\"},{\"id\":7791,\"title\":\"4\",\"url\":\"https:\/\/floraplus.net\/wp-content\/uploads\/2025\/04\/4.jpg\",\"link\":\"https:\/\/floraplus.net\/2025\/04\/25\/cimden-vazgecilebilir-mi\/4-23\/\",\"alt\":\"\",\"description\":\"\",\"caption\":\"\",\"mime\":\"image\/jpeg\",\"type\":\"image\",\"width\":1440,\"height\":1799,\"sizes\":{\"thumbnail\":{\"height\":150,\"width\":150,\"url\":\"https:\/\/floraplus.net\/wp-content\/uploads\/2025\/04\/4-150x150.jpg\",\"orientation\":\"landscape\"},\"medium\":{\"height\":300,\"width\":240,\"url\":\"https:\/\/floraplus.net\/wp-content\/uploads\/2025\/04\/4-240x300.jpg\",\"orientation\":\"portrait\"},\"large\":{\"height\":1024,\"width\":820,\"url\":\"https:\/\/floraplus.net\/wp-content\/uploads\/2025\/04\/4-820x1024.jpg\",\"orientation\":\"portrait\"},\"full\":{\"url\":\"https:\/\/floraplus.net\/wp-content\/uploads\/2025\/04\/4.jpg\",\"height\":1799,\"width\":1440,\"orientation\":\"portrait\"}},\"imageMeta\":{\"aperture\":\"0\",\"credit\":\"\",\"camera\":\"\",\"caption\":\"\",\"created_timestamp\":\"0\",\"copyright\":\"\",\"focal_length\":\"0\",\"iso\":\"0\",\"shutter_speed\":\"0\",\"title\":\"\",\"orientation\":\"0\",\"keywords\":[]},\"meta\":false,\"postlink\":\"https:\/\/floraplus.net\/2025\/04\/25\/cimden-vazgecilebilir-mi\/4-23\/\"},{\"id\":7793,\"title\":\"5\",\"url\":\"https:\/\/floraplus.net\/wp-content\/uploads\/2025\/04\/5.jpg\",\"link\":\"https:\/\/floraplus.net\/2025\/04\/25\/cimden-vazgecilebilir-mi\/5-21\/\",\"alt\":\"\",\"description\":\"\",\"caption\":\"\",\"mime\":\"image\/jpeg\",\"type\":\"image\",\"width\":1440,\"height\":1800,\"sizes\":{\"thumbnail\":{\"height\":150,\"width\":150,\"url\":\"https:\/\/floraplus.net\/wp-content\/uploads\/2025\/04\/5-150x150.jpg\",\"orientation\":\"landscape\"},\"medium\":{\"height\":300,\"width\":240,\"url\":\"https:\/\/floraplus.net\/wp-content\/uploads\/2025\/04\/5-240x300.jpg\",\"orientation\":\"portrait\"},\"large\":{\"height\":1024,\"width\":819,\"url\":\"https:\/\/floraplus.net\/wp-content\/uploads\/2025\/04\/5-819x1024.jpg\",\"orientation\":\"portrait\"},\"full\":{\"url\":\"https:\/\/floraplus.net\/wp-content\/uploads\/2025\/04\/5.jpg\",\"height\":1800,\"width\":1440,\"orientation\":\"portrait\"}},\"imageMeta\":{\"aperture\":\"0\",\"credit\":\"\",\"camera\":\"\",\"caption\":\"\",\"created_timestamp\":\"0\",\"copyright\":\"\",\"focal_length\":\"0\",\"iso\":\"0\",\"shutter_speed\":\"0\",\"title\":\"\",\"orientation\":\"0\",\"keywords\":[]},\"meta\":false,\"postlink\":\"https:\/\/floraplus.net\/2025\/04\/25\/cimden-vazgecilebilir-mi\/5-21\/\"},{\"id\":7794,\"title\":\"6\",\"url\":\"https:\/\/floraplus.net\/wp-content\/uploads\/2025\/04\/6.jpg\",\"link\":\"https:\/\/floraplus.net\/2025\/04\/25\/cimden-vazgecilebilir-mi\/6-14\/\",\"alt\":\"\",\"description\":\"\",\"caption\":\"\",\"mime\":\"image\/jpeg\",\"type\":\"image\",\"width\":1200,\"height\":1500,\"sizes\":{\"thumbnail\":{\"height\":150,\"width\":150,\"url\":\"https:\/\/floraplus.net\/wp-content\/uploads\/2025\/04\/6-150x150.jpg\",\"orientation\":\"landscape\"},\"medium\":{\"height\":300,\"width\":240,\"url\":\"https:\/\/floraplus.net\/wp-content\/uploads\/2025\/04\/6-240x300.jpg\",\"orientation\":\"portrait\"},\"large\":{\"height\":1024,\"width\":819,\"url\":\"https:\/\/floraplus.net\/wp-content\/uploads\/2025\/04\/6-819x1024.jpg\",\"orientation\":\"portrait\"},\"full\":{\"url\":\"https:\/\/floraplus.net\/wp-content\/uploads\/2025\/04\/6.jpg\",\"height\":1500,\"width\":1200,\"orientation\":\"portrait\"}},\"imageMeta\":{\"aperture\":\"0\",\"credit\":\"\",\"camera\":\"\",\"caption\":\"\",\"created_timestamp\":\"0\",\"copyright\":\"\",\"focal_length\":\"0\",\"iso\":\"0\",\"shutter_speed\":\"0\",\"title\":\"\",\"orientation\":\"0\",\"keywords\":[]},\"meta\":false,\"postlink\":\"https:\/\/floraplus.net\/2025\/04\/25\/cimden-vazgecilebilir-mi\/6-14\/\"},{\"id\":7795,\"title\":\"7\",\"url\":\"https:\/\/floraplus.net\/wp-content\/uploads\/2025\/04\/7.jpg\",\"link\":\"https:\/\/floraplus.net\/2025\/04\/25\/cimden-vazgecilebilir-mi\/7-8\/\",\"alt\":\"\",\"description\":\"\",\"caption\":\"\",\"mime\":\"image\/jpeg\",\"type\":\"image\",\"width\":1440,\"height\":1800,\"sizes\":{\"thumbnail\":{\"height\":150,\"width\":150,\"url\":\"https:\/\/floraplus.net\/wp-content\/uploads\/2025\/04\/7-150x150.jpg\",\"orientation\":\"landscape\"},\"medium\":{\"height\":300,\"width\":240,\"url\":\"https:\/\/floraplus.net\/wp-content\/uploads\/2025\/04\/7-240x300.jpg\",\"orientation\":\"portrait\"},\"large\":{\"height\":1024,\"width\":819,\"url\":\"https:\/\/floraplus.net\/wp-content\/uploads\/2025\/04\/7-819x1024.jpg\",\"orientation\":\"portrait\"},\"full\":{\"url\":\"https:\/\/floraplus.net\/wp-content\/uploads\/2025\/04\/7.jpg\",\"height\":1800,\"width\":1440,\"orientation\":\"portrait\"}},\"imageMeta\":{\"aperture\":\"0\",\"credit\":\"\",\"camera\":\"\",\"caption\":\"\",\"created_timestamp\":\"0\",\"copyright\":\"\",\"focal_length\":\"0\",\"iso\":\"0\",\"shutter_speed\":\"0\",\"title\":\"\",\"orientation\":\"0\",\"keywords\":[]},\"meta\":false,\"postlink\":\"https:\/\/floraplus.net\/2025\/04\/25\/cimden-vazgecilebilir-mi\/7-8\/\"},{\"id\":7796,\"title\":\"Ziraat m\u00fchendisi Ahmet G\u00fclg\u00fcn (G\u00fclg\u00fcn Peyzaj)\",\"url\":\"https:\/\/floraplus.net\/wp-content\/uploads\/2025\/04\/Ziraat-muhendisi-Ahmet-Gulgun-Gulgun-Peyzaj-scaled.jpg\",\"link\":\"https:\/\/floraplus.net\/2025\/04\/25\/cimden-vazgecilebilir-mi\/ziraat-muhendisi-ahmet-gulgun-gulgun-peyzaj\/\",\"alt\":\"\",\"description\":\"\",\"caption\":\"\",\"mime\":\"image\/jpeg\",\"type\":\"image\",\"width\":2560,\"height\":2531,\"sizes\":{\"thumbnail\":{\"height\":150,\"width\":150,\"url\":\"https:\/\/floraplus.net\/wp-content\/uploads\/2025\/04\/Ziraat-muhendisi-Ahmet-Gulgun-Gulgun-Peyzaj-150x150.jpg\",\"orientation\":\"landscape\"},\"medium\":{\"height\":297,\"width\":300,\"url\":\"https:\/\/floraplus.net\/wp-content\/uploads\/2025\/04\/Ziraat-muhendisi-Ahmet-Gulgun-Gulgun-Peyzaj-300x297.jpg\",\"orientation\":\"landscape\"},\"large\":{\"height\":1012,\"width\":1024,\"url\":\"https:\/\/floraplus.net\/wp-content\/uploads\/2025\/04\/Ziraat-muhendisi-Ahmet-Gulgun-Gulgun-Peyzaj-1024x1012.jpg\",\"orientation\":\"landscape\"},\"full\":{\"url\":\"https:\/\/floraplus.net\/wp-content\/uploads\/2025\/04\/Ziraat-muhendisi-Ahmet-Gulgun-Gulgun-Peyzaj-scaled.jpg\",\"height\":2531,\"width\":2560,\"orientation\":\"landscape\"}},\"imageMeta\":{\"aperture\":\"1.8\",\"credit\":\"\",\"camera\":\"iPhone 11\",\"caption\":\"\",\"created_timestamp\":\"1637072361\",\"copyright\":\"\",\"focal_length\":\"4.25\",\"iso\":\"32\",\"shutter_speed\":\"0.00075987841945289\",\"title\":\"\",\"orientation\":\"1\",\"keywords\":[]},\"meta\":false,\"postlink\":\"https:\/\/floraplus.net\/2025\/04\/25\/cimden-vazgecilebilir-mi\/ziraat-muhendisi-ahmet-gulgun-gulgun-peyzaj\/\"}],\"itemsMetaDataCollection\":[]}<\/script><script>(function(){if(window.PGC_SGB && window.PGC_SGB.searcher){window.PGC_SGB.searcher.initBlocks()}})()<\/script><\/div>\n\n\n<p><strong>Ziraat M\u00fchendisi Ahmet G\u00fclg\u00fcn Adana Peyzaj Mimarlar\u0131 Odas\u0131\u2019n\u0131n \u00e7a\u011fr\u0131l\u0131s\u0131 olarak Adana\u2019dayd\u0131.&nbsp;<\/strong> <br>Peyzajda, daha do\u011frusu yap\u0131l\u0131 peyzajda \u00e7imden vazge\u00e7mek m\u00fcmk\u00fcn m\u00fcd\u00fcr?&nbsp; Bunun ger\u00e7ek\u00e7i olmad\u0131\u011f\u0131n\u0131 biliyoruz art\u0131k. \u0130klim krizi ve su kaynaklar\u0131ndaki azalma, peyzaj ve \u00e7im alan bak\u0131m maliyetleri gibi bir\u00e7ok unsura bakt\u0131\u011f\u0131m\u0131zda \u00e7ime ve \u00e7im alanlara bak\u0131\u015f a\u00e7\u0131s\u0131n\u0131n de\u011fi\u015fmesi gerekti\u011fi a\u00e7\u0131k. T\u00fcrkiye\u2019de s\u00fcrd\u00fcr\u00fclebilir \u00e7im ve \u00e7im alan \u00fczerine uzun y\u0131llard\u0131r \u00e7al\u0131\u015fan Ziraat M\u00fchendisi Ahmet G\u00fclg\u00fcn (Mucize \u00c7im) Adana Peyzaj Mimarlar\u0131 Odas\u0131\u2019n\u0131n \u00e7a\u011fr\u0131l\u0131s\u0131 olarak Adana\u2019dayd\u0131.&nbsp; 22 Nisan 2025 g\u00fcn\u00fc ger\u00e7ekle\u015fen s\u00f6yle\u015fi \u00c7ukurova \u00dcniversitesi Peyzaj Mimarl\u0131\u011f\u0131 B\u00f6l\u00fcm\u00fc ve Adana B\u00fcy\u00fck\u015fehir Belediyesi\u2019nin katk\u0131lar\u0131yla ger\u00e7ekle\u015fti. Peyzaj mimarlar\u0131 ve peyzaj profesyonellerinin kat\u0131ld\u0131\u011f\u0131 s\u00f6yle\u015fiye \u00f6\u011frenciler da kat\u0131ld\u0131. Soru cevapl\u0131 s\u00f6yle\u015fi b\u00fcy\u00fck ilgi g\u00f6rd\u00fc dersek do\u011fru s\u00f6ylemi\u015f oluruz. Eme\u011fi ge\u00e7en herkesi kutluyoruz.<\/p>\n","protected":false},"excerpt":{"rendered":"<p>Ziraat M\u00fchendisi Ahmet G\u00fclg\u00fcn Adana Peyzaj Mimarlar\u0131 Odas\u0131\u2019n\u0131n \u00e7a\u011fr\u0131l\u0131s\u0131 olarak Adana\u2019dayd\u0131.&nbsp; Peyzajda, daha do\u011frusu yap\u0131l\u0131<\/p>\n","protected":false},"author":1,"featured_media":7787,"comment_status":"open","ping_status":"open","sticky":false,"template":"","format":"standard","meta":{"pgc_sgb_lightbox_settings":"","cybocfi_hide_featured_image":"","footnotes":""},"categories":[1,1429],"tags":[],"class_list":["post-7786","post","type-post","status-publish","format-standard","has-post-thumbnail","hentry","category-genel","category-guncel"],"yoast_head":"<!-- This site is optimized with the Yoast SEO Premium plugin v25.4 (Yoast SEO v25.4) - https:\/\/yoast.com\/wordpress\/plugins\/seo\/ -->\n<title>\u00c7imden vazge\u00e7ilebilir mi? - Floraplus<\/title>\n<meta name=\"robots\" content=\"index, follow, max-snippet:-1, max-image-preview:large, max-video-preview:-1\" \/>\n<link rel=\"canonical\" href=\"https:\/\/floraplus.net\/tr_tr\/2025\/04\/25\/cimden-vazgecilebilir-mi\/\" \/>\n<meta property=\"og:locale\" content=\"tr_TR\" \/>\n<meta property=\"og:type\" content=\"article\" \/>\n<meta property=\"og:title\" content=\"\u00c7imden vazge\u00e7ilebilir mi?\" \/>\n<meta property=\"og:description\" content=\"Ziraat M\u00fchendisi Ahmet G\u00fclg\u00fcn Adana Peyzaj Mimarlar\u0131 Odas\u0131\u2019n\u0131n \u00e7a\u011fr\u0131l\u0131s\u0131 olarak Adana\u2019dayd\u0131.&nbsp; Peyzajda, daha do\u011frusu yap\u0131l\u0131\" \/>\n<meta property=\"og:url\" content=\"https:\/\/floraplus.net\/tr_tr\/2025\/04\/25\/cimden-vazgecilebilir-mi\/\" \/>\n<meta property=\"og:site_name\" content=\"Floraplus\" \/>\n<meta property=\"article:publisher\" content=\"https:\/\/www.facebook.com\/floraplusdergisi\" \/>\n<meta property=\"article:published_time\" content=\"2025-04-25T09:40:23+00:00\" \/>\n<meta property=\"article:modified_time\" content=\"2025-04-25T11:23:31+00:00\" \/>\n<meta property=\"og:image\" content=\"https:\/\/floraplus.net\/wp-content\/uploads\/2025\/04\/1-1.jpg\" \/>\n\t<meta property=\"og:image:width\" content=\"1440\" \/>\n\t<meta property=\"og:image:height\" content=\"1799\" \/>\n\t<meta property=\"og:image:type\" content=\"image\/jpeg\" \/>\n<meta name=\"author\" content=\"floraplus_admin\" \/>\n<meta name=\"twitter:card\" content=\"summary_large_image\" \/>\n<meta name=\"twitter:label1\" content=\"Yazan:\" \/>\n\t<meta name=\"twitter:data1\" content=\"floraplus_admin\" \/>\n\t<meta name=\"twitter:label2\" content=\"Tahmini okuma s\u00fcresi\" \/>\n\t<meta name=\"twitter:data2\" content=\"1 dakika\" \/>\n<script type=\"application\/ld+json\" class=\"yoast-schema-graph\">{\"@context\":\"https:\/\/schema.org\",\"@graph\":[{\"@type\":\"Article\",\"@id\":\"https:\/\/floraplus.net\/en\/2025\/04\/25\/cimden-vazgecilebilir-mi\/#article\",\"isPartOf\":{\"@id\":\"https:\/\/floraplus.net\/en\/2025\/04\/25\/cimden-vazgecilebilir-mi\/\"},\"author\":{\"name\":\"floraplus_admin\",\"@id\":\"https:\/\/floraplus.net\/en\/#\/schema\/person\/7263fcd2e50448ecd875951558a1f277\"},\"headline\":\"\u00c7imden vazge\u00e7ilebilir mi?\",\"datePublished\":\"2025-04-25T09:40:23+00:00\",\"dateModified\":\"2025-04-25T11:23:31+00:00\",\"mainEntityOfPage\":{\"@id\":\"https:\/\/floraplus.net\/en\/2025\/04\/25\/cimden-vazgecilebilir-mi\/\"},\"wordCount\":256,\"commentCount\":0,\"publisher\":{\"@id\":\"https:\/\/floraplus.net\/en\/#organization\"},\"image\":{\"@id\":\"https:\/\/floraplus.net\/en\/2025\/04\/25\/cimden-vazgecilebilir-mi\/#primaryimage\"},\"thumbnailUrl\":\"https:\/\/floraplus.net\/wp-content\/uploads\/2025\/04\/1-1.jpg\",\"articleSection\":{\"1\":\"G\u00fcncel\"},\"inLanguage\":\"tr\",\"potentialAction\":[{\"@type\":\"CommentAction\",\"name\":\"Comment\",\"target\":[\"https:\/\/floraplus.net\/en\/2025\/04\/25\/cimden-vazgecilebilir-mi\/#respond\"]}]},{\"@type\":\"WebPage\",\"@id\":\"https:\/\/floraplus.net\/en\/2025\/04\/25\/cimden-vazgecilebilir-mi\/\",\"url\":\"https:\/\/floraplus.net\/en\/2025\/04\/25\/cimden-vazgecilebilir-mi\/\",\"name\":\"\u00c7imden vazge\u00e7ilebilir mi? - Floraplus\",\"isPartOf\":{\"@id\":\"https:\/\/floraplus.net\/en\/#website\"},\"primaryImageOfPage\":{\"@id\":\"https:\/\/floraplus.net\/en\/2025\/04\/25\/cimden-vazgecilebilir-mi\/#primaryimage\"},\"image\":{\"@id\":\"https:\/\/floraplus.net\/en\/2025\/04\/25\/cimden-vazgecilebilir-mi\/#primaryimage\"},\"thumbnailUrl\":\"https:\/\/floraplus.net\/wp-content\/uploads\/2025\/04\/1-1.jpg\",\"datePublished\":\"2025-04-25T09:40:23+00:00\",\"dateModified\":\"2025-04-25T11:23:31+00:00\",\"breadcrumb\":{\"@id\":\"https:\/\/floraplus.net\/en\/2025\/04\/25\/cimden-vazgecilebilir-mi\/#breadcrumb\"},\"inLanguage\":\"tr\",\"potentialAction\":[{\"@type\":\"ReadAction\",\"target\":[\"https:\/\/floraplus.net\/en\/2025\/04\/25\/cimden-vazgecilebilir-mi\/\"]}]},{\"@type\":\"ImageObject\",\"inLanguage\":\"tr\",\"@id\":\"https:\/\/floraplus.net\/en\/2025\/04\/25\/cimden-vazgecilebilir-mi\/#primaryimage\",\"url\":\"https:\/\/floraplus.net\/wp-content\/uploads\/2025\/04\/1-1.jpg\",\"contentUrl\":\"https:\/\/floraplus.net\/wp-content\/uploads\/2025\/04\/1-1.jpg\",\"width\":1440,\"height\":1799,\"caption\":\"Soldan sa\u011fa Ebru Turgut (Adana Peyzaj Mimarlar\u0131 Odas\u0131 \u015eube Ba\u015fkan\u0131) Ersin \u00d6zbadem (Adana Peyzaj Mimarlar\u0131 Odas\u0131 2.Ba\u015fkan\u0131 Nazl\u0131 P\u0131nar \u00dcNL\u00dc (Peyzaj Mimar\u0131-\u00c7ukurova Belediyesi Ba\u015fkan Yard\u0131mc\u0131s\u0131) Ahmet G\u00fclg\u00fcn (Ziraat M\u00fchendisi) \u00d6zlem Aytok (PMO Adana \u015eube Y\u00f6netim Kurulu \u00dcyesi) Mehmet Ali Derse (PMO Adana \u015eube Y\u00f6netim Kurulu \u00dcyesi)\"},{\"@type\":\"BreadcrumbList\",\"@id\":\"https:\/\/floraplus.net\/en\/2025\/04\/25\/cimden-vazgecilebilir-mi\/#breadcrumb\",\"itemListElement\":[{\"@type\":\"ListItem\",\"position\":1,\"name\":\"Home\",\"item\":\"https:\/\/floraplus.net\/en\/\"},{\"@type\":\"ListItem\",\"position\":2,\"name\":\"\u00c7imden vazge\u00e7ilebilir mi?\"}]},{\"@type\":\"WebSite\",\"@id\":\"https:\/\/floraplus.net\/en\/#website\",\"url\":\"https:\/\/floraplus.net\/en\/\",\"name\":\"Floraplus\",\"description\":\"Peyzaj, peyzaj mimarl\u0131\u011f\u0131, peyzaj bitkileri, s\u00fcs ve bah\u00e7e\u00a0bitkileri\",\"publisher\":{\"@id\":\"https:\/\/floraplus.net\/en\/#organization\"},\"potentialAction\":[{\"@type\":\"SearchAction\",\"target\":{\"@type\":\"EntryPoint\",\"urlTemplate\":\"https:\/\/floraplus.net\/en\/?s={search_term_string}\"},\"query-input\":{\"@type\":\"PropertyValueSpecification\",\"valueRequired\":true,\"valueName\":\"search_term_string\"}}],\"inLanguage\":\"tr\"},{\"@type\":\"Organization\",\"@id\":\"https:\/\/floraplus.net\/en\/#organization\",\"name\":\"Floraplus\",\"url\":\"https:\/\/floraplus.net\/en\/\",\"logo\":{\"@type\":\"ImageObject\",\"inLanguage\":\"tr\",\"@id\":\"https:\/\/floraplus.net\/en\/#\/schema\/logo\/image\/\",\"url\":\"https:\/\/floraplus.net\/wp-content\/uploads\/2021\/08\/logo-e1627994475388.png\",\"contentUrl\":\"https:\/\/floraplus.net\/wp-content\/uploads\/2021\/08\/logo-e1627994475388.png\",\"width\":251,\"height\":81,\"caption\":\"Floraplus\"},\"image\":{\"@id\":\"https:\/\/floraplus.net\/en\/#\/schema\/logo\/image\/\"},\"sameAs\":[\"https:\/\/www.facebook.com\/floraplusdergisi\",\"https:\/\/www.instagram.com\/floraplusdergisi\/\"]},{\"@type\":\"Person\",\"@id\":\"https:\/\/floraplus.net\/en\/#\/schema\/person\/7263fcd2e50448ecd875951558a1f277\",\"name\":\"floraplus_admin\",\"sameAs\":[\"http:\/\/test.floraplus.net\"],\"url\":\"https:\/\/floraplus.net\/tr_tr\/author\/floraplus_admin\/\"}]}<\/script>\n<!-- \/ Yoast SEO Premium plugin. -->","yoast_head_json":{"title":"\u00c7imden vazge\u00e7ilebilir mi? - Floraplus","robots":{"index":"index","follow":"follow","max-snippet":"max-snippet:-1","max-image-preview":"max-image-preview:large","max-video-preview":"max-video-preview:-1"},"canonical":"https:\/\/floraplus.net\/tr_tr\/2025\/04\/25\/cimden-vazgecilebilir-mi\/","og_locale":"tr_TR","og_type":"article","og_title":"\u00c7imden vazge\u00e7ilebilir mi?","og_description":"Ziraat M\u00fchendisi Ahmet G\u00fclg\u00fcn Adana Peyzaj Mimarlar\u0131 Odas\u0131\u2019n\u0131n \u00e7a\u011fr\u0131l\u0131s\u0131 olarak Adana\u2019dayd\u0131.&nbsp; Peyzajda, daha do\u011frusu yap\u0131l\u0131","og_url":"https:\/\/floraplus.net\/tr_tr\/2025\/04\/25\/cimden-vazgecilebilir-mi\/","og_site_name":"Floraplus","article_publisher":"https:\/\/www.facebook.com\/floraplusdergisi","article_published_time":"2025-04-25T09:40:23+00:00","article_modified_time":"2025-04-25T11:23:31+00:00","og_image":[{"width":1440,"height":1799,"url":"https:\/\/floraplus.net\/wp-content\/uploads\/2025\/04\/1-1.jpg","type":"image\/jpeg"}],"author":"floraplus_admin","twitter_card":"summary_large_image","twitter_misc":{"Yazan:":"floraplus_admin","Tahmini okuma s\u00fcresi":"1 dakika"},"schema":{"@context":"https:\/\/schema.org","@graph":[{"@type":"Article","@id":"https:\/\/floraplus.net\/en\/2025\/04\/25\/cimden-vazgecilebilir-mi\/#article","isPartOf":{"@id":"https:\/\/floraplus.net\/en\/2025\/04\/25\/cimden-vazgecilebilir-mi\/"},"author":{"name":"floraplus_admin","@id":"https:\/\/floraplus.net\/en\/#\/schema\/person\/7263fcd2e50448ecd875951558a1f277"},"headline":"\u00c7imden vazge\u00e7ilebilir mi?","datePublished":"2025-04-25T09:40:23+00:00","dateModified":"2025-04-25T11:23:31+00:00","mainEntityOfPage":{"@id":"https:\/\/floraplus.net\/en\/2025\/04\/25\/cimden-vazgecilebilir-mi\/"},"wordCount":256,"commentCount":0,"publisher":{"@id":"https:\/\/floraplus.net\/en\/#organization"},"image":{"@id":"https:\/\/floraplus.net\/en\/2025\/04\/25\/cimden-vazgecilebilir-mi\/#primaryimage"},"thumbnailUrl":"https:\/\/floraplus.net\/wp-content\/uploads\/2025\/04\/1-1.jpg","articleSection":{"1":"G\u00fcncel"},"inLanguage":"tr","potentialAction":[{"@type":"CommentAction","name":"Comment","target":["https:\/\/floraplus.net\/en\/2025\/04\/25\/cimden-vazgecilebilir-mi\/#respond"]}]},{"@type":"WebPage","@id":"https:\/\/floraplus.net\/en\/2025\/04\/25\/cimden-vazgecilebilir-mi\/","url":"https:\/\/floraplus.net\/en\/2025\/04\/25\/cimden-vazgecilebilir-mi\/","name":"\u00c7imden vazge\u00e7ilebilir mi? - Floraplus","isPartOf":{"@id":"https:\/\/floraplus.net\/en\/#website"},"primaryImageOfPage":{"@id":"https:\/\/floraplus.net\/en\/2025\/04\/25\/cimden-vazgecilebilir-mi\/#primaryimage"},"image":{"@id":"https:\/\/floraplus.net\/en\/2025\/04\/25\/cimden-vazgecilebilir-mi\/#primaryimage"},"thumbnailUrl":"https:\/\/floraplus.net\/wp-content\/uploads\/2025\/04\/1-1.jpg","datePublished":"2025-04-25T09:40:23+00:00","dateModified":"2025-04-25T11:23:31+00:00","breadcrumb":{"@id":"https:\/\/floraplus.net\/en\/2025\/04\/25\/cimden-vazgecilebilir-mi\/#breadcrumb"},"inLanguage":"tr","potentialAction":[{"@type":"ReadAction","target":["https:\/\/floraplus.net\/en\/2025\/04\/25\/cimden-vazgecilebilir-mi\/"]}]},{"@type":"ImageObject","inLanguage":"tr","@id":"https:\/\/floraplus.net\/en\/2025\/04\/25\/cimden-vazgecilebilir-mi\/#primaryimage","url":"https:\/\/floraplus.net\/wp-content\/uploads\/2025\/04\/1-1.jpg","contentUrl":"https:\/\/floraplus.net\/wp-content\/uploads\/2025\/04\/1-1.jpg","width":1440,"height":1799,"caption":"Soldan sa\u011fa Ebru Turgut (Adana Peyzaj Mimarlar\u0131 Odas\u0131 \u015eube Ba\u015fkan\u0131) Ersin \u00d6zbadem (Adana Peyzaj Mimarlar\u0131 Odas\u0131 2.Ba\u015fkan\u0131 Nazl\u0131 P\u0131nar \u00dcNL\u00dc (Peyzaj Mimar\u0131-\u00c7ukurova Belediyesi Ba\u015fkan Yard\u0131mc\u0131s\u0131) Ahmet G\u00fclg\u00fcn (Ziraat M\u00fchendisi) \u00d6zlem Aytok (PMO Adana \u015eube Y\u00f6netim Kurulu \u00dcyesi) Mehmet Ali Derse (PMO Adana \u015eube Y\u00f6netim Kurulu \u00dcyesi)"},{"@type":"BreadcrumbList","@id":"https:\/\/floraplus.net\/en\/2025\/04\/25\/cimden-vazgecilebilir-mi\/#breadcrumb","itemListElement":[{"@type":"ListItem","position":1,"name":"Home","item":"https:\/\/floraplus.net\/en\/"},{"@type":"ListItem","position":2,"name":"\u00c7imden vazge\u00e7ilebilir mi?"}]},{"@type":"WebSite","@id":"https:\/\/floraplus.net\/en\/#website","url":"https:\/\/floraplus.net\/en\/","name":"Floraplus","description":"Peyzaj, peyzaj mimarl\u0131\u011f\u0131, peyzaj bitkileri, s\u00fcs ve bah\u00e7e\u00a0bitkileri","publisher":{"@id":"https:\/\/floraplus.net\/en\/#organization"},"potentialAction":[{"@type":"SearchAction","target":{"@type":"EntryPoint","urlTemplate":"https:\/\/floraplus.net\/en\/?s={search_term_string}"},"query-input":{"@type":"PropertyValueSpecification","valueRequired":true,"valueName":"search_term_string"}}],"inLanguage":"tr"},{"@type":"Organization","@id":"https:\/\/floraplus.net\/en\/#organization","name":"Floraplus","url":"https:\/\/floraplus.net\/en\/","logo":{"@type":"ImageObject","inLanguage":"tr","@id":"https:\/\/floraplus.net\/en\/#\/schema\/logo\/image\/","url":"https:\/\/floraplus.net\/wp-content\/uploads\/2021\/08\/logo-e1627994475388.png","contentUrl":"https:\/\/floraplus.net\/wp-content\/uploads\/2021\/08\/logo-e1627994475388.png","width":251,"height":81,"caption":"Floraplus"},"image":{"@id":"https:\/\/floraplus.net\/en\/#\/schema\/logo\/image\/"},"sameAs":["https:\/\/www.facebook.com\/floraplusdergisi","https:\/\/www.instagram.com\/floraplusdergisi\/"]},{"@type":"Person","@id":"https:\/\/floraplus.net\/en\/#\/schema\/person\/7263fcd2e50448ecd875951558a1f277","name":"floraplus_admin","sameAs":["http:\/\/test.floraplus.net"],"url":"https:\/\/floraplus.net\/tr_tr\/author\/floraplus_admin\/"}]}},"_links":{"self":[{"href":"https:\/\/floraplus.net\/tr_tr\/wp-json\/wp\/v2\/posts\/7786","targetHints":{"allow":["GET"]}}],"collection":[{"href":"https:\/\/floraplus.net\/tr_tr\/wp-json\/wp\/v2\/posts"}],"about":[{"href":"https:\/\/floraplus.net\/tr_tr\/wp-json\/wp\/v2\/types\/post"}],"author":[{"embeddable":true,"href":"https:\/\/floraplus.net\/tr_tr\/wp-json\/wp\/v2\/users\/1"}],"replies":[{"embeddable":true,"href":"https:\/\/floraplus.net\/tr_tr\/wp-json\/wp\/v2\/comments?post=7786"}],"version-history":[{"count":2,"href":"https:\/\/floraplus.net\/tr_tr\/wp-json\/wp\/v2\/posts\/7786\/revisions"}],"predecessor-version":[{"id":7807,"href":"https:\/\/floraplus.net\/tr_tr\/wp-json\/wp\/v2\/posts\/7786\/revisions\/7807"}],"wp:featuredmedia":[{"embeddable":true,"href":"https:\/\/floraplus.net\/tr_tr\/wp-json\/wp\/v2\/media\/7787"}],"wp:attachment":[{"href":"https:\/\/floraplus.net\/tr_tr\/wp-json\/wp\/v2\/media?parent=7786"}],"wp:term":[{"taxonomy":"category","embeddable":true,"href":"https:\/\/floraplus.net\/tr_tr\/wp-json\/wp\/v2\/categories?post=7786"},{"taxonomy":"post_tag","embeddable":true,"href":"https:\/\/floraplus.net\/tr_tr\/wp-json\/wp\/v2\/tags?post=7786"}],"curies":[{"name":"wp","href":"https:\/\/api.w.org\/{rel}","templated":true}]}}