{"id":7839,"date":"2025-05-01T15:15:43","date_gmt":"2025-05-01T12:15:43","guid":{"rendered":"https:\/\/floraplus.net\/?p=7839"},"modified":"2025-07-14T16:52:00","modified_gmt":"2025-07-14T13:52:00","slug":"italyan-peyzaj-ve-bahce-sektoru-ne-alemde","status":"publish","type":"post","link":"https:\/\/floraplus.net\/tr_tr\/2025\/05\/01\/italyan-peyzaj-ve-bahce-sektoru-ne-alemde\/","title":{"rendered":"\u0130talyan peyzaj ve bah\u00e7e sekt\u00f6r\u00fc ne alemde?"},"content":{"rendered":"<div class=\"pgc-sgb-cb wp-block-pgcsimplygalleryblock-slider \" data-gallery-id=\"e5569490\"style=&quot;min-height:1080px&quot;><div class=\"sgb-preloader\" id=\"pr_e5569490\">\n\t<div class=\"sgb-square\" style=\"background:#d4d4d4\"><\/div>\n\t<div class=\"sgb-square\" style=\"background:#d4d4d4\"><\/div>\n\t<div class=\"sgb-square\" style=\"background:#d4d4d4\"><\/div>\n\t<div class=\"sgb-square\" style=\"background:#d4d4d4\"><\/div><\/div><div class=\"simply-gallery-amp pgc_sgb_slider \" style=\"display: none;\"><div class=\"sgb-gallery\"><div class=\"sgb-item\"><a href=\"https:\/\/floraplus.net\/?attachment_id=7840\" target=\"_blank\"><img decoding=\"async\" alt=\"\" width=\"240\" height=\"300\" loading=\"lazy\" src=\"https:\/\/floraplus.net\/wp-content\/uploads\/2025\/05\/2-240x300.jpg\" srcset=\"https:\/\/floraplus.net\/wp-content\/uploads\/2025\/05\/2-240x300.jpg 240w,https:\/\/floraplus.net\/wp-content\/uploads\/2025\/05\/2-819x1024.jpg 819w,https:\/\/floraplus.net\/wp-content\/uploads\/2025\/05\/2.jpg 1080w\" sizes=\"auto, 250px\"\/><\/a><\/div><div class=\"sgb-item\"><a href=\"https:\/\/floraplus.net\/?attachment_id=7841\" target=\"_blank\"><img decoding=\"async\" alt=\"\" width=\"300\" height=\"225\" loading=\"lazy\" src=\"https:\/\/floraplus.net\/wp-content\/uploads\/2025\/05\/3-300x225.jpeg\" srcset=\"https:\/\/floraplus.net\/wp-content\/uploads\/2025\/05\/3-300x225.jpeg 300w,https:\/\/floraplus.net\/wp-content\/uploads\/2025\/05\/3-1024x768.jpeg 1024w,https:\/\/floraplus.net\/wp-content\/uploads\/2025\/05\/3.jpeg 1600w\" sizes=\"auto, 250px\"\/><\/a><\/div><div class=\"sgb-item\"><a href=\"https:\/\/floraplus.net\/?attachment_id=7842\" target=\"_blank\"><img decoding=\"async\" alt=\"\" width=\"300\" height=\"300\" loading=\"lazy\" src=\"https:\/\/floraplus.net\/wp-content\/uploads\/2025\/05\/4-300x300.jpg\" srcset=\"https:\/\/floraplus.net\/wp-content\/uploads\/2025\/05\/4-300x300.jpg 300w,https:\/\/floraplus.net\/wp-content\/uploads\/2025\/05\/4-1024x1024.jpg 1024w,https:\/\/floraplus.net\/wp-content\/uploads\/2025\/05\/4.jpg 1080w\" sizes=\"auto, 250px\"\/><\/a><\/div><div class=\"sgb-item\"><a href=\"https:\/\/floraplus.net\/?attachment_id=7843\" target=\"_blank\"><img decoding=\"async\" alt=\"\" width=\"240\" height=\"300\" loading=\"lazy\" src=\"https:\/\/floraplus.net\/wp-content\/uploads\/2025\/05\/5-240x300.jpg\" srcset=\"https:\/\/floraplus.net\/wp-content\/uploads\/2025\/05\/5-240x300.jpg 240w,https:\/\/floraplus.net\/wp-content\/uploads\/2025\/05\/5-819x1024.jpg 819w,https:\/\/floraplus.net\/wp-content\/uploads\/2025\/05\/5.jpg 1080w\" sizes=\"auto, 250px\"\/><\/a><\/div><div class=\"sgb-item\"><a href=\"https:\/\/floraplus.net\/?attachment_id=7844\" target=\"_blank\"><img decoding=\"async\" alt=\"Ziraat M\u00fchendisi Luigi Pagliani\" width=\"200\" height=\"300\" loading=\"lazy\" src=\"https:\/\/floraplus.net\/wp-content\/uploads\/2025\/05\/Ziraat-Muhendisi-Luigi-Pagliani-200x300.jpeg\" srcset=\"https:\/\/floraplus.net\/wp-content\/uploads\/2025\/05\/Ziraat-Muhendisi-Luigi-Pagliani-200x300.jpeg 200w,https:\/\/floraplus.net\/wp-content\/uploads\/2025\/05\/Ziraat-Muhendisi-Luigi-Pagliani.jpeg 475w\" sizes=\"auto, 250px\"\/><\/a><div class=\"sgb-item-caption\"><em>Ziraat M\u00fchendisi Luigi Pagliani<\/em><\/div><\/div><\/div><\/div><script type=\"application\/json\" class=\"sgb-data\">{\"sliderMaxHeight\":1080,\"sliderAdminWidth\":840,\"collectionColumns\":1,\"galleryType\":\"pgc_sgb_slider\",\"galleryId\":\"e5569490\",\"images\":[{\"id\":7840,\"title\":\"2\",\"url\":\"https:\/\/floraplus.net\/wp-content\/uploads\/2025\/05\/2.jpg\",\"link\":\"https:\/\/floraplus.net\/?attachment_id=7840\",\"alt\":\"\",\"description\":\"\",\"caption\":\"\",\"mime\":\"image\/jpeg\",\"type\":\"image\",\"width\":1080,\"height\":1350,\"sizes\":{\"thumbnail\":{\"height\":150,\"width\":150,\"url\":\"https:\/\/floraplus.net\/wp-content\/uploads\/2025\/05\/2-150x150.jpg\",\"orientation\":\"landscape\"},\"medium\":{\"height\":300,\"width\":240,\"url\":\"https:\/\/floraplus.net\/wp-content\/uploads\/2025\/05\/2-240x300.jpg\",\"orientation\":\"portrait\"},\"large\":{\"height\":1024,\"width\":819,\"url\":\"https:\/\/floraplus.net\/wp-content\/uploads\/2025\/05\/2-819x1024.jpg\",\"orientation\":\"portrait\"},\"full\":{\"url\":\"https:\/\/floraplus.net\/wp-content\/uploads\/2025\/05\/2.jpg\",\"height\":1350,\"width\":1080,\"orientation\":\"portrait\"}},\"imageMeta\":{\"aperture\":\"0\",\"credit\":\"\",\"camera\":\"\",\"caption\":\"\",\"created_timestamp\":\"0\",\"copyright\":\"\",\"focal_length\":\"0\",\"iso\":\"0\",\"shutter_speed\":\"0\",\"title\":\"\",\"orientation\":\"0\",\"keywords\":[]},\"meta\":false,\"postlink\":\"https:\/\/floraplus.net\/?attachment_id=7840\"},{\"id\":7841,\"title\":\"3\",\"url\":\"https:\/\/floraplus.net\/wp-content\/uploads\/2025\/05\/3.jpeg\",\"link\":\"https:\/\/floraplus.net\/?attachment_id=7841\",\"alt\":\"\",\"description\":\"\",\"caption\":\"\",\"mime\":\"image\/jpeg\",\"type\":\"image\",\"width\":1600,\"height\":1200,\"sizes\":{\"thumbnail\":{\"height\":150,\"width\":150,\"url\":\"https:\/\/floraplus.net\/wp-content\/uploads\/2025\/05\/3-150x150.jpeg\",\"orientation\":\"landscape\"},\"medium\":{\"height\":225,\"width\":300,\"url\":\"https:\/\/floraplus.net\/wp-content\/uploads\/2025\/05\/3-300x225.jpeg\",\"orientation\":\"landscape\"},\"large\":{\"height\":768,\"width\":1024,\"url\":\"https:\/\/floraplus.net\/wp-content\/uploads\/2025\/05\/3-1024x768.jpeg\",\"orientation\":\"landscape\"},\"full\":{\"url\":\"https:\/\/floraplus.net\/wp-content\/uploads\/2025\/05\/3.jpeg\",\"height\":1200,\"width\":1600,\"orientation\":\"landscape\"}},\"imageMeta\":{\"aperture\":\"0\",\"credit\":\"\",\"camera\":\"\",\"caption\":\"\",\"created_timestamp\":\"0\",\"copyright\":\"\",\"focal_length\":\"0\",\"iso\":\"0\",\"shutter_speed\":\"0\",\"title\":\"\",\"orientation\":\"0\",\"keywords\":[]},\"meta\":false,\"postlink\":\"https:\/\/floraplus.net\/?attachment_id=7841\"},{\"id\":7842,\"title\":\"4\",\"url\":\"https:\/\/floraplus.net\/wp-content\/uploads\/2025\/05\/4.jpg\",\"link\":\"https:\/\/floraplus.net\/?attachment_id=7842\",\"alt\":\"\",\"description\":\"\",\"caption\":\"\",\"mime\":\"image\/jpeg\",\"type\":\"image\",\"width\":1080,\"height\":1080,\"sizes\":{\"thumbnail\":{\"height\":150,\"width\":150,\"url\":\"https:\/\/floraplus.net\/wp-content\/uploads\/2025\/05\/4-150x150.jpg\",\"orientation\":\"landscape\"},\"medium\":{\"height\":300,\"width\":300,\"url\":\"https:\/\/floraplus.net\/wp-content\/uploads\/2025\/05\/4-300x300.jpg\",\"orientation\":\"landscape\"},\"large\":{\"height\":1024,\"width\":1024,\"url\":\"https:\/\/floraplus.net\/wp-content\/uploads\/2025\/05\/4-1024x1024.jpg\",\"orientation\":\"landscape\"},\"full\":{\"url\":\"https:\/\/floraplus.net\/wp-content\/uploads\/2025\/05\/4.jpg\",\"height\":1080,\"width\":1080,\"orientation\":\"landscape\"}},\"imageMeta\":{\"aperture\":\"0\",\"credit\":\"\",\"camera\":\"\",\"caption\":\"\",\"created_timestamp\":\"0\",\"copyright\":\"\",\"focal_length\":\"0\",\"iso\":\"0\",\"shutter_speed\":\"0\",\"title\":\"\",\"orientation\":\"0\",\"keywords\":[]},\"meta\":false,\"postlink\":\"https:\/\/floraplus.net\/?attachment_id=7842\"},{\"id\":7843,\"title\":\"5\",\"url\":\"https:\/\/floraplus.net\/wp-content\/uploads\/2025\/05\/5.jpg\",\"link\":\"https:\/\/floraplus.net\/?attachment_id=7843\",\"alt\":\"\",\"description\":\"\",\"caption\":\"\",\"mime\":\"image\/jpeg\",\"type\":\"image\",\"width\":1080,\"height\":1350,\"sizes\":{\"thumbnail\":{\"height\":150,\"width\":150,\"url\":\"https:\/\/floraplus.net\/wp-content\/uploads\/2025\/05\/5-150x150.jpg\",\"orientation\":\"landscape\"},\"medium\":{\"height\":300,\"width\":240,\"url\":\"https:\/\/floraplus.net\/wp-content\/uploads\/2025\/05\/5-240x300.jpg\",\"orientation\":\"portrait\"},\"large\":{\"height\":1024,\"width\":819,\"url\":\"https:\/\/floraplus.net\/wp-content\/uploads\/2025\/05\/5-819x1024.jpg\",\"orientation\":\"portrait\"},\"full\":{\"url\":\"https:\/\/floraplus.net\/wp-content\/uploads\/2025\/05\/5.jpg\",\"height\":1350,\"width\":1080,\"orientation\":\"portrait\"}},\"imageMeta\":{\"aperture\":\"0\",\"credit\":\"\",\"camera\":\"\",\"caption\":\"\",\"created_timestamp\":\"0\",\"copyright\":\"\",\"focal_length\":\"0\",\"iso\":\"0\",\"shutter_speed\":\"0\",\"title\":\"\",\"orientation\":\"0\",\"keywords\":[]},\"meta\":false,\"postlink\":\"https:\/\/floraplus.net\/?attachment_id=7843\"},{\"id\":7844,\"title\":\"Ziraat M\u00fchendisi Luigi Pagliani\",\"url\":\"https:\/\/floraplus.net\/wp-content\/uploads\/2025\/05\/Ziraat-Muhendisi-Luigi-Pagliani.jpeg\",\"link\":\"https:\/\/floraplus.net\/?attachment_id=7844\",\"alt\":\"Ziraat M\u00fchendisi Luigi Pagliani\",\"description\":\"Ziraat M\u00fchendisi Luigi Pagliani\",\"caption\":\"Ziraat M\u00fchendisi Luigi Pagliani\",\"mime\":\"image\/jpeg\",\"type\":\"image\",\"width\":475,\"height\":714,\"sizes\":{\"thumbnail\":{\"height\":150,\"width\":150,\"url\":\"https:\/\/floraplus.net\/wp-content\/uploads\/2025\/05\/Ziraat-Muhendisi-Luigi-Pagliani-150x150.jpeg\",\"orientation\":\"landscape\"},\"medium\":{\"height\":300,\"width\":200,\"url\":\"https:\/\/floraplus.net\/wp-content\/uploads\/2025\/05\/Ziraat-Muhendisi-Luigi-Pagliani-200x300.jpeg\",\"orientation\":\"portrait\"},\"full\":{\"url\":\"https:\/\/floraplus.net\/wp-content\/uploads\/2025\/05\/Ziraat-Muhendisi-Luigi-Pagliani.jpeg\",\"height\":714,\"width\":475,\"orientation\":\"portrait\"}},\"imageMeta\":{\"aperture\":\"0\",\"credit\":\"\",\"camera\":\"\",\"caption\":\"\",\"created_timestamp\":\"0\",\"copyright\":\"\",\"focal_length\":\"0\",\"iso\":\"0\",\"shutter_speed\":\"0\",\"title\":\"\",\"orientation\":\"0\",\"keywords\":[]},\"meta\":false,\"postlink\":\"https:\/\/floraplus.net\/?attachment_id=7844\"}],\"itemsMetaDataCollection\":[]}<\/script><script>(function(){if(window.PGC_SGB && window.PGC_SGB.searcher){window.PGC_SGB.searcher.initBlocks()}})()<\/script><\/div>\n\n\n<p><strong>Ziraat M\u00fchendisi Luigi Pagliani May\u0131s 2022\u2019den bu yana \u0130talya\u2019da Ulusal \u0130hracat\u00e7\u0131 Fidanc\u0131lar Derne\u011fi\u2019nin (ANVE) ba\u015fkanl\u0131\u011f\u0131n\u0131 yap\u0131yor. Kendisi de Perugia&#8217;da, 42 hektarl\u0131k bir alanda selvi, me\u015fe ve di\u011fer baz\u0131 Akdeniz a\u011fa\u00e7lar\u0131n\u0131 yeti\u015ftiriyor. Bu haberi Eroflora 2025\u2019in a\u00e7\u0131l\u0131\u015f\u0131nda yapt\u0131\u011f\u0131 konu\u015fmadan derledik.<\/strong><\/p>\n\n\n\n<p>\u0130talyan bah\u00e7e ve peyzaj sekt\u00f6r\u00fcne ili\u015fkin verilere g\u00f6re, d\u0131\u015f mekan s\u00fcs bitkileri sekt\u00f6r\u00fcne odaklan\u0131lm\u0131\u015f g\u00f6r\u00fcn\u00fcyor. Ancak meyve a\u011fa\u00e7lar\u0131 ve turun\u00e7gillerin \u00fcretimine de \u00f6zellikle dikkat \u00e7ekilmi\u015f&#8230; \u0130talya&#8217;da peyzaj ve bah\u00e7e \u00fcr\u00fcnleri sekt\u00f6rende 17.490 \u015firket faaliyet g\u00f6steriyor. Bunlar\u0131n %54&#8217;\u00fc bah\u00e7e ve peyzaj konusunda \u00e7al\u0131\u015f\u0131yor. Yine sekt\u00f6r\u00fcn % 26&#8217;s\u0131 bitki \u00e7o\u011faltma, %20&#8217;si ise ormanc\u0131l\u0131k ve aromatik ve farmas\u00f6tik bitki \u00fcretimi konusunda uzmanla\u015fm\u0131\u015f.<\/p>\n\n\n\n<p>Yine 2023 y\u0131l\u0131 verilerine g\u00f6re \u0130talyan peyzaj ve bah\u00e7e \u00fcr\u00fcnleri sekt\u00f6r\u00fcn\u00fcn ihracat\u0131 bir \u00f6nceki y\u0131la g\u00f6re %5,4 art\u0131\u015fla 1,2 milyar avroya ula\u015fm\u0131\u015f. Ayr\u0131ca \u0130talaya\u2019da sekt\u00f6r kurulu\u015flar\u0131n\u0131n y\u00fczde 60&#8217;tan fazlas\u0131 s\u00fcrd\u00fcr\u00fclebilir tar\u0131m uygulamalar\u0131h\u0131 esas al\u0131rken ancak sadece y\u00fczde 19&#8217;u ye\u015fil d\u00f6n\u00fc\u015f\u00fcm i\u00e7in kamu finansman\u0131 ara\u00e7lar\u0131na ula\u015fabiliyor. \u0130talyan sekt\u00f6r\u00fc bunun artt\u0131r\u0131lmas\u0131n\u0131 istiyor. \u0130novasyon konusuna gelince \u0130ltalyan sekt\u00f6r firmalar\u0131n\u0131n %705&#8217;i su ve enerji verimlili\u011fine y\u00f6nelik teknolojilere yat\u0131r\u0131m yapm\u0131\u015f durumda. Ancak bunlar\u0131n yaln\u0131zca %15&#8217;i ak\u0131ll\u0131 sens\u00f6rler, drone&#8217;lar veya \u00f6ng\u00f6r\u00fcc\u00fc modeller gibi geli\u015fmi\u015f dijital ara\u00e7lar\u0131 kullan\u0131yor. \u0130talyan peyzaj ve bitki ekt\u00f6r\u00fcn\u00fcn rekabet g\u00fcc\u00fcn\u00fcn yeniden canland\u0131r\u0131lmas\u0131, krediye eri\u015fimi, dijitalle\u015fme, e\u011fitim ve uluslararas\u0131 tan\u0131t\u0131m gibi operasyonel konular \u00f6nerilerle canl\u0131 tutuluyor.<\/p>\n\n\n\n<p><\/p>\n","protected":false},"excerpt":{"rendered":"<p>Ziraat M\u00fchendisi Luigi Pagliani May\u0131s 2022\u2019den bu yana \u0130talya\u2019da Ulusal \u0130hracat\u00e7\u0131 Fidanc\u0131lar Derne\u011fi\u2019nin (ANVE) ba\u015fkanl\u0131\u011f\u0131n\u0131<\/p>\n","protected":false},"author":1,"featured_media":7846,"comment_status":"open","ping_status":"open","sticky":false,"template":"","format":"standard","meta":{"pgc_sgb_lightbox_settings":"","cybocfi_hide_featured_image":"","footnotes":""},"categories":[1599,1429,225],"tags":[],"class_list":["post-7839","post","type-post","status-publish","format-standard","has-post-thumbnail","hentry","category-fuarlar","category-guncel","category-haberler"],"yoast_head":"<!-- This site is optimized with the Yoast SEO Premium plugin v25.4 (Yoast SEO v25.4) - https:\/\/yoast.com\/wordpress\/plugins\/seo\/ -->\n<title>\u0130talyan peyzaj ve bah\u00e7e sekt\u00f6r\u00fc ne alemde? - Floraplus<\/title>\n<meta name=\"robots\" content=\"index, follow, max-snippet:-1, max-image-preview:large, max-video-preview:-1\" \/>\n<link rel=\"canonical\" href=\"https:\/\/floraplus.net\/tr_tr\/2025\/05\/01\/italyan-peyzaj-ve-bahce-sektoru-ne-alemde\/\" \/>\n<meta property=\"og:locale\" content=\"tr_TR\" \/>\n<meta property=\"og:type\" content=\"article\" \/>\n<meta property=\"og:title\" content=\"\u0130talyan peyzaj ve bah\u00e7e sekt\u00f6r\u00fc ne alemde?\" \/>\n<meta property=\"og:description\" content=\"Ziraat M\u00fchendisi Luigi Pagliani May\u0131s 2022\u2019den bu yana \u0130talya\u2019da Ulusal \u0130hracat\u00e7\u0131 Fidanc\u0131lar Derne\u011fi\u2019nin (ANVE) ba\u015fkanl\u0131\u011f\u0131n\u0131\" \/>\n<meta property=\"og:url\" content=\"https:\/\/floraplus.net\/tr_tr\/2025\/05\/01\/italyan-peyzaj-ve-bahce-sektoru-ne-alemde\/\" \/>\n<meta property=\"og:site_name\" content=\"Floraplus\" \/>\n<meta property=\"article:publisher\" content=\"https:\/\/www.facebook.com\/floraplusdergisi\" \/>\n<meta property=\"article:published_time\" content=\"2025-05-01T12:15:43+00:00\" \/>\n<meta property=\"article:modified_time\" content=\"2025-07-14T13:52:00+00:00\" \/>\n<meta property=\"og:image\" content=\"https:\/\/floraplus.net\/wp-content\/uploads\/2025\/05\/kapak-1.jpg\" \/>\n\t<meta property=\"og:image:width\" content=\"2048\" \/>\n\t<meta property=\"og:image:height\" content=\"1144\" \/>\n\t<meta property=\"og:image:type\" content=\"image\/jpeg\" \/>\n<meta name=\"author\" content=\"floraplus_admin\" \/>\n<meta name=\"twitter:card\" content=\"summary_large_image\" \/>\n<meta name=\"twitter:label1\" content=\"Yazan:\" \/>\n\t<meta name=\"twitter:data1\" content=\"floraplus_admin\" \/>\n\t<meta name=\"twitter:label2\" content=\"Tahmini okuma s\u00fcresi\" \/>\n\t<meta name=\"twitter:data2\" content=\"2 dakika\" \/>\n<script type=\"application\/ld+json\" class=\"yoast-schema-graph\">{\"@context\":\"https:\/\/schema.org\",\"@graph\":[{\"@type\":\"Article\",\"@id\":\"https:\/\/floraplus.net\/2025\/05\/01\/italyan-peyzaj-ve-bahce-sektoru-ne-alemde\/#article\",\"isPartOf\":{\"@id\":\"https:\/\/floraplus.net\/2025\/05\/01\/italyan-peyzaj-ve-bahce-sektoru-ne-alemde\/\"},\"author\":{\"name\":\"floraplus_admin\",\"@id\":\"https:\/\/floraplus.net\/en\/#\/schema\/person\/7263fcd2e50448ecd875951558a1f277\"},\"headline\":\"\u0130talyan peyzaj ve bah\u00e7e sekt\u00f6r\u00fc ne alemde?\",\"datePublished\":\"2025-05-01T12:15:43+00:00\",\"dateModified\":\"2025-07-14T13:52:00+00:00\",\"mainEntityOfPage\":{\"@id\":\"https:\/\/floraplus.net\/2025\/05\/01\/italyan-peyzaj-ve-bahce-sektoru-ne-alemde\/\"},\"wordCount\":324,\"commentCount\":0,\"publisher\":{\"@id\":\"https:\/\/floraplus.net\/en\/#organization\"},\"image\":{\"@id\":\"https:\/\/floraplus.net\/2025\/05\/01\/italyan-peyzaj-ve-bahce-sektoru-ne-alemde\/#primaryimage\"},\"thumbnailUrl\":\"https:\/\/floraplus.net\/wp-content\/uploads\/2025\/05\/kapak-1.jpg\",\"articleSection\":[\"Fuarlar\",\"G\u00fcncel\",\"Haberler\"],\"inLanguage\":\"tr\",\"potentialAction\":[{\"@type\":\"CommentAction\",\"name\":\"Comment\",\"target\":[\"https:\/\/floraplus.net\/2025\/05\/01\/italyan-peyzaj-ve-bahce-sektoru-ne-alemde\/#respond\"]}]},{\"@type\":\"WebPage\",\"@id\":\"https:\/\/floraplus.net\/2025\/05\/01\/italyan-peyzaj-ve-bahce-sektoru-ne-alemde\/\",\"url\":\"https:\/\/floraplus.net\/2025\/05\/01\/italyan-peyzaj-ve-bahce-sektoru-ne-alemde\/\",\"name\":\"\u0130talyan peyzaj ve bah\u00e7e sekt\u00f6r\u00fc ne alemde? - Floraplus\",\"isPartOf\":{\"@id\":\"https:\/\/floraplus.net\/en\/#website\"},\"primaryImageOfPage\":{\"@id\":\"https:\/\/floraplus.net\/2025\/05\/01\/italyan-peyzaj-ve-bahce-sektoru-ne-alemde\/#primaryimage\"},\"image\":{\"@id\":\"https:\/\/floraplus.net\/2025\/05\/01\/italyan-peyzaj-ve-bahce-sektoru-ne-alemde\/#primaryimage\"},\"thumbnailUrl\":\"https:\/\/floraplus.net\/wp-content\/uploads\/2025\/05\/kapak-1.jpg\",\"datePublished\":\"2025-05-01T12:15:43+00:00\",\"dateModified\":\"2025-07-14T13:52:00+00:00\",\"breadcrumb\":{\"@id\":\"https:\/\/floraplus.net\/2025\/05\/01\/italyan-peyzaj-ve-bahce-sektoru-ne-alemde\/#breadcrumb\"},\"inLanguage\":\"tr\",\"potentialAction\":[{\"@type\":\"ReadAction\",\"target\":[\"https:\/\/floraplus.net\/2025\/05\/01\/italyan-peyzaj-ve-bahce-sektoru-ne-alemde\/\"]}]},{\"@type\":\"ImageObject\",\"inLanguage\":\"tr\",\"@id\":\"https:\/\/floraplus.net\/2025\/05\/01\/italyan-peyzaj-ve-bahce-sektoru-ne-alemde\/#primaryimage\",\"url\":\"https:\/\/floraplus.net\/wp-content\/uploads\/2025\/05\/kapak-1.jpg\",\"contentUrl\":\"https:\/\/floraplus.net\/wp-content\/uploads\/2025\/05\/kapak-1.jpg\",\"width\":2048,\"height\":1144},{\"@type\":\"BreadcrumbList\",\"@id\":\"https:\/\/floraplus.net\/2025\/05\/01\/italyan-peyzaj-ve-bahce-sektoru-ne-alemde\/#breadcrumb\",\"itemListElement\":[{\"@type\":\"ListItem\",\"position\":1,\"name\":\"Home\",\"item\":\"https:\/\/floraplus.net\/en\/\"},{\"@type\":\"ListItem\",\"position\":2,\"name\":\"\u0130talyan peyzaj ve bah\u00e7e sekt\u00f6r\u00fc ne alemde?\"}]},{\"@type\":\"WebSite\",\"@id\":\"https:\/\/floraplus.net\/en\/#website\",\"url\":\"https:\/\/floraplus.net\/en\/\",\"name\":\"Floraplus\",\"description\":\"Peyzaj, peyzaj mimarl\u0131\u011f\u0131, peyzaj bitkileri, s\u00fcs ve bah\u00e7e\u00a0bitkileri\",\"publisher\":{\"@id\":\"https:\/\/floraplus.net\/en\/#organization\"},\"potentialAction\":[{\"@type\":\"SearchAction\",\"target\":{\"@type\":\"EntryPoint\",\"urlTemplate\":\"https:\/\/floraplus.net\/en\/?s={search_term_string}\"},\"query-input\":{\"@type\":\"PropertyValueSpecification\",\"valueRequired\":true,\"valueName\":\"search_term_string\"}}],\"inLanguage\":\"tr\"},{\"@type\":\"Organization\",\"@id\":\"https:\/\/floraplus.net\/en\/#organization\",\"name\":\"Floraplus\",\"url\":\"https:\/\/floraplus.net\/en\/\",\"logo\":{\"@type\":\"ImageObject\",\"inLanguage\":\"tr\",\"@id\":\"https:\/\/floraplus.net\/en\/#\/schema\/logo\/image\/\",\"url\":\"https:\/\/floraplus.net\/wp-content\/uploads\/2021\/08\/logo-e1627994475388.png\",\"contentUrl\":\"https:\/\/floraplus.net\/wp-content\/uploads\/2021\/08\/logo-e1627994475388.png\",\"width\":251,\"height\":81,\"caption\":\"Floraplus\"},\"image\":{\"@id\":\"https:\/\/floraplus.net\/en\/#\/schema\/logo\/image\/\"},\"sameAs\":[\"https:\/\/www.facebook.com\/floraplusdergisi\",\"https:\/\/www.instagram.com\/floraplusdergisi\/\"]},{\"@type\":\"Person\",\"@id\":\"https:\/\/floraplus.net\/en\/#\/schema\/person\/7263fcd2e50448ecd875951558a1f277\",\"name\":\"floraplus_admin\",\"sameAs\":[\"http:\/\/test.floraplus.net\"],\"url\":\"https:\/\/floraplus.net\/tr_tr\/author\/floraplus_admin\/\"}]}<\/script>\n<!-- \/ Yoast SEO Premium plugin. -->","yoast_head_json":{"title":"\u0130talyan peyzaj ve bah\u00e7e sekt\u00f6r\u00fc ne alemde? - Floraplus","robots":{"index":"index","follow":"follow","max-snippet":"max-snippet:-1","max-image-preview":"max-image-preview:large","max-video-preview":"max-video-preview:-1"},"canonical":"https:\/\/floraplus.net\/tr_tr\/2025\/05\/01\/italyan-peyzaj-ve-bahce-sektoru-ne-alemde\/","og_locale":"tr_TR","og_type":"article","og_title":"\u0130talyan peyzaj ve bah\u00e7e sekt\u00f6r\u00fc ne alemde?","og_description":"Ziraat M\u00fchendisi Luigi Pagliani May\u0131s 2022\u2019den bu yana \u0130talya\u2019da Ulusal \u0130hracat\u00e7\u0131 Fidanc\u0131lar Derne\u011fi\u2019nin (ANVE) ba\u015fkanl\u0131\u011f\u0131n\u0131","og_url":"https:\/\/floraplus.net\/tr_tr\/2025\/05\/01\/italyan-peyzaj-ve-bahce-sektoru-ne-alemde\/","og_site_name":"Floraplus","article_publisher":"https:\/\/www.facebook.com\/floraplusdergisi","article_published_time":"2025-05-01T12:15:43+00:00","article_modified_time":"2025-07-14T13:52:00+00:00","og_image":[{"width":2048,"height":1144,"url":"https:\/\/floraplus.net\/wp-content\/uploads\/2025\/05\/kapak-1.jpg","type":"image\/jpeg"}],"author":"floraplus_admin","twitter_card":"summary_large_image","twitter_misc":{"Yazan:":"floraplus_admin","Tahmini okuma s\u00fcresi":"2 dakika"},"schema":{"@context":"https:\/\/schema.org","@graph":[{"@type":"Article","@id":"https:\/\/floraplus.net\/2025\/05\/01\/italyan-peyzaj-ve-bahce-sektoru-ne-alemde\/#article","isPartOf":{"@id":"https:\/\/floraplus.net\/2025\/05\/01\/italyan-peyzaj-ve-bahce-sektoru-ne-alemde\/"},"author":{"name":"floraplus_admin","@id":"https:\/\/floraplus.net\/en\/#\/schema\/person\/7263fcd2e50448ecd875951558a1f277"},"headline":"\u0130talyan peyzaj ve bah\u00e7e sekt\u00f6r\u00fc ne alemde?","datePublished":"2025-05-01T12:15:43+00:00","dateModified":"2025-07-14T13:52:00+00:00","mainEntityOfPage":{"@id":"https:\/\/floraplus.net\/2025\/05\/01\/italyan-peyzaj-ve-bahce-sektoru-ne-alemde\/"},"wordCount":324,"commentCount":0,"publisher":{"@id":"https:\/\/floraplus.net\/en\/#organization"},"image":{"@id":"https:\/\/floraplus.net\/2025\/05\/01\/italyan-peyzaj-ve-bahce-sektoru-ne-alemde\/#primaryimage"},"thumbnailUrl":"https:\/\/floraplus.net\/wp-content\/uploads\/2025\/05\/kapak-1.jpg","articleSection":["Fuarlar","G\u00fcncel","Haberler"],"inLanguage":"tr","potentialAction":[{"@type":"CommentAction","name":"Comment","target":["https:\/\/floraplus.net\/2025\/05\/01\/italyan-peyzaj-ve-bahce-sektoru-ne-alemde\/#respond"]}]},{"@type":"WebPage","@id":"https:\/\/floraplus.net\/2025\/05\/01\/italyan-peyzaj-ve-bahce-sektoru-ne-alemde\/","url":"https:\/\/floraplus.net\/2025\/05\/01\/italyan-peyzaj-ve-bahce-sektoru-ne-alemde\/","name":"\u0130talyan peyzaj ve bah\u00e7e sekt\u00f6r\u00fc ne alemde? - Floraplus","isPartOf":{"@id":"https:\/\/floraplus.net\/en\/#website"},"primaryImageOfPage":{"@id":"https:\/\/floraplus.net\/2025\/05\/01\/italyan-peyzaj-ve-bahce-sektoru-ne-alemde\/#primaryimage"},"image":{"@id":"https:\/\/floraplus.net\/2025\/05\/01\/italyan-peyzaj-ve-bahce-sektoru-ne-alemde\/#primaryimage"},"thumbnailUrl":"https:\/\/floraplus.net\/wp-content\/uploads\/2025\/05\/kapak-1.jpg","datePublished":"2025-05-01T12:15:43+00:00","dateModified":"2025-07-14T13:52:00+00:00","breadcrumb":{"@id":"https:\/\/floraplus.net\/2025\/05\/01\/italyan-peyzaj-ve-bahce-sektoru-ne-alemde\/#breadcrumb"},"inLanguage":"tr","potentialAction":[{"@type":"ReadAction","target":["https:\/\/floraplus.net\/2025\/05\/01\/italyan-peyzaj-ve-bahce-sektoru-ne-alemde\/"]}]},{"@type":"ImageObject","inLanguage":"tr","@id":"https:\/\/floraplus.net\/2025\/05\/01\/italyan-peyzaj-ve-bahce-sektoru-ne-alemde\/#primaryimage","url":"https:\/\/floraplus.net\/wp-content\/uploads\/2025\/05\/kapak-1.jpg","contentUrl":"https:\/\/floraplus.net\/wp-content\/uploads\/2025\/05\/kapak-1.jpg","width":2048,"height":1144},{"@type":"BreadcrumbList","@id":"https:\/\/floraplus.net\/2025\/05\/01\/italyan-peyzaj-ve-bahce-sektoru-ne-alemde\/#breadcrumb","itemListElement":[{"@type":"ListItem","position":1,"name":"Home","item":"https:\/\/floraplus.net\/en\/"},{"@type":"ListItem","position":2,"name":"\u0130talyan peyzaj ve bah\u00e7e sekt\u00f6r\u00fc ne alemde?"}]},{"@type":"WebSite","@id":"https:\/\/floraplus.net\/en\/#website","url":"https:\/\/floraplus.net\/en\/","name":"Floraplus","description":"Peyzaj, peyzaj mimarl\u0131\u011f\u0131, peyzaj bitkileri, s\u00fcs ve bah\u00e7e\u00a0bitkileri","publisher":{"@id":"https:\/\/floraplus.net\/en\/#organization"},"potentialAction":[{"@type":"SearchAction","target":{"@type":"EntryPoint","urlTemplate":"https:\/\/floraplus.net\/en\/?s={search_term_string}"},"query-input":{"@type":"PropertyValueSpecification","valueRequired":true,"valueName":"search_term_string"}}],"inLanguage":"tr"},{"@type":"Organization","@id":"https:\/\/floraplus.net\/en\/#organization","name":"Floraplus","url":"https:\/\/floraplus.net\/en\/","logo":{"@type":"ImageObject","inLanguage":"tr","@id":"https:\/\/floraplus.net\/en\/#\/schema\/logo\/image\/","url":"https:\/\/floraplus.net\/wp-content\/uploads\/2021\/08\/logo-e1627994475388.png","contentUrl":"https:\/\/floraplus.net\/wp-content\/uploads\/2021\/08\/logo-e1627994475388.png","width":251,"height":81,"caption":"Floraplus"},"image":{"@id":"https:\/\/floraplus.net\/en\/#\/schema\/logo\/image\/"},"sameAs":["https:\/\/www.facebook.com\/floraplusdergisi","https:\/\/www.instagram.com\/floraplusdergisi\/"]},{"@type":"Person","@id":"https:\/\/floraplus.net\/en\/#\/schema\/person\/7263fcd2e50448ecd875951558a1f277","name":"floraplus_admin","sameAs":["http:\/\/test.floraplus.net"],"url":"https:\/\/floraplus.net\/tr_tr\/author\/floraplus_admin\/"}]}},"_links":{"self":[{"href":"https:\/\/floraplus.net\/tr_tr\/wp-json\/wp\/v2\/posts\/7839","targetHints":{"allow":["GET"]}}],"collection":[{"href":"https:\/\/floraplus.net\/tr_tr\/wp-json\/wp\/v2\/posts"}],"about":[{"href":"https:\/\/floraplus.net\/tr_tr\/wp-json\/wp\/v2\/types\/post"}],"author":[{"embeddable":true,"href":"https:\/\/floraplus.net\/tr_tr\/wp-json\/wp\/v2\/users\/1"}],"replies":[{"embeddable":true,"href":"https:\/\/floraplus.net\/tr_tr\/wp-json\/wp\/v2\/comments?post=7839"}],"version-history":[{"count":1,"href":"https:\/\/floraplus.net\/tr_tr\/wp-json\/wp\/v2\/posts\/7839\/revisions"}],"predecessor-version":[{"id":7845,"href":"https:\/\/floraplus.net\/tr_tr\/wp-json\/wp\/v2\/posts\/7839\/revisions\/7845"}],"wp:featuredmedia":[{"embeddable":true,"href":"https:\/\/floraplus.net\/tr_tr\/wp-json\/wp\/v2\/media\/7846"}],"wp:attachment":[{"href":"https:\/\/floraplus.net\/tr_tr\/wp-json\/wp\/v2\/media?parent=7839"}],"wp:term":[{"taxonomy":"category","embeddable":true,"href":"https:\/\/floraplus.net\/tr_tr\/wp-json\/wp\/v2\/categories?post=7839"},{"taxonomy":"post_tag","embeddable":true,"href":"https:\/\/floraplus.net\/tr_tr\/wp-json\/wp\/v2\/tags?post=7839"}],"curies":[{"name":"wp","href":"https:\/\/api.w.org\/{rel}","templated":true}]}}