{"id":7972,"date":"2025-06-26T13:32:17","date_gmt":"2025-06-26T10:32:17","guid":{"rendered":"https:\/\/floraplus.net\/?p=7972"},"modified":"2025-06-26T13:34:36","modified_gmt":"2025-06-26T10:34:36","slug":"sanliurfa-karakopruye-7-kmlik-bisiklet-yolu","status":"publish","type":"post","link":"https:\/\/floraplus.net\/tr_tr\/2025\/06\/26\/sanliurfa-karakopruye-7-kmlik-bisiklet-yolu\/","title":{"rendered":"\u015eanl\u0131urfa Karak\u00f6pr\u00fc\u2019ye 7 km\u2019lik bisiklet yolu"},"content":{"rendered":"\n<figure class=\"wp-block-image size-large\"><img loading=\"lazy\" decoding=\"async\" width=\"1024\" height=\"576\" src=\"https:\/\/floraplus.net\/wp-content\/uploads\/2025\/06\/sanliurfakapak-1024x576.jpg\" alt=\"\" class=\"wp-image-7973\" srcset=\"https:\/\/floraplus.net\/wp-content\/uploads\/2025\/06\/sanliurfakapak-1024x576.jpg 1024w, https:\/\/floraplus.net\/wp-content\/uploads\/2025\/06\/sanliurfakapak-300x169.jpg 300w, https:\/\/floraplus.net\/wp-content\/uploads\/2025\/06\/sanliurfakapak-768x432.jpg 768w, https:\/\/floraplus.net\/wp-content\/uploads\/2025\/06\/sanliurfakapak-800x450.jpg 800w, https:\/\/floraplus.net\/wp-content\/uploads\/2025\/06\/sanliurfakapak.jpg 1200w\" sizes=\"auto, (max-width: 1024px) 100vw, 1024px\" \/><\/figure>\n\n\n\n<p>Ak\u0131ll\u0131 \u015fehirler ve s\u00fcrd\u00fcr\u00fclebilir ula\u015f\u0131m\u0131 te\u015fvik eden mikro mobilite ve bisiklet payla\u015f\u0131m\u0131 projeleri, \u00e7evre dostu ve g\u00fcvenli ula\u015f\u0131m \u00e7\u00f6z\u00fcmleri sunuyor. \u00a0\u015eanl\u0131urfa Karak\u00f6pr\u00fc \u0130l\u00e7esi Buluntu Hoca Bulvar\u0131&#8217;nda planlanan projeye g\u00f6re, 7 km uzunlu\u011funda \u00e7ift y\u00f6nl\u00fc bisiklet yolu, y\u00fcr\u00fcy\u00fc\u015f ve ko\u015fu yollar\u0131, \u015farj alanlar\u0131 ve ye\u015fil peyzaj uygulamalar\u0131 yer al\u0131yor. Proje tamamland\u0131\u011f\u0131nda, modern ve \u00e7evreci bir ula\u015f\u0131m alan\u0131 Karak\u00f6pr\u00fcl\u00fclerin (\u015eanl\u0131urfa) hizmetine sunulacak.<\/p>\n\n\n\n<p><\/p>\n","protected":false},"excerpt":{"rendered":"<p>Ak\u0131ll\u0131 \u015fehirler ve s\u00fcrd\u00fcr\u00fclebilir ula\u015f\u0131m\u0131 te\u015fvik eden mikro mobilite ve bisiklet payla\u015f\u0131m\u0131 projeleri, \u00e7evre dostu<\/p>\n","protected":false},"author":1,"featured_media":7973,"comment_status":"open","ping_status":"open","sticky":false,"template":"","format":"standard","meta":{"pgc_sgb_lightbox_settings":"","cybocfi_hide_featured_image":"","footnotes":""},"categories":[1429,225],"tags":[],"class_list":["post-7972","post","type-post","status-publish","format-standard","has-post-thumbnail","hentry","category-guncel","category-haberler"],"yoast_head":"<!-- This site is optimized with the Yoast SEO Premium plugin v25.4 (Yoast SEO v25.4) - https:\/\/yoast.com\/wordpress\/plugins\/seo\/ -->\n<title>\u015eanl\u0131urfa Karak\u00f6pr\u00fc\u2019ye 7 km\u2019lik bisiklet yolu - Floraplus<\/title>\n<meta name=\"robots\" content=\"index, follow, max-snippet:-1, max-image-preview:large, max-video-preview:-1\" \/>\n<link rel=\"canonical\" href=\"https:\/\/floraplus.net\/tr_tr\/2025\/06\/26\/sanliurfa-karakopruye-7-kmlik-bisiklet-yolu\/\" \/>\n<meta property=\"og:locale\" content=\"tr_TR\" \/>\n<meta property=\"og:type\" content=\"article\" \/>\n<meta property=\"og:title\" content=\"\u015eanl\u0131urfa Karak\u00f6pr\u00fc\u2019ye 7 km\u2019lik bisiklet yolu\" \/>\n<meta property=\"og:description\" content=\"Ak\u0131ll\u0131 \u015fehirler ve s\u00fcrd\u00fcr\u00fclebilir ula\u015f\u0131m\u0131 te\u015fvik eden mikro mobilite ve bisiklet payla\u015f\u0131m\u0131 projeleri, \u00e7evre dostu\" \/>\n<meta property=\"og:url\" content=\"https:\/\/floraplus.net\/tr_tr\/2025\/06\/26\/sanliurfa-karakopruye-7-kmlik-bisiklet-yolu\/\" \/>\n<meta property=\"og:site_name\" content=\"Floraplus\" \/>\n<meta property=\"article:publisher\" content=\"https:\/\/www.facebook.com\/floraplusdergisi\" \/>\n<meta property=\"article:published_time\" content=\"2025-06-26T10:32:17+00:00\" \/>\n<meta property=\"article:modified_time\" content=\"2025-06-26T10:34:36+00:00\" \/>\n<meta property=\"og:image\" content=\"https:\/\/floraplus.net\/wp-content\/uploads\/2025\/06\/sanliurfakapak.jpg\" \/>\n\t<meta property=\"og:image:width\" content=\"1200\" \/>\n\t<meta property=\"og:image:height\" content=\"675\" \/>\n\t<meta property=\"og:image:type\" content=\"image\/jpeg\" \/>\n<meta name=\"author\" content=\"floraplus_admin\" \/>\n<meta name=\"twitter:card\" content=\"summary_large_image\" \/>\n<meta name=\"twitter:label1\" content=\"Yazan:\" \/>\n\t<meta name=\"twitter:data1\" content=\"floraplus_admin\" \/>\n<script type=\"application\/ld+json\" class=\"yoast-schema-graph\">{\"@context\":\"https:\/\/schema.org\",\"@graph\":[{\"@type\":\"Article\",\"@id\":\"https:\/\/floraplus.net\/tr_tr\/2025\/06\/26\/sanliurfa-karakopruye-7-kmlik-bisiklet-yolu\/#article\",\"isPartOf\":{\"@id\":\"https:\/\/floraplus.net\/tr_tr\/2025\/06\/26\/sanliurfa-karakopruye-7-kmlik-bisiklet-yolu\/\"},\"author\":{\"name\":\"floraplus_admin\",\"@id\":\"https:\/\/floraplus.net\/en\/#\/schema\/person\/7263fcd2e50448ecd875951558a1f277\"},\"headline\":\"\u015eanl\u0131urfa Karak\u00f6pr\u00fc\u2019ye 7 km\u2019lik bisiklet yolu\",\"datePublished\":\"2025-06-26T10:32:17+00:00\",\"dateModified\":\"2025-06-26T10:34:36+00:00\",\"mainEntityOfPage\":{\"@id\":\"https:\/\/floraplus.net\/tr_tr\/2025\/06\/26\/sanliurfa-karakopruye-7-kmlik-bisiklet-yolu\/\"},\"wordCount\":96,\"commentCount\":0,\"publisher\":{\"@id\":\"https:\/\/floraplus.net\/en\/#organization\"},\"image\":{\"@id\":\"https:\/\/floraplus.net\/tr_tr\/2025\/06\/26\/sanliurfa-karakopruye-7-kmlik-bisiklet-yolu\/#primaryimage\"},\"thumbnailUrl\":\"https:\/\/floraplus.net\/wp-content\/uploads\/2025\/06\/sanliurfakapak.jpg\",\"articleSection\":[\"G\u00fcncel\",\"Haberler\"],\"inLanguage\":\"tr\",\"potentialAction\":[{\"@type\":\"CommentAction\",\"name\":\"Comment\",\"target\":[\"https:\/\/floraplus.net\/tr_tr\/2025\/06\/26\/sanliurfa-karakopruye-7-kmlik-bisiklet-yolu\/#respond\"]}]},{\"@type\":\"WebPage\",\"@id\":\"https:\/\/floraplus.net\/tr_tr\/2025\/06\/26\/sanliurfa-karakopruye-7-kmlik-bisiklet-yolu\/\",\"url\":\"https:\/\/floraplus.net\/tr_tr\/2025\/06\/26\/sanliurfa-karakopruye-7-kmlik-bisiklet-yolu\/\",\"name\":\"\u015eanl\u0131urfa Karak\u00f6pr\u00fc\u2019ye 7 km\u2019lik bisiklet yolu - Floraplus\",\"isPartOf\":{\"@id\":\"https:\/\/floraplus.net\/en\/#website\"},\"primaryImageOfPage\":{\"@id\":\"https:\/\/floraplus.net\/tr_tr\/2025\/06\/26\/sanliurfa-karakopruye-7-kmlik-bisiklet-yolu\/#primaryimage\"},\"image\":{\"@id\":\"https:\/\/floraplus.net\/tr_tr\/2025\/06\/26\/sanliurfa-karakopruye-7-kmlik-bisiklet-yolu\/#primaryimage\"},\"thumbnailUrl\":\"https:\/\/floraplus.net\/wp-content\/uploads\/2025\/06\/sanliurfakapak.jpg\",\"datePublished\":\"2025-06-26T10:32:17+00:00\",\"dateModified\":\"2025-06-26T10:34:36+00:00\",\"breadcrumb\":{\"@id\":\"https:\/\/floraplus.net\/tr_tr\/2025\/06\/26\/sanliurfa-karakopruye-7-kmlik-bisiklet-yolu\/#breadcrumb\"},\"inLanguage\":\"tr\",\"potentialAction\":[{\"@type\":\"ReadAction\",\"target\":[\"https:\/\/floraplus.net\/tr_tr\/2025\/06\/26\/sanliurfa-karakopruye-7-kmlik-bisiklet-yolu\/\"]}]},{\"@type\":\"ImageObject\",\"inLanguage\":\"tr\",\"@id\":\"https:\/\/floraplus.net\/tr_tr\/2025\/06\/26\/sanliurfa-karakopruye-7-kmlik-bisiklet-yolu\/#primaryimage\",\"url\":\"https:\/\/floraplus.net\/wp-content\/uploads\/2025\/06\/sanliurfakapak.jpg\",\"contentUrl\":\"https:\/\/floraplus.net\/wp-content\/uploads\/2025\/06\/sanliurfakapak.jpg\",\"width\":1200,\"height\":675},{\"@type\":\"BreadcrumbList\",\"@id\":\"https:\/\/floraplus.net\/tr_tr\/2025\/06\/26\/sanliurfa-karakopruye-7-kmlik-bisiklet-yolu\/#breadcrumb\",\"itemListElement\":[{\"@type\":\"ListItem\",\"position\":1,\"name\":\"Home\",\"item\":\"https:\/\/floraplus.net\/en\/\"},{\"@type\":\"ListItem\",\"position\":2,\"name\":\"\u015eanl\u0131urfa Karak\u00f6pr\u00fc\u2019ye 7 km\u2019lik bisiklet yolu\"}]},{\"@type\":\"WebSite\",\"@id\":\"https:\/\/floraplus.net\/en\/#website\",\"url\":\"https:\/\/floraplus.net\/en\/\",\"name\":\"Floraplus\",\"description\":\"Peyzaj, peyzaj mimarl\u0131\u011f\u0131, peyzaj bitkileri, s\u00fcs ve bah\u00e7e\u00a0bitkileri\",\"publisher\":{\"@id\":\"https:\/\/floraplus.net\/en\/#organization\"},\"potentialAction\":[{\"@type\":\"SearchAction\",\"target\":{\"@type\":\"EntryPoint\",\"urlTemplate\":\"https:\/\/floraplus.net\/en\/?s={search_term_string}\"},\"query-input\":{\"@type\":\"PropertyValueSpecification\",\"valueRequired\":true,\"valueName\":\"search_term_string\"}}],\"inLanguage\":\"tr\"},{\"@type\":\"Organization\",\"@id\":\"https:\/\/floraplus.net\/en\/#organization\",\"name\":\"Floraplus\",\"url\":\"https:\/\/floraplus.net\/en\/\",\"logo\":{\"@type\":\"ImageObject\",\"inLanguage\":\"tr\",\"@id\":\"https:\/\/floraplus.net\/en\/#\/schema\/logo\/image\/\",\"url\":\"https:\/\/floraplus.net\/wp-content\/uploads\/2021\/08\/logo-e1627994475388.png\",\"contentUrl\":\"https:\/\/floraplus.net\/wp-content\/uploads\/2021\/08\/logo-e1627994475388.png\",\"width\":251,\"height\":81,\"caption\":\"Floraplus\"},\"image\":{\"@id\":\"https:\/\/floraplus.net\/en\/#\/schema\/logo\/image\/\"},\"sameAs\":[\"https:\/\/www.facebook.com\/floraplusdergisi\",\"https:\/\/www.instagram.com\/floraplusdergisi\/\"]},{\"@type\":\"Person\",\"@id\":\"https:\/\/floraplus.net\/en\/#\/schema\/person\/7263fcd2e50448ecd875951558a1f277\",\"name\":\"floraplus_admin\",\"sameAs\":[\"http:\/\/test.floraplus.net\"],\"url\":\"https:\/\/floraplus.net\/tr_tr\/author\/floraplus_admin\/\"}]}<\/script>\n<!-- \/ Yoast SEO Premium plugin. -->","yoast_head_json":{"title":"\u015eanl\u0131urfa Karak\u00f6pr\u00fc\u2019ye 7 km\u2019lik bisiklet yolu - Floraplus","robots":{"index":"index","follow":"follow","max-snippet":"max-snippet:-1","max-image-preview":"max-image-preview:large","max-video-preview":"max-video-preview:-1"},"canonical":"https:\/\/floraplus.net\/tr_tr\/2025\/06\/26\/sanliurfa-karakopruye-7-kmlik-bisiklet-yolu\/","og_locale":"tr_TR","og_type":"article","og_title":"\u015eanl\u0131urfa Karak\u00f6pr\u00fc\u2019ye 7 km\u2019lik bisiklet yolu","og_description":"Ak\u0131ll\u0131 \u015fehirler ve s\u00fcrd\u00fcr\u00fclebilir ula\u015f\u0131m\u0131 te\u015fvik eden mikro mobilite ve bisiklet payla\u015f\u0131m\u0131 projeleri, \u00e7evre dostu","og_url":"https:\/\/floraplus.net\/tr_tr\/2025\/06\/26\/sanliurfa-karakopruye-7-kmlik-bisiklet-yolu\/","og_site_name":"Floraplus","article_publisher":"https:\/\/www.facebook.com\/floraplusdergisi","article_published_time":"2025-06-26T10:32:17+00:00","article_modified_time":"2025-06-26T10:34:36+00:00","og_image":[{"width":1200,"height":675,"url":"https:\/\/floraplus.net\/wp-content\/uploads\/2025\/06\/sanliurfakapak.jpg","type":"image\/jpeg"}],"author":"floraplus_admin","twitter_card":"summary_large_image","twitter_misc":{"Yazan:":"floraplus_admin"},"schema":{"@context":"https:\/\/schema.org","@graph":[{"@type":"Article","@id":"https:\/\/floraplus.net\/tr_tr\/2025\/06\/26\/sanliurfa-karakopruye-7-kmlik-bisiklet-yolu\/#article","isPartOf":{"@id":"https:\/\/floraplus.net\/tr_tr\/2025\/06\/26\/sanliurfa-karakopruye-7-kmlik-bisiklet-yolu\/"},"author":{"name":"floraplus_admin","@id":"https:\/\/floraplus.net\/en\/#\/schema\/person\/7263fcd2e50448ecd875951558a1f277"},"headline":"\u015eanl\u0131urfa Karak\u00f6pr\u00fc\u2019ye 7 km\u2019lik bisiklet yolu","datePublished":"2025-06-26T10:32:17+00:00","dateModified":"2025-06-26T10:34:36+00:00","mainEntityOfPage":{"@id":"https:\/\/floraplus.net\/tr_tr\/2025\/06\/26\/sanliurfa-karakopruye-7-kmlik-bisiklet-yolu\/"},"wordCount":96,"commentCount":0,"publisher":{"@id":"https:\/\/floraplus.net\/en\/#organization"},"image":{"@id":"https:\/\/floraplus.net\/tr_tr\/2025\/06\/26\/sanliurfa-karakopruye-7-kmlik-bisiklet-yolu\/#primaryimage"},"thumbnailUrl":"https:\/\/floraplus.net\/wp-content\/uploads\/2025\/06\/sanliurfakapak.jpg","articleSection":["G\u00fcncel","Haberler"],"inLanguage":"tr","potentialAction":[{"@type":"CommentAction","name":"Comment","target":["https:\/\/floraplus.net\/tr_tr\/2025\/06\/26\/sanliurfa-karakopruye-7-kmlik-bisiklet-yolu\/#respond"]}]},{"@type":"WebPage","@id":"https:\/\/floraplus.net\/tr_tr\/2025\/06\/26\/sanliurfa-karakopruye-7-kmlik-bisiklet-yolu\/","url":"https:\/\/floraplus.net\/tr_tr\/2025\/06\/26\/sanliurfa-karakopruye-7-kmlik-bisiklet-yolu\/","name":"\u015eanl\u0131urfa Karak\u00f6pr\u00fc\u2019ye 7 km\u2019lik bisiklet yolu - Floraplus","isPartOf":{"@id":"https:\/\/floraplus.net\/en\/#website"},"primaryImageOfPage":{"@id":"https:\/\/floraplus.net\/tr_tr\/2025\/06\/26\/sanliurfa-karakopruye-7-kmlik-bisiklet-yolu\/#primaryimage"},"image":{"@id":"https:\/\/floraplus.net\/tr_tr\/2025\/06\/26\/sanliurfa-karakopruye-7-kmlik-bisiklet-yolu\/#primaryimage"},"thumbnailUrl":"https:\/\/floraplus.net\/wp-content\/uploads\/2025\/06\/sanliurfakapak.jpg","datePublished":"2025-06-26T10:32:17+00:00","dateModified":"2025-06-26T10:34:36+00:00","breadcrumb":{"@id":"https:\/\/floraplus.net\/tr_tr\/2025\/06\/26\/sanliurfa-karakopruye-7-kmlik-bisiklet-yolu\/#breadcrumb"},"inLanguage":"tr","potentialAction":[{"@type":"ReadAction","target":["https:\/\/floraplus.net\/tr_tr\/2025\/06\/26\/sanliurfa-karakopruye-7-kmlik-bisiklet-yolu\/"]}]},{"@type":"ImageObject","inLanguage":"tr","@id":"https:\/\/floraplus.net\/tr_tr\/2025\/06\/26\/sanliurfa-karakopruye-7-kmlik-bisiklet-yolu\/#primaryimage","url":"https:\/\/floraplus.net\/wp-content\/uploads\/2025\/06\/sanliurfakapak.jpg","contentUrl":"https:\/\/floraplus.net\/wp-content\/uploads\/2025\/06\/sanliurfakapak.jpg","width":1200,"height":675},{"@type":"BreadcrumbList","@id":"https:\/\/floraplus.net\/tr_tr\/2025\/06\/26\/sanliurfa-karakopruye-7-kmlik-bisiklet-yolu\/#breadcrumb","itemListElement":[{"@type":"ListItem","position":1,"name":"Home","item":"https:\/\/floraplus.net\/en\/"},{"@type":"ListItem","position":2,"name":"\u015eanl\u0131urfa Karak\u00f6pr\u00fc\u2019ye 7 km\u2019lik bisiklet yolu"}]},{"@type":"WebSite","@id":"https:\/\/floraplus.net\/en\/#website","url":"https:\/\/floraplus.net\/en\/","name":"Floraplus","description":"Peyzaj, peyzaj mimarl\u0131\u011f\u0131, peyzaj bitkileri, s\u00fcs ve bah\u00e7e\u00a0bitkileri","publisher":{"@id":"https:\/\/floraplus.net\/en\/#organization"},"potentialAction":[{"@type":"SearchAction","target":{"@type":"EntryPoint","urlTemplate":"https:\/\/floraplus.net\/en\/?s={search_term_string}"},"query-input":{"@type":"PropertyValueSpecification","valueRequired":true,"valueName":"search_term_string"}}],"inLanguage":"tr"},{"@type":"Organization","@id":"https:\/\/floraplus.net\/en\/#organization","name":"Floraplus","url":"https:\/\/floraplus.net\/en\/","logo":{"@type":"ImageObject","inLanguage":"tr","@id":"https:\/\/floraplus.net\/en\/#\/schema\/logo\/image\/","url":"https:\/\/floraplus.net\/wp-content\/uploads\/2021\/08\/logo-e1627994475388.png","contentUrl":"https:\/\/floraplus.net\/wp-content\/uploads\/2021\/08\/logo-e1627994475388.png","width":251,"height":81,"caption":"Floraplus"},"image":{"@id":"https:\/\/floraplus.net\/en\/#\/schema\/logo\/image\/"},"sameAs":["https:\/\/www.facebook.com\/floraplusdergisi","https:\/\/www.instagram.com\/floraplusdergisi\/"]},{"@type":"Person","@id":"https:\/\/floraplus.net\/en\/#\/schema\/person\/7263fcd2e50448ecd875951558a1f277","name":"floraplus_admin","sameAs":["http:\/\/test.floraplus.net"],"url":"https:\/\/floraplus.net\/tr_tr\/author\/floraplus_admin\/"}]}},"_links":{"self":[{"href":"https:\/\/floraplus.net\/tr_tr\/wp-json\/wp\/v2\/posts\/7972","targetHints":{"allow":["GET"]}}],"collection":[{"href":"https:\/\/floraplus.net\/tr_tr\/wp-json\/wp\/v2\/posts"}],"about":[{"href":"https:\/\/floraplus.net\/tr_tr\/wp-json\/wp\/v2\/types\/post"}],"author":[{"embeddable":true,"href":"https:\/\/floraplus.net\/tr_tr\/wp-json\/wp\/v2\/users\/1"}],"replies":[{"embeddable":true,"href":"https:\/\/floraplus.net\/tr_tr\/wp-json\/wp\/v2\/comments?post=7972"}],"version-history":[{"count":2,"href":"https:\/\/floraplus.net\/tr_tr\/wp-json\/wp\/v2\/posts\/7972\/revisions"}],"predecessor-version":[{"id":7977,"href":"https:\/\/floraplus.net\/tr_tr\/wp-json\/wp\/v2\/posts\/7972\/revisions\/7977"}],"wp:featuredmedia":[{"embeddable":true,"href":"https:\/\/floraplus.net\/tr_tr\/wp-json\/wp\/v2\/media\/7973"}],"wp:attachment":[{"href":"https:\/\/floraplus.net\/tr_tr\/wp-json\/wp\/v2\/media?parent=7972"}],"wp:term":[{"taxonomy":"category","embeddable":true,"href":"https:\/\/floraplus.net\/tr_tr\/wp-json\/wp\/v2\/categories?post=7972"},{"taxonomy":"post_tag","embeddable":true,"href":"https:\/\/floraplus.net\/tr_tr\/wp-json\/wp\/v2\/tags?post=7972"}],"curies":[{"name":"wp","href":"https:\/\/api.w.org\/{rel}","templated":true}]}}