{"id":8127,"date":"2025-07-19T16:20:56","date_gmt":"2025-07-19T13:20:56","guid":{"rendered":"https:\/\/floraplus.net\/?p=8127"},"modified":"2025-07-19T16:50:45","modified_gmt":"2025-07-19T13:50:45","slug":"pyrus-calleryana-chanticleer-sus-armudu","status":"publish","type":"post","link":"https:\/\/floraplus.net\/tr_tr\/2025\/07\/19\/pyrus-calleryana-chanticleer-sus-armudu\/","title":{"rendered":"Pyrus calleryana &#8216;Chanticleer&#8217; &#8211; S\u00fcs Armudu \u00a0"},"content":{"rendered":"<div class=\"pgc-sgb-cb wp-block-pgcsimplygalleryblock-slider \" data-gallery-id=\"d8f13951\"style=&quot;min-height:620px&quot;><div class=\"sgb-preloader\" id=\"pr_d8f13951\">\n\t<div class=\"sgb-square\" style=\"background:#d4d4d4\"><\/div>\n\t<div class=\"sgb-square\" style=\"background:#d4d4d4\"><\/div>\n\t<div class=\"sgb-square\" style=\"background:#d4d4d4\"><\/div>\n\t<div class=\"sgb-square\" style=\"background:#d4d4d4\"><\/div><\/div><div class=\"simply-gallery-amp pgc_sgb_slider \" style=\"display: none;\"><div class=\"sgb-gallery\"><div class=\"sgb-item\"><a href=\"https:\/\/floraplus.net\/2025\/07\/19\/pyrus-calleryana-chanticleer-sus-armudu\/07-9\/\" target=\"_blank\"><img decoding=\"async\" alt=\"\" width=\"300\" height=\"169\" loading=\"lazy\" src=\"https:\/\/floraplus.net\/wp-content\/uploads\/2025\/07\/07-1-300x169.jpg\" srcset=\"https:\/\/floraplus.net\/wp-content\/uploads\/2025\/07\/07-1-300x169.jpg 300w,https:\/\/floraplus.net\/wp-content\/uploads\/2025\/07\/07-1-1024x576.jpg 1024w,https:\/\/floraplus.net\/wp-content\/uploads\/2025\/07\/07-1.jpg 1200w\" sizes=\"auto, 250px\"\/><\/a><\/div><div class=\"sgb-item\"><a href=\"https:\/\/floraplus.net\/2025\/07\/19\/pyrus-calleryana-chanticleer-sus-armudu\/01-39\/\" target=\"_blank\"><img decoding=\"async\" alt=\"\" width=\"300\" height=\"169\" loading=\"lazy\" src=\"https:\/\/floraplus.net\/wp-content\/uploads\/2025\/07\/01-4-300x169.jpg\" srcset=\"https:\/\/floraplus.net\/wp-content\/uploads\/2025\/07\/01-4-300x169.jpg 300w,https:\/\/floraplus.net\/wp-content\/uploads\/2025\/07\/01-4-1024x576.jpg 1024w,https:\/\/floraplus.net\/wp-content\/uploads\/2025\/07\/01-4.jpg 1200w\" sizes=\"auto, 250px\"\/><\/a><\/div><div class=\"sgb-item\"><a href=\"https:\/\/floraplus.net\/2025\/07\/19\/pyrus-calleryana-chanticleer-sus-armudu\/02-23\/\" target=\"_blank\"><img decoding=\"async\" alt=\"\" width=\"300\" height=\"169\" loading=\"lazy\" src=\"https:\/\/floraplus.net\/wp-content\/uploads\/2025\/07\/02-4-300x169.jpg\" srcset=\"https:\/\/floraplus.net\/wp-content\/uploads\/2025\/07\/02-4-300x169.jpg 300w,https:\/\/floraplus.net\/wp-content\/uploads\/2025\/07\/02-4-1024x576.jpg 1024w,https:\/\/floraplus.net\/wp-content\/uploads\/2025\/07\/02-4.jpg 1200w\" sizes=\"auto, 250px\"\/><\/a><\/div><div class=\"sgb-item\"><a href=\"https:\/\/floraplus.net\/2025\/07\/19\/pyrus-calleryana-chanticleer-sus-armudu\/03-18\/\" target=\"_blank\"><img decoding=\"async\" alt=\"\" width=\"300\" height=\"169\" loading=\"lazy\" src=\"https:\/\/floraplus.net\/wp-content\/uploads\/2025\/07\/03-2-300x169.jpg\" srcset=\"https:\/\/floraplus.net\/wp-content\/uploads\/2025\/07\/03-2-300x169.jpg 300w,https:\/\/floraplus.net\/wp-content\/uploads\/2025\/07\/03-2-1024x576.jpg 1024w,https:\/\/floraplus.net\/wp-content\/uploads\/2025\/07\/03-2.jpg 1200w\" sizes=\"auto, 250px\"\/><\/a><\/div><div class=\"sgb-item\"><a href=\"https:\/\/floraplus.net\/2025\/07\/19\/pyrus-calleryana-chanticleer-sus-armudu\/04-kapak\/\" target=\"_blank\"><img decoding=\"async\" alt=\"\" width=\"300\" height=\"169\" loading=\"lazy\" src=\"https:\/\/floraplus.net\/wp-content\/uploads\/2025\/07\/04-kapak-300x169.jpg\" srcset=\"https:\/\/floraplus.net\/wp-content\/uploads\/2025\/07\/04-kapak-300x169.jpg 300w,https:\/\/floraplus.net\/wp-content\/uploads\/2025\/07\/04-kapak-1024x576.jpg 1024w,https:\/\/floraplus.net\/wp-content\/uploads\/2025\/07\/04-kapak.jpg 1200w\" sizes=\"auto, 250px\"\/><\/a><\/div><div class=\"sgb-item\"><a href=\"https:\/\/floraplus.net\/2025\/07\/19\/pyrus-calleryana-chanticleer-sus-armudu\/05-14\/\" target=\"_blank\"><img decoding=\"async\" alt=\"\" width=\"300\" height=\"169\" loading=\"lazy\" src=\"https:\/\/floraplus.net\/wp-content\/uploads\/2025\/07\/05-1-300x169.jpg\" srcset=\"https:\/\/floraplus.net\/wp-content\/uploads\/2025\/07\/05-1-300x169.jpg 300w,https:\/\/floraplus.net\/wp-content\/uploads\/2025\/07\/05-1-1024x576.jpg 1024w,https:\/\/floraplus.net\/wp-content\/uploads\/2025\/07\/05-1.jpg 1200w\" sizes=\"auto, 250px\"\/><\/a><\/div><div class=\"sgb-item\"><a href=\"https:\/\/floraplus.net\/2025\/07\/19\/pyrus-calleryana-chanticleer-sus-armudu\/06-11\/\" target=\"_blank\"><img decoding=\"async\" alt=\"\" width=\"300\" height=\"169\" loading=\"lazy\" src=\"https:\/\/floraplus.net\/wp-content\/uploads\/2025\/07\/06-1-300x169.jpg\" srcset=\"https:\/\/floraplus.net\/wp-content\/uploads\/2025\/07\/06-1-300x169.jpg 300w,https:\/\/floraplus.net\/wp-content\/uploads\/2025\/07\/06-1-1024x576.jpg 1024w,https:\/\/floraplus.net\/wp-content\/uploads\/2025\/07\/06-1.jpg 1200w\" sizes=\"auto, 250px\"\/><\/a><\/div><\/div><\/div><script type=\"application\/json\" class=\"sgb-data\">{\"sliderMaxHeight\":620,\"sliderAdminWidth\":840,\"collectionColumns\":1,\"galleryType\":\"pgc_sgb_slider\",\"galleryId\":\"d8f13951\",\"images\":[{\"id\":8137,\"title\":\"07\",\"url\":\"https:\/\/floraplus.net\/wp-content\/uploads\/2025\/07\/07-1.jpg\",\"link\":\"https:\/\/floraplus.net\/2025\/07\/19\/pyrus-calleryana-chanticleer-sus-armudu\/07-9\/\",\"alt\":\"\",\"description\":\"\",\"caption\":\"\",\"mime\":\"image\/jpeg\",\"type\":\"image\",\"width\":1200,\"height\":675,\"sizes\":{\"thumbnail\":{\"height\":150,\"width\":150,\"url\":\"https:\/\/floraplus.net\/wp-content\/uploads\/2025\/07\/07-1-150x150.jpg\",\"orientation\":\"landscape\"},\"medium\":{\"height\":169,\"width\":300,\"url\":\"https:\/\/floraplus.net\/wp-content\/uploads\/2025\/07\/07-1-300x169.jpg\",\"orientation\":\"landscape\"},\"large\":{\"height\":576,\"width\":1024,\"url\":\"https:\/\/floraplus.net\/wp-content\/uploads\/2025\/07\/07-1-1024x576.jpg\",\"orientation\":\"landscape\"},\"full\":{\"url\":\"https:\/\/floraplus.net\/wp-content\/uploads\/2025\/07\/07-1.jpg\",\"height\":675,\"width\":1200,\"orientation\":\"landscape\"}},\"imageMeta\":{\"aperture\":\"0\",\"credit\":\"\",\"camera\":\"\",\"caption\":\"\",\"created_timestamp\":\"0\",\"copyright\":\"\",\"focal_length\":\"0\",\"iso\":\"0\",\"shutter_speed\":\"0\",\"title\":\"\",\"orientation\":\"0\",\"keywords\":[]},\"meta\":false,\"postlink\":\"https:\/\/floraplus.net\/2025\/07\/19\/pyrus-calleryana-chanticleer-sus-armudu\/07-9\/\"},{\"id\":8128,\"title\":\"01\",\"url\":\"https:\/\/floraplus.net\/wp-content\/uploads\/2025\/07\/01-4.jpg\",\"link\":\"https:\/\/floraplus.net\/2025\/07\/19\/pyrus-calleryana-chanticleer-sus-armudu\/01-39\/\",\"alt\":\"\",\"description\":\"\",\"caption\":\"\",\"mime\":\"image\/jpeg\",\"type\":\"image\",\"width\":1200,\"height\":675,\"sizes\":{\"thumbnail\":{\"height\":150,\"width\":150,\"url\":\"https:\/\/floraplus.net\/wp-content\/uploads\/2025\/07\/01-4-150x150.jpg\",\"orientation\":\"landscape\"},\"medium\":{\"height\":169,\"width\":300,\"url\":\"https:\/\/floraplus.net\/wp-content\/uploads\/2025\/07\/01-4-300x169.jpg\",\"orientation\":\"landscape\"},\"large\":{\"height\":576,\"width\":1024,\"url\":\"https:\/\/floraplus.net\/wp-content\/uploads\/2025\/07\/01-4-1024x576.jpg\",\"orientation\":\"landscape\"},\"full\":{\"url\":\"https:\/\/floraplus.net\/wp-content\/uploads\/2025\/07\/01-4.jpg\",\"height\":675,\"width\":1200,\"orientation\":\"landscape\"}},\"imageMeta\":{\"aperture\":\"0\",\"credit\":\"\",\"camera\":\"\",\"caption\":\"\",\"created_timestamp\":\"0\",\"copyright\":\"\",\"focal_length\":\"0\",\"iso\":\"0\",\"shutter_speed\":\"0\",\"title\":\"\",\"orientation\":\"0\",\"keywords\":[]},\"meta\":false,\"postlink\":\"https:\/\/floraplus.net\/2025\/07\/19\/pyrus-calleryana-chanticleer-sus-armudu\/01-39\/\"},{\"id\":8129,\"title\":\"02\",\"url\":\"https:\/\/floraplus.net\/wp-content\/uploads\/2025\/07\/02-4.jpg\",\"link\":\"https:\/\/floraplus.net\/2025\/07\/19\/pyrus-calleryana-chanticleer-sus-armudu\/02-23\/\",\"alt\":\"\",\"description\":\"\",\"caption\":\"\",\"mime\":\"image\/jpeg\",\"type\":\"image\",\"width\":1200,\"height\":675,\"sizes\":{\"thumbnail\":{\"height\":150,\"width\":150,\"url\":\"https:\/\/floraplus.net\/wp-content\/uploads\/2025\/07\/02-4-150x150.jpg\",\"orientation\":\"landscape\"},\"medium\":{\"height\":169,\"width\":300,\"url\":\"https:\/\/floraplus.net\/wp-content\/uploads\/2025\/07\/02-4-300x169.jpg\",\"orientation\":\"landscape\"},\"large\":{\"height\":576,\"width\":1024,\"url\":\"https:\/\/floraplus.net\/wp-content\/uploads\/2025\/07\/02-4-1024x576.jpg\",\"orientation\":\"landscape\"},\"full\":{\"url\":\"https:\/\/floraplus.net\/wp-content\/uploads\/2025\/07\/02-4.jpg\",\"height\":675,\"width\":1200,\"orientation\":\"landscape\"}},\"imageMeta\":{\"aperture\":\"0\",\"credit\":\"\",\"camera\":\"\",\"caption\":\"\",\"created_timestamp\":\"0\",\"copyright\":\"\",\"focal_length\":\"0\",\"iso\":\"0\",\"shutter_speed\":\"0\",\"title\":\"\",\"orientation\":\"0\",\"keywords\":[]},\"meta\":false,\"postlink\":\"https:\/\/floraplus.net\/2025\/07\/19\/pyrus-calleryana-chanticleer-sus-armudu\/02-23\/\"},{\"id\":8131,\"title\":\"03\",\"url\":\"https:\/\/floraplus.net\/wp-content\/uploads\/2025\/07\/03-2.jpg\",\"link\":\"https:\/\/floraplus.net\/2025\/07\/19\/pyrus-calleryana-chanticleer-sus-armudu\/03-18\/\",\"alt\":\"\",\"description\":\"\",\"caption\":\"\",\"mime\":\"image\/jpeg\",\"type\":\"image\",\"width\":1200,\"height\":675,\"sizes\":{\"thumbnail\":{\"height\":150,\"width\":150,\"url\":\"https:\/\/floraplus.net\/wp-content\/uploads\/2025\/07\/03-2-150x150.jpg\",\"orientation\":\"landscape\"},\"medium\":{\"height\":169,\"width\":300,\"url\":\"https:\/\/floraplus.net\/wp-content\/uploads\/2025\/07\/03-2-300x169.jpg\",\"orientation\":\"landscape\"},\"large\":{\"height\":576,\"width\":1024,\"url\":\"https:\/\/floraplus.net\/wp-content\/uploads\/2025\/07\/03-2-1024x576.jpg\",\"orientation\":\"landscape\"},\"full\":{\"url\":\"https:\/\/floraplus.net\/wp-content\/uploads\/2025\/07\/03-2.jpg\",\"height\":675,\"width\":1200,\"orientation\":\"landscape\"}},\"imageMeta\":{\"aperture\":\"0\",\"credit\":\"\",\"camera\":\"\",\"caption\":\"\",\"created_timestamp\":\"0\",\"copyright\":\"\",\"focal_length\":\"0\",\"iso\":\"0\",\"shutter_speed\":\"0\",\"title\":\"\",\"orientation\":\"0\",\"keywords\":[]},\"meta\":false,\"postlink\":\"https:\/\/floraplus.net\/2025\/07\/19\/pyrus-calleryana-chanticleer-sus-armudu\/03-18\/\"},{\"id\":8132,\"title\":\"04-kapak\",\"url\":\"https:\/\/floraplus.net\/wp-content\/uploads\/2025\/07\/04-kapak.jpg\",\"link\":\"https:\/\/floraplus.net\/2025\/07\/19\/pyrus-calleryana-chanticleer-sus-armudu\/04-kapak\/\",\"alt\":\"\",\"description\":\"\",\"caption\":\"\",\"mime\":\"image\/jpeg\",\"type\":\"image\",\"width\":1200,\"height\":675,\"sizes\":{\"thumbnail\":{\"height\":150,\"width\":150,\"url\":\"https:\/\/floraplus.net\/wp-content\/uploads\/2025\/07\/04-kapak-150x150.jpg\",\"orientation\":\"landscape\"},\"medium\":{\"height\":169,\"width\":300,\"url\":\"https:\/\/floraplus.net\/wp-content\/uploads\/2025\/07\/04-kapak-300x169.jpg\",\"orientation\":\"landscape\"},\"large\":{\"height\":576,\"width\":1024,\"url\":\"https:\/\/floraplus.net\/wp-content\/uploads\/2025\/07\/04-kapak-1024x576.jpg\",\"orientation\":\"landscape\"},\"full\":{\"url\":\"https:\/\/floraplus.net\/wp-content\/uploads\/2025\/07\/04-kapak.jpg\",\"height\":675,\"width\":1200,\"orientation\":\"landscape\"}},\"imageMeta\":{\"aperture\":\"0\",\"credit\":\"\",\"camera\":\"\",\"caption\":\"\",\"created_timestamp\":\"0\",\"copyright\":\"\",\"focal_length\":\"0\",\"iso\":\"0\",\"shutter_speed\":\"0\",\"title\":\"\",\"orientation\":\"0\",\"keywords\":[]},\"meta\":false,\"postlink\":\"https:\/\/floraplus.net\/2025\/07\/19\/pyrus-calleryana-chanticleer-sus-armudu\/04-kapak\/\"},{\"id\":8135,\"title\":\"05\",\"url\":\"https:\/\/floraplus.net\/wp-content\/uploads\/2025\/07\/05-1.jpg\",\"link\":\"https:\/\/floraplus.net\/2025\/07\/19\/pyrus-calleryana-chanticleer-sus-armudu\/05-14\/\",\"alt\":\"\",\"description\":\"\",\"caption\":\"\",\"mime\":\"image\/jpeg\",\"type\":\"image\",\"width\":1200,\"height\":675,\"sizes\":{\"thumbnail\":{\"height\":150,\"width\":150,\"url\":\"https:\/\/floraplus.net\/wp-content\/uploads\/2025\/07\/05-1-150x150.jpg\",\"orientation\":\"landscape\"},\"medium\":{\"height\":169,\"width\":300,\"url\":\"https:\/\/floraplus.net\/wp-content\/uploads\/2025\/07\/05-1-300x169.jpg\",\"orientation\":\"landscape\"},\"large\":{\"height\":576,\"width\":1024,\"url\":\"https:\/\/floraplus.net\/wp-content\/uploads\/2025\/07\/05-1-1024x576.jpg\",\"orientation\":\"landscape\"},\"full\":{\"url\":\"https:\/\/floraplus.net\/wp-content\/uploads\/2025\/07\/05-1.jpg\",\"height\":675,\"width\":1200,\"orientation\":\"landscape\"}},\"imageMeta\":{\"aperture\":\"0\",\"credit\":\"\",\"camera\":\"\",\"caption\":\"\",\"created_timestamp\":\"0\",\"copyright\":\"\",\"focal_length\":\"0\",\"iso\":\"0\",\"shutter_speed\":\"0\",\"title\":\"\",\"orientation\":\"0\",\"keywords\":[]},\"meta\":false,\"postlink\":\"https:\/\/floraplus.net\/2025\/07\/19\/pyrus-calleryana-chanticleer-sus-armudu\/05-14\/\"},{\"id\":8136,\"title\":\"06\",\"url\":\"https:\/\/floraplus.net\/wp-content\/uploads\/2025\/07\/06-1.jpg\",\"link\":\"https:\/\/floraplus.net\/2025\/07\/19\/pyrus-calleryana-chanticleer-sus-armudu\/06-11\/\",\"alt\":\"\",\"description\":\"\",\"caption\":\"\",\"mime\":\"image\/jpeg\",\"type\":\"image\",\"width\":1200,\"height\":675,\"sizes\":{\"thumbnail\":{\"height\":150,\"width\":150,\"url\":\"https:\/\/floraplus.net\/wp-content\/uploads\/2025\/07\/06-1-150x150.jpg\",\"orientation\":\"landscape\"},\"medium\":{\"height\":169,\"width\":300,\"url\":\"https:\/\/floraplus.net\/wp-content\/uploads\/2025\/07\/06-1-300x169.jpg\",\"orientation\":\"landscape\"},\"large\":{\"height\":576,\"width\":1024,\"url\":\"https:\/\/floraplus.net\/wp-content\/uploads\/2025\/07\/06-1-1024x576.jpg\",\"orientation\":\"landscape\"},\"full\":{\"url\":\"https:\/\/floraplus.net\/wp-content\/uploads\/2025\/07\/06-1.jpg\",\"height\":675,\"width\":1200,\"orientation\":\"landscape\"}},\"imageMeta\":{\"aperture\":\"0\",\"credit\":\"\",\"camera\":\"\",\"caption\":\"\",\"created_timestamp\":\"0\",\"copyright\":\"\",\"focal_length\":\"0\",\"iso\":\"0\",\"shutter_speed\":\"0\",\"title\":\"\",\"orientation\":\"0\",\"keywords\":[]},\"meta\":false,\"postlink\":\"https:\/\/floraplus.net\/2025\/07\/19\/pyrus-calleryana-chanticleer-sus-armudu\/06-11\/\"}],\"itemsMetaDataCollection\":[]}<\/script><script>(function(){if(window.PGC_SGB && window.PGC_SGB.searcher){window.PGC_SGB.searcher.initBlocks()}})()<\/script><\/div>\n\n\n<p>\u0130lk baharda \u00e7i\u00e7ekleriyle sonbaharda ise k\u0131zaran yapraklar\u0131yla kent yo\u011funlu\u011fu i\u00e7inde ya\u015fayan insanlara mevsimleri hat\u0131rlat\u0131rlar. Kent i\u00e7inde ref\u00fcjlere, kald\u0131r\u0131m ve \u015fevlere uyguland\u0131\u011f\u0131nda ilk \u00e7i\u00e7ek a\u00e7an a\u011fa\u00e7lardan biri oldu\u011fu i\u00e7in \u00e7ok dikkat \u00e7eker. A\u015f\u0131l\u0131 S\u00fcs Armudu \u00fclkemizde Kestel, Sakarya ve \u00d6demi\u015f-Bay\u0131nd\u0131r gibi a\u011fa\u00e7 ve park bah\u00e7e a\u011fac\u0131 yeti\u015ftirilen \u00fcretim b\u00f6lgelerinde kent i\u00e7i uygulamalar i\u00e7in piramidal formlarda \u00fcretilir. \u00dcreticiler ve fidan sat\u0131\u015f noktalar\u0131nda istenilen \u00e7ap ve boyutlarda S\u00fcs Armudu (Pyrus calleryana) bulabilirsiniz. Peyzaj uygulamalar\u0131 i\u00e7in y\u00fcksek so\u011fuk ve s\u0131cakl\u0131klara dayan\u0131kl\u0131l\u0131\u011f\u0131 sayesinde \u00fclkemizin hemen her b\u00f6lgesinde rahatl\u0131kla uygulanabilir.<\/p>\n","protected":false},"excerpt":{"rendered":"<p>\u0130lk baharda \u00e7i\u00e7ekleriyle sonbaharda ise k\u0131zaran yapraklar\u0131yla kent yo\u011funlu\u011fu i\u00e7inde ya\u015fayan insanlara mevsimleri hat\u0131rlat\u0131rlar. Kent<\/p>\n","protected":false},"author":1,"featured_media":8137,"comment_status":"closed","ping_status":"closed","sticky":false,"template":"","format":"standard","meta":{"pgc_sgb_lightbox_settings":"","cybocfi_hide_featured_image":"yes","footnotes":""},"categories":[1,1429],"tags":[1604,1602,1603],"class_list":["post-8127","post","type-post","status-publish","format-standard","has-post-thumbnail","hentry","category-genel","category-guncel","tag-chanticleer","tag-pyrus-calleryana","tag-sus-armudu"],"yoast_head":"<!-- This site is optimized with the Yoast SEO Premium plugin v25.4 (Yoast SEO v25.4) - https:\/\/yoast.com\/wordpress\/plugins\/seo\/ -->\n<title>Pyrus calleryana &#039;Chanticleer&#039; - S\u00fcs Armudu \u00a0 - Floraplus<\/title>\n<meta name=\"description\" content=\"A\u015f\u0131l\u0131 S\u00fcs Armudu \u00fclkemizde Kestel, Sakarya ve \u00d6demi\u015f-Bay\u0131nd\u0131r gibi a\u011fa\u00e7 ve park bah\u00e7e a\u011fac\u0131 yeti\u015ftirilen \u00fcretim b\u00f6lgelerinde kent i\u00e7i uygulamalar i\u00e7in piramidal formlarda \u00fcretilir.\" \/>\n<meta name=\"robots\" content=\"index, follow, max-snippet:-1, max-image-preview:large, max-video-preview:-1\" \/>\n<link rel=\"canonical\" href=\"https:\/\/floraplus.net\/tr_tr\/2025\/07\/19\/pyrus-calleryana-chanticleer-sus-armudu\/\" \/>\n<meta property=\"og:locale\" content=\"tr_TR\" \/>\n<meta property=\"og:type\" content=\"article\" \/>\n<meta property=\"og:title\" content=\"Pyrus calleryana &#039;Chanticleer&#039; - S\u00fcs Armudu \u00a0\" \/>\n<meta property=\"og:description\" content=\"A\u015f\u0131l\u0131 S\u00fcs Armudu \u00fclkemizde Kestel, Sakarya ve \u00d6demi\u015f-Bay\u0131nd\u0131r gibi a\u011fa\u00e7 ve park bah\u00e7e a\u011fac\u0131 yeti\u015ftirilen \u00fcretim b\u00f6lgelerinde kent i\u00e7i uygulamalar i\u00e7in piramidal formlarda \u00fcretilir.\" \/>\n<meta property=\"og:url\" content=\"https:\/\/floraplus.net\/tr_tr\/2025\/07\/19\/pyrus-calleryana-chanticleer-sus-armudu\/\" \/>\n<meta property=\"og:site_name\" content=\"Floraplus\" \/>\n<meta property=\"article:publisher\" content=\"https:\/\/www.facebook.com\/floraplusdergisi\" \/>\n<meta property=\"article:published_time\" content=\"2025-07-19T13:20:56+00:00\" \/>\n<meta property=\"article:modified_time\" content=\"2025-07-19T13:50:45+00:00\" \/>\n<meta property=\"og:image\" content=\"https:\/\/floraplus.net\/wp-content\/uploads\/2025\/07\/07-1.jpg\" \/>\n\t<meta property=\"og:image:width\" content=\"1200\" \/>\n\t<meta property=\"og:image:height\" content=\"675\" \/>\n\t<meta property=\"og:image:type\" content=\"image\/jpeg\" \/>\n<meta name=\"author\" content=\"floraplus_admin\" \/>\n<meta name=\"twitter:card\" content=\"summary_large_image\" \/>\n<meta name=\"twitter:label1\" content=\"Yazan:\" \/>\n\t<meta name=\"twitter:data1\" content=\"floraplus_admin\" \/>\n\t<meta name=\"twitter:label2\" content=\"Tahmini okuma s\u00fcresi\" \/>\n\t<meta name=\"twitter:data2\" content=\"3 dakika\" \/>\n<script type=\"application\/ld+json\" class=\"yoast-schema-graph\">{\"@context\":\"https:\/\/schema.org\",\"@graph\":[{\"@type\":\"Article\",\"@id\":\"https:\/\/floraplus.net\/2025\/07\/19\/pyrus-calleryana-chanticleer-sus-armudu\/#article\",\"isPartOf\":{\"@id\":\"https:\/\/floraplus.net\/2025\/07\/19\/pyrus-calleryana-chanticleer-sus-armudu\/\"},\"author\":{\"name\":\"floraplus_admin\",\"@id\":\"https:\/\/floraplus.net\/en\/#\/schema\/person\/7263fcd2e50448ecd875951558a1f277\"},\"headline\":\"Pyrus calleryana &#8216;Chanticleer&#8217; &#8211; S\u00fcs Armudu \u00a0\",\"datePublished\":\"2025-07-19T13:20:56+00:00\",\"dateModified\":\"2025-07-19T13:50:45+00:00\",\"mainEntityOfPage\":{\"@id\":\"https:\/\/floraplus.net\/2025\/07\/19\/pyrus-calleryana-chanticleer-sus-armudu\/\"},\"wordCount\":134,\"publisher\":{\"@id\":\"https:\/\/floraplus.net\/en\/#organization\"},\"image\":{\"@id\":\"https:\/\/floraplus.net\/2025\/07\/19\/pyrus-calleryana-chanticleer-sus-armudu\/#primaryimage\"},\"thumbnailUrl\":\"https:\/\/floraplus.net\/wp-content\/uploads\/2025\/07\/07-1.jpg\",\"keywords\":[\"Chanticleer\",\"Pyrus calleryana\",\"S\u00fcs Armudu\"],\"articleSection\":{\"1\":\"G\u00fcncel\"},\"inLanguage\":\"tr\"},{\"@type\":\"WebPage\",\"@id\":\"https:\/\/floraplus.net\/2025\/07\/19\/pyrus-calleryana-chanticleer-sus-armudu\/\",\"url\":\"https:\/\/floraplus.net\/2025\/07\/19\/pyrus-calleryana-chanticleer-sus-armudu\/\",\"name\":\"Pyrus calleryana 'Chanticleer' - S\u00fcs Armudu \u00a0 - Floraplus\",\"isPartOf\":{\"@id\":\"https:\/\/floraplus.net\/en\/#website\"},\"primaryImageOfPage\":{\"@id\":\"https:\/\/floraplus.net\/2025\/07\/19\/pyrus-calleryana-chanticleer-sus-armudu\/#primaryimage\"},\"image\":{\"@id\":\"https:\/\/floraplus.net\/2025\/07\/19\/pyrus-calleryana-chanticleer-sus-armudu\/#primaryimage\"},\"thumbnailUrl\":\"https:\/\/floraplus.net\/wp-content\/uploads\/2025\/07\/07-1.jpg\",\"datePublished\":\"2025-07-19T13:20:56+00:00\",\"dateModified\":\"2025-07-19T13:50:45+00:00\",\"description\":\"A\u015f\u0131l\u0131 S\u00fcs Armudu \u00fclkemizde Kestel, Sakarya ve \u00d6demi\u015f-Bay\u0131nd\u0131r gibi a\u011fa\u00e7 ve park bah\u00e7e a\u011fac\u0131 yeti\u015ftirilen \u00fcretim b\u00f6lgelerinde kent i\u00e7i uygulamalar i\u00e7in piramidal formlarda \u00fcretilir.\",\"breadcrumb\":{\"@id\":\"https:\/\/floraplus.net\/2025\/07\/19\/pyrus-calleryana-chanticleer-sus-armudu\/#breadcrumb\"},\"inLanguage\":\"tr\",\"potentialAction\":[{\"@type\":\"ReadAction\",\"target\":[\"https:\/\/floraplus.net\/2025\/07\/19\/pyrus-calleryana-chanticleer-sus-armudu\/\"]}]},{\"@type\":\"BreadcrumbList\",\"@id\":\"https:\/\/floraplus.net\/2025\/07\/19\/pyrus-calleryana-chanticleer-sus-armudu\/#breadcrumb\",\"itemListElement\":[{\"@type\":\"ListItem\",\"position\":1,\"name\":\"Home\",\"item\":\"https:\/\/floraplus.net\/en\/\"},{\"@type\":\"ListItem\",\"position\":2,\"name\":\"Pyrus calleryana &#8216;Chanticleer&#8217; &#8211; S\u00fcs Armudu \u00a0\"}]},{\"@type\":\"WebSite\",\"@id\":\"https:\/\/floraplus.net\/en\/#website\",\"url\":\"https:\/\/floraplus.net\/en\/\",\"name\":\"Floraplus\",\"description\":\"Peyzaj, peyzaj mimarl\u0131\u011f\u0131, peyzaj bitkileri, s\u00fcs ve bah\u00e7e\u00a0bitkileri\",\"publisher\":{\"@id\":\"https:\/\/floraplus.net\/en\/#organization\"},\"potentialAction\":[{\"@type\":\"SearchAction\",\"target\":{\"@type\":\"EntryPoint\",\"urlTemplate\":\"https:\/\/floraplus.net\/en\/?s={search_term_string}\"},\"query-input\":{\"@type\":\"PropertyValueSpecification\",\"valueRequired\":true,\"valueName\":\"search_term_string\"}}],\"inLanguage\":\"tr\"},{\"@type\":\"Organization\",\"@id\":\"https:\/\/floraplus.net\/en\/#organization\",\"name\":\"Floraplus\",\"url\":\"https:\/\/floraplus.net\/en\/\",\"logo\":{\"@type\":\"ImageObject\",\"inLanguage\":\"tr\",\"@id\":\"https:\/\/floraplus.net\/en\/#\/schema\/logo\/image\/\",\"url\":\"https:\/\/floraplus.net\/wp-content\/uploads\/2021\/08\/logo-e1627994475388.png\",\"contentUrl\":\"https:\/\/floraplus.net\/wp-content\/uploads\/2021\/08\/logo-e1627994475388.png\",\"width\":251,\"height\":81,\"caption\":\"Floraplus\"},\"image\":{\"@id\":\"https:\/\/floraplus.net\/en\/#\/schema\/logo\/image\/\"},\"sameAs\":[\"https:\/\/www.facebook.com\/floraplusdergisi\",\"https:\/\/www.instagram.com\/floraplusdergisi\/\"]},{\"@type\":\"Person\",\"@id\":\"https:\/\/floraplus.net\/en\/#\/schema\/person\/7263fcd2e50448ecd875951558a1f277\",\"name\":\"floraplus_admin\",\"sameAs\":[\"http:\/\/test.floraplus.net\"],\"url\":\"https:\/\/floraplus.net\/tr_tr\/author\/floraplus_admin\/\"}]}<\/script>\n<!-- \/ Yoast SEO Premium plugin. -->","yoast_head_json":{"title":"Pyrus calleryana 'Chanticleer' - S\u00fcs Armudu \u00a0 - Floraplus","description":"A\u015f\u0131l\u0131 S\u00fcs Armudu \u00fclkemizde Kestel, Sakarya ve \u00d6demi\u015f-Bay\u0131nd\u0131r gibi a\u011fa\u00e7 ve park bah\u00e7e a\u011fac\u0131 yeti\u015ftirilen \u00fcretim b\u00f6lgelerinde kent i\u00e7i uygulamalar i\u00e7in piramidal formlarda \u00fcretilir.","robots":{"index":"index","follow":"follow","max-snippet":"max-snippet:-1","max-image-preview":"max-image-preview:large","max-video-preview":"max-video-preview:-1"},"canonical":"https:\/\/floraplus.net\/tr_tr\/2025\/07\/19\/pyrus-calleryana-chanticleer-sus-armudu\/","og_locale":"tr_TR","og_type":"article","og_title":"Pyrus calleryana 'Chanticleer' - S\u00fcs Armudu \u00a0","og_description":"A\u015f\u0131l\u0131 S\u00fcs Armudu \u00fclkemizde Kestel, Sakarya ve \u00d6demi\u015f-Bay\u0131nd\u0131r gibi a\u011fa\u00e7 ve park bah\u00e7e a\u011fac\u0131 yeti\u015ftirilen \u00fcretim b\u00f6lgelerinde kent i\u00e7i uygulamalar i\u00e7in piramidal formlarda \u00fcretilir.","og_url":"https:\/\/floraplus.net\/tr_tr\/2025\/07\/19\/pyrus-calleryana-chanticleer-sus-armudu\/","og_site_name":"Floraplus","article_publisher":"https:\/\/www.facebook.com\/floraplusdergisi","article_published_time":"2025-07-19T13:20:56+00:00","article_modified_time":"2025-07-19T13:50:45+00:00","og_image":[{"width":1200,"height":675,"url":"https:\/\/floraplus.net\/wp-content\/uploads\/2025\/07\/07-1.jpg","type":"image\/jpeg"}],"author":"floraplus_admin","twitter_card":"summary_large_image","twitter_misc":{"Yazan:":"floraplus_admin","Tahmini okuma s\u00fcresi":"3 dakika"},"schema":{"@context":"https:\/\/schema.org","@graph":[{"@type":"Article","@id":"https:\/\/floraplus.net\/2025\/07\/19\/pyrus-calleryana-chanticleer-sus-armudu\/#article","isPartOf":{"@id":"https:\/\/floraplus.net\/2025\/07\/19\/pyrus-calleryana-chanticleer-sus-armudu\/"},"author":{"name":"floraplus_admin","@id":"https:\/\/floraplus.net\/en\/#\/schema\/person\/7263fcd2e50448ecd875951558a1f277"},"headline":"Pyrus calleryana &#8216;Chanticleer&#8217; &#8211; S\u00fcs Armudu \u00a0","datePublished":"2025-07-19T13:20:56+00:00","dateModified":"2025-07-19T13:50:45+00:00","mainEntityOfPage":{"@id":"https:\/\/floraplus.net\/2025\/07\/19\/pyrus-calleryana-chanticleer-sus-armudu\/"},"wordCount":134,"publisher":{"@id":"https:\/\/floraplus.net\/en\/#organization"},"image":{"@id":"https:\/\/floraplus.net\/2025\/07\/19\/pyrus-calleryana-chanticleer-sus-armudu\/#primaryimage"},"thumbnailUrl":"https:\/\/floraplus.net\/wp-content\/uploads\/2025\/07\/07-1.jpg","keywords":["Chanticleer","Pyrus calleryana","S\u00fcs Armudu"],"articleSection":{"1":"G\u00fcncel"},"inLanguage":"tr"},{"@type":"WebPage","@id":"https:\/\/floraplus.net\/2025\/07\/19\/pyrus-calleryana-chanticleer-sus-armudu\/","url":"https:\/\/floraplus.net\/2025\/07\/19\/pyrus-calleryana-chanticleer-sus-armudu\/","name":"Pyrus calleryana 'Chanticleer' - S\u00fcs Armudu \u00a0 - Floraplus","isPartOf":{"@id":"https:\/\/floraplus.net\/en\/#website"},"primaryImageOfPage":{"@id":"https:\/\/floraplus.net\/2025\/07\/19\/pyrus-calleryana-chanticleer-sus-armudu\/#primaryimage"},"image":{"@id":"https:\/\/floraplus.net\/2025\/07\/19\/pyrus-calleryana-chanticleer-sus-armudu\/#primaryimage"},"thumbnailUrl":"https:\/\/floraplus.net\/wp-content\/uploads\/2025\/07\/07-1.jpg","datePublished":"2025-07-19T13:20:56+00:00","dateModified":"2025-07-19T13:50:45+00:00","description":"A\u015f\u0131l\u0131 S\u00fcs Armudu \u00fclkemizde Kestel, Sakarya ve \u00d6demi\u015f-Bay\u0131nd\u0131r gibi a\u011fa\u00e7 ve park bah\u00e7e a\u011fac\u0131 yeti\u015ftirilen \u00fcretim b\u00f6lgelerinde kent i\u00e7i uygulamalar i\u00e7in piramidal formlarda \u00fcretilir.","breadcrumb":{"@id":"https:\/\/floraplus.net\/2025\/07\/19\/pyrus-calleryana-chanticleer-sus-armudu\/#breadcrumb"},"inLanguage":"tr","potentialAction":[{"@type":"ReadAction","target":["https:\/\/floraplus.net\/2025\/07\/19\/pyrus-calleryana-chanticleer-sus-armudu\/"]}]},{"@type":"BreadcrumbList","@id":"https:\/\/floraplus.net\/2025\/07\/19\/pyrus-calleryana-chanticleer-sus-armudu\/#breadcrumb","itemListElement":[{"@type":"ListItem","position":1,"name":"Home","item":"https:\/\/floraplus.net\/en\/"},{"@type":"ListItem","position":2,"name":"Pyrus calleryana &#8216;Chanticleer&#8217; &#8211; S\u00fcs Armudu \u00a0"}]},{"@type":"WebSite","@id":"https:\/\/floraplus.net\/en\/#website","url":"https:\/\/floraplus.net\/en\/","name":"Floraplus","description":"Peyzaj, peyzaj mimarl\u0131\u011f\u0131, peyzaj bitkileri, s\u00fcs ve bah\u00e7e\u00a0bitkileri","publisher":{"@id":"https:\/\/floraplus.net\/en\/#organization"},"potentialAction":[{"@type":"SearchAction","target":{"@type":"EntryPoint","urlTemplate":"https:\/\/floraplus.net\/en\/?s={search_term_string}"},"query-input":{"@type":"PropertyValueSpecification","valueRequired":true,"valueName":"search_term_string"}}],"inLanguage":"tr"},{"@type":"Organization","@id":"https:\/\/floraplus.net\/en\/#organization","name":"Floraplus","url":"https:\/\/floraplus.net\/en\/","logo":{"@type":"ImageObject","inLanguage":"tr","@id":"https:\/\/floraplus.net\/en\/#\/schema\/logo\/image\/","url":"https:\/\/floraplus.net\/wp-content\/uploads\/2021\/08\/logo-e1627994475388.png","contentUrl":"https:\/\/floraplus.net\/wp-content\/uploads\/2021\/08\/logo-e1627994475388.png","width":251,"height":81,"caption":"Floraplus"},"image":{"@id":"https:\/\/floraplus.net\/en\/#\/schema\/logo\/image\/"},"sameAs":["https:\/\/www.facebook.com\/floraplusdergisi","https:\/\/www.instagram.com\/floraplusdergisi\/"]},{"@type":"Person","@id":"https:\/\/floraplus.net\/en\/#\/schema\/person\/7263fcd2e50448ecd875951558a1f277","name":"floraplus_admin","sameAs":["http:\/\/test.floraplus.net"],"url":"https:\/\/floraplus.net\/tr_tr\/author\/floraplus_admin\/"}]}},"_links":{"self":[{"href":"https:\/\/floraplus.net\/tr_tr\/wp-json\/wp\/v2\/posts\/8127","targetHints":{"allow":["GET"]}}],"collection":[{"href":"https:\/\/floraplus.net\/tr_tr\/wp-json\/wp\/v2\/posts"}],"about":[{"href":"https:\/\/floraplus.net\/tr_tr\/wp-json\/wp\/v2\/types\/post"}],"author":[{"embeddable":true,"href":"https:\/\/floraplus.net\/tr_tr\/wp-json\/wp\/v2\/users\/1"}],"replies":[{"embeddable":true,"href":"https:\/\/floraplus.net\/tr_tr\/wp-json\/wp\/v2\/comments?post=8127"}],"version-history":[{"count":2,"href":"https:\/\/floraplus.net\/tr_tr\/wp-json\/wp\/v2\/posts\/8127\/revisions"}],"predecessor-version":[{"id":8139,"href":"https:\/\/floraplus.net\/tr_tr\/wp-json\/wp\/v2\/posts\/8127\/revisions\/8139"}],"wp:featuredmedia":[{"embeddable":true,"href":"https:\/\/floraplus.net\/tr_tr\/wp-json\/wp\/v2\/media\/8137"}],"wp:attachment":[{"href":"https:\/\/floraplus.net\/tr_tr\/wp-json\/wp\/v2\/media?parent=8127"}],"wp:term":[{"taxonomy":"category","embeddable":true,"href":"https:\/\/floraplus.net\/tr_tr\/wp-json\/wp\/v2\/categories?post=8127"},{"taxonomy":"post_tag","embeddable":true,"href":"https:\/\/floraplus.net\/tr_tr\/wp-json\/wp\/v2\/tags?post=8127"}],"curies":[{"name":"wp","href":"https:\/\/api.w.org\/{rel}","templated":true}]}}