{"id":8373,"date":"2025-12-04T15:11:15","date_gmt":"2025-12-04T12:11:15","guid":{"rendered":"https:\/\/floraplus.net\/?p=8373"},"modified":"2025-12-04T15:14:19","modified_gmt":"2025-12-04T12:14:19","slug":"kralice-palmiyesi-antalyadan","status":"publish","type":"post","link":"https:\/\/floraplus.net\/tr_tr\/2025\/12\/04\/kralice-palmiyesi-antalyadan\/","title":{"rendered":"Krali\u00e7e palmiyesi Antalya\u2019dan"},"content":{"rendered":"<div class=\"pgc-sgb-cb wp-block-pgcsimplygalleryblock-slider \" data-gallery-id=\"6cd95872\"style=&quot;min-height:720px&quot;><div class=\"sgb-preloader\" id=\"pr_6cd95872\">\n\t<div class=\"sgb-square\" style=\"background:#d4d4d4\"><\/div>\n\t<div class=\"sgb-square\" style=\"background:#d4d4d4\"><\/div>\n\t<div class=\"sgb-square\" style=\"background:#d4d4d4\"><\/div>\n\t<div class=\"sgb-square\" style=\"background:#d4d4d4\"><\/div><\/div><div class=\"simply-gallery-amp pgc_sgb_slider \" style=\"display: none;\"><div class=\"sgb-gallery\"><div class=\"sgb-item\"><a href=\"https:\/\/floraplus.net\/?attachment_id=8375\" target=\"_blank\"><img decoding=\"async\" alt=\"\" width=\"200\" height=\"300\" loading=\"lazy\" src=\"https:\/\/floraplus.net\/wp-content\/uploads\/2025\/12\/11-200x300.jpg\" srcset=\"https:\/\/floraplus.net\/wp-content\/uploads\/2025\/12\/11-200x300.jpg 200w,https:\/\/floraplus.net\/wp-content\/uploads\/2025\/12\/11-682x1024.jpg 682w,https:\/\/floraplus.net\/wp-content\/uploads\/2025\/12\/11.jpg 1333w\" sizes=\"auto, 250px\"\/><\/a><\/div><div class=\"sgb-item\"><a href=\"https:\/\/floraplus.net\/?attachment_id=8377\" target=\"_blank\"><img decoding=\"async\" alt=\"\" width=\"300\" height=\"200\" loading=\"lazy\" src=\"https:\/\/floraplus.net\/wp-content\/uploads\/2025\/12\/22-300x200.jpg\" srcset=\"https:\/\/floraplus.net\/wp-content\/uploads\/2025\/12\/22-300x200.jpg 300w,https:\/\/floraplus.net\/wp-content\/uploads\/2025\/12\/22-1024x683.jpg 1024w,https:\/\/floraplus.net\/wp-content\/uploads\/2025\/12\/22-scaled.jpg 2560w\" sizes=\"auto, 250px\"\/><\/a><\/div><div class=\"sgb-item\"><a href=\"https:\/\/floraplus.net\/?attachment_id=8379\" target=\"_blank\"><img decoding=\"async\" alt=\"\" width=\"300\" height=\"200\" loading=\"lazy\" src=\"https:\/\/floraplus.net\/wp-content\/uploads\/2025\/12\/33-300x200.jpg\" srcset=\"https:\/\/floraplus.net\/wp-content\/uploads\/2025\/12\/33-300x200.jpg 300w,https:\/\/floraplus.net\/wp-content\/uploads\/2025\/12\/33-1024x682.jpg 1024w,https:\/\/floraplus.net\/wp-content\/uploads\/2025\/12\/33.jpg 2000w\" sizes=\"auto, 250px\"\/><\/a><\/div><div class=\"sgb-item\"><a href=\"https:\/\/floraplus.net\/?attachment_id=8380\" target=\"_blank\"><img decoding=\"async\" alt=\"\" width=\"300\" height=\"200\" loading=\"lazy\" src=\"https:\/\/floraplus.net\/wp-content\/uploads\/2025\/12\/44-300x200.jpg\" srcset=\"https:\/\/floraplus.net\/wp-content\/uploads\/2025\/12\/44-300x200.jpg 300w,https:\/\/floraplus.net\/wp-content\/uploads\/2025\/12\/44-1024x682.jpg 1024w,https:\/\/floraplus.net\/wp-content\/uploads\/2025\/12\/44.jpg 2000w\" sizes=\"auto, 250px\"\/><\/a><\/div><div class=\"sgb-item\"><a href=\"https:\/\/floraplus.net\/?attachment_id=8381\" target=\"_blank\"><img decoding=\"async\" alt=\"\" width=\"300\" height=\"200\" loading=\"lazy\" src=\"https:\/\/floraplus.net\/wp-content\/uploads\/2025\/12\/55-300x200.jpg\" srcset=\"https:\/\/floraplus.net\/wp-content\/uploads\/2025\/12\/55-300x200.jpg 300w,https:\/\/floraplus.net\/wp-content\/uploads\/2025\/12\/55-1024x682.jpg 1024w,https:\/\/floraplus.net\/wp-content\/uploads\/2025\/12\/55.jpg 2000w\" sizes=\"auto, 250px\"\/><\/a><\/div><\/div><\/div><script type=\"application\/json\" class=\"sgb-data\">{\"sliderMaxHeight\":720,\"sliderAdminWidth\":840,\"collectionColumns\":1,\"galleryType\":\"pgc_sgb_slider\",\"galleryId\":\"6cd95872\",\"images\":[{\"id\":8375,\"title\":\"11\",\"url\":\"https:\/\/floraplus.net\/wp-content\/uploads\/2025\/12\/11.jpg\",\"link\":\"https:\/\/floraplus.net\/?attachment_id=8375\",\"alt\":\"\",\"description\":\"\",\"caption\":\"\",\"mime\":\"image\/jpeg\",\"type\":\"image\",\"width\":1333,\"height\":2000,\"sizes\":{\"thumbnail\":{\"height\":150,\"width\":150,\"url\":\"https:\/\/floraplus.net\/wp-content\/uploads\/2025\/12\/11-150x150.jpg\",\"orientation\":\"landscape\"},\"medium\":{\"height\":300,\"width\":200,\"url\":\"https:\/\/floraplus.net\/wp-content\/uploads\/2025\/12\/11-200x300.jpg\",\"orientation\":\"portrait\"},\"large\":{\"height\":1024,\"width\":682,\"url\":\"https:\/\/floraplus.net\/wp-content\/uploads\/2025\/12\/11-682x1024.jpg\",\"orientation\":\"portrait\"},\"full\":{\"url\":\"https:\/\/floraplus.net\/wp-content\/uploads\/2025\/12\/11.jpg\",\"height\":2000,\"width\":1333,\"orientation\":\"portrait\"}},\"imageMeta\":{\"aperture\":\"0\",\"credit\":\"\",\"camera\":\"\",\"caption\":\"\",\"created_timestamp\":\"0\",\"copyright\":\"\",\"focal_length\":\"0\",\"iso\":\"0\",\"shutter_speed\":\"0\",\"title\":\"\",\"orientation\":\"0\",\"keywords\":[]},\"meta\":false,\"postlink\":\"https:\/\/floraplus.net\/?attachment_id=8375\"},{\"id\":8377,\"title\":\"22\",\"url\":\"https:\/\/floraplus.net\/wp-content\/uploads\/2025\/12\/22-scaled.jpg\",\"link\":\"https:\/\/floraplus.net\/?attachment_id=8377\",\"alt\":\"\",\"description\":\"\",\"caption\":\"\",\"mime\":\"image\/jpeg\",\"type\":\"image\",\"width\":2560,\"height\":1707,\"sizes\":{\"thumbnail\":{\"height\":150,\"width\":150,\"url\":\"https:\/\/floraplus.net\/wp-content\/uploads\/2025\/12\/22-150x150.jpg\",\"orientation\":\"landscape\"},\"medium\":{\"height\":200,\"width\":300,\"url\":\"https:\/\/floraplus.net\/wp-content\/uploads\/2025\/12\/22-300x200.jpg\",\"orientation\":\"landscape\"},\"large\":{\"height\":683,\"width\":1024,\"url\":\"https:\/\/floraplus.net\/wp-content\/uploads\/2025\/12\/22-1024x683.jpg\",\"orientation\":\"landscape\"},\"full\":{\"url\":\"https:\/\/floraplus.net\/wp-content\/uploads\/2025\/12\/22-scaled.jpg\",\"height\":1707,\"width\":2560,\"orientation\":\"landscape\"}},\"imageMeta\":{\"aperture\":\"5.6\",\"credit\":\"\",\"camera\":\"Canon EOS 80D\",\"caption\":\"\",\"created_timestamp\":\"1744912384\",\"copyright\":\"\",\"focal_length\":\"18\",\"iso\":\"160\",\"shutter_speed\":\"0.025\",\"title\":\"\",\"orientation\":\"1\",\"keywords\":[]},\"meta\":false,\"postlink\":\"https:\/\/floraplus.net\/?attachment_id=8377\"},{\"id\":8379,\"title\":\"33\",\"url\":\"https:\/\/floraplus.net\/wp-content\/uploads\/2025\/12\/33.jpg\",\"link\":\"https:\/\/floraplus.net\/?attachment_id=8379\",\"alt\":\"\",\"description\":\"\",\"caption\":\"\",\"mime\":\"image\/jpeg\",\"type\":\"image\",\"width\":2000,\"height\":1333,\"sizes\":{\"thumbnail\":{\"height\":150,\"width\":150,\"url\":\"https:\/\/floraplus.net\/wp-content\/uploads\/2025\/12\/33-150x150.jpg\",\"orientation\":\"landscape\"},\"medium\":{\"height\":200,\"width\":300,\"url\":\"https:\/\/floraplus.net\/wp-content\/uploads\/2025\/12\/33-300x200.jpg\",\"orientation\":\"landscape\"},\"large\":{\"height\":682,\"width\":1024,\"url\":\"https:\/\/floraplus.net\/wp-content\/uploads\/2025\/12\/33-1024x682.jpg\",\"orientation\":\"landscape\"},\"full\":{\"url\":\"https:\/\/floraplus.net\/wp-content\/uploads\/2025\/12\/33.jpg\",\"height\":1333,\"width\":2000,\"orientation\":\"landscape\"}},\"imageMeta\":{\"aperture\":\"0\",\"credit\":\"\",\"camera\":\"\",\"caption\":\"\",\"created_timestamp\":\"0\",\"copyright\":\"\",\"focal_length\":\"0\",\"iso\":\"0\",\"shutter_speed\":\"0\",\"title\":\"\",\"orientation\":\"0\",\"keywords\":[]},\"meta\":false,\"postlink\":\"https:\/\/floraplus.net\/?attachment_id=8379\"},{\"id\":8380,\"title\":\"44\",\"url\":\"https:\/\/floraplus.net\/wp-content\/uploads\/2025\/12\/44.jpg\",\"link\":\"https:\/\/floraplus.net\/?attachment_id=8380\",\"alt\":\"\",\"description\":\"\",\"caption\":\"\",\"mime\":\"image\/jpeg\",\"type\":\"image\",\"width\":2000,\"height\":1333,\"sizes\":{\"thumbnail\":{\"height\":150,\"width\":150,\"url\":\"https:\/\/floraplus.net\/wp-content\/uploads\/2025\/12\/44-150x150.jpg\",\"orientation\":\"landscape\"},\"medium\":{\"height\":200,\"width\":300,\"url\":\"https:\/\/floraplus.net\/wp-content\/uploads\/2025\/12\/44-300x200.jpg\",\"orientation\":\"landscape\"},\"large\":{\"height\":682,\"width\":1024,\"url\":\"https:\/\/floraplus.net\/wp-content\/uploads\/2025\/12\/44-1024x682.jpg\",\"orientation\":\"landscape\"},\"full\":{\"url\":\"https:\/\/floraplus.net\/wp-content\/uploads\/2025\/12\/44.jpg\",\"height\":1333,\"width\":2000,\"orientation\":\"landscape\"}},\"imageMeta\":{\"aperture\":\"0\",\"credit\":\"\",\"camera\":\"\",\"caption\":\"\",\"created_timestamp\":\"0\",\"copyright\":\"\",\"focal_length\":\"0\",\"iso\":\"0\",\"shutter_speed\":\"0\",\"title\":\"\",\"orientation\":\"0\",\"keywords\":[]},\"meta\":false,\"postlink\":\"https:\/\/floraplus.net\/?attachment_id=8380\"},{\"id\":8381,\"title\":\"55\",\"url\":\"https:\/\/floraplus.net\/wp-content\/uploads\/2025\/12\/55.jpg\",\"link\":\"https:\/\/floraplus.net\/?attachment_id=8381\",\"alt\":\"\",\"description\":\"\",\"caption\":\"\",\"mime\":\"image\/jpeg\",\"type\":\"image\",\"width\":2000,\"height\":1333,\"sizes\":{\"thumbnail\":{\"height\":150,\"width\":150,\"url\":\"https:\/\/floraplus.net\/wp-content\/uploads\/2025\/12\/55-150x150.jpg\",\"orientation\":\"landscape\"},\"medium\":{\"height\":200,\"width\":300,\"url\":\"https:\/\/floraplus.net\/wp-content\/uploads\/2025\/12\/55-300x200.jpg\",\"orientation\":\"landscape\"},\"large\":{\"height\":682,\"width\":1024,\"url\":\"https:\/\/floraplus.net\/wp-content\/uploads\/2025\/12\/55-1024x682.jpg\",\"orientation\":\"landscape\"},\"full\":{\"url\":\"https:\/\/floraplus.net\/wp-content\/uploads\/2025\/12\/55.jpg\",\"height\":1333,\"width\":2000,\"orientation\":\"landscape\"}},\"imageMeta\":{\"aperture\":\"0\",\"credit\":\"\",\"camera\":\"\",\"caption\":\"\",\"created_timestamp\":\"0\",\"copyright\":\"\",\"focal_length\":\"0\",\"iso\":\"0\",\"shutter_speed\":\"0\",\"title\":\"\",\"orientation\":\"0\",\"keywords\":[]},\"meta\":false,\"postlink\":\"https:\/\/floraplus.net\/?attachment_id=8381\"}],\"orderBy\":\"title\",\"itemsMetaDataCollection\":[]}<\/script><script>(function(){if(window.PGC_SGB && window.PGC_SGB.searcher){window.PGC_SGB.searcher.initBlocks()}})()<\/script><\/div>\n\n\n<p>Daha \u00f6nceki y\u0131llarda peyzajda ithal edilerek kullan\u0131labilen Arecastrum romanzoffianum\u00a0 (Krali\u00e7e palmiyesi-Cocos) palmiyesine T\u00fcrkiye\u2019de ula\u015fmak \u00e7ok kolay&#8230; \u00c7\u00fcnk\u00fc \u00f6zellikle Antalya B\u00f6lgesi\u2019nde yayg\u0131n halde \u00fcretiliyor. P\u00fcr\u00fczs\u00fcz g\u00f6vdesi, savrulan s\u00fcrekli ye\u015fil yapraklar\u0131 ve genel estetik formuyla egzotik bir g\u00f6r\u00fcnt\u00fc sunuyor.<\/p>\n\n\n\n<p>Arecastrum romanzoffianum (Krali\u00e7e palmiyesi-Cocos)<strong> ba\u015fta\u00a0Akdeniz B\u00f6lgesi\u00a0olmak \u00fczere\u00a0Ege,\u00a0Marmara,\u00a0Karadeniz sahil \u015feridi\u00a0ve\u00a0G\u00fcneydo\u011fu Anadolu B\u00f6lgesi&#8217;nin\u00a0iklim \u015fartlar\u0131na uyum sa\u011fl\u0131yor <\/strong>ve lifli g\u00f6vde yap\u0131s\u0131yla -10 dereceye kadar dayanabiliyor. Yeti\u015ftirildi\u011fi b\u00f6lgelerde bu aylarda s\u00f6k\u00fclerek saks\u0131lara al\u0131nabilirken k\u0131y\u0131 band\u0131n\u0131n i\u00e7 kesimlerinde uygulamaya d\u00f6n\u00fck s\u00f6k\u00fcm nisan ay\u0131ndan eyl\u00fcl ay\u0131na kadar yap\u0131labiliyor.<\/p>\n\n\n\n<p><strong> \u00dcRET\u0130C\u0130 TEL: 0532 434 53 98<\/strong><\/p>\n","protected":false},"excerpt":{"rendered":"<p>Daha \u00f6nceki y\u0131llarda peyzajda ithal edilerek kullan\u0131labilen Arecastrum romanzoffianum\u00a0 (Krali\u00e7e palmiyesi-Cocos) palmiyesine T\u00fcrkiye\u2019de ula\u015fmak \u00e7ok<\/p>\n","protected":false},"author":1,"featured_media":8377,"comment_status":"closed","ping_status":"closed","sticky":false,"template":"","format":"standard","meta":{"pgc_sgb_lightbox_settings":"","cybocfi_hide_featured_image":"","footnotes":""},"categories":[1429,1426],"tags":[327,1659,1660],"class_list":["post-8373","post","type-post","status-publish","format-standard","has-post-thumbnail","hentry","category-guncel","category-ureticiler_ve_urun","tag-antalya","tag-arecastrum-romanzoffianum","tag-kralice-palmiyesi-cocos"],"yoast_head":"<!-- This site is optimized with the Yoast SEO Premium plugin v25.4 (Yoast SEO v25.4) - https:\/\/yoast.com\/wordpress\/plugins\/seo\/ -->\n<title>Krali\u00e7e palmiyesi Antalya\u2019dan - Floraplus<\/title>\n<meta name=\"robots\" content=\"index, follow, max-snippet:-1, max-image-preview:large, max-video-preview:-1\" \/>\n<link rel=\"canonical\" href=\"https:\/\/floraplus.net\/tr_tr\/2025\/12\/04\/kralice-palmiyesi-antalyadan\/\" \/>\n<meta property=\"og:locale\" content=\"tr_TR\" \/>\n<meta property=\"og:type\" content=\"article\" \/>\n<meta property=\"og:title\" content=\"Krali\u00e7e palmiyesi Antalya\u2019dan\" \/>\n<meta property=\"og:description\" content=\"Daha \u00f6nceki y\u0131llarda peyzajda ithal edilerek kullan\u0131labilen Arecastrum romanzoffianum\u00a0 (Krali\u00e7e palmiyesi-Cocos) palmiyesine T\u00fcrkiye\u2019de ula\u015fmak \u00e7ok\" \/>\n<meta property=\"og:url\" content=\"https:\/\/floraplus.net\/tr_tr\/2025\/12\/04\/kralice-palmiyesi-antalyadan\/\" \/>\n<meta property=\"og:site_name\" content=\"Floraplus\" \/>\n<meta property=\"article:publisher\" content=\"https:\/\/www.facebook.com\/floraplusdergisi\" \/>\n<meta property=\"article:published_time\" content=\"2025-12-04T12:11:15+00:00\" \/>\n<meta property=\"article:modified_time\" content=\"2025-12-04T12:14:19+00:00\" \/>\n<meta property=\"og:image\" content=\"https:\/\/floraplus.net\/wp-content\/uploads\/2025\/12\/22-scaled.jpg\" \/>\n\t<meta property=\"og:image:width\" content=\"2560\" \/>\n\t<meta property=\"og:image:height\" content=\"1707\" \/>\n\t<meta property=\"og:image:type\" content=\"image\/jpeg\" \/>\n<meta name=\"author\" content=\"floraplus_admin\" \/>\n<meta name=\"twitter:card\" content=\"summary_large_image\" \/>\n<meta name=\"twitter:label1\" content=\"Yazan:\" \/>\n\t<meta name=\"twitter:data1\" content=\"floraplus_admin\" \/>\n\t<meta name=\"twitter:label2\" content=\"Tahmini okuma s\u00fcresi\" \/>\n\t<meta name=\"twitter:data2\" content=\"2 dakika\" \/>\n<script type=\"application\/ld+json\" class=\"yoast-schema-graph\">{\"@context\":\"https:\/\/schema.org\",\"@graph\":[{\"@type\":\"Article\",\"@id\":\"https:\/\/floraplus.net\/2025\/12\/04\/kralice-palmiyesi-antalyadan\/#article\",\"isPartOf\":{\"@id\":\"https:\/\/floraplus.net\/2025\/12\/04\/kralice-palmiyesi-antalyadan\/\"},\"author\":{\"name\":\"floraplus_admin\",\"@id\":\"https:\/\/floraplus.net\/en\/#\/schema\/person\/7263fcd2e50448ecd875951558a1f277\"},\"headline\":\"Krali\u00e7e palmiyesi Antalya\u2019dan\",\"datePublished\":\"2025-12-04T12:11:15+00:00\",\"dateModified\":\"2025-12-04T12:14:19+00:00\",\"mainEntityOfPage\":{\"@id\":\"https:\/\/floraplus.net\/2025\/12\/04\/kralice-palmiyesi-antalyadan\/\"},\"wordCount\":143,\"publisher\":{\"@id\":\"https:\/\/floraplus.net\/en\/#organization\"},\"image\":{\"@id\":\"https:\/\/floraplus.net\/2025\/12\/04\/kralice-palmiyesi-antalyadan\/#primaryimage\"},\"thumbnailUrl\":\"https:\/\/floraplus.net\/wp-content\/uploads\/2025\/12\/22-scaled.jpg\",\"keywords\":[\"Antalya\",\"Arecastrum romanzoffianum\",\"Krali\u00e7e palmiyesi-Cocos\"],\"articleSection\":[\"G\u00fcncel\",\"\u00dcreticler ve \u00dcr\u00fcn\"],\"inLanguage\":\"tr\"},{\"@type\":\"WebPage\",\"@id\":\"https:\/\/floraplus.net\/2025\/12\/04\/kralice-palmiyesi-antalyadan\/\",\"url\":\"https:\/\/floraplus.net\/2025\/12\/04\/kralice-palmiyesi-antalyadan\/\",\"name\":\"Krali\u00e7e palmiyesi Antalya\u2019dan - Floraplus\",\"isPartOf\":{\"@id\":\"https:\/\/floraplus.net\/en\/#website\"},\"primaryImageOfPage\":{\"@id\":\"https:\/\/floraplus.net\/2025\/12\/04\/kralice-palmiyesi-antalyadan\/#primaryimage\"},\"image\":{\"@id\":\"https:\/\/floraplus.net\/2025\/12\/04\/kralice-palmiyesi-antalyadan\/#primaryimage\"},\"thumbnailUrl\":\"https:\/\/floraplus.net\/wp-content\/uploads\/2025\/12\/22-scaled.jpg\",\"datePublished\":\"2025-12-04T12:11:15+00:00\",\"dateModified\":\"2025-12-04T12:14:19+00:00\",\"breadcrumb\":{\"@id\":\"https:\/\/floraplus.net\/2025\/12\/04\/kralice-palmiyesi-antalyadan\/#breadcrumb\"},\"inLanguage\":\"tr\",\"potentialAction\":[{\"@type\":\"ReadAction\",\"target\":[\"https:\/\/floraplus.net\/2025\/12\/04\/kralice-palmiyesi-antalyadan\/\"]}]},{\"@type\":\"ImageObject\",\"inLanguage\":\"tr\",\"@id\":\"https:\/\/floraplus.net\/2025\/12\/04\/kralice-palmiyesi-antalyadan\/#primaryimage\",\"url\":\"https:\/\/floraplus.net\/wp-content\/uploads\/2025\/12\/22-scaled.jpg\",\"contentUrl\":\"https:\/\/floraplus.net\/wp-content\/uploads\/2025\/12\/22-scaled.jpg\",\"width\":2560,\"height\":1707},{\"@type\":\"BreadcrumbList\",\"@id\":\"https:\/\/floraplus.net\/2025\/12\/04\/kralice-palmiyesi-antalyadan\/#breadcrumb\",\"itemListElement\":[{\"@type\":\"ListItem\",\"position\":1,\"name\":\"Home\",\"item\":\"https:\/\/floraplus.net\/en\/\"},{\"@type\":\"ListItem\",\"position\":2,\"name\":\"Krali\u00e7e palmiyesi Antalya\u2019dan\"}]},{\"@type\":\"WebSite\",\"@id\":\"https:\/\/floraplus.net\/en\/#website\",\"url\":\"https:\/\/floraplus.net\/en\/\",\"name\":\"Floraplus\",\"description\":\"Peyzaj, peyzaj mimarl\u0131\u011f\u0131, peyzaj bitkileri, s\u00fcs ve bah\u00e7e\u00a0bitkileri\",\"publisher\":{\"@id\":\"https:\/\/floraplus.net\/en\/#organization\"},\"potentialAction\":[{\"@type\":\"SearchAction\",\"target\":{\"@type\":\"EntryPoint\",\"urlTemplate\":\"https:\/\/floraplus.net\/en\/?s={search_term_string}\"},\"query-input\":{\"@type\":\"PropertyValueSpecification\",\"valueRequired\":true,\"valueName\":\"search_term_string\"}}],\"inLanguage\":\"tr\"},{\"@type\":\"Organization\",\"@id\":\"https:\/\/floraplus.net\/en\/#organization\",\"name\":\"Floraplus\",\"url\":\"https:\/\/floraplus.net\/en\/\",\"logo\":{\"@type\":\"ImageObject\",\"inLanguage\":\"tr\",\"@id\":\"https:\/\/floraplus.net\/en\/#\/schema\/logo\/image\/\",\"url\":\"https:\/\/floraplus.net\/wp-content\/uploads\/2021\/08\/logo-e1627994475388.png\",\"contentUrl\":\"https:\/\/floraplus.net\/wp-content\/uploads\/2021\/08\/logo-e1627994475388.png\",\"width\":251,\"height\":81,\"caption\":\"Floraplus\"},\"image\":{\"@id\":\"https:\/\/floraplus.net\/en\/#\/schema\/logo\/image\/\"},\"sameAs\":[\"https:\/\/www.facebook.com\/floraplusdergisi\",\"https:\/\/www.instagram.com\/floraplusdergisi\/\"]},{\"@type\":\"Person\",\"@id\":\"https:\/\/floraplus.net\/en\/#\/schema\/person\/7263fcd2e50448ecd875951558a1f277\",\"name\":\"floraplus_admin\",\"sameAs\":[\"http:\/\/test.floraplus.net\"],\"url\":\"https:\/\/floraplus.net\/tr_tr\/author\/floraplus_admin\/\"}]}<\/script>\n<!-- \/ Yoast SEO Premium plugin. -->","yoast_head_json":{"title":"Krali\u00e7e palmiyesi Antalya\u2019dan - Floraplus","robots":{"index":"index","follow":"follow","max-snippet":"max-snippet:-1","max-image-preview":"max-image-preview:large","max-video-preview":"max-video-preview:-1"},"canonical":"https:\/\/floraplus.net\/tr_tr\/2025\/12\/04\/kralice-palmiyesi-antalyadan\/","og_locale":"tr_TR","og_type":"article","og_title":"Krali\u00e7e palmiyesi Antalya\u2019dan","og_description":"Daha \u00f6nceki y\u0131llarda peyzajda ithal edilerek kullan\u0131labilen Arecastrum romanzoffianum\u00a0 (Krali\u00e7e palmiyesi-Cocos) palmiyesine T\u00fcrkiye\u2019de ula\u015fmak \u00e7ok","og_url":"https:\/\/floraplus.net\/tr_tr\/2025\/12\/04\/kralice-palmiyesi-antalyadan\/","og_site_name":"Floraplus","article_publisher":"https:\/\/www.facebook.com\/floraplusdergisi","article_published_time":"2025-12-04T12:11:15+00:00","article_modified_time":"2025-12-04T12:14:19+00:00","og_image":[{"width":2560,"height":1707,"url":"https:\/\/floraplus.net\/wp-content\/uploads\/2025\/12\/22-scaled.jpg","type":"image\/jpeg"}],"author":"floraplus_admin","twitter_card":"summary_large_image","twitter_misc":{"Yazan:":"floraplus_admin","Tahmini okuma s\u00fcresi":"2 dakika"},"schema":{"@context":"https:\/\/schema.org","@graph":[{"@type":"Article","@id":"https:\/\/floraplus.net\/2025\/12\/04\/kralice-palmiyesi-antalyadan\/#article","isPartOf":{"@id":"https:\/\/floraplus.net\/2025\/12\/04\/kralice-palmiyesi-antalyadan\/"},"author":{"name":"floraplus_admin","@id":"https:\/\/floraplus.net\/en\/#\/schema\/person\/7263fcd2e50448ecd875951558a1f277"},"headline":"Krali\u00e7e palmiyesi Antalya\u2019dan","datePublished":"2025-12-04T12:11:15+00:00","dateModified":"2025-12-04T12:14:19+00:00","mainEntityOfPage":{"@id":"https:\/\/floraplus.net\/2025\/12\/04\/kralice-palmiyesi-antalyadan\/"},"wordCount":143,"publisher":{"@id":"https:\/\/floraplus.net\/en\/#organization"},"image":{"@id":"https:\/\/floraplus.net\/2025\/12\/04\/kralice-palmiyesi-antalyadan\/#primaryimage"},"thumbnailUrl":"https:\/\/floraplus.net\/wp-content\/uploads\/2025\/12\/22-scaled.jpg","keywords":["Antalya","Arecastrum romanzoffianum","Krali\u00e7e palmiyesi-Cocos"],"articleSection":["G\u00fcncel","\u00dcreticler ve \u00dcr\u00fcn"],"inLanguage":"tr"},{"@type":"WebPage","@id":"https:\/\/floraplus.net\/2025\/12\/04\/kralice-palmiyesi-antalyadan\/","url":"https:\/\/floraplus.net\/2025\/12\/04\/kralice-palmiyesi-antalyadan\/","name":"Krali\u00e7e palmiyesi Antalya\u2019dan - Floraplus","isPartOf":{"@id":"https:\/\/floraplus.net\/en\/#website"},"primaryImageOfPage":{"@id":"https:\/\/floraplus.net\/2025\/12\/04\/kralice-palmiyesi-antalyadan\/#primaryimage"},"image":{"@id":"https:\/\/floraplus.net\/2025\/12\/04\/kralice-palmiyesi-antalyadan\/#primaryimage"},"thumbnailUrl":"https:\/\/floraplus.net\/wp-content\/uploads\/2025\/12\/22-scaled.jpg","datePublished":"2025-12-04T12:11:15+00:00","dateModified":"2025-12-04T12:14:19+00:00","breadcrumb":{"@id":"https:\/\/floraplus.net\/2025\/12\/04\/kralice-palmiyesi-antalyadan\/#breadcrumb"},"inLanguage":"tr","potentialAction":[{"@type":"ReadAction","target":["https:\/\/floraplus.net\/2025\/12\/04\/kralice-palmiyesi-antalyadan\/"]}]},{"@type":"ImageObject","inLanguage":"tr","@id":"https:\/\/floraplus.net\/2025\/12\/04\/kralice-palmiyesi-antalyadan\/#primaryimage","url":"https:\/\/floraplus.net\/wp-content\/uploads\/2025\/12\/22-scaled.jpg","contentUrl":"https:\/\/floraplus.net\/wp-content\/uploads\/2025\/12\/22-scaled.jpg","width":2560,"height":1707},{"@type":"BreadcrumbList","@id":"https:\/\/floraplus.net\/2025\/12\/04\/kralice-palmiyesi-antalyadan\/#breadcrumb","itemListElement":[{"@type":"ListItem","position":1,"name":"Home","item":"https:\/\/floraplus.net\/en\/"},{"@type":"ListItem","position":2,"name":"Krali\u00e7e palmiyesi Antalya\u2019dan"}]},{"@type":"WebSite","@id":"https:\/\/floraplus.net\/en\/#website","url":"https:\/\/floraplus.net\/en\/","name":"Floraplus","description":"Peyzaj, peyzaj mimarl\u0131\u011f\u0131, peyzaj bitkileri, s\u00fcs ve bah\u00e7e\u00a0bitkileri","publisher":{"@id":"https:\/\/floraplus.net\/en\/#organization"},"potentialAction":[{"@type":"SearchAction","target":{"@type":"EntryPoint","urlTemplate":"https:\/\/floraplus.net\/en\/?s={search_term_string}"},"query-input":{"@type":"PropertyValueSpecification","valueRequired":true,"valueName":"search_term_string"}}],"inLanguage":"tr"},{"@type":"Organization","@id":"https:\/\/floraplus.net\/en\/#organization","name":"Floraplus","url":"https:\/\/floraplus.net\/en\/","logo":{"@type":"ImageObject","inLanguage":"tr","@id":"https:\/\/floraplus.net\/en\/#\/schema\/logo\/image\/","url":"https:\/\/floraplus.net\/wp-content\/uploads\/2021\/08\/logo-e1627994475388.png","contentUrl":"https:\/\/floraplus.net\/wp-content\/uploads\/2021\/08\/logo-e1627994475388.png","width":251,"height":81,"caption":"Floraplus"},"image":{"@id":"https:\/\/floraplus.net\/en\/#\/schema\/logo\/image\/"},"sameAs":["https:\/\/www.facebook.com\/floraplusdergisi","https:\/\/www.instagram.com\/floraplusdergisi\/"]},{"@type":"Person","@id":"https:\/\/floraplus.net\/en\/#\/schema\/person\/7263fcd2e50448ecd875951558a1f277","name":"floraplus_admin","sameAs":["http:\/\/test.floraplus.net"],"url":"https:\/\/floraplus.net\/tr_tr\/author\/floraplus_admin\/"}]}},"_links":{"self":[{"href":"https:\/\/floraplus.net\/tr_tr\/wp-json\/wp\/v2\/posts\/8373","targetHints":{"allow":["GET"]}}],"collection":[{"href":"https:\/\/floraplus.net\/tr_tr\/wp-json\/wp\/v2\/posts"}],"about":[{"href":"https:\/\/floraplus.net\/tr_tr\/wp-json\/wp\/v2\/types\/post"}],"author":[{"embeddable":true,"href":"https:\/\/floraplus.net\/tr_tr\/wp-json\/wp\/v2\/users\/1"}],"replies":[{"embeddable":true,"href":"https:\/\/floraplus.net\/tr_tr\/wp-json\/wp\/v2\/comments?post=8373"}],"version-history":[{"count":4,"href":"https:\/\/floraplus.net\/tr_tr\/wp-json\/wp\/v2\/posts\/8373\/revisions"}],"predecessor-version":[{"id":8390,"href":"https:\/\/floraplus.net\/tr_tr\/wp-json\/wp\/v2\/posts\/8373\/revisions\/8390"}],"wp:featuredmedia":[{"embeddable":true,"href":"https:\/\/floraplus.net\/tr_tr\/wp-json\/wp\/v2\/media\/8377"}],"wp:attachment":[{"href":"https:\/\/floraplus.net\/tr_tr\/wp-json\/wp\/v2\/media?parent=8373"}],"wp:term":[{"taxonomy":"category","embeddable":true,"href":"https:\/\/floraplus.net\/tr_tr\/wp-json\/wp\/v2\/categories?post=8373"},{"taxonomy":"post_tag","embeddable":true,"href":"https:\/\/floraplus.net\/tr_tr\/wp-json\/wp\/v2\/tags?post=8373"}],"curies":[{"name":"wp","href":"https:\/\/api.w.org\/{rel}","templated":true}]}}