{"id":8796,"date":"2026-04-29T13:20:45","date_gmt":"2026-04-29T10:20:45","guid":{"rendered":"https:\/\/floraplus.net\/?p=8796"},"modified":"2026-04-29T13:50:42","modified_gmt":"2026-04-29T10:50:42","slug":"iklim-degisiyorsa-cim-alanlar-da-degisiyor","status":"publish","type":"post","link":"https:\/\/floraplus.net\/tr_tr\/2026\/04\/29\/iklim-degisiyorsa-cim-alanlar-da-degisiyor\/","title":{"rendered":"\u0130klim de\u011fi\u015fiyorsa \u00e7im alanlar da de\u011fi\u015fiyor"},"content":{"rendered":"<div class=\"pgc-sgb-cb wp-block-pgcsimplygalleryblock-slider \" data-gallery-id=\"35631908\"style=&quot;min-height:1000px&quot;><div class=\"sgb-preloader\" id=\"pr_35631908\">\n\t<div class=\"sgb-square\" style=\"background:#d4d4d4\"><\/div>\n\t<div class=\"sgb-square\" style=\"background:#d4d4d4\"><\/div>\n\t<div class=\"sgb-square\" style=\"background:#d4d4d4\"><\/div>\n\t<div class=\"sgb-square\" style=\"background:#d4d4d4\"><\/div><\/div><div class=\"simply-gallery-amp pgc_sgb_slider \" style=\"display: none;\"><div class=\"sgb-gallery\"><div class=\"sgb-item\"><a href=\"https:\/\/floraplus.net\/2026\/04\/29\/iklim-degisiyorsa-cim-alanlar-da-degisiyor\/bermuda\/\" target=\"_blank\"><img decoding=\"async\" alt=\"Bermuda\" width=\"225\" height=\"300\" loading=\"lazy\" src=\"https:\/\/floraplus.net\/wp-content\/uploads\/2026\/04\/bermuda-225x300.jpeg\" srcset=\"https:\/\/floraplus.net\/wp-content\/uploads\/2026\/04\/bermuda-225x300.jpeg 225w,https:\/\/floraplus.net\/wp-content\/uploads\/2026\/04\/bermuda-768x1024.jpeg 768w,https:\/\/floraplus.net\/wp-content\/uploads\/2026\/04\/bermuda.jpeg 1200w\" sizes=\"auto, 250px\"\/><\/a><div class=\"sgb-item-caption\"><em>Bermuda<\/em><\/div><\/div><div class=\"sgb-item\"><a href=\"https:\/\/floraplus.net\/2026\/04\/29\/iklim-degisiyorsa-cim-alanlar-da-degisiyor\/kapak-25\/\" target=\"_blank\"><img decoding=\"async\" alt=\"Zoysia\" width=\"225\" height=\"300\" loading=\"lazy\" src=\"https:\/\/floraplus.net\/wp-content\/uploads\/2026\/04\/kapak-225x300.jpg\" srcset=\"https:\/\/floraplus.net\/wp-content\/uploads\/2026\/04\/kapak-225x300.jpg 225w,https:\/\/floraplus.net\/wp-content\/uploads\/2026\/04\/kapak-768x1024.jpg 768w,https:\/\/floraplus.net\/wp-content\/uploads\/2026\/04\/kapak.jpg 1500w\" sizes=\"auto, 250px\"\/><\/a><div class=\"sgb-item-caption\"><em>Zoysia<\/em><\/div><\/div><div class=\"sgb-item\"><a href=\"https:\/\/floraplus.net\/2026\/04\/29\/iklim-degisiyorsa-cim-alanlar-da-degisiyor\/stagustin\/\" target=\"_blank\"><img decoding=\"async\" alt=\"St augustine\" width=\"225\" height=\"300\" loading=\"lazy\" src=\"https:\/\/floraplus.net\/wp-content\/uploads\/2026\/04\/stagustin-225x300.jpeg\" srcset=\"https:\/\/floraplus.net\/wp-content\/uploads\/2026\/04\/stagustin-225x300.jpeg 225w,https:\/\/floraplus.net\/wp-content\/uploads\/2026\/04\/stagustin-768x1024.jpeg 768w,https:\/\/floraplus.net\/wp-content\/uploads\/2026\/04\/stagustin.jpeg 1500w\" sizes=\"auto, 250px\"\/><\/a><div class=\"sgb-item-caption\"><em>St augustine<\/em><\/div><\/div><div class=\"sgb-item\"><a href=\"https:\/\/floraplus.net\/2026\/04\/29\/iklim-degisiyorsa-cim-alanlar-da-degisiyor\/zjag\/\" target=\"_blank\"><img decoding=\"async\" alt=\"Zoysia\" width=\"169\" height=\"300\" loading=\"lazy\" src=\"https:\/\/floraplus.net\/wp-content\/uploads\/2026\/04\/zjag-169x300.jpg\" srcset=\"https:\/\/floraplus.net\/wp-content\/uploads\/2026\/04\/zjag-169x300.jpg 169w,https:\/\/floraplus.net\/wp-content\/uploads\/2026\/04\/zjag-576x1024.jpg 576w,https:\/\/floraplus.net\/wp-content\/uploads\/2026\/04\/zjag.jpg 1080w\" sizes=\"auto, 250px\"\/><\/a><div class=\"sgb-item-caption\"><em>Zoysia<\/em><\/div><\/div><div class=\"sgb-item\"><a href=\"https:\/\/floraplus.net\/2026\/04\/29\/iklim-degisiyorsa-cim-alanlar-da-degisiyor\/zoy\/\" target=\"_blank\"><img decoding=\"async\" alt=\"Zoysia\" width=\"222\" height=\"300\" loading=\"lazy\" src=\"https:\/\/floraplus.net\/wp-content\/uploads\/2026\/04\/zoy-222x300.jpeg\" srcset=\"https:\/\/floraplus.net\/wp-content\/uploads\/2026\/04\/zoy-222x300.jpeg 222w,https:\/\/floraplus.net\/wp-content\/uploads\/2026\/04\/zoy-757x1024.jpeg 757w,https:\/\/floraplus.net\/wp-content\/uploads\/2026\/04\/zoy.jpeg 1080w\" sizes=\"auto, 250px\"\/><\/a><div class=\"sgb-item-caption\"><em>Zoysia<\/em><\/div><\/div><div class=\"sgb-item\"><a href=\"https:\/\/floraplus.net\/2026\/04\/29\/iklim-degisiyorsa-cim-alanlar-da-degisiyor\/zoysia\/\" target=\"_blank\"><img decoding=\"async\" alt=\"Zoysia\" width=\"169\" height=\"300\" loading=\"lazy\" src=\"https:\/\/floraplus.net\/wp-content\/uploads\/2026\/04\/zoysia-169x300.jpg\" srcset=\"https:\/\/floraplus.net\/wp-content\/uploads\/2026\/04\/zoysia-169x300.jpg 169w,https:\/\/floraplus.net\/wp-content\/uploads\/2026\/04\/zoysia-576x1024.jpg 576w,https:\/\/floraplus.net\/wp-content\/uploads\/2026\/04\/zoysia.jpg 1080w\" sizes=\"auto, 250px\"\/><\/a><div class=\"sgb-item-caption\"><em>Zoysia<\/em><\/div><\/div><\/div><\/div><script type=\"application\/json\" class=\"sgb-data\">{\"externalLinkFontSize\":17,\"captionHAlign\":\"bottom\",\"collectionthumbHoverTitleFontSize\":30,\"sliderMaxHeight\":1000,\"sliderAdminWidth\":840,\"collectionColumns\":1,\"galleryType\":\"pgc_sgb_slider\",\"galleryId\":\"35631908\",\"images\":[{\"id\":8797,\"title\":\"Bermuda\",\"url\":\"https:\/\/floraplus.net\/wp-content\/uploads\/2026\/04\/bermuda.jpeg\",\"link\":\"https:\/\/floraplus.net\/2026\/04\/29\/iklim-degisiyorsa-cim-alanlar-da-degisiyor\/bermuda\/\",\"alt\":\"Bermuda\",\"description\":\"Bermuda\",\"caption\":\"Bermuda\",\"mime\":\"image\/jpeg\",\"type\":\"image\",\"width\":1200,\"height\":1600,\"sizes\":{\"thumbnail\":{\"height\":150,\"width\":150,\"url\":\"https:\/\/floraplus.net\/wp-content\/uploads\/2026\/04\/bermuda-150x150.jpeg\",\"orientation\":\"landscape\"},\"medium\":{\"height\":300,\"width\":225,\"url\":\"https:\/\/floraplus.net\/wp-content\/uploads\/2026\/04\/bermuda-225x300.jpeg\",\"orientation\":\"portrait\"},\"large\":{\"height\":1024,\"width\":768,\"url\":\"https:\/\/floraplus.net\/wp-content\/uploads\/2026\/04\/bermuda-768x1024.jpeg\",\"orientation\":\"portrait\"},\"full\":{\"url\":\"https:\/\/floraplus.net\/wp-content\/uploads\/2026\/04\/bermuda.jpeg\",\"height\":1600,\"width\":1200,\"orientation\":\"portrait\"}},\"imageMeta\":{\"aperture\":\"0\",\"credit\":\"\",\"camera\":\"\",\"caption\":\"\",\"created_timestamp\":\"0\",\"copyright\":\"\",\"focal_length\":\"0\",\"iso\":\"0\",\"shutter_speed\":\"0\",\"title\":\"\",\"orientation\":\"0\",\"keywords\":[]},\"meta\":false,\"postlink\":\"https:\/\/floraplus.net\/2026\/04\/29\/iklim-degisiyorsa-cim-alanlar-da-degisiyor\/bermuda\/\"},{\"id\":8798,\"title\":\"Zoysia\",\"url\":\"https:\/\/floraplus.net\/wp-content\/uploads\/2026\/04\/kapak.jpg\",\"link\":\"https:\/\/floraplus.net\/2026\/04\/29\/iklim-degisiyorsa-cim-alanlar-da-degisiyor\/kapak-25\/\",\"alt\":\"Zoysia\",\"description\":\"Zoysia\",\"caption\":\"Zoysia\",\"mime\":\"image\/jpeg\",\"type\":\"image\",\"width\":1500,\"height\":2000,\"sizes\":{\"thumbnail\":{\"height\":150,\"width\":150,\"url\":\"https:\/\/floraplus.net\/wp-content\/uploads\/2026\/04\/kapak-150x150.jpg\",\"orientation\":\"landscape\"},\"medium\":{\"height\":300,\"width\":225,\"url\":\"https:\/\/floraplus.net\/wp-content\/uploads\/2026\/04\/kapak-225x300.jpg\",\"orientation\":\"portrait\"},\"large\":{\"height\":1024,\"width\":768,\"url\":\"https:\/\/floraplus.net\/wp-content\/uploads\/2026\/04\/kapak-768x1024.jpg\",\"orientation\":\"portrait\"},\"full\":{\"url\":\"https:\/\/floraplus.net\/wp-content\/uploads\/2026\/04\/kapak.jpg\",\"height\":2000,\"width\":1500,\"orientation\":\"portrait\"}},\"imageMeta\":{\"aperture\":\"0\",\"credit\":\"\",\"camera\":\"\",\"caption\":\"\",\"created_timestamp\":\"0\",\"copyright\":\"\",\"focal_length\":\"0\",\"iso\":\"0\",\"shutter_speed\":\"0\",\"title\":\"\",\"orientation\":\"0\",\"keywords\":[]},\"meta\":false,\"postlink\":\"https:\/\/floraplus.net\/2026\/04\/29\/iklim-degisiyorsa-cim-alanlar-da-degisiyor\/kapak-25\/\"},{\"id\":8800,\"title\":\"St augustine\",\"url\":\"https:\/\/floraplus.net\/wp-content\/uploads\/2026\/04\/stagustin.jpeg\",\"link\":\"https:\/\/floraplus.net\/2026\/04\/29\/iklim-degisiyorsa-cim-alanlar-da-degisiyor\/stagustin\/\",\"alt\":\"St augustine\",\"description\":\"St augustine\",\"caption\":\"St augustine\",\"mime\":\"image\/jpeg\",\"type\":\"image\",\"width\":1500,\"height\":2000,\"sizes\":{\"thumbnail\":{\"height\":150,\"width\":150,\"url\":\"https:\/\/floraplus.net\/wp-content\/uploads\/2026\/04\/stagustin-150x150.jpeg\",\"orientation\":\"landscape\"},\"medium\":{\"height\":300,\"width\":225,\"url\":\"https:\/\/floraplus.net\/wp-content\/uploads\/2026\/04\/stagustin-225x300.jpeg\",\"orientation\":\"portrait\"},\"large\":{\"height\":1024,\"width\":768,\"url\":\"https:\/\/floraplus.net\/wp-content\/uploads\/2026\/04\/stagustin-768x1024.jpeg\",\"orientation\":\"portrait\"},\"full\":{\"url\":\"https:\/\/floraplus.net\/wp-content\/uploads\/2026\/04\/stagustin.jpeg\",\"height\":2000,\"width\":1500,\"orientation\":\"portrait\"}},\"imageMeta\":{\"aperture\":\"0\",\"credit\":\"\",\"camera\":\"\",\"caption\":\"\",\"created_timestamp\":\"0\",\"copyright\":\"\",\"focal_length\":\"0\",\"iso\":\"0\",\"shutter_speed\":\"0\",\"title\":\"\",\"orientation\":\"0\",\"keywords\":[]},\"meta\":false,\"postlink\":\"https:\/\/floraplus.net\/2026\/04\/29\/iklim-degisiyorsa-cim-alanlar-da-degisiyor\/stagustin\/\"},{\"id\":8801,\"title\":\"Zoysia\",\"url\":\"https:\/\/floraplus.net\/wp-content\/uploads\/2026\/04\/zjag.jpg\",\"link\":\"https:\/\/floraplus.net\/2026\/04\/29\/iklim-degisiyorsa-cim-alanlar-da-degisiyor\/zjag\/\",\"alt\":\"Zoysia\",\"description\":\"Zoysia\",\"caption\":\"Zoysia\",\"mime\":\"image\/jpeg\",\"type\":\"image\",\"width\":1080,\"height\":1920,\"sizes\":{\"thumbnail\":{\"height\":150,\"width\":150,\"url\":\"https:\/\/floraplus.net\/wp-content\/uploads\/2026\/04\/zjag-150x150.jpg\",\"orientation\":\"landscape\"},\"medium\":{\"height\":300,\"width\":169,\"url\":\"https:\/\/floraplus.net\/wp-content\/uploads\/2026\/04\/zjag-169x300.jpg\",\"orientation\":\"portrait\"},\"large\":{\"height\":1024,\"width\":576,\"url\":\"https:\/\/floraplus.net\/wp-content\/uploads\/2026\/04\/zjag-576x1024.jpg\",\"orientation\":\"portrait\"},\"full\":{\"url\":\"https:\/\/floraplus.net\/wp-content\/uploads\/2026\/04\/zjag.jpg\",\"height\":1920,\"width\":1080,\"orientation\":\"portrait\"}},\"imageMeta\":{\"aperture\":\"0\",\"credit\":\"\",\"camera\":\"\",\"caption\":\"\",\"created_timestamp\":\"0\",\"copyright\":\"\",\"focal_length\":\"0\",\"iso\":\"0\",\"shutter_speed\":\"0\",\"title\":\"\",\"orientation\":\"0\",\"keywords\":[]},\"meta\":false,\"postlink\":\"https:\/\/floraplus.net\/2026\/04\/29\/iklim-degisiyorsa-cim-alanlar-da-degisiyor\/zjag\/\"},{\"id\":8802,\"title\":\"Zoysia\",\"url\":\"https:\/\/floraplus.net\/wp-content\/uploads\/2026\/04\/zoy.jpeg\",\"link\":\"https:\/\/floraplus.net\/2026\/04\/29\/iklim-degisiyorsa-cim-alanlar-da-degisiyor\/zoy\/\",\"alt\":\"Zoysia\",\"description\":\"Zoysia\",\"caption\":\"Zoysia\",\"mime\":\"image\/jpeg\",\"type\":\"image\",\"width\":1080,\"height\":1461,\"sizes\":{\"thumbnail\":{\"height\":150,\"width\":150,\"url\":\"https:\/\/floraplus.net\/wp-content\/uploads\/2026\/04\/zoy-150x150.jpeg\",\"orientation\":\"landscape\"},\"medium\":{\"height\":300,\"width\":222,\"url\":\"https:\/\/floraplus.net\/wp-content\/uploads\/2026\/04\/zoy-222x300.jpeg\",\"orientation\":\"portrait\"},\"large\":{\"height\":1024,\"width\":757,\"url\":\"https:\/\/floraplus.net\/wp-content\/uploads\/2026\/04\/zoy-757x1024.jpeg\",\"orientation\":\"portrait\"},\"full\":{\"url\":\"https:\/\/floraplus.net\/wp-content\/uploads\/2026\/04\/zoy.jpeg\",\"height\":1461,\"width\":1080,\"orientation\":\"portrait\"}},\"imageMeta\":{\"aperture\":\"0\",\"credit\":\"\",\"camera\":\"\",\"caption\":\"\",\"created_timestamp\":\"0\",\"copyright\":\"\",\"focal_length\":\"0\",\"iso\":\"0\",\"shutter_speed\":\"0\",\"title\":\"\",\"orientation\":\"0\",\"keywords\":[]},\"meta\":false,\"postlink\":\"https:\/\/floraplus.net\/2026\/04\/29\/iklim-degisiyorsa-cim-alanlar-da-degisiyor\/zoy\/\"},{\"id\":8803,\"title\":\"Zoysia\",\"url\":\"https:\/\/floraplus.net\/wp-content\/uploads\/2026\/04\/zoysia.jpg\",\"link\":\"https:\/\/floraplus.net\/2026\/04\/29\/iklim-degisiyorsa-cim-alanlar-da-degisiyor\/zoysia\/\",\"alt\":\"Zoysia\",\"description\":\"Zoysia\",\"caption\":\"Zoysia\",\"mime\":\"image\/jpeg\",\"type\":\"image\",\"width\":1080,\"height\":1920,\"sizes\":{\"thumbnail\":{\"height\":150,\"width\":150,\"url\":\"https:\/\/floraplus.net\/wp-content\/uploads\/2026\/04\/zoysia-150x150.jpg\",\"orientation\":\"landscape\"},\"medium\":{\"height\":300,\"width\":169,\"url\":\"https:\/\/floraplus.net\/wp-content\/uploads\/2026\/04\/zoysia-169x300.jpg\",\"orientation\":\"portrait\"},\"large\":{\"height\":1024,\"width\":576,\"url\":\"https:\/\/floraplus.net\/wp-content\/uploads\/2026\/04\/zoysia-576x1024.jpg\",\"orientation\":\"portrait\"},\"full\":{\"url\":\"https:\/\/floraplus.net\/wp-content\/uploads\/2026\/04\/zoysia.jpg\",\"height\":1920,\"width\":1080,\"orientation\":\"portrait\"}},\"imageMeta\":{\"aperture\":\"0\",\"credit\":\"\",\"camera\":\"\",\"caption\":\"\",\"created_timestamp\":\"0\",\"copyright\":\"\",\"focal_length\":\"0\",\"iso\":\"0\",\"shutter_speed\":\"0\",\"title\":\"\",\"orientation\":\"0\",\"keywords\":[]},\"meta\":false,\"postlink\":\"https:\/\/floraplus.net\/2026\/04\/29\/iklim-degisiyorsa-cim-alanlar-da-degisiyor\/zoysia\/\"}],\"itemsMetaDataCollection\":[]}<\/script><script>(function(){if(window.PGC_SGB && window.PGC_SGB.searcher){window.PGC_SGB.searcher.initBlocks()}})()<\/script><\/div>\n\n\n<p><strong>\u00c7im alanlar<\/strong><strong>a<\/strong><strong> dayan\u0131kl\u0131 <\/strong><strong>\u00e7im <\/strong><strong>t\u00fcrler<\/strong><strong>i<\/strong><strong>\u2026<\/strong><\/p>\n\n\n\n<p>\u0130klim de\u011fi\u015fiyorsa \u00e7im alanlar da de\u011fi\u015fiyor demektir. S\u0131cak b\u00f6lgeler i\u00e7in \u00f6zel olarak yeti\u015ftirilen \u00e7imlerin ya\u015fama ve geli\u015fme b\u00f6lgeleri de de\u011fi\u015fiyor. Serin b\u00f6lge \u00e7imleri tercih edilen b\u00f6lgelerin ya\u015fama ve geli\u015fme alanlar\u0131 giderek daral\u0131rken, s\u0131cak b\u00f6lge&nbsp;\u00e7imlerinin ya\u015fama alanlar\u0131 geni\u015fliyor.<\/p>\n\n\n\n<p><strong>B\u00fct\u00fcn \u00e7imlerin kal\u0131plar\u0131 mevcut\u2026<\/strong><\/p>\n\n\n\n<p>Akdeniz B\u00f6lgesi\u2019nde 2005 y\u0131l\u0131ndan bu yana faaliyet y\u00fcr\u00fcten Derin \u00c7im s\u0131cak iklime uygun \u00e7im \u00e7e\u015fitleri \u00fczerine \u00e7al\u0131\u015f\u0131yor. Derin \u00c7im, Bermuda, Bermuda Tifway, St. Augustine, Zoysia&nbsp;Japonica gibi s\u0131cak b\u00f6lge \u00e7imlerini haz\u0131r \u00e7im kal\u0131plar\u0131 (Rulo) halinde sunuyor. S\u0131cak b\u00f6lge \u00e7imleri di\u011fer \u00e7imlere g\u00f6re daha avantajl\u0131. Bas\u0131lmaya dayan\u0131kl\u0131, su istekleri di\u011ferlerine g\u00f6re daha d\u00fc\u015f\u00fck. G\u00fcbreleme, bi\u00e7im gibi bak\u0131m giderleri de daha d\u00fc\u015f\u00fck.<\/p>\n\n\n\n<p><strong>D\u00fcnyan\u0131n her yerinde tercih de\u011fi\u015fiyor\u2026<\/strong><\/p>\n\n\n\n<p>D\u00fcnyan\u0131n bir\u00e7ok \u00fclkesinde&nbsp;k\u00fcresel \u0131s\u0131nma nedeniyle y\u00fcksek su t\u00fcketen serin iklim \u00e7imlerinin kullan\u0131m\u0131na su tasarrufu sa\u011flamak i\u00e7in s\u0131n\u0131rland\u0131rma getiriyor. E\u011fer \u00e7im alan uygulamas\u0131 yap\u0131yorsan\u0131z ya da yapacaksan\u0131z sizi konu \u00fczerine d\u00fc\u015f\u00fcnmeye davet ediyoruz. <br>Ayr\u0131nt\u0131l\u0131 bilgi i\u00e7in arayabilirsiniz<strong>\u2026 Gsm: 0555 234 60 53&nbsp;&nbsp;&nbsp;&nbsp;&nbsp;<\/strong><\/p>\n","protected":false},"excerpt":{"rendered":"<p>\u00c7im alanlara dayan\u0131kl\u0131 \u00e7im t\u00fcrleri\u2026 \u0130klim de\u011fi\u015fiyorsa \u00e7im alanlar da de\u011fi\u015fiyor demektir. S\u0131cak b\u00f6lgeler i\u00e7in<\/p>\n","protected":false},"author":1,"featured_media":8804,"comment_status":"closed","ping_status":"closed","sticky":false,"template":"","format":"standard","meta":{"pgc_sgb_lightbox_settings":"","cybocfi_hide_featured_image":"","footnotes":""},"categories":[1,1429,225,1426],"tags":[],"class_list":["post-8796","post","type-post","status-publish","format-standard","has-post-thumbnail","hentry","category-genel","category-guncel","category-haberler","category-ureticiler_ve_urun"],"yoast_head":"<!-- This site is optimized with the Yoast SEO Premium plugin v25.4 (Yoast SEO v25.4) - https:\/\/yoast.com\/wordpress\/plugins\/seo\/ -->\n<title>\u0130klim de\u011fi\u015fiyorsa \u00e7im alanlar da de\u011fi\u015fiyor - Floraplus<\/title>\n<meta name=\"robots\" content=\"index, follow, max-snippet:-1, max-image-preview:large, max-video-preview:-1\" \/>\n<link rel=\"canonical\" href=\"https:\/\/floraplus.net\/tr_tr\/2026\/04\/29\/iklim-degisiyorsa-cim-alanlar-da-degisiyor\/\" \/>\n<meta property=\"og:locale\" content=\"tr_TR\" \/>\n<meta property=\"og:type\" content=\"article\" \/>\n<meta property=\"og:title\" content=\"\u0130klim de\u011fi\u015fiyorsa \u00e7im alanlar da de\u011fi\u015fiyor\" \/>\n<meta property=\"og:description\" content=\"\u00c7im alanlara dayan\u0131kl\u0131 \u00e7im t\u00fcrleri\u2026 \u0130klim de\u011fi\u015fiyorsa \u00e7im alanlar da de\u011fi\u015fiyor demektir. S\u0131cak b\u00f6lgeler i\u00e7in\" \/>\n<meta property=\"og:url\" content=\"https:\/\/floraplus.net\/tr_tr\/2026\/04\/29\/iklim-degisiyorsa-cim-alanlar-da-degisiyor\/\" \/>\n<meta property=\"og:site_name\" content=\"Floraplus\" \/>\n<meta property=\"article:publisher\" content=\"https:\/\/www.facebook.com\/floraplusdergisi\" \/>\n<meta property=\"article:published_time\" content=\"2026-04-29T10:20:45+00:00\" \/>\n<meta property=\"article:modified_time\" content=\"2026-04-29T10:50:42+00:00\" \/>\n<meta property=\"og:image\" content=\"https:\/\/floraplus.net\/wp-content\/uploads\/2026\/04\/kirpilmis.jpg\" \/>\n\t<meta property=\"og:image:width\" content=\"1500\" \/>\n\t<meta property=\"og:image:height\" content=\"843\" \/>\n\t<meta property=\"og:image:type\" content=\"image\/jpeg\" \/>\n<meta name=\"author\" content=\"floraplus_admin\" \/>\n<meta name=\"twitter:card\" content=\"summary_large_image\" \/>\n<meta name=\"twitter:label1\" content=\"Yazan:\" \/>\n\t<meta name=\"twitter:data1\" content=\"floraplus_admin\" \/>\n\t<meta name=\"twitter:label2\" content=\"Tahmini okuma s\u00fcresi\" \/>\n\t<meta name=\"twitter:data2\" content=\"3 dakika\" \/>\n<script type=\"application\/ld+json\" class=\"yoast-schema-graph\">{\"@context\":\"https:\/\/schema.org\",\"@graph\":[{\"@type\":\"Article\",\"@id\":\"https:\/\/floraplus.net\/2026\/04\/29\/iklim-degisiyorsa-cim-alanlar-da-degisiyor\/#article\",\"isPartOf\":{\"@id\":\"https:\/\/floraplus.net\/2026\/04\/29\/iklim-degisiyorsa-cim-alanlar-da-degisiyor\/\"},\"author\":{\"name\":\"floraplus_admin\",\"@id\":\"https:\/\/floraplus.net\/en\/#\/schema\/person\/7263fcd2e50448ecd875951558a1f277\"},\"headline\":\"\u0130klim de\u011fi\u015fiyorsa \u00e7im alanlar da de\u011fi\u015fiyor\",\"datePublished\":\"2026-04-29T10:20:45+00:00\",\"dateModified\":\"2026-04-29T10:50:42+00:00\",\"mainEntityOfPage\":{\"@id\":\"https:\/\/floraplus.net\/2026\/04\/29\/iklim-degisiyorsa-cim-alanlar-da-degisiyor\/\"},\"wordCount\":255,\"publisher\":{\"@id\":\"https:\/\/floraplus.net\/en\/#organization\"},\"image\":{\"@id\":\"https:\/\/floraplus.net\/2026\/04\/29\/iklim-degisiyorsa-cim-alanlar-da-degisiyor\/#primaryimage\"},\"thumbnailUrl\":\"https:\/\/floraplus.net\/wp-content\/uploads\/2026\/04\/kirpilmis.jpg\",\"articleSection\":{\"1\":\"G\u00fcncel\",\"2\":\"Haberler\",\"3\":\"\u00dcreticler ve \u00dcr\u00fcn\"},\"inLanguage\":\"tr\"},{\"@type\":\"WebPage\",\"@id\":\"https:\/\/floraplus.net\/2026\/04\/29\/iklim-degisiyorsa-cim-alanlar-da-degisiyor\/\",\"url\":\"https:\/\/floraplus.net\/2026\/04\/29\/iklim-degisiyorsa-cim-alanlar-da-degisiyor\/\",\"name\":\"\u0130klim de\u011fi\u015fiyorsa \u00e7im alanlar da de\u011fi\u015fiyor - Floraplus\",\"isPartOf\":{\"@id\":\"https:\/\/floraplus.net\/en\/#website\"},\"primaryImageOfPage\":{\"@id\":\"https:\/\/floraplus.net\/2026\/04\/29\/iklim-degisiyorsa-cim-alanlar-da-degisiyor\/#primaryimage\"},\"image\":{\"@id\":\"https:\/\/floraplus.net\/2026\/04\/29\/iklim-degisiyorsa-cim-alanlar-da-degisiyor\/#primaryimage\"},\"thumbnailUrl\":\"https:\/\/floraplus.net\/wp-content\/uploads\/2026\/04\/kirpilmis.jpg\",\"datePublished\":\"2026-04-29T10:20:45+00:00\",\"dateModified\":\"2026-04-29T10:50:42+00:00\",\"breadcrumb\":{\"@id\":\"https:\/\/floraplus.net\/2026\/04\/29\/iklim-degisiyorsa-cim-alanlar-da-degisiyor\/#breadcrumb\"},\"inLanguage\":\"tr\",\"potentialAction\":[{\"@type\":\"ReadAction\",\"target\":[\"https:\/\/floraplus.net\/2026\/04\/29\/iklim-degisiyorsa-cim-alanlar-da-degisiyor\/\"]}]},{\"@type\":\"ImageObject\",\"inLanguage\":\"tr\",\"@id\":\"https:\/\/floraplus.net\/2026\/04\/29\/iklim-degisiyorsa-cim-alanlar-da-degisiyor\/#primaryimage\",\"url\":\"https:\/\/floraplus.net\/wp-content\/uploads\/2026\/04\/kirpilmis.jpg\",\"contentUrl\":\"https:\/\/floraplus.net\/wp-content\/uploads\/2026\/04\/kirpilmis.jpg\",\"width\":1500,\"height\":843},{\"@type\":\"BreadcrumbList\",\"@id\":\"https:\/\/floraplus.net\/2026\/04\/29\/iklim-degisiyorsa-cim-alanlar-da-degisiyor\/#breadcrumb\",\"itemListElement\":[{\"@type\":\"ListItem\",\"position\":1,\"name\":\"Home\",\"item\":\"https:\/\/floraplus.net\/en\/\"},{\"@type\":\"ListItem\",\"position\":2,\"name\":\"\u0130klim de\u011fi\u015fiyorsa \u00e7im alanlar da de\u011fi\u015fiyor\"}]},{\"@type\":\"WebSite\",\"@id\":\"https:\/\/floraplus.net\/en\/#website\",\"url\":\"https:\/\/floraplus.net\/en\/\",\"name\":\"Floraplus\",\"description\":\"Peyzaj, peyzaj mimarl\u0131\u011f\u0131, peyzaj bitkileri, s\u00fcs ve bah\u00e7e\u00a0bitkileri\",\"publisher\":{\"@id\":\"https:\/\/floraplus.net\/en\/#organization\"},\"potentialAction\":[{\"@type\":\"SearchAction\",\"target\":{\"@type\":\"EntryPoint\",\"urlTemplate\":\"https:\/\/floraplus.net\/en\/?s={search_term_string}\"},\"query-input\":{\"@type\":\"PropertyValueSpecification\",\"valueRequired\":true,\"valueName\":\"search_term_string\"}}],\"inLanguage\":\"tr\"},{\"@type\":\"Organization\",\"@id\":\"https:\/\/floraplus.net\/en\/#organization\",\"name\":\"Floraplus\",\"url\":\"https:\/\/floraplus.net\/en\/\",\"logo\":{\"@type\":\"ImageObject\",\"inLanguage\":\"tr\",\"@id\":\"https:\/\/floraplus.net\/en\/#\/schema\/logo\/image\/\",\"url\":\"https:\/\/floraplus.net\/wp-content\/uploads\/2021\/08\/logo-e1627994475388.png\",\"contentUrl\":\"https:\/\/floraplus.net\/wp-content\/uploads\/2021\/08\/logo-e1627994475388.png\",\"width\":251,\"height\":81,\"caption\":\"Floraplus\"},\"image\":{\"@id\":\"https:\/\/floraplus.net\/en\/#\/schema\/logo\/image\/\"},\"sameAs\":[\"https:\/\/www.facebook.com\/floraplusdergisi\",\"https:\/\/www.instagram.com\/floraplusdergisi\/\"]},{\"@type\":\"Person\",\"@id\":\"https:\/\/floraplus.net\/en\/#\/schema\/person\/7263fcd2e50448ecd875951558a1f277\",\"name\":\"floraplus_admin\",\"sameAs\":[\"http:\/\/test.floraplus.net\"],\"url\":\"https:\/\/floraplus.net\/tr_tr\/author\/floraplus_admin\/\"}]}<\/script>\n<!-- \/ Yoast SEO Premium plugin. -->","yoast_head_json":{"title":"\u0130klim de\u011fi\u015fiyorsa \u00e7im alanlar da de\u011fi\u015fiyor - Floraplus","robots":{"index":"index","follow":"follow","max-snippet":"max-snippet:-1","max-image-preview":"max-image-preview:large","max-video-preview":"max-video-preview:-1"},"canonical":"https:\/\/floraplus.net\/tr_tr\/2026\/04\/29\/iklim-degisiyorsa-cim-alanlar-da-degisiyor\/","og_locale":"tr_TR","og_type":"article","og_title":"\u0130klim de\u011fi\u015fiyorsa \u00e7im alanlar da de\u011fi\u015fiyor","og_description":"\u00c7im alanlara dayan\u0131kl\u0131 \u00e7im t\u00fcrleri\u2026 \u0130klim de\u011fi\u015fiyorsa \u00e7im alanlar da de\u011fi\u015fiyor demektir. S\u0131cak b\u00f6lgeler i\u00e7in","og_url":"https:\/\/floraplus.net\/tr_tr\/2026\/04\/29\/iklim-degisiyorsa-cim-alanlar-da-degisiyor\/","og_site_name":"Floraplus","article_publisher":"https:\/\/www.facebook.com\/floraplusdergisi","article_published_time":"2026-04-29T10:20:45+00:00","article_modified_time":"2026-04-29T10:50:42+00:00","og_image":[{"width":1500,"height":843,"url":"https:\/\/floraplus.net\/wp-content\/uploads\/2026\/04\/kirpilmis.jpg","type":"image\/jpeg"}],"author":"floraplus_admin","twitter_card":"summary_large_image","twitter_misc":{"Yazan:":"floraplus_admin","Tahmini okuma s\u00fcresi":"3 dakika"},"schema":{"@context":"https:\/\/schema.org","@graph":[{"@type":"Article","@id":"https:\/\/floraplus.net\/2026\/04\/29\/iklim-degisiyorsa-cim-alanlar-da-degisiyor\/#article","isPartOf":{"@id":"https:\/\/floraplus.net\/2026\/04\/29\/iklim-degisiyorsa-cim-alanlar-da-degisiyor\/"},"author":{"name":"floraplus_admin","@id":"https:\/\/floraplus.net\/en\/#\/schema\/person\/7263fcd2e50448ecd875951558a1f277"},"headline":"\u0130klim de\u011fi\u015fiyorsa \u00e7im alanlar da de\u011fi\u015fiyor","datePublished":"2026-04-29T10:20:45+00:00","dateModified":"2026-04-29T10:50:42+00:00","mainEntityOfPage":{"@id":"https:\/\/floraplus.net\/2026\/04\/29\/iklim-degisiyorsa-cim-alanlar-da-degisiyor\/"},"wordCount":255,"publisher":{"@id":"https:\/\/floraplus.net\/en\/#organization"},"image":{"@id":"https:\/\/floraplus.net\/2026\/04\/29\/iklim-degisiyorsa-cim-alanlar-da-degisiyor\/#primaryimage"},"thumbnailUrl":"https:\/\/floraplus.net\/wp-content\/uploads\/2026\/04\/kirpilmis.jpg","articleSection":{"1":"G\u00fcncel","2":"Haberler","3":"\u00dcreticler ve \u00dcr\u00fcn"},"inLanguage":"tr"},{"@type":"WebPage","@id":"https:\/\/floraplus.net\/2026\/04\/29\/iklim-degisiyorsa-cim-alanlar-da-degisiyor\/","url":"https:\/\/floraplus.net\/2026\/04\/29\/iklim-degisiyorsa-cim-alanlar-da-degisiyor\/","name":"\u0130klim de\u011fi\u015fiyorsa \u00e7im alanlar da de\u011fi\u015fiyor - Floraplus","isPartOf":{"@id":"https:\/\/floraplus.net\/en\/#website"},"primaryImageOfPage":{"@id":"https:\/\/floraplus.net\/2026\/04\/29\/iklim-degisiyorsa-cim-alanlar-da-degisiyor\/#primaryimage"},"image":{"@id":"https:\/\/floraplus.net\/2026\/04\/29\/iklim-degisiyorsa-cim-alanlar-da-degisiyor\/#primaryimage"},"thumbnailUrl":"https:\/\/floraplus.net\/wp-content\/uploads\/2026\/04\/kirpilmis.jpg","datePublished":"2026-04-29T10:20:45+00:00","dateModified":"2026-04-29T10:50:42+00:00","breadcrumb":{"@id":"https:\/\/floraplus.net\/2026\/04\/29\/iklim-degisiyorsa-cim-alanlar-da-degisiyor\/#breadcrumb"},"inLanguage":"tr","potentialAction":[{"@type":"ReadAction","target":["https:\/\/floraplus.net\/2026\/04\/29\/iklim-degisiyorsa-cim-alanlar-da-degisiyor\/"]}]},{"@type":"ImageObject","inLanguage":"tr","@id":"https:\/\/floraplus.net\/2026\/04\/29\/iklim-degisiyorsa-cim-alanlar-da-degisiyor\/#primaryimage","url":"https:\/\/floraplus.net\/wp-content\/uploads\/2026\/04\/kirpilmis.jpg","contentUrl":"https:\/\/floraplus.net\/wp-content\/uploads\/2026\/04\/kirpilmis.jpg","width":1500,"height":843},{"@type":"BreadcrumbList","@id":"https:\/\/floraplus.net\/2026\/04\/29\/iklim-degisiyorsa-cim-alanlar-da-degisiyor\/#breadcrumb","itemListElement":[{"@type":"ListItem","position":1,"name":"Home","item":"https:\/\/floraplus.net\/en\/"},{"@type":"ListItem","position":2,"name":"\u0130klim de\u011fi\u015fiyorsa \u00e7im alanlar da de\u011fi\u015fiyor"}]},{"@type":"WebSite","@id":"https:\/\/floraplus.net\/en\/#website","url":"https:\/\/floraplus.net\/en\/","name":"Floraplus","description":"Peyzaj, peyzaj mimarl\u0131\u011f\u0131, peyzaj bitkileri, s\u00fcs ve bah\u00e7e\u00a0bitkileri","publisher":{"@id":"https:\/\/floraplus.net\/en\/#organization"},"potentialAction":[{"@type":"SearchAction","target":{"@type":"EntryPoint","urlTemplate":"https:\/\/floraplus.net\/en\/?s={search_term_string}"},"query-input":{"@type":"PropertyValueSpecification","valueRequired":true,"valueName":"search_term_string"}}],"inLanguage":"tr"},{"@type":"Organization","@id":"https:\/\/floraplus.net\/en\/#organization","name":"Floraplus","url":"https:\/\/floraplus.net\/en\/","logo":{"@type":"ImageObject","inLanguage":"tr","@id":"https:\/\/floraplus.net\/en\/#\/schema\/logo\/image\/","url":"https:\/\/floraplus.net\/wp-content\/uploads\/2021\/08\/logo-e1627994475388.png","contentUrl":"https:\/\/floraplus.net\/wp-content\/uploads\/2021\/08\/logo-e1627994475388.png","width":251,"height":81,"caption":"Floraplus"},"image":{"@id":"https:\/\/floraplus.net\/en\/#\/schema\/logo\/image\/"},"sameAs":["https:\/\/www.facebook.com\/floraplusdergisi","https:\/\/www.instagram.com\/floraplusdergisi\/"]},{"@type":"Person","@id":"https:\/\/floraplus.net\/en\/#\/schema\/person\/7263fcd2e50448ecd875951558a1f277","name":"floraplus_admin","sameAs":["http:\/\/test.floraplus.net"],"url":"https:\/\/floraplus.net\/tr_tr\/author\/floraplus_admin\/"}]}},"_links":{"self":[{"href":"https:\/\/floraplus.net\/tr_tr\/wp-json\/wp\/v2\/posts\/8796","targetHints":{"allow":["GET"]}}],"collection":[{"href":"https:\/\/floraplus.net\/tr_tr\/wp-json\/wp\/v2\/posts"}],"about":[{"href":"https:\/\/floraplus.net\/tr_tr\/wp-json\/wp\/v2\/types\/post"}],"author":[{"embeddable":true,"href":"https:\/\/floraplus.net\/tr_tr\/wp-json\/wp\/v2\/users\/1"}],"replies":[{"embeddable":true,"href":"https:\/\/floraplus.net\/tr_tr\/wp-json\/wp\/v2\/comments?post=8796"}],"version-history":[{"count":2,"href":"https:\/\/floraplus.net\/tr_tr\/wp-json\/wp\/v2\/posts\/8796\/revisions"}],"predecessor-version":[{"id":8808,"href":"https:\/\/floraplus.net\/tr_tr\/wp-json\/wp\/v2\/posts\/8796\/revisions\/8808"}],"wp:featuredmedia":[{"embeddable":true,"href":"https:\/\/floraplus.net\/tr_tr\/wp-json\/wp\/v2\/media\/8804"}],"wp:attachment":[{"href":"https:\/\/floraplus.net\/tr_tr\/wp-json\/wp\/v2\/media?parent=8796"}],"wp:term":[{"taxonomy":"category","embeddable":true,"href":"https:\/\/floraplus.net\/tr_tr\/wp-json\/wp\/v2\/categories?post=8796"},{"taxonomy":"post_tag","embeddable":true,"href":"https:\/\/floraplus.net\/tr_tr\/wp-json\/wp\/v2\/tags?post=8796"}],"curies":[{"name":"wp","href":"https:\/\/api.w.org\/{rel}","templated":true}]}}