{"id":8809,"date":"2026-04-29T16:09:02","date_gmt":"2026-04-29T13:09:02","guid":{"rendered":"https:\/\/floraplus.net\/?p=8809"},"modified":"2026-04-29T16:09:03","modified_gmt":"2026-04-29T13:09:03","slug":"bayindirin-meyve-fidanligi","status":"publish","type":"post","link":"https:\/\/floraplus.net\/tr_tr\/2026\/04\/29\/bayindirin-meyve-fidanligi\/","title":{"rendered":"Bay\u0131nd\u0131r\u2019\u0131n meyve fidanl\u0131\u011f\u0131"},"content":{"rendered":"<div class=\"pgc-sgb-cb wp-block-pgcsimplygalleryblock-slider \" data-gallery-id=\"33873119\"style=&quot;min-height:900px&quot;><div class=\"sgb-preloader\" id=\"pr_33873119\">\n\t<div class=\"sgb-square\" style=\"background:#d4d4d4\"><\/div>\n\t<div class=\"sgb-square\" style=\"background:#d4d4d4\"><\/div>\n\t<div class=\"sgb-square\" style=\"background:#d4d4d4\"><\/div>\n\t<div class=\"sgb-square\" style=\"background:#d4d4d4\"><\/div><\/div><div class=\"simply-gallery-amp pgc_sgb_slider \" style=\"display: none;\"><div class=\"sgb-gallery\"><div class=\"sgb-item\"><a href=\"https:\/\/floraplus.net\/?attachment_id=8810\" target=\"_blank\"><img decoding=\"async\" alt=\"\" width=\"227\" height=\"300\" loading=\"lazy\" src=\"https:\/\/floraplus.net\/wp-content\/uploads\/2026\/04\/41-227x300.jpg\" srcset=\"https:\/\/floraplus.net\/wp-content\/uploads\/2026\/04\/41-227x300.jpg 227w,https:\/\/floraplus.net\/wp-content\/uploads\/2026\/04\/41-774x1024.jpg 774w,https:\/\/floraplus.net\/wp-content\/uploads\/2026\/04\/41.jpg 1072w\" sizes=\"auto, 250px\"\/><\/a><\/div><div class=\"sgb-item\"><a href=\"https:\/\/floraplus.net\/?attachment_id=8812\" target=\"_blank\"><img decoding=\"async\" alt=\"\" width=\"300\" height=\"199\" loading=\"lazy\" src=\"https:\/\/floraplus.net\/wp-content\/uploads\/2026\/04\/43-300x199.jpeg\" srcset=\"https:\/\/floraplus.net\/wp-content\/uploads\/2026\/04\/43-300x199.jpeg 300w,https:\/\/floraplus.net\/wp-content\/uploads\/2026\/04\/43.jpeg 1024w\" sizes=\"auto, 250px\"\/><\/a><div class=\"sgb-item-caption\"><em>On a tree branch, ripe red berries Prunus avium (cherry)<\/em><\/div><\/div><div class=\"sgb-item\"><a href=\"https:\/\/floraplus.net\/?attachment_id=8813\" target=\"_blank\"><img decoding=\"async\" alt=\"\" width=\"200\" height=\"300\" loading=\"lazy\" src=\"https:\/\/floraplus.net\/wp-content\/uploads\/2026\/04\/43-200x300.jpg\" srcset=\"https:\/\/floraplus.net\/wp-content\/uploads\/2026\/04\/43-200x300.jpg 200w,https:\/\/floraplus.net\/wp-content\/uploads\/2026\/04\/43-683x1024.jpg 683w,https:\/\/floraplus.net\/wp-content\/uploads\/2026\/04\/43-scaled.jpg 1707w\" sizes=\"auto, 250px\"\/><\/a><\/div><div class=\"sgb-item\"><a href=\"https:\/\/floraplus.net\/?attachment_id=8814\" target=\"_blank\"><img decoding=\"async\" alt=\"\" width=\"225\" height=\"300\" loading=\"lazy\" src=\"https:\/\/floraplus.net\/wp-content\/uploads\/2026\/04\/48-225x300.jpg\" srcset=\"https:\/\/floraplus.net\/wp-content\/uploads\/2026\/04\/48-225x300.jpg 225w,https:\/\/floraplus.net\/wp-content\/uploads\/2026\/04\/48-768x1024.jpg 768w,https:\/\/floraplus.net\/wp-content\/uploads\/2026\/04\/48.jpg 1440w\" sizes=\"auto, 250px\"\/><\/a><\/div><div class=\"sgb-item\"><a href=\"https:\/\/floraplus.net\/?attachment_id=8816\" target=\"_blank\"><img decoding=\"async\" alt=\"\" width=\"300\" height=\"225\" loading=\"lazy\" src=\"https:\/\/floraplus.net\/wp-content\/uploads\/2026\/04\/49-300x225.jpg\" srcset=\"https:\/\/floraplus.net\/wp-content\/uploads\/2026\/04\/49-300x225.jpg 300w,https:\/\/floraplus.net\/wp-content\/uploads\/2026\/04\/49-1024x769.jpg 1024w,https:\/\/floraplus.net\/wp-content\/uploads\/2026\/04\/49.jpg 1440w\" sizes=\"auto, 250px\"\/><\/a><\/div><div class=\"sgb-item\"><a href=\"https:\/\/floraplus.net\/?attachment_id=8817\" target=\"_blank\"><img decoding=\"async\" alt=\"K\u0131rk\u0131c\u0131 ekibi \u00d6demi\u015f Sergi de\u2026\" width=\"300\" height=\"126\" loading=\"lazy\" src=\"https:\/\/floraplus.net\/wp-content\/uploads\/2026\/04\/232-300x126.jpg\" srcset=\"https:\/\/floraplus.net\/wp-content\/uploads\/2026\/04\/232-300x126.jpg 300w,https:\/\/floraplus.net\/wp-content\/uploads\/2026\/04\/232-1024x430.jpg 1024w,https:\/\/floraplus.net\/wp-content\/uploads\/2026\/04\/232.jpg 1440w\" sizes=\"auto, 250px\"\/><\/a><div class=\"sgb-item-caption\"><em>K\u0131rk\u0131c\u0131 ekibi \u00d6demi\u015f Sergi de\u2026<\/em><\/div><\/div><div class=\"sgb-item\"><a href=\"https:\/\/floraplus.net\/?attachment_id=8820\" target=\"_blank\"><img decoding=\"async\" alt=\"K\u0131rk\u0131c\u0131 Fidanc\u0131l\u0131k tropik bitkilerin yan\u0131 s\u0131ra her \u00e7e\u015fit turun\u00e7gil \u00e7e\u015fidini bulunduruyor.  \" width=\"254\" height=\"300\" loading=\"lazy\" src=\"https:\/\/floraplus.net\/wp-content\/uploads\/2026\/04\/233-254x300.jpg\" srcset=\"https:\/\/floraplus.net\/wp-content\/uploads\/2026\/04\/233-254x300.jpg 254w,https:\/\/floraplus.net\/wp-content\/uploads\/2026\/04\/233-868x1024.jpg 868w,https:\/\/floraplus.net\/wp-content\/uploads\/2026\/04\/233.jpg 1440w\" sizes=\"auto, 250px\"\/><\/a><div class=\"sgb-item-caption\"><em>K\u0131rk\u0131c\u0131 Fidanc\u0131l\u0131k tropik bitkilerin yan\u0131 s\u0131ra her \u00e7e\u015fit turun\u00e7gil \u00e7e\u015fidini bulunduruyor.  <\/em><\/div><\/div><div class=\"sgb-item\"><a href=\"https:\/\/floraplus.net\/?attachment_id=8822\" target=\"_blank\"><img decoding=\"async\" alt=\"\" width=\"300\" height=\"225\" loading=\"lazy\" src=\"https:\/\/floraplus.net\/wp-content\/uploads\/2026\/04\/235-300x225.jpg\" srcset=\"https:\/\/floraplus.net\/wp-content\/uploads\/2026\/04\/235-300x225.jpg 300w,https:\/\/floraplus.net\/wp-content\/uploads\/2026\/04\/235-1024x768.jpg 1024w,https:\/\/floraplus.net\/wp-content\/uploads\/2026\/04\/235.jpg 1440w\" sizes=\"auto, 250px\"\/><\/a><\/div><div class=\"sgb-item\"><a href=\"https:\/\/floraplus.net\/?attachment_id=8824\" target=\"_blank\"><img decoding=\"async\" alt=\"\" width=\"225\" height=\"300\" loading=\"lazy\" src=\"https:\/\/floraplus.net\/wp-content\/uploads\/2026\/04\/F5-225x300.jpg\" srcset=\"https:\/\/floraplus.net\/wp-content\/uploads\/2026\/04\/F5-225x300.jpg 225w,https:\/\/floraplus.net\/wp-content\/uploads\/2026\/04\/F5-768x1024.jpg 768w,https:\/\/floraplus.net\/wp-content\/uploads\/2026\/04\/F5.jpg 1536w\" sizes=\"auto, 250px\"\/><\/a><\/div><div class=\"sgb-item\"><a href=\"https:\/\/floraplus.net\/?attachment_id=8825\" target=\"_blank\"><img decoding=\"async\" alt=\"\" width=\"225\" height=\"300\" loading=\"lazy\" src=\"https:\/\/floraplus.net\/wp-content\/uploads\/2026\/04\/F6-225x300.jpg\" srcset=\"https:\/\/floraplus.net\/wp-content\/uploads\/2026\/04\/F6-225x300.jpg 225w,https:\/\/floraplus.net\/wp-content\/uploads\/2026\/04\/F6-768x1024.jpg 768w,https:\/\/floraplus.net\/wp-content\/uploads\/2026\/04\/F6.jpg 1536w\" sizes=\"auto, 250px\"\/><\/a><\/div><div class=\"sgb-item\"><a href=\"https:\/\/floraplus.net\/?attachment_id=8827\" target=\"_blank\"><img decoding=\"async\" alt=\"\" width=\"225\" height=\"300\" loading=\"lazy\" src=\"https:\/\/floraplus.net\/wp-content\/uploads\/2026\/04\/IMG_0104-225x300.jpg\" srcset=\"https:\/\/floraplus.net\/wp-content\/uploads\/2026\/04\/IMG_0104-225x300.jpg 225w,https:\/\/floraplus.net\/wp-content\/uploads\/2026\/04\/IMG_0104-768x1024.jpg 768w,https:\/\/floraplus.net\/wp-content\/uploads\/2026\/04\/IMG_0104-scaled.jpg 1920w\" sizes=\"auto, 250px\"\/><\/a><\/div><div class=\"sgb-item\"><a href=\"https:\/\/floraplus.net\/?attachment_id=8828\" target=\"_blank\"><img decoding=\"async\" alt=\"K\u0131rk\u0131c\u0131 da ya\u015fl\u0131 bonsai zeytinlerin yan\u0131 s\u0131ra her \u00e7e\u015fit zeytin t\u00fcr\u00fcn\u00fc bulabilirsiniz.\" width=\"300\" height=\"128\" loading=\"lazy\" src=\"https:\/\/floraplus.net\/wp-content\/uploads\/2026\/04\/IMG_148-300x128.jpg\" srcset=\"https:\/\/floraplus.net\/wp-content\/uploads\/2026\/04\/IMG_148-300x128.jpg 300w,https:\/\/floraplus.net\/wp-content\/uploads\/2026\/04\/IMG_148-1024x436.jpg 1024w,https:\/\/floraplus.net\/wp-content\/uploads\/2026\/04\/IMG_148.jpg 2361w\" sizes=\"auto, 250px\"\/><\/a><div class=\"sgb-item-caption\"><em>K\u0131rk\u0131c\u0131 da ya\u015fl\u0131 bonsai zeytinlerin yan\u0131 s\u0131ra her \u00e7e\u015fit zeytin t\u00fcr\u00fcn\u00fc bulabilirsiniz.<\/em><\/div><\/div><div class=\"sgb-item\"><a href=\"https:\/\/floraplus.net\/?attachment_id=8832\" target=\"_blank\"><img decoding=\"async\" alt=\"\" width=\"300\" height=\"200\" loading=\"lazy\" src=\"https:\/\/floraplus.net\/wp-content\/uploads\/2026\/04\/IMG_4732-300x200.jpg\" srcset=\"https:\/\/floraplus.net\/wp-content\/uploads\/2026\/04\/IMG_4732-300x200.jpg 300w,https:\/\/floraplus.net\/wp-content\/uploads\/2026\/04\/IMG_4732-1024x683.jpg 1024w,https:\/\/floraplus.net\/wp-content\/uploads\/2026\/04\/IMG_4732-scaled.jpg 2560w\" sizes=\"auto, 250px\"\/><\/a><\/div><div class=\"sgb-item\"><a href=\"https:\/\/floraplus.net\/?attachment_id=8833\" target=\"_blank\"><img decoding=\"async\" alt=\"\" width=\"300\" height=\"300\" loading=\"lazy\" src=\"https:\/\/floraplus.net\/wp-content\/uploads\/2026\/04\/LOGO-300x300.jpg\" srcset=\"https:\/\/floraplus.net\/wp-content\/uploads\/2026\/04\/LOGO-300x300.jpg 300w,https:\/\/floraplus.net\/wp-content\/uploads\/2026\/04\/LOGO-1024x1024.jpg 1024w,https:\/\/floraplus.net\/wp-content\/uploads\/2026\/04\/LOGO.jpg 2048w\" sizes=\"auto, 250px\"\/><\/a><\/div><\/div><\/div><script type=\"application\/json\" class=\"sgb-data\">{\"sliderMaxHeight\":900,\"sliderAdminWidth\":840,\"collectionColumns\":1,\"galleryType\":\"pgc_sgb_slider\",\"galleryId\":\"33873119\",\"images\":[{\"id\":8810,\"title\":\"41\",\"url\":\"https:\/\/floraplus.net\/wp-content\/uploads\/2026\/04\/41.jpg\",\"link\":\"https:\/\/floraplus.net\/?attachment_id=8810\",\"alt\":\"\",\"description\":\"\",\"caption\":\"\",\"mime\":\"image\/jpeg\",\"type\":\"image\",\"width\":1072,\"height\":1418,\"sizes\":{\"thumbnail\":{\"height\":150,\"width\":150,\"url\":\"https:\/\/floraplus.net\/wp-content\/uploads\/2026\/04\/41-150x150.jpg\",\"orientation\":\"landscape\"},\"medium\":{\"height\":300,\"width\":227,\"url\":\"https:\/\/floraplus.net\/wp-content\/uploads\/2026\/04\/41-227x300.jpg\",\"orientation\":\"portrait\"},\"large\":{\"height\":1024,\"width\":774,\"url\":\"https:\/\/floraplus.net\/wp-content\/uploads\/2026\/04\/41-774x1024.jpg\",\"orientation\":\"portrait\"},\"full\":{\"url\":\"https:\/\/floraplus.net\/wp-content\/uploads\/2026\/04\/41.jpg\",\"height\":1418,\"width\":1072,\"orientation\":\"portrait\"}},\"imageMeta\":{\"aperture\":\"0\",\"credit\":\"\",\"camera\":\"\",\"caption\":\"\",\"created_timestamp\":\"1660734792\",\"copyright\":\"\",\"focal_length\":\"0\",\"iso\":\"0\",\"shutter_speed\":\"0\",\"title\":\"\",\"orientation\":\"1\",\"keywords\":[]},\"meta\":false,\"postlink\":\"https:\/\/floraplus.net\/?attachment_id=8810\"},{\"id\":8812,\"title\":\"On a tree branch, ripe berries Prunus avium (cherry)\",\"url\":\"https:\/\/floraplus.net\/wp-content\/uploads\/2026\/04\/43.jpeg\",\"link\":\"https:\/\/floraplus.net\/?attachment_id=8812\",\"alt\":\"\",\"description\":\"\",\"caption\":\"On a tree branch, ripe red berries Prunus avium (cherry)\",\"mime\":\"image\/jpeg\",\"type\":\"image\",\"width\":1024,\"height\":680,\"sizes\":{\"thumbnail\":{\"height\":150,\"width\":150,\"url\":\"https:\/\/floraplus.net\/wp-content\/uploads\/2026\/04\/43-150x150.jpeg\",\"orientation\":\"landscape\"},\"medium\":{\"height\":199,\"width\":300,\"url\":\"https:\/\/floraplus.net\/wp-content\/uploads\/2026\/04\/43-300x199.jpeg\",\"orientation\":\"landscape\"},\"full\":{\"url\":\"https:\/\/floraplus.net\/wp-content\/uploads\/2026\/04\/43.jpeg\",\"height\":680,\"width\":1024,\"orientation\":\"landscape\"}},\"imageMeta\":{\"aperture\":\"9\",\"credit\":\"Orest Lyzhechka\",\"camera\":\"NIKON D90\",\"caption\":\"On a tree branch, ripe red berries Prunus avium (cherry)\",\"created_timestamp\":\"1527653812\",\"copyright\":\"Orest Lyzhechka\",\"focal_length\":\"105\",\"iso\":\"250\",\"shutter_speed\":\"0.025\",\"title\":\"On a tree branch, ripe berries Prunus avium (cherry)\",\"orientation\":\"1\",\"keywords\":[\"cherry\",\"prunus\",\"avium\",\"berry\",\"orchard\",\"red\",\"green\",\"fresh\",\"fruit\",\"ripe\",\"tree\",\"nature\",\"branch\",\"food\",\"leaf\",\"organic\",\"healthy\",\"natural\",\"plant\",\"garden\",\"growing\",\"cerasus\",\"close-up\",\"farm\",\"branches\",\"summer\",\"season\",\"macro\",\"sweet\",\"wood\",\"diet\",\"round\",\"agriculture\",\"vitamin\",\"leaves\"]},\"meta\":false,\"postlink\":\"https:\/\/floraplus.net\/?attachment_id=8812\"},{\"id\":8813,\"title\":\"43\",\"url\":\"https:\/\/floraplus.net\/wp-content\/uploads\/2026\/04\/43-scaled.jpg\",\"link\":\"https:\/\/floraplus.net\/?attachment_id=8813\",\"alt\":\"\",\"description\":\"\",\"caption\":\"\",\"mime\":\"image\/jpeg\",\"type\":\"image\",\"width\":1707,\"height\":2560,\"sizes\":{\"thumbnail\":{\"height\":150,\"width\":150,\"url\":\"https:\/\/floraplus.net\/wp-content\/uploads\/2026\/04\/43-150x150.jpg\",\"orientation\":\"landscape\"},\"medium\":{\"height\":300,\"width\":200,\"url\":\"https:\/\/floraplus.net\/wp-content\/uploads\/2026\/04\/43-200x300.jpg\",\"orientation\":\"portrait\"},\"large\":{\"height\":1024,\"width\":683,\"url\":\"https:\/\/floraplus.net\/wp-content\/uploads\/2026\/04\/43-683x1024.jpg\",\"orientation\":\"portrait\"},\"full\":{\"url\":\"https:\/\/floraplus.net\/wp-content\/uploads\/2026\/04\/43-scaled.jpg\",\"height\":2560,\"width\":1707,\"orientation\":\"portrait\"}},\"imageMeta\":{\"aperture\":\"0\",\"credit\":\"\",\"camera\":\"\",\"caption\":\"\",\"created_timestamp\":\"0\",\"copyright\":\"\",\"focal_length\":\"0\",\"iso\":\"0\",\"shutter_speed\":\"0\",\"title\":\"\",\"orientation\":\"0\",\"keywords\":[]},\"meta\":false,\"postlink\":\"https:\/\/floraplus.net\/?attachment_id=8813\"},{\"id\":8814,\"title\":\"48\",\"url\":\"https:\/\/floraplus.net\/wp-content\/uploads\/2026\/04\/48.jpg\",\"link\":\"https:\/\/floraplus.net\/?attachment_id=8814\",\"alt\":\"\",\"description\":\"\",\"caption\":\"\",\"mime\":\"image\/jpeg\",\"type\":\"image\",\"width\":1440,\"height\":1920,\"sizes\":{\"thumbnail\":{\"height\":150,\"width\":150,\"url\":\"https:\/\/floraplus.net\/wp-content\/uploads\/2026\/04\/48-150x150.jpg\",\"orientation\":\"landscape\"},\"medium\":{\"height\":300,\"width\":225,\"url\":\"https:\/\/floraplus.net\/wp-content\/uploads\/2026\/04\/48-225x300.jpg\",\"orientation\":\"portrait\"},\"large\":{\"height\":1024,\"width\":768,\"url\":\"https:\/\/floraplus.net\/wp-content\/uploads\/2026\/04\/48-768x1024.jpg\",\"orientation\":\"portrait\"},\"full\":{\"url\":\"https:\/\/floraplus.net\/wp-content\/uploads\/2026\/04\/48.jpg\",\"height\":1920,\"width\":1440,\"orientation\":\"portrait\"}},\"imageMeta\":{\"aperture\":\"0\",\"credit\":\"\",\"camera\":\"\",\"caption\":\"\",\"created_timestamp\":\"0\",\"copyright\":\"\",\"focal_length\":\"0\",\"iso\":\"0\",\"shutter_speed\":\"0\",\"title\":\"\",\"orientation\":\"0\",\"keywords\":[]},\"meta\":false,\"postlink\":\"https:\/\/floraplus.net\/?attachment_id=8814\"},{\"id\":8816,\"title\":\"49\",\"url\":\"https:\/\/floraplus.net\/wp-content\/uploads\/2026\/04\/49.jpg\",\"link\":\"https:\/\/floraplus.net\/?attachment_id=8816\",\"alt\":\"\",\"description\":\"\",\"caption\":\"\",\"mime\":\"image\/jpeg\",\"type\":\"image\",\"width\":1440,\"height\":1081,\"sizes\":{\"thumbnail\":{\"height\":150,\"width\":150,\"url\":\"https:\/\/floraplus.net\/wp-content\/uploads\/2026\/04\/49-150x150.jpg\",\"orientation\":\"landscape\"},\"medium\":{\"height\":225,\"width\":300,\"url\":\"https:\/\/floraplus.net\/wp-content\/uploads\/2026\/04\/49-300x225.jpg\",\"orientation\":\"landscape\"},\"large\":{\"height\":769,\"width\":1024,\"url\":\"https:\/\/floraplus.net\/wp-content\/uploads\/2026\/04\/49-1024x769.jpg\",\"orientation\":\"landscape\"},\"full\":{\"url\":\"https:\/\/floraplus.net\/wp-content\/uploads\/2026\/04\/49.jpg\",\"height\":1081,\"width\":1440,\"orientation\":\"landscape\"}},\"imageMeta\":{\"aperture\":\"0\",\"credit\":\"\",\"camera\":\"\",\"caption\":\"\",\"created_timestamp\":\"0\",\"copyright\":\"\",\"focal_length\":\"0\",\"iso\":\"0\",\"shutter_speed\":\"0\",\"title\":\"\",\"orientation\":\"0\",\"keywords\":[]},\"meta\":false,\"postlink\":\"https:\/\/floraplus.net\/?attachment_id=8816\"},{\"id\":8817,\"title\":\"K\u0131rk\u0131c\u0131 ekibi \u00d6demi\u015f Sergi de\u2026\",\"url\":\"https:\/\/floraplus.net\/wp-content\/uploads\/2026\/04\/232.jpg\",\"link\":\"https:\/\/floraplus.net\/?attachment_id=8817\",\"alt\":\"K\u0131rk\u0131c\u0131 ekibi \u00d6demi\u015f Sergi de\u2026\",\"description\":\"K\u0131rk\u0131c\u0131 ekibi \u00d6demi\u015f Sergi de\u2026\",\"caption\":\"K\u0131rk\u0131c\u0131 ekibi \u00d6demi\u015f Sergi de\u2026\",\"mime\":\"image\/jpeg\",\"type\":\"image\",\"width\":1440,\"height\":604,\"sizes\":{\"thumbnail\":{\"height\":150,\"width\":150,\"url\":\"https:\/\/floraplus.net\/wp-content\/uploads\/2026\/04\/232-150x150.jpg\",\"orientation\":\"landscape\"},\"medium\":{\"height\":126,\"width\":300,\"url\":\"https:\/\/floraplus.net\/wp-content\/uploads\/2026\/04\/232-300x126.jpg\",\"orientation\":\"landscape\"},\"large\":{\"height\":430,\"width\":1024,\"url\":\"https:\/\/floraplus.net\/wp-content\/uploads\/2026\/04\/232-1024x430.jpg\",\"orientation\":\"landscape\"},\"full\":{\"url\":\"https:\/\/floraplus.net\/wp-content\/uploads\/2026\/04\/232.jpg\",\"height\":604,\"width\":1440,\"orientation\":\"landscape\"}},\"imageMeta\":{\"aperture\":\"0\",\"credit\":\"\",\"camera\":\"\",\"caption\":\"\",\"created_timestamp\":\"0\",\"copyright\":\"\",\"focal_length\":\"0\",\"iso\":\"0\",\"shutter_speed\":\"0\",\"title\":\"\",\"orientation\":\"0\",\"keywords\":[]},\"meta\":false,\"postlink\":\"https:\/\/floraplus.net\/?attachment_id=8817\"},{\"id\":8820,\"title\":\"K\u0131rk\u0131c\u0131 Fidanc\u0131l\u0131k tropik bitkilerin yan\u0131 s\u0131ra her \u00e7e\u015fit turun\u00e7gil \u00e7e\u015fidini bulunduruyor.  \",\"url\":\"https:\/\/floraplus.net\/wp-content\/uploads\/2026\/04\/233.jpg\",\"link\":\"https:\/\/floraplus.net\/?attachment_id=8820\",\"alt\":\"K\u0131rk\u0131c\u0131 Fidanc\u0131l\u0131k tropik bitkilerin yan\u0131 s\u0131ra her \u00e7e\u015fit turun\u00e7gil \u00e7e\u015fidini bulunduruyor.  \",\"description\":\"K\u0131rk\u0131c\u0131 Fidanc\u0131l\u0131k tropik bitkilerin yan\u0131 s\u0131ra her \u00e7e\u015fit turun\u00e7gil \u00e7e\u015fidini bulunduruyor.  \",\"caption\":\"K\u0131rk\u0131c\u0131 Fidanc\u0131l\u0131k tropik bitkilerin yan\u0131 s\u0131ra her \u00e7e\u015fit turun\u00e7gil \u00e7e\u015fidini bulunduruyor.  \",\"mime\":\"image\/jpeg\",\"type\":\"image\",\"width\":1440,\"height\":1698,\"sizes\":{\"thumbnail\":{\"height\":150,\"width\":150,\"url\":\"https:\/\/floraplus.net\/wp-content\/uploads\/2026\/04\/233-150x150.jpg\",\"orientation\":\"landscape\"},\"medium\":{\"height\":300,\"width\":254,\"url\":\"https:\/\/floraplus.net\/wp-content\/uploads\/2026\/04\/233-254x300.jpg\",\"orientation\":\"portrait\"},\"large\":{\"height\":1024,\"width\":868,\"url\":\"https:\/\/floraplus.net\/wp-content\/uploads\/2026\/04\/233-868x1024.jpg\",\"orientation\":\"portrait\"},\"full\":{\"url\":\"https:\/\/floraplus.net\/wp-content\/uploads\/2026\/04\/233.jpg\",\"height\":1698,\"width\":1440,\"orientation\":\"portrait\"}},\"imageMeta\":{\"aperture\":\"0\",\"credit\":\"\",\"camera\":\"\",\"caption\":\"\",\"created_timestamp\":\"0\",\"copyright\":\"\",\"focal_length\":\"0\",\"iso\":\"0\",\"shutter_speed\":\"0\",\"title\":\"\",\"orientation\":\"0\",\"keywords\":[]},\"meta\":false,\"postlink\":\"https:\/\/floraplus.net\/?attachment_id=8820\"},{\"id\":8822,\"title\":\"235\",\"url\":\"https:\/\/floraplus.net\/wp-content\/uploads\/2026\/04\/235.jpg\",\"link\":\"https:\/\/floraplus.net\/?attachment_id=8822\",\"alt\":\"\",\"description\":\"\",\"caption\":\"\",\"mime\":\"image\/jpeg\",\"type\":\"image\",\"width\":1440,\"height\":1080,\"sizes\":{\"thumbnail\":{\"height\":150,\"width\":150,\"url\":\"https:\/\/floraplus.net\/wp-content\/uploads\/2026\/04\/235-150x150.jpg\",\"orientation\":\"landscape\"},\"medium\":{\"height\":225,\"width\":300,\"url\":\"https:\/\/floraplus.net\/wp-content\/uploads\/2026\/04\/235-300x225.jpg\",\"orientation\":\"landscape\"},\"large\":{\"height\":768,\"width\":1024,\"url\":\"https:\/\/floraplus.net\/wp-content\/uploads\/2026\/04\/235-1024x768.jpg\",\"orientation\":\"landscape\"},\"full\":{\"url\":\"https:\/\/floraplus.net\/wp-content\/uploads\/2026\/04\/235.jpg\",\"height\":1080,\"width\":1440,\"orientation\":\"landscape\"}},\"imageMeta\":{\"aperture\":\"0\",\"credit\":\"\",\"camera\":\"\",\"caption\":\"\",\"created_timestamp\":\"0\",\"copyright\":\"\",\"focal_length\":\"0\",\"iso\":\"0\",\"shutter_speed\":\"0\",\"title\":\"\",\"orientation\":\"0\",\"keywords\":[]},\"meta\":false,\"postlink\":\"https:\/\/floraplus.net\/?attachment_id=8822\"},{\"id\":8824,\"title\":\"F5\",\"url\":\"https:\/\/floraplus.net\/wp-content\/uploads\/2026\/04\/F5.jpg\",\"link\":\"https:\/\/floraplus.net\/?attachment_id=8824\",\"alt\":\"\",\"description\":\"\",\"caption\":\"\",\"mime\":\"image\/jpeg\",\"type\":\"image\",\"width\":1536,\"height\":2048,\"sizes\":{\"thumbnail\":{\"height\":150,\"width\":150,\"url\":\"https:\/\/floraplus.net\/wp-content\/uploads\/2026\/04\/F5-150x150.jpg\",\"orientation\":\"landscape\"},\"medium\":{\"height\":300,\"width\":225,\"url\":\"https:\/\/floraplus.net\/wp-content\/uploads\/2026\/04\/F5-225x300.jpg\",\"orientation\":\"portrait\"},\"large\":{\"height\":1024,\"width\":768,\"url\":\"https:\/\/floraplus.net\/wp-content\/uploads\/2026\/04\/F5-768x1024.jpg\",\"orientation\":\"portrait\"},\"full\":{\"url\":\"https:\/\/floraplus.net\/wp-content\/uploads\/2026\/04\/F5.jpg\",\"height\":2048,\"width\":1536,\"orientation\":\"portrait\"}},\"imageMeta\":{\"aperture\":\"0\",\"credit\":\"\",\"camera\":\"\",\"caption\":\"\",\"created_timestamp\":\"0\",\"copyright\":\"\",\"focal_length\":\"0\",\"iso\":\"0\",\"shutter_speed\":\"0\",\"title\":\"\",\"orientation\":\"0\",\"keywords\":[]},\"meta\":false,\"postlink\":\"https:\/\/floraplus.net\/?attachment_id=8824\"},{\"id\":8825,\"title\":\"F6\",\"url\":\"https:\/\/floraplus.net\/wp-content\/uploads\/2026\/04\/F6.jpg\",\"link\":\"https:\/\/floraplus.net\/?attachment_id=8825\",\"alt\":\"\",\"description\":\"\",\"caption\":\"\",\"mime\":\"image\/jpeg\",\"type\":\"image\",\"width\":1536,\"height\":2048,\"sizes\":{\"thumbnail\":{\"height\":150,\"width\":150,\"url\":\"https:\/\/floraplus.net\/wp-content\/uploads\/2026\/04\/F6-150x150.jpg\",\"orientation\":\"landscape\"},\"medium\":{\"height\":300,\"width\":225,\"url\":\"https:\/\/floraplus.net\/wp-content\/uploads\/2026\/04\/F6-225x300.jpg\",\"orientation\":\"portrait\"},\"large\":{\"height\":1024,\"width\":768,\"url\":\"https:\/\/floraplus.net\/wp-content\/uploads\/2026\/04\/F6-768x1024.jpg\",\"orientation\":\"portrait\"},\"full\":{\"url\":\"https:\/\/floraplus.net\/wp-content\/uploads\/2026\/04\/F6.jpg\",\"height\":2048,\"width\":1536,\"orientation\":\"portrait\"}},\"imageMeta\":{\"aperture\":\"0\",\"credit\":\"\",\"camera\":\"\",\"caption\":\"\",\"created_timestamp\":\"0\",\"copyright\":\"\",\"focal_length\":\"0\",\"iso\":\"0\",\"shutter_speed\":\"0\",\"title\":\"\",\"orientation\":\"0\",\"keywords\":[]},\"meta\":false,\"postlink\":\"https:\/\/floraplus.net\/?attachment_id=8825\"},{\"id\":8827,\"title\":\"IMG_0104\",\"url\":\"https:\/\/floraplus.net\/wp-content\/uploads\/2026\/04\/IMG_0104-scaled.jpg\",\"link\":\"https:\/\/floraplus.net\/?attachment_id=8827\",\"alt\":\"\",\"description\":\"\",\"caption\":\"\",\"mime\":\"image\/jpeg\",\"type\":\"image\",\"width\":1920,\"height\":2560,\"sizes\":{\"thumbnail\":{\"height\":150,\"width\":150,\"url\":\"https:\/\/floraplus.net\/wp-content\/uploads\/2026\/04\/IMG_0104-150x150.jpg\",\"orientation\":\"landscape\"},\"medium\":{\"height\":300,\"width\":225,\"url\":\"https:\/\/floraplus.net\/wp-content\/uploads\/2026\/04\/IMG_0104-225x300.jpg\",\"orientation\":\"portrait\"},\"large\":{\"height\":1024,\"width\":768,\"url\":\"https:\/\/floraplus.net\/wp-content\/uploads\/2026\/04\/IMG_0104-768x1024.jpg\",\"orientation\":\"portrait\"},\"full\":{\"url\":\"https:\/\/floraplus.net\/wp-content\/uploads\/2026\/04\/IMG_0104-scaled.jpg\",\"height\":2560,\"width\":1920,\"orientation\":\"portrait\"}},\"imageMeta\":{\"aperture\":\"1.8\",\"credit\":\"\",\"camera\":\"iPhone 11\",\"caption\":\"\",\"created_timestamp\":\"1769172275\",\"copyright\":\"\",\"focal_length\":\"4.25\",\"iso\":\"50\",\"shutter_speed\":\"0.0082644628099174\",\"title\":\"\",\"orientation\":1,\"keywords\":[]},\"meta\":false,\"postlink\":\"https:\/\/floraplus.net\/?attachment_id=8827\"},{\"id\":8828,\"title\":\"IMG_148\",\"url\":\"https:\/\/floraplus.net\/wp-content\/uploads\/2026\/04\/IMG_148.jpg\",\"link\":\"https:\/\/floraplus.net\/?attachment_id=8828\",\"alt\":\"K\u0131rk\u0131c\u0131 da ya\u015fl\u0131 bonsai zeytinlerin yan\u0131 s\u0131ra her \u00e7e\u015fit zeytin t\u00fcr\u00fcn\u00fc bulabilirsiniz.\",\"description\":\"K\u0131rk\u0131c\u0131 da ya\u015fl\u0131 bonsai zeytinlerin yan\u0131 s\u0131ra her \u00e7e\u015fit zeytin t\u00fcr\u00fcn\u00fc bulabilirsiniz.\",\"caption\":\"K\u0131rk\u0131c\u0131 da ya\u015fl\u0131 bonsai zeytinlerin yan\u0131 s\u0131ra her \u00e7e\u015fit zeytin t\u00fcr\u00fcn\u00fc bulabilirsiniz.\",\"mime\":\"image\/jpeg\",\"type\":\"image\",\"width\":2361,\"height\":1005,\"sizes\":{\"thumbnail\":{\"height\":150,\"width\":150,\"url\":\"https:\/\/floraplus.net\/wp-content\/uploads\/2026\/04\/IMG_148-150x150.jpg\",\"orientation\":\"landscape\"},\"medium\":{\"height\":128,\"width\":300,\"url\":\"https:\/\/floraplus.net\/wp-content\/uploads\/2026\/04\/IMG_148-300x128.jpg\",\"orientation\":\"landscape\"},\"large\":{\"height\":436,\"width\":1024,\"url\":\"https:\/\/floraplus.net\/wp-content\/uploads\/2026\/04\/IMG_148-1024x436.jpg\",\"orientation\":\"landscape\"},\"full\":{\"url\":\"https:\/\/floraplus.net\/wp-content\/uploads\/2026\/04\/IMG_148.jpg\",\"height\":1005,\"width\":2361,\"orientation\":\"landscape\"}},\"imageMeta\":{\"aperture\":\"1.8\",\"credit\":\"\",\"camera\":\"iPhone 11\",\"caption\":\"\",\"created_timestamp\":\"1769174160\",\"copyright\":\"\",\"focal_length\":\"4.25\",\"iso\":\"32\",\"shutter_speed\":\"0.00075987841945289\",\"title\":\"\",\"orientation\":\"0\",\"keywords\":[]},\"meta\":false,\"postlink\":\"https:\/\/floraplus.net\/?attachment_id=8828\"},{\"id\":8832,\"title\":\"IMG_4732\",\"url\":\"https:\/\/floraplus.net\/wp-content\/uploads\/2026\/04\/IMG_4732-scaled.jpg\",\"link\":\"https:\/\/floraplus.net\/?attachment_id=8832\",\"alt\":\"\",\"description\":\"\",\"caption\":\"\",\"mime\":\"image\/jpeg\",\"type\":\"image\",\"width\":2560,\"height\":1707,\"sizes\":{\"thumbnail\":{\"height\":150,\"width\":150,\"url\":\"https:\/\/floraplus.net\/wp-content\/uploads\/2026\/04\/IMG_4732-150x150.jpg\",\"orientation\":\"landscape\"},\"medium\":{\"height\":200,\"width\":300,\"url\":\"https:\/\/floraplus.net\/wp-content\/uploads\/2026\/04\/IMG_4732-300x200.jpg\",\"orientation\":\"landscape\"},\"large\":{\"height\":683,\"width\":1024,\"url\":\"https:\/\/floraplus.net\/wp-content\/uploads\/2026\/04\/IMG_4732-1024x683.jpg\",\"orientation\":\"landscape\"},\"full\":{\"url\":\"https:\/\/floraplus.net\/wp-content\/uploads\/2026\/04\/IMG_4732-scaled.jpg\",\"height\":1707,\"width\":2560,\"orientation\":\"landscape\"}},\"imageMeta\":{\"aperture\":\"5.6\",\"credit\":\"\",\"camera\":\"Canon EOS 80D\",\"caption\":\"\",\"created_timestamp\":\"1769180133\",\"copyright\":\"\",\"focal_length\":\"18\",\"iso\":\"500\",\"shutter_speed\":\"0.025\",\"title\":\"\",\"orientation\":\"1\",\"keywords\":[]},\"meta\":false,\"postlink\":\"https:\/\/floraplus.net\/?attachment_id=8832\"},{\"id\":8833,\"title\":\"LOGO\",\"url\":\"https:\/\/floraplus.net\/wp-content\/uploads\/2026\/04\/LOGO.jpg\",\"link\":\"https:\/\/floraplus.net\/?attachment_id=8833\",\"alt\":\"\",\"description\":\"\",\"caption\":\"\",\"mime\":\"image\/jpeg\",\"type\":\"image\",\"width\":2048,\"height\":2048,\"sizes\":{\"thumbnail\":{\"height\":150,\"width\":150,\"url\":\"https:\/\/floraplus.net\/wp-content\/uploads\/2026\/04\/LOGO-150x150.jpg\",\"orientation\":\"landscape\"},\"medium\":{\"height\":300,\"width\":300,\"url\":\"https:\/\/floraplus.net\/wp-content\/uploads\/2026\/04\/LOGO-300x300.jpg\",\"orientation\":\"landscape\"},\"large\":{\"height\":1024,\"width\":1024,\"url\":\"https:\/\/floraplus.net\/wp-content\/uploads\/2026\/04\/LOGO-1024x1024.jpg\",\"orientation\":\"landscape\"},\"full\":{\"url\":\"https:\/\/floraplus.net\/wp-content\/uploads\/2026\/04\/LOGO.jpg\",\"height\":2048,\"width\":2048,\"orientation\":\"landscape\"}},\"imageMeta\":{\"aperture\":\"0\",\"credit\":\"\",\"camera\":\"\",\"caption\":\"\",\"created_timestamp\":\"0\",\"copyright\":\"\",\"focal_length\":\"0\",\"iso\":\"0\",\"shutter_speed\":\"0\",\"title\":\"\",\"orientation\":\"0\",\"keywords\":[]},\"meta\":false,\"postlink\":\"https:\/\/floraplus.net\/?attachment_id=8833\"}],\"itemsMetaDataCollection\":[]}<\/script><script>(function(){if(window.PGC_SGB && window.PGC_SGB.searcher){window.PGC_SGB.searcher.initBlocks()}})()<\/script><\/div>\n\n\n<p><strong>Bay\u0131nd\u0131r, K\u00fc\u00e7\u00fck Menderes Havzas\u0131\u2019na giri\u015fte fiilen s\u00fcrekli peyzaj bitkileri ve fidanc\u0131l\u0131k sergisinin yap\u0131ld\u0131\u011f\u0131 bir g\u00f6steri sahas\u0131na d\u00f6n\u00fc\u015ft\u00fc. K\u0131rk\u0131c\u0131 Fidanc\u0131l\u0131k bu serginin i\u00e7inde kirazdan eri\u011fe, av<\/strong><strong>o<\/strong><strong>kado <\/strong><strong>dan yeti\u015fmi\u015f limon a\u011fa\u00e7lar\u0131na kadar <\/strong><strong>arad\u0131\u011f\u0131n\u0131z her \u00e7e\u015fit meyve <\/strong><strong>a\u011fac\u0131n\u0131 bulabilece\u011finiz, toptan ve perakende olarak sat\u0131n alabilece\u011finiz bir ma\u011faza <\/strong><strong>ve fidanl\u0131k\u2026<\/strong><\/p>\n\n\n\n<p>Bay\u0131nd\u0131r Ana Yolu \u00fczerindeki K\u0131rk\u0131c\u0131 Fidanc\u0131l\u0131k meyve fidanlar\u0131 ve peyzaj a\u011fa\u00e7lar\u0131 yeti\u015ftiren aile i\u015fletmesiyken g\u00f6r\u00fcn\u00fcr olmaya ba\u015flad\u0131\u011f\u0131 son 15 y\u0131l i\u00e7inde b\u00fcy\u00fck bir fidan ve bitki sat\u0131\u015f ma\u011fazas\u0131na d\u00f6n\u00fc\u015fm\u00fc\u015f durumda. Yolu baba Hamit K\u0131rk\u0131c\u0131 a\u00e7m\u0131\u015f ama bug\u00fcn ikinci nesilden o\u011ful Mehmet K\u0131rk\u0131c\u0131 g\u00f6revi \u00fcstlenerek s\u00fcrd\u00fcr\u00fcyor. Mehmet K\u0131rk\u0131c\u0131 Ege \u00dcniversitesi Bay\u0131nd\u0131r Meslek Y\u00fcksek Okulu S\u00fcs Bitkileri Yeti\u015ftiricili\u011fi mezunu. \u00c7ift\u00e7i bir aile ortam\u0131ndan yeti\u015fti\u011fi i\u00e7in yabanc\u0131s\u0131 olmad\u0131\u011f\u0131 ve e\u011fitimini ald\u0131\u011f\u0131 bir i\u015fi 2015 y\u0131l\u0131ndan bu yana yap\u0131yor. K\u0131rk\u0131c\u0131 Fidanc\u0131l\u0131k ise Bay\u0131nd\u0131r B\u00f6lgesi\u2019nde \u00e7ok fazla ihtiya\u00e7 duyulan meyve fidan\u0131 \u00e7e\u015fitleri, peyzaj a\u011fa\u00e7 ve bitkileri \u00fczerine \u00e7al\u0131\u015f\u0131yor.<\/p>\n\n\n\n<p><strong>Konu meyve fidan\u0131ysa bir bilene gidin\u2026<\/strong><\/p>\n\n\n\n<p>E\u011fer meyve fidan\u0131 sat\u0131n al\u0131yorsan\u0131z ve bitkinin \u00fczerinde meyvesi yoksa ne meyvesi sat\u0131n ald\u0131\u011f\u0131n\u0131z konusunda ku\u015fkunuz olabiliyor. Mehmet K\u0131rk\u0131c\u0131 i\u015fletmeyi anlat\u0131rken olduk\u00e7a \u00f6nemli olan bu konunun alt\u0131n\u0131 \u00e7iziyor: \u201c\u00d6zellikle meyve fidan\u0131 talep edenler en \u00e7ok ald\u0131klar\u0131 meyve fidan\u0131n\u0131 al\u0131p bah\u00e7elerine diktiklerinde istedikleri meyvenin \u00e7\u0131kmad\u0131\u011f\u0131ndan \u015fik\u00e2yet ediyorlar. Muhtemelen bir kar\u0131\u015f\u0131kl\u0131k sonucu insanlar kendilerini kand\u0131r\u0131lm\u0131\u015f hissediyorlar. Bu bizim \u00e7ok dikkat etti\u011fimiz bir konu. Yol \u00fczerinde oldu\u011fumuz i\u00e7in bize u\u011frayanlar a\u011fa\u00e7lar\u0131n \u00fczerinde meyve g\u00f6r\u00fcyor. Biz de daha \u00e7ok meyveleri g\u00f6rmelerini istiyoruz. \u00d6te yandan meyvesiz fidanlarda bir kar\u0131\u015f\u0131kl\u0131k olmamas\u0131 i\u00e7inde s\u00f6k\u00fcmden ba\u015flayarak sunuma ve sat\u0131\u015fa kadar dikkatli bir tasnifleme yaparak bu s\u0131k\u0131nt\u0131lar\u0131 \u00f6nl\u00fcyoruz.\u201d<\/p>\n\n\n\n<p><strong>Arad\u0131\u011f\u0131n\u0131z her \u00e7e\u015fit meyveyi\u2026<\/strong><\/p>\n\n\n\n<p>Mehmet K\u0131rk\u0131c\u0131\u2019n\u0131n alt\u0131n\u0131 \u00e7izdi\u011fi bir di\u011fer konu ise \u015f\u00f6yle: \u201cBizim seram\u0131z ve fidanl\u0131\u011f\u0131m\u0131z Bay\u0131nd\u0131r Ana Yolu \u00fczerinde. Herhangi bir nedenden dolay\u0131 yolu Bay\u0131nd\u0131r-\u00d6demi\u015f hatt\u0131na d\u00fc\u015fen insanlar bize kolayca u\u011frayabiliyor. Dolay\u0131s\u0131yla \u00e7ok fazla fidan \u00e7e\u015fidi bulunduruyoruz. \u00c7\u00fcnk\u00fc \u00fclkemizin k\u0131y\u0131 b\u00f6lgelerindeki iklim h\u0131zla de\u011fi\u015fiyor ve daha \u00f6nce s\u0131k\u0131nt\u0131l\u0131 olan baz\u0131 meyve \u00e7e\u015fitleri de \u00fcr\u00fcn vermeye ba\u015fl\u0131yor. Biz fidanl\u0131k olarak artan bu \u00e7e\u015fit talebine mutlaka cevap vermeye \u00e7al\u0131\u015f\u0131yoruz.\u201d K\u0131rk\u0131c\u0131 Fidanc\u0131l\u0131\u011f\u0131 gezdi\u011finizde bu \u00e7e\u015fitlili\u011fi g\u00f6r\u00fcyorsunuz. Ya\u015fl\u0131 bonsai zeytin a\u011fa\u00e7lar\u0131n\u0131n yan\u0131 s\u0131ra hemen hemen her \u00e7e\u015fit zeytin fidan\u0131n\u0131, portakal,kumkuat gibi turun\u00e7gil \u00e7e\u015fitlerini, \u00fcz\u00fcm, incir \u00e7e\u015fitlerini bulabiliyorsunuz. Meyve bah\u00e7esi kurmak \u00fczere ihtiya\u00e7 duyanlar\u0131 i\u00e7in meyve fidanlar\u0131n\u0131n sertifikal\u0131 oldu\u011funu hat\u0131rlatmakta fayda var.<\/p>\n\n\n\n<p><strong>Bay\u0131nd\u0131r\u2019\u0131n meyve fidanl\u0131\u011f\u0131<\/strong><\/p>\n\n\n\n<p>Bay\u0131nd\u0131r, K\u00fc\u00e7\u00fck Menderes Havzas\u0131\u2019na giri\u015fte fiilen s\u00fcrekli peyzaj bitkileri ve fidanc\u0131l\u0131k sergisinin yap\u0131ld\u0131\u011f\u0131 bir g\u00f6steri sahas\u0131na d\u00f6n\u00fc\u015ft\u00fc. K\u0131rk\u0131c\u0131 Fidanc\u0131l\u0131k bu serginin i\u00e7inde Bay\u0131nd\u0131r da kirazdan eri\u011fe, avokado dan yeti\u015fmi\u015f limon a\u011fa\u00e7lar\u0131na kadar arad\u0131\u011f\u0131n\u0131z her \u00e7e\u015fit meyve a\u011fac\u0131n\u0131 bulabilece\u011finiz, toptan ve perakende olarak sat\u0131n alabilece\u011finiz bir ma\u011faza ve fidanl\u0131k. Yolunuz bu b\u00f6lgeye d\u00fc\u015ft\u00fc\u011f\u00fcnde u\u011framay\u0131 ihmal etmeyin.<\/p>\n\n\n\n<p>Elifli Mahallesi Bay\u0131nd\u0131r Yolu Cad. No: 23<br>Bay\u0131nd\u0131r \/ \u0130zmir<br>0534 274 26 24<\/p>\n","protected":false},"excerpt":{"rendered":"<p>Bay\u0131nd\u0131r, K\u00fc\u00e7\u00fck Menderes Havzas\u0131\u2019na giri\u015fte fiilen s\u00fcrekli peyzaj bitkileri ve fidanc\u0131l\u0131k sergisinin yap\u0131ld\u0131\u011f\u0131 bir g\u00f6steri<\/p>\n","protected":false},"author":1,"featured_media":8835,"comment_status":"closed","ping_status":"closed","sticky":false,"template":"","format":"standard","meta":{"pgc_sgb_lightbox_settings":"","cybocfi_hide_featured_image":"","footnotes":""},"categories":[1429,1426],"tags":[],"class_list":["post-8809","post","type-post","status-publish","format-standard","has-post-thumbnail","hentry","category-guncel","category-ureticiler_ve_urun"],"yoast_head":"<!-- This site is optimized with the Yoast SEO Premium plugin v25.4 (Yoast SEO v25.4) - https:\/\/yoast.com\/wordpress\/plugins\/seo\/ -->\n<title>Bay\u0131nd\u0131r\u2019\u0131n meyve fidanl\u0131\u011f\u0131 - Floraplus<\/title>\n<meta name=\"robots\" content=\"index, follow, max-snippet:-1, max-image-preview:large, max-video-preview:-1\" \/>\n<link rel=\"canonical\" href=\"https:\/\/floraplus.net\/tr_tr\/2026\/04\/29\/bayindirin-meyve-fidanligi\/\" \/>\n<meta property=\"og:locale\" content=\"tr_TR\" \/>\n<meta property=\"og:type\" content=\"article\" \/>\n<meta property=\"og:title\" content=\"Bay\u0131nd\u0131r\u2019\u0131n meyve fidanl\u0131\u011f\u0131\" \/>\n<meta property=\"og:description\" content=\"Bay\u0131nd\u0131r, K\u00fc\u00e7\u00fck Menderes Havzas\u0131\u2019na giri\u015fte fiilen s\u00fcrekli peyzaj bitkileri ve fidanc\u0131l\u0131k sergisinin yap\u0131ld\u0131\u011f\u0131 bir g\u00f6steri\" \/>\n<meta property=\"og:url\" content=\"https:\/\/floraplus.net\/tr_tr\/2026\/04\/29\/bayindirin-meyve-fidanligi\/\" \/>\n<meta property=\"og:site_name\" content=\"Floraplus\" \/>\n<meta property=\"article:publisher\" content=\"https:\/\/www.facebook.com\/floraplusdergisi\" \/>\n<meta property=\"article:published_time\" content=\"2026-04-29T13:09:02+00:00\" \/>\n<meta property=\"article:modified_time\" content=\"2026-04-29T13:09:03+00:00\" \/>\n<meta property=\"og:image\" content=\"https:\/\/floraplus.net\/wp-content\/uploads\/2026\/04\/kapak-1.jpg\" \/>\n\t<meta property=\"og:image:width\" content=\"1440\" \/>\n\t<meta property=\"og:image:height\" content=\"1003\" \/>\n\t<meta property=\"og:image:type\" content=\"image\/jpeg\" \/>\n<meta name=\"author\" content=\"floraplus_admin\" \/>\n<meta name=\"twitter:card\" content=\"summary_large_image\" \/>\n<meta name=\"twitter:label1\" content=\"Yazan:\" \/>\n\t<meta name=\"twitter:data1\" content=\"floraplus_admin\" \/>\n\t<meta name=\"twitter:label2\" content=\"Tahmini okuma s\u00fcresi\" \/>\n\t<meta name=\"twitter:data2\" content=\"6 dakika\" \/>\n<script type=\"application\/ld+json\" class=\"yoast-schema-graph\">{\"@context\":\"https:\/\/schema.org\",\"@graph\":[{\"@type\":\"Article\",\"@id\":\"https:\/\/floraplus.net\/2026\/04\/29\/bayindirin-meyve-fidanligi\/#article\",\"isPartOf\":{\"@id\":\"https:\/\/floraplus.net\/2026\/04\/29\/bayindirin-meyve-fidanligi\/\"},\"author\":{\"name\":\"floraplus_admin\",\"@id\":\"https:\/\/floraplus.net\/en\/#\/schema\/person\/7263fcd2e50448ecd875951558a1f277\"},\"headline\":\"Bay\u0131nd\u0131r\u2019\u0131n meyve fidanl\u0131\u011f\u0131\",\"datePublished\":\"2026-04-29T13:09:02+00:00\",\"dateModified\":\"2026-04-29T13:09:03+00:00\",\"mainEntityOfPage\":{\"@id\":\"https:\/\/floraplus.net\/2026\/04\/29\/bayindirin-meyve-fidanligi\/\"},\"wordCount\":734,\"publisher\":{\"@id\":\"https:\/\/floraplus.net\/en\/#organization\"},\"image\":{\"@id\":\"https:\/\/floraplus.net\/2026\/04\/29\/bayindirin-meyve-fidanligi\/#primaryimage\"},\"thumbnailUrl\":\"https:\/\/floraplus.net\/wp-content\/uploads\/2026\/04\/kapak-1.jpg\",\"articleSection\":[\"G\u00fcncel\",\"\u00dcreticler ve \u00dcr\u00fcn\"],\"inLanguage\":\"tr\"},{\"@type\":\"WebPage\",\"@id\":\"https:\/\/floraplus.net\/2026\/04\/29\/bayindirin-meyve-fidanligi\/\",\"url\":\"https:\/\/floraplus.net\/2026\/04\/29\/bayindirin-meyve-fidanligi\/\",\"name\":\"Bay\u0131nd\u0131r\u2019\u0131n meyve fidanl\u0131\u011f\u0131 - Floraplus\",\"isPartOf\":{\"@id\":\"https:\/\/floraplus.net\/en\/#website\"},\"primaryImageOfPage\":{\"@id\":\"https:\/\/floraplus.net\/2026\/04\/29\/bayindirin-meyve-fidanligi\/#primaryimage\"},\"image\":{\"@id\":\"https:\/\/floraplus.net\/2026\/04\/29\/bayindirin-meyve-fidanligi\/#primaryimage\"},\"thumbnailUrl\":\"https:\/\/floraplus.net\/wp-content\/uploads\/2026\/04\/kapak-1.jpg\",\"datePublished\":\"2026-04-29T13:09:02+00:00\",\"dateModified\":\"2026-04-29T13:09:03+00:00\",\"breadcrumb\":{\"@id\":\"https:\/\/floraplus.net\/2026\/04\/29\/bayindirin-meyve-fidanligi\/#breadcrumb\"},\"inLanguage\":\"tr\",\"potentialAction\":[{\"@type\":\"ReadAction\",\"target\":[\"https:\/\/floraplus.net\/2026\/04\/29\/bayindirin-meyve-fidanligi\/\"]}]},{\"@type\":\"ImageObject\",\"inLanguage\":\"tr\",\"@id\":\"https:\/\/floraplus.net\/2026\/04\/29\/bayindirin-meyve-fidanligi\/#primaryimage\",\"url\":\"https:\/\/floraplus.net\/wp-content\/uploads\/2026\/04\/kapak-1.jpg\",\"contentUrl\":\"https:\/\/floraplus.net\/wp-content\/uploads\/2026\/04\/kapak-1.jpg\",\"width\":1440,\"height\":1003},{\"@type\":\"BreadcrumbList\",\"@id\":\"https:\/\/floraplus.net\/2026\/04\/29\/bayindirin-meyve-fidanligi\/#breadcrumb\",\"itemListElement\":[{\"@type\":\"ListItem\",\"position\":1,\"name\":\"Home\",\"item\":\"https:\/\/floraplus.net\/en\/\"},{\"@type\":\"ListItem\",\"position\":2,\"name\":\"Bay\u0131nd\u0131r\u2019\u0131n meyve fidanl\u0131\u011f\u0131\"}]},{\"@type\":\"WebSite\",\"@id\":\"https:\/\/floraplus.net\/en\/#website\",\"url\":\"https:\/\/floraplus.net\/en\/\",\"name\":\"Floraplus\",\"description\":\"Peyzaj, peyzaj mimarl\u0131\u011f\u0131, peyzaj bitkileri, s\u00fcs ve bah\u00e7e\u00a0bitkileri\",\"publisher\":{\"@id\":\"https:\/\/floraplus.net\/en\/#organization\"},\"potentialAction\":[{\"@type\":\"SearchAction\",\"target\":{\"@type\":\"EntryPoint\",\"urlTemplate\":\"https:\/\/floraplus.net\/en\/?s={search_term_string}\"},\"query-input\":{\"@type\":\"PropertyValueSpecification\",\"valueRequired\":true,\"valueName\":\"search_term_string\"}}],\"inLanguage\":\"tr\"},{\"@type\":\"Organization\",\"@id\":\"https:\/\/floraplus.net\/en\/#organization\",\"name\":\"Floraplus\",\"url\":\"https:\/\/floraplus.net\/en\/\",\"logo\":{\"@type\":\"ImageObject\",\"inLanguage\":\"tr\",\"@id\":\"https:\/\/floraplus.net\/en\/#\/schema\/logo\/image\/\",\"url\":\"https:\/\/floraplus.net\/wp-content\/uploads\/2021\/08\/logo-e1627994475388.png\",\"contentUrl\":\"https:\/\/floraplus.net\/wp-content\/uploads\/2021\/08\/logo-e1627994475388.png\",\"width\":251,\"height\":81,\"caption\":\"Floraplus\"},\"image\":{\"@id\":\"https:\/\/floraplus.net\/en\/#\/schema\/logo\/image\/\"},\"sameAs\":[\"https:\/\/www.facebook.com\/floraplusdergisi\",\"https:\/\/www.instagram.com\/floraplusdergisi\/\"]},{\"@type\":\"Person\",\"@id\":\"https:\/\/floraplus.net\/en\/#\/schema\/person\/7263fcd2e50448ecd875951558a1f277\",\"name\":\"floraplus_admin\",\"sameAs\":[\"http:\/\/test.floraplus.net\"],\"url\":\"https:\/\/floraplus.net\/tr_tr\/author\/floraplus_admin\/\"}]}<\/script>\n<!-- \/ Yoast SEO Premium plugin. -->","yoast_head_json":{"title":"Bay\u0131nd\u0131r\u2019\u0131n meyve fidanl\u0131\u011f\u0131 - Floraplus","robots":{"index":"index","follow":"follow","max-snippet":"max-snippet:-1","max-image-preview":"max-image-preview:large","max-video-preview":"max-video-preview:-1"},"canonical":"https:\/\/floraplus.net\/tr_tr\/2026\/04\/29\/bayindirin-meyve-fidanligi\/","og_locale":"tr_TR","og_type":"article","og_title":"Bay\u0131nd\u0131r\u2019\u0131n meyve fidanl\u0131\u011f\u0131","og_description":"Bay\u0131nd\u0131r, K\u00fc\u00e7\u00fck Menderes Havzas\u0131\u2019na giri\u015fte fiilen s\u00fcrekli peyzaj bitkileri ve fidanc\u0131l\u0131k sergisinin yap\u0131ld\u0131\u011f\u0131 bir g\u00f6steri","og_url":"https:\/\/floraplus.net\/tr_tr\/2026\/04\/29\/bayindirin-meyve-fidanligi\/","og_site_name":"Floraplus","article_publisher":"https:\/\/www.facebook.com\/floraplusdergisi","article_published_time":"2026-04-29T13:09:02+00:00","article_modified_time":"2026-04-29T13:09:03+00:00","og_image":[{"width":1440,"height":1003,"url":"https:\/\/floraplus.net\/wp-content\/uploads\/2026\/04\/kapak-1.jpg","type":"image\/jpeg"}],"author":"floraplus_admin","twitter_card":"summary_large_image","twitter_misc":{"Yazan:":"floraplus_admin","Tahmini okuma s\u00fcresi":"6 dakika"},"schema":{"@context":"https:\/\/schema.org","@graph":[{"@type":"Article","@id":"https:\/\/floraplus.net\/2026\/04\/29\/bayindirin-meyve-fidanligi\/#article","isPartOf":{"@id":"https:\/\/floraplus.net\/2026\/04\/29\/bayindirin-meyve-fidanligi\/"},"author":{"name":"floraplus_admin","@id":"https:\/\/floraplus.net\/en\/#\/schema\/person\/7263fcd2e50448ecd875951558a1f277"},"headline":"Bay\u0131nd\u0131r\u2019\u0131n meyve fidanl\u0131\u011f\u0131","datePublished":"2026-04-29T13:09:02+00:00","dateModified":"2026-04-29T13:09:03+00:00","mainEntityOfPage":{"@id":"https:\/\/floraplus.net\/2026\/04\/29\/bayindirin-meyve-fidanligi\/"},"wordCount":734,"publisher":{"@id":"https:\/\/floraplus.net\/en\/#organization"},"image":{"@id":"https:\/\/floraplus.net\/2026\/04\/29\/bayindirin-meyve-fidanligi\/#primaryimage"},"thumbnailUrl":"https:\/\/floraplus.net\/wp-content\/uploads\/2026\/04\/kapak-1.jpg","articleSection":["G\u00fcncel","\u00dcreticler ve \u00dcr\u00fcn"],"inLanguage":"tr"},{"@type":"WebPage","@id":"https:\/\/floraplus.net\/2026\/04\/29\/bayindirin-meyve-fidanligi\/","url":"https:\/\/floraplus.net\/2026\/04\/29\/bayindirin-meyve-fidanligi\/","name":"Bay\u0131nd\u0131r\u2019\u0131n meyve fidanl\u0131\u011f\u0131 - Floraplus","isPartOf":{"@id":"https:\/\/floraplus.net\/en\/#website"},"primaryImageOfPage":{"@id":"https:\/\/floraplus.net\/2026\/04\/29\/bayindirin-meyve-fidanligi\/#primaryimage"},"image":{"@id":"https:\/\/floraplus.net\/2026\/04\/29\/bayindirin-meyve-fidanligi\/#primaryimage"},"thumbnailUrl":"https:\/\/floraplus.net\/wp-content\/uploads\/2026\/04\/kapak-1.jpg","datePublished":"2026-04-29T13:09:02+00:00","dateModified":"2026-04-29T13:09:03+00:00","breadcrumb":{"@id":"https:\/\/floraplus.net\/2026\/04\/29\/bayindirin-meyve-fidanligi\/#breadcrumb"},"inLanguage":"tr","potentialAction":[{"@type":"ReadAction","target":["https:\/\/floraplus.net\/2026\/04\/29\/bayindirin-meyve-fidanligi\/"]}]},{"@type":"ImageObject","inLanguage":"tr","@id":"https:\/\/floraplus.net\/2026\/04\/29\/bayindirin-meyve-fidanligi\/#primaryimage","url":"https:\/\/floraplus.net\/wp-content\/uploads\/2026\/04\/kapak-1.jpg","contentUrl":"https:\/\/floraplus.net\/wp-content\/uploads\/2026\/04\/kapak-1.jpg","width":1440,"height":1003},{"@type":"BreadcrumbList","@id":"https:\/\/floraplus.net\/2026\/04\/29\/bayindirin-meyve-fidanligi\/#breadcrumb","itemListElement":[{"@type":"ListItem","position":1,"name":"Home","item":"https:\/\/floraplus.net\/en\/"},{"@type":"ListItem","position":2,"name":"Bay\u0131nd\u0131r\u2019\u0131n meyve fidanl\u0131\u011f\u0131"}]},{"@type":"WebSite","@id":"https:\/\/floraplus.net\/en\/#website","url":"https:\/\/floraplus.net\/en\/","name":"Floraplus","description":"Peyzaj, peyzaj mimarl\u0131\u011f\u0131, peyzaj bitkileri, s\u00fcs ve bah\u00e7e\u00a0bitkileri","publisher":{"@id":"https:\/\/floraplus.net\/en\/#organization"},"potentialAction":[{"@type":"SearchAction","target":{"@type":"EntryPoint","urlTemplate":"https:\/\/floraplus.net\/en\/?s={search_term_string}"},"query-input":{"@type":"PropertyValueSpecification","valueRequired":true,"valueName":"search_term_string"}}],"inLanguage":"tr"},{"@type":"Organization","@id":"https:\/\/floraplus.net\/en\/#organization","name":"Floraplus","url":"https:\/\/floraplus.net\/en\/","logo":{"@type":"ImageObject","inLanguage":"tr","@id":"https:\/\/floraplus.net\/en\/#\/schema\/logo\/image\/","url":"https:\/\/floraplus.net\/wp-content\/uploads\/2021\/08\/logo-e1627994475388.png","contentUrl":"https:\/\/floraplus.net\/wp-content\/uploads\/2021\/08\/logo-e1627994475388.png","width":251,"height":81,"caption":"Floraplus"},"image":{"@id":"https:\/\/floraplus.net\/en\/#\/schema\/logo\/image\/"},"sameAs":["https:\/\/www.facebook.com\/floraplusdergisi","https:\/\/www.instagram.com\/floraplusdergisi\/"]},{"@type":"Person","@id":"https:\/\/floraplus.net\/en\/#\/schema\/person\/7263fcd2e50448ecd875951558a1f277","name":"floraplus_admin","sameAs":["http:\/\/test.floraplus.net"],"url":"https:\/\/floraplus.net\/tr_tr\/author\/floraplus_admin\/"}]}},"_links":{"self":[{"href":"https:\/\/floraplus.net\/tr_tr\/wp-json\/wp\/v2\/posts\/8809","targetHints":{"allow":["GET"]}}],"collection":[{"href":"https:\/\/floraplus.net\/tr_tr\/wp-json\/wp\/v2\/posts"}],"about":[{"href":"https:\/\/floraplus.net\/tr_tr\/wp-json\/wp\/v2\/types\/post"}],"author":[{"embeddable":true,"href":"https:\/\/floraplus.net\/tr_tr\/wp-json\/wp\/v2\/users\/1"}],"replies":[{"embeddable":true,"href":"https:\/\/floraplus.net\/tr_tr\/wp-json\/wp\/v2\/comments?post=8809"}],"version-history":[{"count":1,"href":"https:\/\/floraplus.net\/tr_tr\/wp-json\/wp\/v2\/posts\/8809\/revisions"}],"predecessor-version":[{"id":8836,"href":"https:\/\/floraplus.net\/tr_tr\/wp-json\/wp\/v2\/posts\/8809\/revisions\/8836"}],"wp:featuredmedia":[{"embeddable":true,"href":"https:\/\/floraplus.net\/tr_tr\/wp-json\/wp\/v2\/media\/8835"}],"wp:attachment":[{"href":"https:\/\/floraplus.net\/tr_tr\/wp-json\/wp\/v2\/media?parent=8809"}],"wp:term":[{"taxonomy":"category","embeddable":true,"href":"https:\/\/floraplus.net\/tr_tr\/wp-json\/wp\/v2\/categories?post=8809"},{"taxonomy":"post_tag","embeddable":true,"href":"https:\/\/floraplus.net\/tr_tr\/wp-json\/wp\/v2\/tags?post=8809"}],"curies":[{"name":"wp","href":"https:\/\/api.w.org\/{rel}","templated":true}]}}